{"id":1285,"date":"2024-05-08T10:54:30","date_gmt":"2024-05-08T14:54:30","guid":{"rendered":"https:\/\/clientesbrandbits.click\/?p=1285"},"modified":"2024-05-08T10:54:30","modified_gmt":"2024-05-08T14:54:30","slug":"malqueridas-de-tana-gilbert-llega-al-cine","status":"publish","type":"post","link":"https:\/\/clientesbrandbits.click\/es\/malqueridas-de-tana-gilbert-llega-al-cine\/","title":{"rendered":"\u00abMalqueridas\u00bb de Tana Gilbert llega al cine"},"content":{"rendered":"<p style=\"text-align: justify;\">Desde su estreno mundial en la Semana Internacional de la Cr\u00edtica de Venecia, donde obtuvo varios reconocimientos, el documental \u201cMalqueridas\u201d ha acumulado una serie de elogios y premios en festivales como Mar del Plata, S\u00e2o Paulo, Valladolid, Valdivia y FIDOCS, entre otros.<\/p>\n<p>El\u00a0estreno en salas nacionales ser\u00e1 el 16 de mayo. El tr\u00e1iler da cuenta de su particular factura con registros de celulares, en formato vertical. El documental construye historias a trav\u00e9s de im\u00e1genes capturadas con celulares clandestinos al interior de la c\u00e1rcel, recuperando la memoria colectiva de una comunidad olvidada.<\/p>\n<p>Dirigida por Tana Gilbert, producida por Paola Castillo, y narrada por Karina S\u00e1nchez y Natalia Abarca, \u201cMalqueridas\u201d retrata colectivamente la experiencia de madres que est\u00e1n privadas de libertad en Chile. Sus hijos crecen lejos de ellas, pero permanecen en sus corazones. En la prisi\u00f3n, encuentran afectos en otras compa\u00f1eras que comparten su misma situaci\u00f3n. El apoyo mutuo entre estas mujeres se convierte en una poderosa forma de resistencia ante un sistema que encarcela a la pobreza.<\/p>\n<p>\u201cMalqueridas\u201d es una coproducci\u00f3n con Alemania, que cuenta con el apoyo de Corfo, del Fondo Audiovisual, y del fondo MOIN Film Fund Hamburg Schleswig-Holstein. Es una colaboraci\u00f3n entre Errante Producciones y Dirk Manthey Films.<\/p>\n<p><strong>TANA GILBERT: \u201cPara muchas personas ver la pel\u00edcula ha sido una experiencia transformadora\u201d<\/strong><\/p>\n<p><strong>\u00abMalqueridas&#8217; est\u00e1 hecha con im\u00e1genes registradas por mujeres que estuvieron en la c\u00e1rcel con sus celulares clandestinos. Las im\u00e1genes que muestra la pel\u00edcula estaban destinadas a ser perdidas, eliminadas, confiscadas. Nosotras las guardamos por siete a\u00f1os, porque sab\u00edamos que lo que conten\u00edan era importante y \u00fanico. Para poder darles un lugar f\u00edsico, un cuerpo a estas fotograf\u00edas y videos digitales, decidimos imprimirlos todos, cuadro por cuadro\u201d,<\/strong>\u00a0destaca la directora Tana Gilbert sobre el proceso de realizaci\u00f3n.<\/p>\n<p>Una de las mujeres que registr\u00f3 la cotidianidad carcelaria fue Karina S\u00e1nchez, quien narra la historia y es una figura principal dentro del equipo.\u00a0<strong>\u201cMi trabajo en el guion fue plasmar la realidad como reclusa, la vida realmente adentro. Conoc\u00eda toda la din\u00e1mica al interior de la c\u00e1rcel y de esa forma complementa el trabajo de Tana y del equipo brindando la realidad y los detalles de los lugares, los castigos, el trato de las funcionarias y el sistema con la interna adentro\u201d,<\/strong>\u00a0se\u00f1ala.<\/p>\n<p><iframe title=\"Trailer - Malqueridas\" width=\"1200\" height=\"675\" src=\"https:\/\/www.youtube.com\/embed\/qi2vLSdTOUQ?feature=oembed\" frameborder=\"0\" allow=\"accelerometer; autoplay; clipboard-write; encrypted-media; gyroscope; picture-in-picture; web-share\" referrerpolicy=\"strict-origin-when-cross-origin\" allowfullscreen><\/iframe><\/p>\n","protected":false},"excerpt":{"rendered":"<p>Desde su estreno mundial en la Semana Internacional de la Cr\u00edtica de Venecia, donde obtuvo varios reconocimientos, el documental \u201cMalqueridas\u201d ha acumulado una serie de elogios y premios en festivales como Mar del Plata, S\u00e2o Paulo, Valladolid, Valdivia y FIDOCS, &#8230; <a title=\"\u00abMalqueridas\u00bb de Tana Gilbert llega al cine\" class=\"read-more\" href=\"https:\/\/clientesbrandbits.click\/es\/malqueridas-de-tana-gilbert-llega-al-cine\/\" aria-label=\"Leer m\u00e1s sobre \u00abMalqueridas\u00bb de Tana Gilbert llega al cine\">Leer M\u00e1s<\/a><\/p>\n","protected":false},"author":5,"featured_media":1292,"comment_status":"closed","ping_status":"closed","sticky":false,"template":"","format":"standard","meta":{"_joinchat":[],"footnotes":""},"categories":[10,14],"tags":[37],"class_list":["post-1285","post","type-post","status-publish","format-standard","has-post-thumbnail","hentry","category-films","category-mujeres-en-la-industria","tag-cine-chileno","infinite-scroll-item"],"yoast_head":"<!-- This site is optimized with the Yoast SEO plugin v22.8 - https:\/\/yoast.com\/wordpress\/plugins\/seo\/ -->\n<title>&quot;Malqueridas&quot; de Tana Gilbert llega al cine - Spanglish Cinema<\/title>\n<meta name=\"description\" content=\"Desde su estreno mundial en la Semana Internacional de la Cr\u00edtica de Venecia, donde obtuvo varios reconocimientos, el documental \u201cMalqueridas\u201d ha acumulado una serie de elogios y premios en festivales como Mar del Plata, S\u00e2o Paulo, Valladolid, Valdivia y FIDOCS, entre otros.\" \/>\n<meta name=\"robots\" content=\"index, follow, max-snippet:-1, max-image-preview:large, max-video-preview:-1\" \/>\n<link rel=\"canonical\" href=\"https:\/\/clientesbrandbits.click\/es\/malqueridas-de-tana-gilbert-llega-al-cine\/\" \/>\n<meta property=\"og:locale\" content=\"es_ES\" \/>\n<meta property=\"og:type\" content=\"article\" \/>\n<meta property=\"og:title\" content=\"&quot;Malqueridas&quot; de Tana Gilbert llega al cine - Spanglish Cinema\" \/>\n<meta property=\"og:description\" content=\"Desde su estreno mundial en la Semana Internacional de la Cr\u00edtica de Venecia, donde obtuvo varios reconocimientos, el documental \u201cMalqueridas\u201d ha acumulado una serie de elogios y premios en festivales como Mar del Plata, S\u00e2o Paulo, Valladolid, Valdivia y FIDOCS, entre otros.\" \/>\n<meta property=\"og:url\" content=\"https:\/\/clientesbrandbits.click\/es\/malqueridas-de-tana-gilbert-llega-al-cine\/\" \/>\n<meta property=\"og:site_name\" content=\"Spanglish Cinema\" \/>\n<meta property=\"article:published_time\" content=\"2024-05-08T14:54:30+00:00\" \/>\n<meta property=\"og:image\" content=\"https:\/\/clientesbrandbits.click\/wp-content\/uploads\/2024\/05\/malqueridas.jpg\" \/>\n\t<meta property=\"og:image:width\" content=\"1200\" \/>\n\t<meta property=\"og:image:height\" content=\"630\" \/>\n\t<meta property=\"og:image:type\" content=\"image\/jpeg\" \/>\n<meta name=\"author\" content=\"Elizabeth Salazar\" \/>\n<meta name=\"twitter:card\" content=\"summary_large_image\" \/>\n<meta name=\"twitter:label1\" content=\"Escrito por\" \/>\n\t<meta name=\"twitter:data1\" content=\"Elizabeth Salazar\" \/>\n\t<meta name=\"twitter:label2\" content=\"Tiempo de lectura\" \/>\n\t<meta name=\"twitter:data2\" content=\"2 minutos\" \/>\n<script type=\"application\/ld+json\" class=\"yoast-schema-graph\">{\"@context\":\"https:\/\/schema.org\",\"@graph\":[{\"@type\":\"Article\",\"@id\":\"https:\/\/clientesbrandbits.click\/malqueridas-de-tana-gilbert-llega-al-cine\/#article\",\"isPartOf\":{\"@id\":\"https:\/\/clientesbrandbits.click\/malqueridas-de-tana-gilbert-llega-al-cine\/\"},\"author\":{\"name\":\"Elizabeth Salazar\",\"@id\":\"https:\/\/clientesbrandbits.click\/#\/schema\/person\/3582a766d1bd629325b8cb5e303f4963\"},\"headline\":\"\u00abMalqueridas\u00bb de Tana Gilbert llega al cine\",\"datePublished\":\"2024-05-08T14:54:30+00:00\",\"dateModified\":\"2024-05-08T14:54:30+00:00\",\"mainEntityOfPage\":{\"@id\":\"https:\/\/clientesbrandbits.click\/malqueridas-de-tana-gilbert-llega-al-cine\/\"},\"wordCount\":417,\"publisher\":{\"@id\":\"https:\/\/clientesbrandbits.click\/#organization\"},\"image\":{\"@id\":\"https:\/\/clientesbrandbits.click\/malqueridas-de-tana-gilbert-llega-al-cine\/#primaryimage\"},\"thumbnailUrl\":\"https:\/\/clientesbrandbits.click\/wp-content\/uploads\/2024\/05\/malqueridas.jpg\",\"keywords\":[\"Cine Chileno\"],\"articleSection\":[\"Films\",\"Mujeres en la Industria\"],\"inLanguage\":\"es\"},{\"@type\":\"WebPage\",\"@id\":\"https:\/\/clientesbrandbits.click\/malqueridas-de-tana-gilbert-llega-al-cine\/\",\"url\":\"https:\/\/clientesbrandbits.click\/malqueridas-de-tana-gilbert-llega-al-cine\/\",\"name\":\"\\\"Malqueridas\\\" de Tana Gilbert llega al cine - Spanglish Cinema\",\"isPartOf\":{\"@id\":\"https:\/\/clientesbrandbits.click\/#website\"},\"primaryImageOfPage\":{\"@id\":\"https:\/\/clientesbrandbits.click\/malqueridas-de-tana-gilbert-llega-al-cine\/#primaryimage\"},\"image\":{\"@id\":\"https:\/\/clientesbrandbits.click\/malqueridas-de-tana-gilbert-llega-al-cine\/#primaryimage\"},\"thumbnailUrl\":\"https:\/\/clientesbrandbits.click\/wp-content\/uploads\/2024\/05\/malqueridas.jpg\",\"datePublished\":\"2024-05-08T14:54:30+00:00\",\"dateModified\":\"2024-05-08T14:54:30+00:00\",\"description\":\"Desde su estreno mundial en la Semana Internacional de la Cr\u00edtica de Venecia, donde obtuvo varios reconocimientos, el documental \u201cMalqueridas\u201d ha acumulado una serie de elogios y premios en festivales como Mar del Plata, S\u00e2o Paulo, Valladolid, Valdivia y FIDOCS, entre otros.\",\"breadcrumb\":{\"@id\":\"https:\/\/clientesbrandbits.click\/malqueridas-de-tana-gilbert-llega-al-cine\/#breadcrumb\"},\"inLanguage\":\"es\",\"potentialAction\":[{\"@type\":\"ReadAction\",\"target\":[\"https:\/\/clientesbrandbits.click\/malqueridas-de-tana-gilbert-llega-al-cine\/\"]}]},{\"@type\":\"ImageObject\",\"inLanguage\":\"es\",\"@id\":\"https:\/\/clientesbrandbits.click\/malqueridas-de-tana-gilbert-llega-al-cine\/#primaryimage\",\"url\":\"https:\/\/clientesbrandbits.click\/wp-content\/uploads\/2024\/05\/malqueridas.jpg\",\"contentUrl\":\"https:\/\/clientesbrandbits.click\/wp-content\/uploads\/2024\/05\/malqueridas.jpg\",\"width\":1200,\"height\":630},{\"@type\":\"BreadcrumbList\",\"@id\":\"https:\/\/clientesbrandbits.click\/malqueridas-de-tana-gilbert-llega-al-cine\/#breadcrumb\",\"itemListElement\":[{\"@type\":\"ListItem\",\"position\":1,\"name\":\"Portada\",\"item\":\"https:\/\/clientesbrandbits.click\/\"},{\"@type\":\"ListItem\",\"position\":2,\"name\":\"&#8220;Malqueridas&#8221; de Tana Gilbert llega al cine\"}]},{\"@type\":\"WebSite\",\"@id\":\"https:\/\/clientesbrandbits.click\/#website\",\"url\":\"https:\/\/clientesbrandbits.click\/\",\"name\":\"Spanglish Cinema\",\"description\":\"\",\"publisher\":{\"@id\":\"https:\/\/clientesbrandbits.click\/#organization\"},\"potentialAction\":[{\"@type\":\"SearchAction\",\"target\":{\"@type\":\"EntryPoint\",\"urlTemplate\":\"https:\/\/clientesbrandbits.click\/?s={search_term_string}\"},\"query-input\":\"required name=search_term_string\"}],\"inLanguage\":\"es\"},{\"@type\":\"Organization\",\"@id\":\"https:\/\/clientesbrandbits.click\/#organization\",\"name\":\"Spanglish Cinema\",\"url\":\"https:\/\/clientesbrandbits.click\/\",\"logo\":{\"@type\":\"ImageObject\",\"inLanguage\":\"es\",\"@id\":\"https:\/\/clientesbrandbits.click\/#\/schema\/logo\/image\/\",\"url\":\"https:\/\/clientesbrandbits.click\/wp-content\/uploads\/2024\/03\/spanglish_cinema.png\",\"contentUrl\":\"https:\/\/clientesbrandbits.click\/wp-content\/uploads\/2024\/03\/spanglish_cinema.png\",\"width\":612,\"height\":225,\"caption\":\"Spanglish Cinema\"},\"image\":{\"@id\":\"https:\/\/clientesbrandbits.click\/#\/schema\/logo\/image\/\"}},{\"@type\":\"Person\",\"@id\":\"https:\/\/clientesbrandbits.click\/#\/schema\/person\/3582a766d1bd629325b8cb5e303f4963\",\"name\":\"Elizabeth Salazar\",\"image\":{\"@type\":\"ImageObject\",\"inLanguage\":\"es\",\"@id\":\"https:\/\/clientesbrandbits.click\/#\/schema\/person\/image\/\",\"url\":\"https:\/\/secure.gravatar.com\/avatar\/ddf69a5ddae2a61929dd4e305eb31658?s=96&d=mm&r=g\",\"contentUrl\":\"https:\/\/secure.gravatar.com\/avatar\/ddf69a5ddae2a61929dd4e305eb31658?s=96&d=mm&r=g\",\"caption\":\"Elizabeth Salazar\"},\"url\":\"https:\/\/clientesbrandbits.click\/es\/author\/elizabeth-salazar\/\"}]}<\/script>\n<!-- \/ Yoast SEO plugin. -->","yoast_head_json":{"title":"\"Malqueridas\" de Tana Gilbert llega al cine - Spanglish Cinema","description":"Desde su estreno mundial en la Semana Internacional de la Cr\u00edtica de Venecia, donde obtuvo varios reconocimientos, el documental \u201cMalqueridas\u201d ha acumulado una serie de elogios y premios en festivales como Mar del Plata, S\u00e2o Paulo, Valladolid, Valdivia y FIDOCS, entre otros.","robots":{"index":"index","follow":"follow","max-snippet":"max-snippet:-1","max-image-preview":"max-image-preview:large","max-video-preview":"max-video-preview:-1"},"canonical":"https:\/\/clientesbrandbits.click\/es\/malqueridas-de-tana-gilbert-llega-al-cine\/","og_locale":"es_ES","og_type":"article","og_title":"\"Malqueridas\" de Tana Gilbert llega al cine - Spanglish Cinema","og_description":"Desde su estreno mundial en la Semana Internacional de la Cr\u00edtica de Venecia, donde obtuvo varios reconocimientos, el documental \u201cMalqueridas\u201d ha acumulado una serie de elogios y premios en festivales como Mar del Plata, S\u00e2o Paulo, Valladolid, Valdivia y FIDOCS, entre otros.","og_url":"https:\/\/clientesbrandbits.click\/es\/malqueridas-de-tana-gilbert-llega-al-cine\/","og_site_name":"Spanglish Cinema","article_published_time":"2024-05-08T14:54:30+00:00","og_image":[{"width":1200,"height":630,"url":"https:\/\/clientesbrandbits.click\/wp-content\/uploads\/2024\/05\/malqueridas.jpg","type":"image\/jpeg"}],"author":"Elizabeth Salazar","twitter_card":"summary_large_image","twitter_misc":{"Escrito por":"Elizabeth Salazar","Tiempo de lectura":"2 minutos"},"schema":{"@context":"https:\/\/schema.org","@graph":[{"@type":"Article","@id":"https:\/\/clientesbrandbits.click\/malqueridas-de-tana-gilbert-llega-al-cine\/#article","isPartOf":{"@id":"https:\/\/clientesbrandbits.click\/malqueridas-de-tana-gilbert-llega-al-cine\/"},"author":{"name":"Elizabeth Salazar","@id":"https:\/\/clientesbrandbits.click\/#\/schema\/person\/3582a766d1bd629325b8cb5e303f4963"},"headline":"\u00abMalqueridas\u00bb de Tana Gilbert llega al cine","datePublished":"2024-05-08T14:54:30+00:00","dateModified":"2024-05-08T14:54:30+00:00","mainEntityOfPage":{"@id":"https:\/\/clientesbrandbits.click\/malqueridas-de-tana-gilbert-llega-al-cine\/"},"wordCount":417,"publisher":{"@id":"https:\/\/clientesbrandbits.click\/#organization"},"image":{"@id":"https:\/\/clientesbrandbits.click\/malqueridas-de-tana-gilbert-llega-al-cine\/#primaryimage"},"thumbnailUrl":"https:\/\/clientesbrandbits.click\/wp-content\/uploads\/2024\/05\/malqueridas.jpg","keywords":["Cine Chileno"],"articleSection":["Films","Mujeres en la Industria"],"inLanguage":"es"},{"@type":"WebPage","@id":"https:\/\/clientesbrandbits.click\/malqueridas-de-tana-gilbert-llega-al-cine\/","url":"https:\/\/clientesbrandbits.click\/malqueridas-de-tana-gilbert-llega-al-cine\/","name":"\"Malqueridas\" de Tana Gilbert llega al cine - Spanglish Cinema","isPartOf":{"@id":"https:\/\/clientesbrandbits.click\/#website"},"primaryImageOfPage":{"@id":"https:\/\/clientesbrandbits.click\/malqueridas-de-tana-gilbert-llega-al-cine\/#primaryimage"},"image":{"@id":"https:\/\/clientesbrandbits.click\/malqueridas-de-tana-gilbert-llega-al-cine\/#primaryimage"},"thumbnailUrl":"https:\/\/clientesbrandbits.click\/wp-content\/uploads\/2024\/05\/malqueridas.jpg","datePublished":"2024-05-08T14:54:30+00:00","dateModified":"2024-05-08T14:54:30+00:00","description":"Desde su estreno mundial en la Semana Internacional de la Cr\u00edtica de Venecia, donde obtuvo varios reconocimientos, el documental \u201cMalqueridas\u201d ha acumulado una serie de elogios y premios en festivales como Mar del Plata, S\u00e2o Paulo, Valladolid, Valdivia y FIDOCS, entre otros.","breadcrumb":{"@id":"https:\/\/clientesbrandbits.click\/malqueridas-de-tana-gilbert-llega-al-cine\/#breadcrumb"},"inLanguage":"es","potentialAction":[{"@type":"ReadAction","target":["https:\/\/clientesbrandbits.click\/malqueridas-de-tana-gilbert-llega-al-cine\/"]}]},{"@type":"ImageObject","inLanguage":"es","@id":"https:\/\/clientesbrandbits.click\/malqueridas-de-tana-gilbert-llega-al-cine\/#primaryimage","url":"https:\/\/clientesbrandbits.click\/wp-content\/uploads\/2024\/05\/malqueridas.jpg","contentUrl":"https:\/\/clientesbrandbits.click\/wp-content\/uploads\/2024\/05\/malqueridas.jpg","width":1200,"height":630},{"@type":"BreadcrumbList","@id":"https:\/\/clientesbrandbits.click\/malqueridas-de-tana-gilbert-llega-al-cine\/#breadcrumb","itemListElement":[{"@type":"ListItem","position":1,"name":"Portada","item":"https:\/\/clientesbrandbits.click\/"},{"@type":"ListItem","position":2,"name":"&#8220;Malqueridas&#8221; de Tana Gilbert llega al cine"}]},{"@type":"WebSite","@id":"https:\/\/clientesbrandbits.click\/#website","url":"https:\/\/clientesbrandbits.click\/","name":"Spanglish Cinema","description":"","publisher":{"@id":"https:\/\/clientesbrandbits.click\/#organization"},"potentialAction":[{"@type":"SearchAction","target":{"@type":"EntryPoint","urlTemplate":"https:\/\/clientesbrandbits.click\/?s={search_term_string}"},"query-input":"required name=search_term_string"}],"inLanguage":"es"},{"@type":"Organization","@id":"https:\/\/clientesbrandbits.click\/#organization","name":"Spanglish Cinema","url":"https:\/\/clientesbrandbits.click\/","logo":{"@type":"ImageObject","inLanguage":"es","@id":"https:\/\/clientesbrandbits.click\/#\/schema\/logo\/image\/","url":"https:\/\/clientesbrandbits.click\/wp-content\/uploads\/2024\/03\/spanglish_cinema.png","contentUrl":"https:\/\/clientesbrandbits.click\/wp-content\/uploads\/2024\/03\/spanglish_cinema.png","width":612,"height":225,"caption":"Spanglish Cinema"},"image":{"@id":"https:\/\/clientesbrandbits.click\/#\/schema\/logo\/image\/"}},{"@type":"Person","@id":"https:\/\/clientesbrandbits.click\/#\/schema\/person\/3582a766d1bd629325b8cb5e303f4963","name":"Elizabeth Salazar","image":{"@type":"ImageObject","inLanguage":"es","@id":"https:\/\/clientesbrandbits.click\/#\/schema\/person\/image\/","url":"https:\/\/secure.gravatar.com\/avatar\/ddf69a5ddae2a61929dd4e305eb31658?s=96&d=mm&r=g","contentUrl":"https:\/\/secure.gravatar.com\/avatar\/ddf69a5ddae2a61929dd4e305eb31658?s=96&d=mm&r=g","caption":"Elizabeth Salazar"},"url":"https:\/\/clientesbrandbits.click\/es\/author\/elizabeth-salazar\/"}]}},"_links":{"self":[{"href":"https:\/\/clientesbrandbits.click\/es\/wp-json\/wp\/v2\/posts\/1285"}],"collection":[{"href":"https:\/\/clientesbrandbits.click\/es\/wp-json\/wp\/v2\/posts"}],"about":[{"href":"https:\/\/clientesbrandbits.click\/es\/wp-json\/wp\/v2\/types\/post"}],"author":[{"embeddable":true,"href":"https:\/\/clientesbrandbits.click\/es\/wp-json\/wp\/v2\/users\/5"}],"replies":[{"embeddable":true,"href":"https:\/\/clientesbrandbits.click\/es\/wp-json\/wp\/v2\/comments?post=1285"}],"version-history":[{"count":2,"href":"https:\/\/clientesbrandbits.click\/es\/wp-json\/wp\/v2\/posts\/1285\/revisions"}],"predecessor-version":[{"id":1293,"href":"https:\/\/clientesbrandbits.click\/es\/wp-json\/wp\/v2\/posts\/1285\/revisions\/1293"}],"wp:featuredmedia":[{"embeddable":true,"href":"https:\/\/clientesbrandbits.click\/es\/wp-json\/wp\/v2\/media\/1292"}],"wp:attachment":[{"href":"https:\/\/clientesbrandbits.click\/es\/wp-json\/wp\/v2\/media?parent=1285"}],"wp:term":[{"taxonomy":"category","embeddable":true,"href":"https:\/\/clientesbrandbits.click\/es\/wp-json\/wp\/v2\/categories?post=1285"},{"taxonomy":"post_tag","embeddable":true,"href":"https:\/\/clientesbrandbits.click\/es\/wp-json\/wp\/v2\/tags?post=1285"}],"curies":[{"name":"wp","href":"https:\/\/api.w.org\/{rel}","templated":true}]}}