{"id":1263,"date":"2024-05-06T19:00:12","date_gmt":"2024-05-06T23:00:12","guid":{"rendered":"https:\/\/clientesbrandbits.click\/?p=1263"},"modified":"2024-05-06T15:33:54","modified_gmt":"2024-05-06T19:33:54","slug":"inmaculada-el-proyecto-personal-de-sydney-sweeney-llega-a-chile","status":"publish","type":"post","link":"https:\/\/clientesbrandbits.click\/es\/inmaculada-el-proyecto-personal-de-sydney-sweeney-llega-a-chile\/","title":{"rendered":"\u00abInmaculada\u00bb, el proyecto personal de Sydney Sweeney llega a Chile"},"content":{"rendered":"<p><strong>Sydney Sweeney<\/strong>\u00a0\u00ab(Euphoria\u00bb, \u00abCon Todos Menos Contigo\u00bb) y\u00a0<strong>\u00c1lvaro Morte<\/strong>\u00a0(\u00abLa Casa de Papel\u00bb), regresan a la pantalla grande con\u00a0<strong>\u201cINMACULADA\u201d<\/strong>.<\/p>\n<p style=\"text-align: justify;\">La cinta, una de las m\u00e1s esperadas y catalogada como el film de terror del a\u00f1o, es dirigida por Michael Mohan (The Voyeurs) y escrita por Andrew Lobel.<\/p>\n<p>Sydney Sweeney protagoniza y produce esta pel\u00edcula. En una reciente entrevista, la actriz sostuvo que la idea de incluir a<strong>\u00a0\u00c1lvaro Morte<\/strong>\u00a0surgi\u00f3 despu\u00e9s de conocerlo en una gala, impresionada por su carisma, no dud\u00f3 en ofrecerle el papel del enigm\u00e1tico\u00a0Padre Sal Tedeschi,\u00a0un sacerdote que juega un papel crucial en la trama de la pel\u00edcula.<\/p>\n<p><strong>INMACULADA<\/strong>\u00a0llegar\u00e1 a las salas nacionales el pr\u00f3ximo\u00a0<strong>jueves<\/strong><strong>\u00a030 de mayo,\u00a0<\/strong>con una historia que entrelaza fe, misterio y horror.<\/p>\n<p><img fetchpriority=\"high\" decoding=\"async\" class=\"aligncenter wp-image-1265 \" src=\"https:\/\/clientesbrandbits.click\/wp-content\/uploads\/2024\/05\/unnamed-10.jpg\" alt=\"\" width=\"784\" height=\"518\" srcset=\"https:\/\/clientesbrandbits.click\/wp-content\/uploads\/2024\/05\/unnamed-10.jpg 604w, https:\/\/clientesbrandbits.click\/wp-content\/uploads\/2024\/05\/unnamed-10-300x198.jpg 300w, https:\/\/clientesbrandbits.click\/wp-content\/uploads\/2024\/05\/unnamed-10-18x12.jpg 18w\" sizes=\"(max-width: 784px) 100vw, 784px\" \/><\/p>\n<div><\/div>\n<div style=\"text-align: justify;\"><strong>INMACULADA<\/strong>\u00a0sigue la historia de Cecilia (Sydney Sweeney), una devota monja que es acogida en un remoto convento en la pintoresca campi\u00f1a italiana, en busca de la consagraci\u00f3n espiritual.La c\u00e1lida bienvenida de Cecilia se convierte r\u00e1pidamente en una pesadilla, cuando queda claro que su nuevo hogar alberga un siniestro secreto y horrores indescriptibles.<\/p>\n<p>Pronto, se ver\u00e1 atrapada en una red de fuerzas malignas que acechan en las sombras, amenazando con desgarrar su alma y poner en duda su fe en la Iglesia. Cada giro del destino desentra\u00f1ar\u00e1 m\u00e1s terror, sumergiendo a Cecilia en un abismo de angustia y desesperaci\u00f3n.<\/p>\n<p><strong>Puedes ver su trailer a continuaci\u00f3n:<\/strong><\/p>\n<\/div>\n<div>\n<p><iframe title=\"INMACULADA | TRAILER OFICIAL\" width=\"1200\" height=\"675\" src=\"https:\/\/www.youtube.com\/embed\/1lz5tE0Mkh0?feature=oembed\" frameborder=\"0\" allow=\"accelerometer; autoplay; clipboard-write; encrypted-media; gyroscope; picture-in-picture; web-share\" referrerpolicy=\"strict-origin-when-cross-origin\" allowfullscreen><\/iframe><\/p>\n<\/div>\n","protected":false},"excerpt":{"rendered":"<p>Sydney Sweeney\u00a0\u00ab(Euphoria\u00bb, \u00abCon Todos Menos Contigo\u00bb) y\u00a0\u00c1lvaro Morte\u00a0(\u00abLa Casa de Papel\u00bb), regresan a la pantalla grande con\u00a0\u201cINMACULADA\u201d. La cinta, una de las m\u00e1s esperadas y catalogada como el film de terror del a\u00f1o, es dirigida por Michael Mohan (The Voyeurs) &#8230; <a title=\"\u00abInmaculada\u00bb, el proyecto personal de Sydney Sweeney llega a Chile\" class=\"read-more\" href=\"https:\/\/clientesbrandbits.click\/es\/inmaculada-el-proyecto-personal-de-sydney-sweeney-llega-a-chile\/\" aria-label=\"Leer m\u00e1s sobre \u00abInmaculada\u00bb, el proyecto personal de Sydney Sweeney llega a Chile\">Leer M\u00e1s<\/a><\/p>\n","protected":false},"author":3,"featured_media":1268,"comment_status":"closed","ping_status":"closed","sticky":false,"template":"","format":"standard","meta":{"_joinchat":[],"footnotes":""},"categories":[10],"tags":[],"class_list":["post-1263","post","type-post","status-publish","format-standard","has-post-thumbnail","hentry","category-films","infinite-scroll-item"],"yoast_head":"<!-- This site is optimized with the Yoast SEO plugin v22.8 - https:\/\/yoast.com\/wordpress\/plugins\/seo\/ -->\n<title>&quot;Inmaculada&quot;, el proyecto personal de Sydney Sweeney llega a Chile - Spanglish Cinema<\/title>\n<meta name=\"description\" content=\"Sydney Sweeney\u00a0&quot;(Euphoria&quot;, &quot;Con Todos Menos Contigo&quot;) y\u00a0\u00c1lvaro Morte\u00a0(&quot;La Casa de Papel&quot;), regresan a la pantalla grande con\u00a0\u201cINMACULADA\u201d.\" \/>\n<meta name=\"robots\" content=\"index, follow, max-snippet:-1, max-image-preview:large, max-video-preview:-1\" \/>\n<link rel=\"canonical\" href=\"https:\/\/clientesbrandbits.click\/es\/inmaculada-el-proyecto-personal-de-sydney-sweeney-llega-a-chile\/\" \/>\n<meta property=\"og:locale\" content=\"es_ES\" \/>\n<meta property=\"og:type\" content=\"article\" \/>\n<meta property=\"og:title\" content=\"&quot;Inmaculada&quot;, el proyecto personal de Sydney Sweeney llega a Chile - Spanglish Cinema\" \/>\n<meta property=\"og:description\" content=\"Sydney Sweeney\u00a0&quot;(Euphoria&quot;, &quot;Con Todos Menos Contigo&quot;) y\u00a0\u00c1lvaro Morte\u00a0(&quot;La Casa de Papel&quot;), regresan a la pantalla grande con\u00a0\u201cINMACULADA\u201d.\" \/>\n<meta property=\"og:url\" content=\"https:\/\/clientesbrandbits.click\/es\/inmaculada-el-proyecto-personal-de-sydney-sweeney-llega-a-chile\/\" \/>\n<meta property=\"og:site_name\" content=\"Spanglish Cinema\" \/>\n<meta property=\"article:published_time\" content=\"2024-05-06T23:00:12+00:00\" \/>\n<meta property=\"article:modified_time\" content=\"2024-05-06T19:33:54+00:00\" \/>\n<meta property=\"og:image\" content=\"https:\/\/clientesbrandbits.click\/wp-content\/uploads\/2024\/05\/immaculate-sydney-sweeney-1200x675-1.jpg\" \/>\n\t<meta property=\"og:image:width\" content=\"1200\" \/>\n\t<meta property=\"og:image:height\" content=\"675\" \/>\n\t<meta property=\"og:image:type\" content=\"image\/jpeg\" \/>\n<meta name=\"author\" content=\"Spanglish Cinema Team\" \/>\n<meta name=\"twitter:card\" content=\"summary_large_image\" \/>\n<meta name=\"twitter:label1\" content=\"Escrito por\" \/>\n\t<meta name=\"twitter:data1\" content=\"Spanglish Cinema Team\" \/>\n\t<meta name=\"twitter:label2\" content=\"Tiempo de lectura\" \/>\n\t<meta name=\"twitter:data2\" content=\"2 minutos\" \/>\n<script type=\"application\/ld+json\" class=\"yoast-schema-graph\">{\"@context\":\"https:\/\/schema.org\",\"@graph\":[{\"@type\":\"Article\",\"@id\":\"https:\/\/clientesbrandbits.click\/inmaculada-el-proyecto-personal-de-sydney-sweeney-llega-a-chile\/#article\",\"isPartOf\":{\"@id\":\"https:\/\/clientesbrandbits.click\/inmaculada-el-proyecto-personal-de-sydney-sweeney-llega-a-chile\/\"},\"author\":{\"name\":\"Spanglish Cinema Team\",\"@id\":\"https:\/\/clientesbrandbits.click\/#\/schema\/person\/678f0477e0f075fdf24e58e342ca80f1\"},\"headline\":\"\u00abInmaculada\u00bb, el proyecto personal de Sydney Sweeney llega a Chile\",\"datePublished\":\"2024-05-06T23:00:12+00:00\",\"dateModified\":\"2024-05-06T19:33:54+00:00\",\"mainEntityOfPage\":{\"@id\":\"https:\/\/clientesbrandbits.click\/inmaculada-el-proyecto-personal-de-sydney-sweeney-llega-a-chile\/\"},\"wordCount\":271,\"publisher\":{\"@id\":\"https:\/\/clientesbrandbits.click\/#organization\"},\"image\":{\"@id\":\"https:\/\/clientesbrandbits.click\/inmaculada-el-proyecto-personal-de-sydney-sweeney-llega-a-chile\/#primaryimage\"},\"thumbnailUrl\":\"https:\/\/clientesbrandbits.click\/wp-content\/uploads\/2024\/05\/immaculate-sydney-sweeney-1200x675-1.jpg\",\"articleSection\":[\"Films\"],\"inLanguage\":\"es\"},{\"@type\":\"WebPage\",\"@id\":\"https:\/\/clientesbrandbits.click\/inmaculada-el-proyecto-personal-de-sydney-sweeney-llega-a-chile\/\",\"url\":\"https:\/\/clientesbrandbits.click\/inmaculada-el-proyecto-personal-de-sydney-sweeney-llega-a-chile\/\",\"name\":\"\\\"Inmaculada\\\", el proyecto personal de Sydney Sweeney llega a Chile - Spanglish Cinema\",\"isPartOf\":{\"@id\":\"https:\/\/clientesbrandbits.click\/#website\"},\"primaryImageOfPage\":{\"@id\":\"https:\/\/clientesbrandbits.click\/inmaculada-el-proyecto-personal-de-sydney-sweeney-llega-a-chile\/#primaryimage\"},\"image\":{\"@id\":\"https:\/\/clientesbrandbits.click\/inmaculada-el-proyecto-personal-de-sydney-sweeney-llega-a-chile\/#primaryimage\"},\"thumbnailUrl\":\"https:\/\/clientesbrandbits.click\/wp-content\/uploads\/2024\/05\/immaculate-sydney-sweeney-1200x675-1.jpg\",\"datePublished\":\"2024-05-06T23:00:12+00:00\",\"dateModified\":\"2024-05-06T19:33:54+00:00\",\"description\":\"Sydney Sweeney\u00a0\\\"(Euphoria\\\", \\\"Con Todos Menos Contigo\\\") y\u00a0\u00c1lvaro Morte\u00a0(\\\"La Casa de Papel\\\"), regresan a la pantalla grande con\u00a0\u201cINMACULADA\u201d.\",\"breadcrumb\":{\"@id\":\"https:\/\/clientesbrandbits.click\/inmaculada-el-proyecto-personal-de-sydney-sweeney-llega-a-chile\/#breadcrumb\"},\"inLanguage\":\"es\",\"potentialAction\":[{\"@type\":\"ReadAction\",\"target\":[\"https:\/\/clientesbrandbits.click\/inmaculada-el-proyecto-personal-de-sydney-sweeney-llega-a-chile\/\"]}]},{\"@type\":\"ImageObject\",\"inLanguage\":\"es\",\"@id\":\"https:\/\/clientesbrandbits.click\/inmaculada-el-proyecto-personal-de-sydney-sweeney-llega-a-chile\/#primaryimage\",\"url\":\"https:\/\/clientesbrandbits.click\/wp-content\/uploads\/2024\/05\/immaculate-sydney-sweeney-1200x675-1.jpg\",\"contentUrl\":\"https:\/\/clientesbrandbits.click\/wp-content\/uploads\/2024\/05\/immaculate-sydney-sweeney-1200x675-1.jpg\",\"width\":1200,\"height\":675},{\"@type\":\"BreadcrumbList\",\"@id\":\"https:\/\/clientesbrandbits.click\/inmaculada-el-proyecto-personal-de-sydney-sweeney-llega-a-chile\/#breadcrumb\",\"itemListElement\":[{\"@type\":\"ListItem\",\"position\":1,\"name\":\"Portada\",\"item\":\"https:\/\/clientesbrandbits.click\/\"},{\"@type\":\"ListItem\",\"position\":2,\"name\":\"\u00abInmaculada\u00bb, el proyecto personal de Sydney Sweeney llega a Chile\"}]},{\"@type\":\"WebSite\",\"@id\":\"https:\/\/clientesbrandbits.click\/#website\",\"url\":\"https:\/\/clientesbrandbits.click\/\",\"name\":\"Spanglish Cinema\",\"description\":\"\",\"publisher\":{\"@id\":\"https:\/\/clientesbrandbits.click\/#organization\"},\"potentialAction\":[{\"@type\":\"SearchAction\",\"target\":{\"@type\":\"EntryPoint\",\"urlTemplate\":\"https:\/\/clientesbrandbits.click\/?s={search_term_string}\"},\"query-input\":\"required name=search_term_string\"}],\"inLanguage\":\"es\"},{\"@type\":\"Organization\",\"@id\":\"https:\/\/clientesbrandbits.click\/#organization\",\"name\":\"Spanglish Cinema\",\"url\":\"https:\/\/clientesbrandbits.click\/\",\"logo\":{\"@type\":\"ImageObject\",\"inLanguage\":\"es\",\"@id\":\"https:\/\/clientesbrandbits.click\/#\/schema\/logo\/image\/\",\"url\":\"https:\/\/clientesbrandbits.click\/wp-content\/uploads\/2024\/03\/spanglish_cinema.png\",\"contentUrl\":\"https:\/\/clientesbrandbits.click\/wp-content\/uploads\/2024\/03\/spanglish_cinema.png\",\"width\":612,\"height\":225,\"caption\":\"Spanglish Cinema\"},\"image\":{\"@id\":\"https:\/\/clientesbrandbits.click\/#\/schema\/logo\/image\/\"}},{\"@type\":\"Person\",\"@id\":\"https:\/\/clientesbrandbits.click\/#\/schema\/person\/678f0477e0f075fdf24e58e342ca80f1\",\"name\":\"Spanglish Cinema Team\",\"image\":{\"@type\":\"ImageObject\",\"inLanguage\":\"es\",\"@id\":\"https:\/\/clientesbrandbits.click\/#\/schema\/person\/image\/\",\"url\":\"https:\/\/secure.gravatar.com\/avatar\/3eef20e32ea53867d5b6a361c9e8e2ee?s=96&d=mm&r=g\",\"contentUrl\":\"https:\/\/secure.gravatar.com\/avatar\/3eef20e32ea53867d5b6a361c9e8e2ee?s=96&d=mm&r=g\",\"caption\":\"Spanglish Cinema Team\"},\"url\":\"https:\/\/clientesbrandbits.click\/es\/author\/spanglish-cinema\/\"}]}<\/script>\n<!-- \/ Yoast SEO plugin. -->","yoast_head_json":{"title":"\"Inmaculada\", el proyecto personal de Sydney Sweeney llega a Chile - Spanglish Cinema","description":"Sydney Sweeney\u00a0\"(Euphoria\", \"Con Todos Menos Contigo\") y\u00a0\u00c1lvaro Morte\u00a0(\"La Casa de Papel\"), regresan a la pantalla grande con\u00a0\u201cINMACULADA\u201d.","robots":{"index":"index","follow":"follow","max-snippet":"max-snippet:-1","max-image-preview":"max-image-preview:large","max-video-preview":"max-video-preview:-1"},"canonical":"https:\/\/clientesbrandbits.click\/es\/inmaculada-el-proyecto-personal-de-sydney-sweeney-llega-a-chile\/","og_locale":"es_ES","og_type":"article","og_title":"\"Inmaculada\", el proyecto personal de Sydney Sweeney llega a Chile - Spanglish Cinema","og_description":"Sydney Sweeney\u00a0\"(Euphoria\", \"Con Todos Menos Contigo\") y\u00a0\u00c1lvaro Morte\u00a0(\"La Casa de Papel\"), regresan a la pantalla grande con\u00a0\u201cINMACULADA\u201d.","og_url":"https:\/\/clientesbrandbits.click\/es\/inmaculada-el-proyecto-personal-de-sydney-sweeney-llega-a-chile\/","og_site_name":"Spanglish Cinema","article_published_time":"2024-05-06T23:00:12+00:00","article_modified_time":"2024-05-06T19:33:54+00:00","og_image":[{"width":1200,"height":675,"url":"https:\/\/clientesbrandbits.click\/wp-content\/uploads\/2024\/05\/immaculate-sydney-sweeney-1200x675-1.jpg","type":"image\/jpeg"}],"author":"Spanglish Cinema Team","twitter_card":"summary_large_image","twitter_misc":{"Escrito por":"Spanglish Cinema Team","Tiempo de lectura":"2 minutos"},"schema":{"@context":"https:\/\/schema.org","@graph":[{"@type":"Article","@id":"https:\/\/clientesbrandbits.click\/inmaculada-el-proyecto-personal-de-sydney-sweeney-llega-a-chile\/#article","isPartOf":{"@id":"https:\/\/clientesbrandbits.click\/inmaculada-el-proyecto-personal-de-sydney-sweeney-llega-a-chile\/"},"author":{"name":"Spanglish Cinema Team","@id":"https:\/\/clientesbrandbits.click\/#\/schema\/person\/678f0477e0f075fdf24e58e342ca80f1"},"headline":"\u00abInmaculada\u00bb, el proyecto personal de Sydney Sweeney llega a Chile","datePublished":"2024-05-06T23:00:12+00:00","dateModified":"2024-05-06T19:33:54+00:00","mainEntityOfPage":{"@id":"https:\/\/clientesbrandbits.click\/inmaculada-el-proyecto-personal-de-sydney-sweeney-llega-a-chile\/"},"wordCount":271,"publisher":{"@id":"https:\/\/clientesbrandbits.click\/#organization"},"image":{"@id":"https:\/\/clientesbrandbits.click\/inmaculada-el-proyecto-personal-de-sydney-sweeney-llega-a-chile\/#primaryimage"},"thumbnailUrl":"https:\/\/clientesbrandbits.click\/wp-content\/uploads\/2024\/05\/immaculate-sydney-sweeney-1200x675-1.jpg","articleSection":["Films"],"inLanguage":"es"},{"@type":"WebPage","@id":"https:\/\/clientesbrandbits.click\/inmaculada-el-proyecto-personal-de-sydney-sweeney-llega-a-chile\/","url":"https:\/\/clientesbrandbits.click\/inmaculada-el-proyecto-personal-de-sydney-sweeney-llega-a-chile\/","name":"\"Inmaculada\", el proyecto personal de Sydney Sweeney llega a Chile - Spanglish Cinema","isPartOf":{"@id":"https:\/\/clientesbrandbits.click\/#website"},"primaryImageOfPage":{"@id":"https:\/\/clientesbrandbits.click\/inmaculada-el-proyecto-personal-de-sydney-sweeney-llega-a-chile\/#primaryimage"},"image":{"@id":"https:\/\/clientesbrandbits.click\/inmaculada-el-proyecto-personal-de-sydney-sweeney-llega-a-chile\/#primaryimage"},"thumbnailUrl":"https:\/\/clientesbrandbits.click\/wp-content\/uploads\/2024\/05\/immaculate-sydney-sweeney-1200x675-1.jpg","datePublished":"2024-05-06T23:00:12+00:00","dateModified":"2024-05-06T19:33:54+00:00","description":"Sydney Sweeney\u00a0\"(Euphoria\", \"Con Todos Menos Contigo\") y\u00a0\u00c1lvaro Morte\u00a0(\"La Casa de Papel\"), regresan a la pantalla grande con\u00a0\u201cINMACULADA\u201d.","breadcrumb":{"@id":"https:\/\/clientesbrandbits.click\/inmaculada-el-proyecto-personal-de-sydney-sweeney-llega-a-chile\/#breadcrumb"},"inLanguage":"es","potentialAction":[{"@type":"ReadAction","target":["https:\/\/clientesbrandbits.click\/inmaculada-el-proyecto-personal-de-sydney-sweeney-llega-a-chile\/"]}]},{"@type":"ImageObject","inLanguage":"es","@id":"https:\/\/clientesbrandbits.click\/inmaculada-el-proyecto-personal-de-sydney-sweeney-llega-a-chile\/#primaryimage","url":"https:\/\/clientesbrandbits.click\/wp-content\/uploads\/2024\/05\/immaculate-sydney-sweeney-1200x675-1.jpg","contentUrl":"https:\/\/clientesbrandbits.click\/wp-content\/uploads\/2024\/05\/immaculate-sydney-sweeney-1200x675-1.jpg","width":1200,"height":675},{"@type":"BreadcrumbList","@id":"https:\/\/clientesbrandbits.click\/inmaculada-el-proyecto-personal-de-sydney-sweeney-llega-a-chile\/#breadcrumb","itemListElement":[{"@type":"ListItem","position":1,"name":"Portada","item":"https:\/\/clientesbrandbits.click\/"},{"@type":"ListItem","position":2,"name":"\u00abInmaculada\u00bb, el proyecto personal de Sydney Sweeney llega a Chile"}]},{"@type":"WebSite","@id":"https:\/\/clientesbrandbits.click\/#website","url":"https:\/\/clientesbrandbits.click\/","name":"Spanglish Cinema","description":"","publisher":{"@id":"https:\/\/clientesbrandbits.click\/#organization"},"potentialAction":[{"@type":"SearchAction","target":{"@type":"EntryPoint","urlTemplate":"https:\/\/clientesbrandbits.click\/?s={search_term_string}"},"query-input":"required name=search_term_string"}],"inLanguage":"es"},{"@type":"Organization","@id":"https:\/\/clientesbrandbits.click\/#organization","name":"Spanglish Cinema","url":"https:\/\/clientesbrandbits.click\/","logo":{"@type":"ImageObject","inLanguage":"es","@id":"https:\/\/clientesbrandbits.click\/#\/schema\/logo\/image\/","url":"https:\/\/clientesbrandbits.click\/wp-content\/uploads\/2024\/03\/spanglish_cinema.png","contentUrl":"https:\/\/clientesbrandbits.click\/wp-content\/uploads\/2024\/03\/spanglish_cinema.png","width":612,"height":225,"caption":"Spanglish Cinema"},"image":{"@id":"https:\/\/clientesbrandbits.click\/#\/schema\/logo\/image\/"}},{"@type":"Person","@id":"https:\/\/clientesbrandbits.click\/#\/schema\/person\/678f0477e0f075fdf24e58e342ca80f1","name":"Spanglish Cinema Team","image":{"@type":"ImageObject","inLanguage":"es","@id":"https:\/\/clientesbrandbits.click\/#\/schema\/person\/image\/","url":"https:\/\/secure.gravatar.com\/avatar\/3eef20e32ea53867d5b6a361c9e8e2ee?s=96&d=mm&r=g","contentUrl":"https:\/\/secure.gravatar.com\/avatar\/3eef20e32ea53867d5b6a361c9e8e2ee?s=96&d=mm&r=g","caption":"Spanglish Cinema Team"},"url":"https:\/\/clientesbrandbits.click\/es\/author\/spanglish-cinema\/"}]}},"_links":{"self":[{"href":"https:\/\/clientesbrandbits.click\/es\/wp-json\/wp\/v2\/posts\/1263"}],"collection":[{"href":"https:\/\/clientesbrandbits.click\/es\/wp-json\/wp\/v2\/posts"}],"about":[{"href":"https:\/\/clientesbrandbits.click\/es\/wp-json\/wp\/v2\/types\/post"}],"author":[{"embeddable":true,"href":"https:\/\/clientesbrandbits.click\/es\/wp-json\/wp\/v2\/users\/3"}],"replies":[{"embeddable":true,"href":"https:\/\/clientesbrandbits.click\/es\/wp-json\/wp\/v2\/comments?post=1263"}],"version-history":[{"count":2,"href":"https:\/\/clientesbrandbits.click\/es\/wp-json\/wp\/v2\/posts\/1263\/revisions"}],"predecessor-version":[{"id":1269,"href":"https:\/\/clientesbrandbits.click\/es\/wp-json\/wp\/v2\/posts\/1263\/revisions\/1269"}],"wp:featuredmedia":[{"embeddable":true,"href":"https:\/\/clientesbrandbits.click\/es\/wp-json\/wp\/v2\/media\/1268"}],"wp:attachment":[{"href":"https:\/\/clientesbrandbits.click\/es\/wp-json\/wp\/v2\/media?parent=1263"}],"wp:term":[{"taxonomy":"category","embeddable":true,"href":"https:\/\/clientesbrandbits.click\/es\/wp-json\/wp\/v2\/categories?post=1263"},{"taxonomy":"post_tag","embeddable":true,"href":"https:\/\/clientesbrandbits.click\/es\/wp-json\/wp\/v2\/tags?post=1263"}],"curies":[{"name":"wp","href":"https:\/\/api.w.org\/{rel}","templated":true}]}}