{"id":126,"date":"2024-02-14T22:20:28","date_gmt":"2024-02-15T01:20:28","guid":{"rendered":"https:\/\/clientesbrandbits.click\/?p=126"},"modified":"2024-03-25T20:38:38","modified_gmt":"2024-03-25T23:38:38","slug":"paul-giamatti-recibio-el-cinema-vanguard-en-el-festival-de-cine-de-santa-barbara","status":"publish","type":"post","link":"https:\/\/clientesbrandbits.click\/es\/paul-giamatti-recibio-el-cinema-vanguard-en-el-festival-de-cine-de-santa-barbara\/","title":{"rendered":"Paul Giamatti recibi\u00f3 el \u201cCinema Vanguard\u201d en El Festival de Cine de Santa B\u00e1rbara"},"content":{"rendered":"<p style=\"text-align: justify;\">Paul Giamatti, el protagonista de The Holdovers, fue premiado en el Festival de Santa B\u00e1rbara por su carrera actoral.<\/p>\n<p style=\"text-align: justify;\">En el d\u00eda de ayer el actor Paul Giamatti fue homenajeado en el Festival de Cine de Santa B\u00e1rbara con el Cinema Vanguard, habl\u00f3 de su carrera pasando por \u201cSideaways\u201d, \u201cThe Holdovers\u201d y otros de sus roles m\u00e1s importantes. El actor ha tenido una temporada de premios importante, que ha reconocido finalmente su espectacular carrera actoral.<\/p>\n<p><img fetchpriority=\"high\" decoding=\"async\" class=\"wp-image-98 size-full aligncenter\" src=\"https:\/\/clientesbrandbits.click\/wp-content\/uploads\/2024\/03\/PErsonaje-the-holdovers.jpg\" alt=\"PErsonaje the holdovers\" width=\"730\" height=\"411\" srcset=\"https:\/\/clientesbrandbits.click\/wp-content\/uploads\/2024\/03\/PErsonaje-the-holdovers.jpg 730w, https:\/\/clientesbrandbits.click\/wp-content\/uploads\/2024\/03\/PErsonaje-the-holdovers-300x169.jpg 300w\" sizes=\"(max-width: 730px) 100vw, 730px\" \/><\/p>\n<p style=\"text-align: justify;\">En una conversaci\u00f3n profunda y emotiva, el actor cont\u00f3 que incluso quiso estudiar antropolog\u00eda en un momento de su vida, habl\u00f3 sobre el impacto de la muerte de su padre en su vida, y la oportunidad que lleg\u00f3 a su vida para el papel protag\u00f3nico de \u201cAmerican Splendor\u201d que si bien, comento el actor, lo ayud\u00f3 a empezar la carrera la relaci\u00f3n que lo hizo despegar como actor fue la primera pel\u00edcula que hizo con Alexander Payne, \u201cSideaways\u201d que fue amada por la audiencia y la cr\u00edtica.<\/p>\n<p style=\"text-align: justify;\">Luego de repasar su carrera brome\u00f3 con todos los papeles de \u201cserpiente\u201d que le toc\u00f3 realizar en la pantalla grande, hasta luego comentar que \u201cBillions\u201d la serie de televisi\u00f3n, fue el primer papel que le toc\u00f3 realizar durante a\u00f1os y que divirti\u00f3 de sobremanera haci\u00e9ndola. Por \u00faltimo, el actor se refiri\u00f3 a \u201cThe Holdovers\u201d, a re-encontrarse en el set con Alexander Payne, luego de 20 a\u00f1os y de lo que ha significado este rol en su carrera. El actor nos cont\u00f3 que \u201cYo fui a uno de esos colegios\u2026ver la pel\u00edcula fue como tener flashes de mi pasado, fue dif\u00edcil verlo en ocasiones porque fue como tener mi vida delante y eso tambi\u00e9n fue bueno\u201d.<\/p>\n<p><img decoding=\"async\" class=\"aligncenter size-full wp-image-99\" src=\"https:\/\/clientesbrandbits.click\/wp-content\/uploads\/2024\/03\/theholdovers.jpeg\" alt=\"theholdovers\" width=\"1000\" height=\"665\" srcset=\"https:\/\/clientesbrandbits.click\/wp-content\/uploads\/2024\/03\/theholdovers.jpeg 1000w, https:\/\/clientesbrandbits.click\/wp-content\/uploads\/2024\/03\/theholdovers-300x200.jpeg 300w, https:\/\/clientesbrandbits.click\/wp-content\/uploads\/2024\/03\/theholdovers-768x511.jpeg 768w\" sizes=\"(max-width: 1000px) 100vw, 1000px\" \/><\/p>\n<p>&nbsp;<\/p>\n<p style=\"text-align: justify;\">Para terminar, habl\u00f3 del momento en que se encuentra hoy y de la exitosa temporada de premios que ha tenido, lo que termino con la entrega del galard\u00f3n de la noche en manos de su co-protagonista Virginia Madsen.<\/p>\n<p>*P\u00fablicada originalmente en Cin\u00e9filos<\/p>\n<p><strong>Pudimos conversar con \u00e9l y esto fue lo que nos dijo:<\/strong><\/p>\n<blockquote class=\"instagram-media\" style=\"background: #FFF; border: 0; border-radius: 3px; box-shadow: 0 0 1px 0 rgba(0,0,0,0.5),0 1px 10px 0 rgba(0,0,0,0.15); margin: 1px; max-width: 540px; min-width: 326px; padding: 0; width: calc(100% - 2px);\" data-instgrm-captioned=\"\" data-instgrm-permalink=\"https:\/\/www.instagram.com\/reel\/C3YMVOIJArp\/?utm_source=ig_embed&amp;utm_campaign=loading\" data-instgrm-version=\"14\">\n<div style=\"padding: 16px;\">\n<p>&nbsp;<\/p>\n<div style=\"display: flex; flex-direction: row; align-items: center;\">\n<div style=\"background-color: #f4f4f4; border-radius: 50%; flex-grow: 0; height: 40px; margin-right: 14px; width: 40px;\"><\/div>\n<div style=\"display: flex; flex-direction: column; flex-grow: 1; justify-content: center;\">\n<div style=\"background-color: #f4f4f4; border-radius: 4px; flex-grow: 0; height: 14px; margin-bottom: 6px; width: 100px;\"><\/div>\n<div style=\"background-color: #f4f4f4; border-radius: 4px; flex-grow: 0; height: 14px; width: 60px;\"><\/div>\n<\/div>\n<\/div>\n<div style=\"padding: 19% 0;\"><\/div>\n<div style=\"display: block; height: 50px; margin: 0 auto 12px; width: 50px;\"><\/div>\n<div style=\"padding-top: 8px;\">\n<div style=\"color: #3897f0; font-family: Arial,sans-serif; font-size: 14px; font-style: normal; font-weight: 550; line-height: 18px;\">Ver esta publicaci\u00f3n en Instagram<\/div>\n<\/div>\n<div style=\"padding: 12.5% 0;\"><\/div>\n<div style=\"display: flex; flex-direction: row; margin-bottom: 14px; align-items: center;\">\n<div>\n<div style=\"background-color: #f4f4f4; border-radius: 50%; height: 12.5px; width: 12.5px; transform: translateX(0px) translateY(7px);\"><\/div>\n<div style=\"background-color: #f4f4f4; height: 12.5px; transform: rotate(-45deg) translateX(3px) translateY(1px); width: 12.5px; flex-grow: 0; margin-right: 14px; margin-left: 2px;\"><\/div>\n<div style=\"background-color: #f4f4f4; border-radius: 50%; height: 12.5px; width: 12.5px; transform: translateX(9px) translateY(-18px);\"><\/div>\n<\/div>\n<div style=\"margin-left: 8px;\">\n<div style=\"background-color: #f4f4f4; border-radius: 50%; flex-grow: 0; height: 20px; width: 20px;\"><\/div>\n<div style=\"width: 0; height: 0; border-top: 2px solid transparent; border-left: 6px solid #f4f4f4; border-bottom: 2px solid transparent; transform: translateX(16px) translateY(-4px) rotate(30deg);\"><\/div>\n<\/div>\n<div style=\"margin-left: auto;\">\n<div style=\"width: 0px; border-top: 8px solid #F4F4F4; border-right: 8px solid transparent; transform: translateY(16px);\"><\/div>\n<div style=\"background-color: #f4f4f4; flex-grow: 0; height: 12px; width: 16px; transform: translateY(-4px);\"><\/div>\n<div style=\"width: 0; height: 0; border-top: 8px solid #F4F4F4; border-left: 8px solid transparent; transform: translateY(-4px) translateX(8px);\"><\/div>\n<\/div>\n<\/div>\n<div style=\"display: flex; flex-direction: column; flex-grow: 1; justify-content: center; margin-bottom: 24px;\">\n<div style=\"background-color: #f4f4f4; border-radius: 4px; flex-grow: 0; height: 14px; margin-bottom: 6px; width: 224px;\"><\/div>\n<div style=\"background-color: #f4f4f4; border-radius: 4px; flex-grow: 0; height: 14px; width: 144px;\"><\/div>\n<\/div>\n<p>&nbsp;<\/p>\n<p style=\"color: #c9c8cd; font-family: Arial,sans-serif; font-size: 14px; line-height: 17px; margin-bottom: 0; margin-top: 8px; overflow: hidden; padding: 8px 0 7px; text-align: center; text-overflow: ellipsis; white-space: nowrap;\"><a style=\"color: #c9c8cd; font-family: Arial,sans-serif; font-size: 14px; font-style: normal; font-weight: normal; line-height: 17px; text-decoration: none;\" href=\"https:\/\/www.instagram.com\/reel\/C3YMVOIJArp\/?utm_source=ig_embed&amp;utm_campaign=loading\" target=\"_blank\" rel=\"noopener\">Una publicaci\u00f3n compartida de Spanglish (@spanglishcinema)<\/a><\/p>\n<\/div>\n<\/blockquote>\n<p><script async src=\"\/\/www.instagram.com\/embed.js\"><\/script><\/p>\n","protected":false},"excerpt":{"rendered":"<p>Paul Giamatti, el protagonista de The Holdovers, fue premiado en el Festival de Santa B\u00e1rbara por su carrera actoral. En el d\u00eda de ayer el actor Paul Giamatti fue homenajeado en el Festival de Cine de Santa B\u00e1rbara con el &#8230; <a title=\"Paul Giamatti recibi\u00f3 el \u201cCinema Vanguard\u201d en El Festival de Cine de Santa B\u00e1rbara\" class=\"read-more\" href=\"https:\/\/clientesbrandbits.click\/es\/paul-giamatti-recibio-el-cinema-vanguard-en-el-festival-de-cine-de-santa-barbara\/\" aria-label=\"Leer m\u00e1s sobre Paul Giamatti recibi\u00f3 el \u201cCinema Vanguard\u201d en El Festival de Cine de Santa B\u00e1rbara\">Leer M\u00e1s<\/a><\/p>\n","protected":false},"author":2,"featured_media":97,"comment_status":"closed","ping_status":"closed","sticky":false,"template":"","format":"standard","meta":{"_joinchat":[],"footnotes":""},"categories":[13,11],"tags":[17,9,8],"class_list":["post-126","post","type-post","status-publish","format-standard","has-post-thumbnail","hentry","category-entrevistas","category-festivales-de-cine","tag-festival-de-santa-barbara","tag-paul-giamatti","tag-the-holdovers","infinite-scroll-item"],"yoast_head":"<!-- This site is optimized with the Yoast SEO plugin v22.8 - https:\/\/yoast.com\/wordpress\/plugins\/seo\/ -->\n<title>Paul Giamatti recibi\u00f3 el \u201cCinema Vanguard\u201d en El Festival de Cine de Santa B\u00e1rbara - Spanglish Cinema<\/title>\n<meta name=\"robots\" content=\"index, follow, max-snippet:-1, max-image-preview:large, max-video-preview:-1\" \/>\n<link rel=\"canonical\" href=\"https:\/\/clientesbrandbits.click\/es\/paul-giamatti-recibio-el-cinema-vanguard-en-el-festival-de-cine-de-santa-barbara\/\" \/>\n<meta property=\"og:locale\" content=\"es_ES\" \/>\n<meta property=\"og:type\" content=\"article\" \/>\n<meta property=\"og:title\" content=\"Paul Giamatti recibi\u00f3 el \u201cCinema Vanguard\u201d en El Festival de Cine de Santa B\u00e1rbara - Spanglish Cinema\" \/>\n<meta property=\"og:description\" content=\"Paul Giamatti, el protagonista de The Holdovers, fue premiado en el Festival de Santa B\u00e1rbara por su carrera actoral. En el d\u00eda de ayer el actor Paul Giamatti fue homenajeado en el Festival de Cine de Santa B\u00e1rbara con el ... Leer M\u00e1s\" \/>\n<meta property=\"og:url\" content=\"https:\/\/clientesbrandbits.click\/es\/paul-giamatti-recibio-el-cinema-vanguard-en-el-festival-de-cine-de-santa-barbara\/\" \/>\n<meta property=\"og:site_name\" content=\"Spanglish Cinema\" \/>\n<meta property=\"article:published_time\" content=\"2024-02-15T01:20:28+00:00\" \/>\n<meta property=\"article:modified_time\" content=\"2024-03-25T23:38:38+00:00\" \/>\n<meta property=\"og:image\" content=\"https:\/\/clientesbrandbits.click\/wp-content\/uploads\/2024\/03\/Paul-Giammati-portada.jpg\" \/>\n\t<meta property=\"og:image:width\" content=\"2048\" \/>\n\t<meta property=\"og:image:height\" content=\"1498\" \/>\n\t<meta property=\"og:image:type\" content=\"image\/jpeg\" \/>\n<meta name=\"author\" content=\"Francisca Romero\" \/>\n<meta name=\"twitter:card\" content=\"summary_large_image\" \/>\n<meta name=\"twitter:label1\" content=\"Escrito por\" \/>\n\t<meta name=\"twitter:data1\" content=\"Francisca Romero\" \/>\n\t<meta name=\"twitter:label2\" content=\"Tiempo de lectura\" \/>\n\t<meta name=\"twitter:data2\" content=\"3 minutos\" \/>\n<script type=\"application\/ld+json\" class=\"yoast-schema-graph\">{\"@context\":\"https:\/\/schema.org\",\"@graph\":[{\"@type\":\"Article\",\"@id\":\"https:\/\/clientesbrandbits.click\/paul-giamatti-recibio-el-cinema-vanguard-en-el-festival-de-cine-de-santa-barbara\/#article\",\"isPartOf\":{\"@id\":\"https:\/\/clientesbrandbits.click\/paul-giamatti-recibio-el-cinema-vanguard-en-el-festival-de-cine-de-santa-barbara\/\"},\"author\":{\"name\":\"Francisca Romero\",\"@id\":\"https:\/\/clientesbrandbits.click\/#\/schema\/person\/fedc39f5790928deafca5719b3588db2\"},\"headline\":\"Paul Giamatti recibi\u00f3 el \u201cCinema Vanguard\u201d en El Festival de Cine de Santa B\u00e1rbara\",\"datePublished\":\"2024-02-15T01:20:28+00:00\",\"dateModified\":\"2024-03-25T23:38:38+00:00\",\"mainEntityOfPage\":{\"@id\":\"https:\/\/clientesbrandbits.click\/paul-giamatti-recibio-el-cinema-vanguard-en-el-festival-de-cine-de-santa-barbara\/\"},\"wordCount\":381,\"publisher\":{\"@id\":\"https:\/\/clientesbrandbits.click\/#organization\"},\"image\":{\"@id\":\"https:\/\/clientesbrandbits.click\/paul-giamatti-recibio-el-cinema-vanguard-en-el-festival-de-cine-de-santa-barbara\/#primaryimage\"},\"thumbnailUrl\":\"https:\/\/clientesbrandbits.click\/wp-content\/uploads\/2024\/03\/Paul-Giammati-portada.jpg\",\"keywords\":[\"Festival de Santa B\u00e1rbara\",\"Paul Giamatti\",\"The Holdovers\"],\"articleSection\":[\"Entrevistas\",\"Festivales de Cine\"],\"inLanguage\":\"es\"},{\"@type\":\"WebPage\",\"@id\":\"https:\/\/clientesbrandbits.click\/paul-giamatti-recibio-el-cinema-vanguard-en-el-festival-de-cine-de-santa-barbara\/\",\"url\":\"https:\/\/clientesbrandbits.click\/paul-giamatti-recibio-el-cinema-vanguard-en-el-festival-de-cine-de-santa-barbara\/\",\"name\":\"Paul Giamatti recibi\u00f3 el \u201cCinema Vanguard\u201d en El Festival de Cine de Santa B\u00e1rbara - Spanglish Cinema\",\"isPartOf\":{\"@id\":\"https:\/\/clientesbrandbits.click\/#website\"},\"primaryImageOfPage\":{\"@id\":\"https:\/\/clientesbrandbits.click\/paul-giamatti-recibio-el-cinema-vanguard-en-el-festival-de-cine-de-santa-barbara\/#primaryimage\"},\"image\":{\"@id\":\"https:\/\/clientesbrandbits.click\/paul-giamatti-recibio-el-cinema-vanguard-en-el-festival-de-cine-de-santa-barbara\/#primaryimage\"},\"thumbnailUrl\":\"https:\/\/clientesbrandbits.click\/wp-content\/uploads\/2024\/03\/Paul-Giammati-portada.jpg\",\"datePublished\":\"2024-02-15T01:20:28+00:00\",\"dateModified\":\"2024-03-25T23:38:38+00:00\",\"breadcrumb\":{\"@id\":\"https:\/\/clientesbrandbits.click\/paul-giamatti-recibio-el-cinema-vanguard-en-el-festival-de-cine-de-santa-barbara\/#breadcrumb\"},\"inLanguage\":\"es\",\"potentialAction\":[{\"@type\":\"ReadAction\",\"target\":[\"https:\/\/clientesbrandbits.click\/paul-giamatti-recibio-el-cinema-vanguard-en-el-festival-de-cine-de-santa-barbara\/\"]}]},{\"@type\":\"ImageObject\",\"inLanguage\":\"es\",\"@id\":\"https:\/\/clientesbrandbits.click\/paul-giamatti-recibio-el-cinema-vanguard-en-el-festival-de-cine-de-santa-barbara\/#primaryimage\",\"url\":\"https:\/\/clientesbrandbits.click\/wp-content\/uploads\/2024\/03\/Paul-Giammati-portada.jpg\",\"contentUrl\":\"https:\/\/clientesbrandbits.click\/wp-content\/uploads\/2024\/03\/Paul-Giammati-portada.jpg\",\"width\":2048,\"height\":1498},{\"@type\":\"BreadcrumbList\",\"@id\":\"https:\/\/clientesbrandbits.click\/paul-giamatti-recibio-el-cinema-vanguard-en-el-festival-de-cine-de-santa-barbara\/#breadcrumb\",\"itemListElement\":[{\"@type\":\"ListItem\",\"position\":1,\"name\":\"Portada\",\"item\":\"https:\/\/clientesbrandbits.click\/\"},{\"@type\":\"ListItem\",\"position\":2,\"name\":\"Paul Giamatti recibi\u00f3 el \u201cCinema Vanguard\u201d en El Festival de Cine de Santa B\u00e1rbara\"}]},{\"@type\":\"WebSite\",\"@id\":\"https:\/\/clientesbrandbits.click\/#website\",\"url\":\"https:\/\/clientesbrandbits.click\/\",\"name\":\"Spanglish Cinema\",\"description\":\"\",\"publisher\":{\"@id\":\"https:\/\/clientesbrandbits.click\/#organization\"},\"potentialAction\":[{\"@type\":\"SearchAction\",\"target\":{\"@type\":\"EntryPoint\",\"urlTemplate\":\"https:\/\/clientesbrandbits.click\/?s={search_term_string}\"},\"query-input\":\"required name=search_term_string\"}],\"inLanguage\":\"es\"},{\"@type\":\"Organization\",\"@id\":\"https:\/\/clientesbrandbits.click\/#organization\",\"name\":\"Spanglish Cinema\",\"url\":\"https:\/\/clientesbrandbits.click\/\",\"logo\":{\"@type\":\"ImageObject\",\"inLanguage\":\"es\",\"@id\":\"https:\/\/clientesbrandbits.click\/#\/schema\/logo\/image\/\",\"url\":\"https:\/\/clientesbrandbits.click\/wp-content\/uploads\/2024\/03\/spanglish_cinema.png\",\"contentUrl\":\"https:\/\/clientesbrandbits.click\/wp-content\/uploads\/2024\/03\/spanglish_cinema.png\",\"width\":612,\"height\":225,\"caption\":\"Spanglish Cinema\"},\"image\":{\"@id\":\"https:\/\/clientesbrandbits.click\/#\/schema\/logo\/image\/\"}},{\"@type\":\"Person\",\"@id\":\"https:\/\/clientesbrandbits.click\/#\/schema\/person\/fedc39f5790928deafca5719b3588db2\",\"name\":\"Francisca Romero\",\"image\":{\"@type\":\"ImageObject\",\"inLanguage\":\"es\",\"@id\":\"https:\/\/clientesbrandbits.click\/#\/schema\/person\/image\/\",\"url\":\"https:\/\/secure.gravatar.com\/avatar\/59bbcac6a15502dc7740d8ba94724e62?s=96&d=mm&r=g\",\"contentUrl\":\"https:\/\/secure.gravatar.com\/avatar\/59bbcac6a15502dc7740d8ba94724e62?s=96&d=mm&r=g\",\"caption\":\"Francisca Romero\"},\"url\":\"https:\/\/clientesbrandbits.click\/es\/author\/francisca-romero\/\"}]}<\/script>\n<!-- \/ Yoast SEO plugin. -->","yoast_head_json":{"title":"Paul Giamatti recibi\u00f3 el \u201cCinema Vanguard\u201d en El Festival de Cine de Santa B\u00e1rbara - Spanglish Cinema","robots":{"index":"index","follow":"follow","max-snippet":"max-snippet:-1","max-image-preview":"max-image-preview:large","max-video-preview":"max-video-preview:-1"},"canonical":"https:\/\/clientesbrandbits.click\/es\/paul-giamatti-recibio-el-cinema-vanguard-en-el-festival-de-cine-de-santa-barbara\/","og_locale":"es_ES","og_type":"article","og_title":"Paul Giamatti recibi\u00f3 el \u201cCinema Vanguard\u201d en El Festival de Cine de Santa B\u00e1rbara - Spanglish Cinema","og_description":"Paul Giamatti, el protagonista de The Holdovers, fue premiado en el Festival de Santa B\u00e1rbara por su carrera actoral. En el d\u00eda de ayer el actor Paul Giamatti fue homenajeado en el Festival de Cine de Santa B\u00e1rbara con el ... Leer M\u00e1s","og_url":"https:\/\/clientesbrandbits.click\/es\/paul-giamatti-recibio-el-cinema-vanguard-en-el-festival-de-cine-de-santa-barbara\/","og_site_name":"Spanglish Cinema","article_published_time":"2024-02-15T01:20:28+00:00","article_modified_time":"2024-03-25T23:38:38+00:00","og_image":[{"width":2048,"height":1498,"url":"https:\/\/clientesbrandbits.click\/wp-content\/uploads\/2024\/03\/Paul-Giammati-portada.jpg","type":"image\/jpeg"}],"author":"Francisca Romero","twitter_card":"summary_large_image","twitter_misc":{"Escrito por":"Francisca Romero","Tiempo de lectura":"3 minutos"},"schema":{"@context":"https:\/\/schema.org","@graph":[{"@type":"Article","@id":"https:\/\/clientesbrandbits.click\/paul-giamatti-recibio-el-cinema-vanguard-en-el-festival-de-cine-de-santa-barbara\/#article","isPartOf":{"@id":"https:\/\/clientesbrandbits.click\/paul-giamatti-recibio-el-cinema-vanguard-en-el-festival-de-cine-de-santa-barbara\/"},"author":{"name":"Francisca Romero","@id":"https:\/\/clientesbrandbits.click\/#\/schema\/person\/fedc39f5790928deafca5719b3588db2"},"headline":"Paul Giamatti recibi\u00f3 el \u201cCinema Vanguard\u201d en El Festival de Cine de Santa B\u00e1rbara","datePublished":"2024-02-15T01:20:28+00:00","dateModified":"2024-03-25T23:38:38+00:00","mainEntityOfPage":{"@id":"https:\/\/clientesbrandbits.click\/paul-giamatti-recibio-el-cinema-vanguard-en-el-festival-de-cine-de-santa-barbara\/"},"wordCount":381,"publisher":{"@id":"https:\/\/clientesbrandbits.click\/#organization"},"image":{"@id":"https:\/\/clientesbrandbits.click\/paul-giamatti-recibio-el-cinema-vanguard-en-el-festival-de-cine-de-santa-barbara\/#primaryimage"},"thumbnailUrl":"https:\/\/clientesbrandbits.click\/wp-content\/uploads\/2024\/03\/Paul-Giammati-portada.jpg","keywords":["Festival de Santa B\u00e1rbara","Paul Giamatti","The Holdovers"],"articleSection":["Entrevistas","Festivales de Cine"],"inLanguage":"es"},{"@type":"WebPage","@id":"https:\/\/clientesbrandbits.click\/paul-giamatti-recibio-el-cinema-vanguard-en-el-festival-de-cine-de-santa-barbara\/","url":"https:\/\/clientesbrandbits.click\/paul-giamatti-recibio-el-cinema-vanguard-en-el-festival-de-cine-de-santa-barbara\/","name":"Paul Giamatti recibi\u00f3 el \u201cCinema Vanguard\u201d en El Festival de Cine de Santa B\u00e1rbara - Spanglish Cinema","isPartOf":{"@id":"https:\/\/clientesbrandbits.click\/#website"},"primaryImageOfPage":{"@id":"https:\/\/clientesbrandbits.click\/paul-giamatti-recibio-el-cinema-vanguard-en-el-festival-de-cine-de-santa-barbara\/#primaryimage"},"image":{"@id":"https:\/\/clientesbrandbits.click\/paul-giamatti-recibio-el-cinema-vanguard-en-el-festival-de-cine-de-santa-barbara\/#primaryimage"},"thumbnailUrl":"https:\/\/clientesbrandbits.click\/wp-content\/uploads\/2024\/03\/Paul-Giammati-portada.jpg","datePublished":"2024-02-15T01:20:28+00:00","dateModified":"2024-03-25T23:38:38+00:00","breadcrumb":{"@id":"https:\/\/clientesbrandbits.click\/paul-giamatti-recibio-el-cinema-vanguard-en-el-festival-de-cine-de-santa-barbara\/#breadcrumb"},"inLanguage":"es","potentialAction":[{"@type":"ReadAction","target":["https:\/\/clientesbrandbits.click\/paul-giamatti-recibio-el-cinema-vanguard-en-el-festival-de-cine-de-santa-barbara\/"]}]},{"@type":"ImageObject","inLanguage":"es","@id":"https:\/\/clientesbrandbits.click\/paul-giamatti-recibio-el-cinema-vanguard-en-el-festival-de-cine-de-santa-barbara\/#primaryimage","url":"https:\/\/clientesbrandbits.click\/wp-content\/uploads\/2024\/03\/Paul-Giammati-portada.jpg","contentUrl":"https:\/\/clientesbrandbits.click\/wp-content\/uploads\/2024\/03\/Paul-Giammati-portada.jpg","width":2048,"height":1498},{"@type":"BreadcrumbList","@id":"https:\/\/clientesbrandbits.click\/paul-giamatti-recibio-el-cinema-vanguard-en-el-festival-de-cine-de-santa-barbara\/#breadcrumb","itemListElement":[{"@type":"ListItem","position":1,"name":"Portada","item":"https:\/\/clientesbrandbits.click\/"},{"@type":"ListItem","position":2,"name":"Paul Giamatti recibi\u00f3 el \u201cCinema Vanguard\u201d en El Festival de Cine de Santa B\u00e1rbara"}]},{"@type":"WebSite","@id":"https:\/\/clientesbrandbits.click\/#website","url":"https:\/\/clientesbrandbits.click\/","name":"Spanglish Cinema","description":"","publisher":{"@id":"https:\/\/clientesbrandbits.click\/#organization"},"potentialAction":[{"@type":"SearchAction","target":{"@type":"EntryPoint","urlTemplate":"https:\/\/clientesbrandbits.click\/?s={search_term_string}"},"query-input":"required name=search_term_string"}],"inLanguage":"es"},{"@type":"Organization","@id":"https:\/\/clientesbrandbits.click\/#organization","name":"Spanglish Cinema","url":"https:\/\/clientesbrandbits.click\/","logo":{"@type":"ImageObject","inLanguage":"es","@id":"https:\/\/clientesbrandbits.click\/#\/schema\/logo\/image\/","url":"https:\/\/clientesbrandbits.click\/wp-content\/uploads\/2024\/03\/spanglish_cinema.png","contentUrl":"https:\/\/clientesbrandbits.click\/wp-content\/uploads\/2024\/03\/spanglish_cinema.png","width":612,"height":225,"caption":"Spanglish Cinema"},"image":{"@id":"https:\/\/clientesbrandbits.click\/#\/schema\/logo\/image\/"}},{"@type":"Person","@id":"https:\/\/clientesbrandbits.click\/#\/schema\/person\/fedc39f5790928deafca5719b3588db2","name":"Francisca Romero","image":{"@type":"ImageObject","inLanguage":"es","@id":"https:\/\/clientesbrandbits.click\/#\/schema\/person\/image\/","url":"https:\/\/secure.gravatar.com\/avatar\/59bbcac6a15502dc7740d8ba94724e62?s=96&d=mm&r=g","contentUrl":"https:\/\/secure.gravatar.com\/avatar\/59bbcac6a15502dc7740d8ba94724e62?s=96&d=mm&r=g","caption":"Francisca Romero"},"url":"https:\/\/clientesbrandbits.click\/es\/author\/francisca-romero\/"}]}},"_links":{"self":[{"href":"https:\/\/clientesbrandbits.click\/es\/wp-json\/wp\/v2\/posts\/126"}],"collection":[{"href":"https:\/\/clientesbrandbits.click\/es\/wp-json\/wp\/v2\/posts"}],"about":[{"href":"https:\/\/clientesbrandbits.click\/es\/wp-json\/wp\/v2\/types\/post"}],"author":[{"embeddable":true,"href":"https:\/\/clientesbrandbits.click\/es\/wp-json\/wp\/v2\/users\/2"}],"replies":[{"embeddable":true,"href":"https:\/\/clientesbrandbits.click\/es\/wp-json\/wp\/v2\/comments?post=126"}],"version-history":[{"count":1,"href":"https:\/\/clientesbrandbits.click\/es\/wp-json\/wp\/v2\/posts\/126\/revisions"}],"predecessor-version":[{"id":127,"href":"https:\/\/clientesbrandbits.click\/es\/wp-json\/wp\/v2\/posts\/126\/revisions\/127"}],"wp:featuredmedia":[{"embeddable":true,"href":"https:\/\/clientesbrandbits.click\/es\/wp-json\/wp\/v2\/media\/97"}],"wp:attachment":[{"href":"https:\/\/clientesbrandbits.click\/es\/wp-json\/wp\/v2\/media?parent=126"}],"wp:term":[{"taxonomy":"category","embeddable":true,"href":"https:\/\/clientesbrandbits.click\/es\/wp-json\/wp\/v2\/categories?post=126"},{"taxonomy":"post_tag","embeddable":true,"href":"https:\/\/clientesbrandbits.click\/es\/wp-json\/wp\/v2\/tags?post=126"}],"curies":[{"name":"wp","href":"https:\/\/api.w.org\/{rel}","templated":true}]}}