{"id":1231,"date":"2024-05-04T10:41:41","date_gmt":"2024-05-04T14:41:41","guid":{"rendered":"https:\/\/clientesbrandbits.click\/?p=1231"},"modified":"2024-05-04T10:41:41","modified_gmt":"2024-05-04T14:41:41","slug":"trenque-lauquen-encabeza-un-ciclo-de-cine-argentino-en-la-cineteca-nacional","status":"publish","type":"post","link":"https:\/\/clientesbrandbits.click\/es\/trenque-lauquen-encabeza-un-ciclo-de-cine-argentino-en-la-cineteca-nacional\/","title":{"rendered":"Trenque Lauquen encabeza un ciclo de cine argentino en la Cineteca Nacional"},"content":{"rendered":"<p style=\"text-align: justify;\"><strong><em>En total son cinco producciones contempor\u00e1neas, que dan cuenta de la variedad y del vigor de la filmograf\u00eda trasandina. La cartelera ofrece tambi\u00e9n otros atractivos, como los cl\u00e1sicos musicales: The Wall, Grease y A hard day\u2019s night. Este \u00faltimo incluye un conversatorio con la periodista Marisol Garc\u00eda.<\/em><\/strong><\/p>\n<p style=\"text-align: justify;\">En coordinaci\u00f3n con la Red de Salas de Cine de Chile en la\u00a0<strong>Cineteca Nacional<\/strong>\u00a0se exhibe un ciclo con cinco pel\u00edculas argentinas que han sido alabadas por la cr\u00edtica internacional.\u00a0<strong>Trenque Lauquen<\/strong><em>\u00a0(<\/em>2022), la aplaudida cinta de Laura Citarelli que la prestigiosa revista Cahiers du Cinema eligi\u00f3 como Mejor Pel\u00edcula, en 2023, puede verse el 5, 12 y 15 de mayo, a las 17 horas. El filme dura casi cuatro horas, con un intermedio de 15 minutos.<\/p>\n<p style=\"text-align: justify;\">El largometraje gira alrededor de la desaparici\u00f3n de una mujer y de la b\u00fasqueda que llevan a cabo dos hombres que la quieren. Esto sucede en el pueblo de Trenque Lauquen \u2013de ah\u00ed el t\u00edtulo de la producci\u00f3n-, donde se emplazan diferentes historias y personajes, y se suceden elementos fant\u00e1sticos y diferentes g\u00e9neros cinematogr\u00e1ficos.<\/p>\n<p style=\"text-align: justify;\">Protagonizada por la destacada actriz Laura Paredes, que tambi\u00e9n particip\u00f3 en Ostende (2011) y Argentina, 1985 (2022), el elenco cuenta igualmente con las actuaciones de nombres reconocidos del teatro argentino: Elisa Carricajo, Ver\u00f3nica Llin\u00e1s y el dramaturgo Rafael Spregelburd.<\/p>\n<p style=\"text-align: justify;\">En cuanto a la buena recepci\u00f3n que ha tenido el filme, Citarelli comenta: \u201cEs una pel\u00edcula que acerca a la gente a los g\u00e9neros, y eso hace que sea una pel\u00edcula abierta y accesible, que a su vez tiene costados de experimentaci\u00f3n que no se interponen en el relato. El despliegue que tiene la pel\u00edcula en t\u00e9rminos narrativos, de duraci\u00f3n y de la cantidad de cosas que pasan, permite que haya cierto acercamiento al humanismo de los personajes, y creo que eso\u00a0\u00a0cautiva bastante\u201d.<\/p>\n<p style=\"text-align: justify;\"><strong>Puan<\/strong>\u00a0(2023), de Mar\u00eda Alch\u00e9 y Benjam\u00edn Naishtat \u2013con Leonardo Sbaraglia, Marcelo Subiotto, Julieta Zylberberg y Lali Esp\u00f3sito, entre otros\u2013;\u00a0<strong>La calma<\/strong>\u00a0(2023), de Mariano C\u00f3colo;\u00a0<strong>Cambio, cambio\u00a0<\/strong>(2022), de Lautaro Garc\u00eda Candela; y\u00a0<strong>Blondi<\/strong>\u00a0(2023), el debut como directora de la actriz Dolores Fonzi, completan el ciclo que da cuenta de la vitalidad y del vigor del cine trasandino.<\/p>\n<p style=\"text-align: justify;\">\u201cNos parece importante exhibir estos filmes de una cinematograf\u00eda, no tan s\u00f3lo cercana por lo geogr\u00e1fico, sino porque muchas de sus pel\u00edculas nos han influido grandemente. Es un gran momento art\u00edstico del cine argentino, que contrasta con una realidad que parece ir en contra de este gran momento. Gracias al trabajo con la Red de Salas de Cine de Chile, podemos ver estas pel\u00edculas y reflexionar sobre el contexto que rodea al cine argentino\u201d, se\u00f1ala Marcelo Morales, director de la Cineteca Nacional<\/p>\n<p style=\"text-align: justify;\">Con respecto a la iniciativa de respaldo<strong>\u00a0#YoApoyoCineArgentino<\/strong>, tanto en Chile como en otros lugares, para Citarelli se trata de \u201calgo hermoso. La realidad es que, en un momento que, sobre todo desde del gobierno (argentino), hay una repetici\u00f3n de cierto discurso agresivo, que ha sido malo no s\u00f3lo para el sector cultural, sino para la sociedad, para el trato de unos a otros, ver gestos de apoyo y amor es casi una novedad\u2026 M\u00e1s all\u00e1 de que da la sensaci\u00f3n de que quieren \u2018matar\u2019 el cine argentino, siento que esas fuerzas, esas redes que ha tejido el sector todos estos a\u00f1os, van a permitir que no se muera\u201d, dice.<\/p>\n<p style=\"text-align: justify;\">Adem\u00e1s del ciclo de cine argentino contempor\u00e1neo, la cartelera de mayo de la Cineteca Nacional incluye\u00a0<strong>cl\u00e1sicos musicales<\/strong>. Los d\u00edas s\u00e1bados 4, 11 y 18, a las 16 horas:\u00a0<strong>The Wall<\/strong>\u00a0(1982),\u00a0<strong>Grease<\/strong>\u00a0(1978) y\u00a0<strong>A hard day\u2019s night<\/strong>\u00a0(1964). La proyecci\u00f3n de este \u00faltimo filme \u2013dos d\u00edas en la vida agitada de los Beatles\u2013 va acompa\u00f1ada de un di\u00e1logo con la periodista especializada en m\u00fasica popular, Marisol Garc\u00eda.<\/p>\n<p style=\"text-align: justify;\"><strong>Malqueridas\u00a0<\/strong>(2023), el premiado documental sobre madres privadas de libertad, de Tana Gilbert, con producci\u00f3n de Paola Castillo, se muestra desde el 16 hasta el 24. Esto como parte de la\u00a0<strong>Feria Malqueridas<\/strong>, un evento del CCLM en colaboraci\u00f3n con Errante Producciones, en que se exponen los productos y emprendimientos de personas que est\u00e1n en la c\u00e1rcel o en proceso de reinserci\u00f3n social.<\/p>\n<p style=\"text-align: justify;\">Otro imperdible, en esas fechas, es el ciclo dedicado a<strong>\u00a0Pedro Chaskel<\/strong>, precursor del cine chileno (entrada liberada). En tanto, el 25 y 26, en el marco del\u00a0<strong>D\u00eda del patrimonio<\/strong>, est\u00e1n previstas f<strong>unciones gratuitas<\/strong>\u00a0con noticieros cinematogr\u00e1ficos y pel\u00edculas familiares.<\/p>\n<p>Fuente: Cineteca Nacional<\/p>\n","protected":false},"excerpt":{"rendered":"<p>En total son cinco producciones contempor\u00e1neas, que dan cuenta de la variedad y del vigor de la filmograf\u00eda trasandina. La cartelera ofrece tambi\u00e9n otros atractivos, como los cl\u00e1sicos musicales: The Wall, Grease y A hard day\u2019s night. Este \u00faltimo incluye &#8230; <a title=\"Trenque Lauquen encabeza un ciclo de cine argentino en la Cineteca Nacional\" class=\"read-more\" href=\"https:\/\/clientesbrandbits.click\/es\/trenque-lauquen-encabeza-un-ciclo-de-cine-argentino-en-la-cineteca-nacional\/\" aria-label=\"Leer m\u00e1s sobre Trenque Lauquen encabeza un ciclo de cine argentino en la Cineteca Nacional\">Leer M\u00e1s<\/a><\/p>\n","protected":false},"author":3,"featured_media":1232,"comment_status":"closed","ping_status":"closed","sticky":false,"template":"","format":"image","meta":{"_joinchat":[],"footnotes":""},"categories":[10],"tags":[118],"class_list":["post-1231","post","type-post","status-publish","format-image","has-post-thumbnail","hentry","category-films","tag-cineteca-nacional","post_format-post-format-image","infinite-scroll-item"],"yoast_head":"<!-- This site is optimized with the Yoast SEO plugin v22.8 - https:\/\/yoast.com\/wordpress\/plugins\/seo\/ -->\n<title>Trenque Lauquen encabeza un ciclo de cine argentino en la Cineteca Nacional - Spanglish Cinema<\/title>\n<meta name=\"description\" content=\"En total son cinco producciones contempor\u00e1neas, que dan cuenta de la variedad y del vigor de la filmograf\u00eda trasandina. La cartelera ofrece tambi\u00e9n otros atractivos, como los cl\u00e1sicos musicales: The Wall, Grease y A hard day\u2019s night. Este \u00faltimo incluye un conversatorio con la periodista Marisol Garc\u00eda.\" \/>\n<meta name=\"robots\" content=\"index, follow, max-snippet:-1, max-image-preview:large, max-video-preview:-1\" \/>\n<link rel=\"canonical\" href=\"https:\/\/clientesbrandbits.click\/es\/trenque-lauquen-encabeza-un-ciclo-de-cine-argentino-en-la-cineteca-nacional\/\" \/>\n<meta property=\"og:locale\" content=\"es_ES\" \/>\n<meta property=\"og:type\" content=\"article\" \/>\n<meta property=\"og:title\" content=\"Trenque Lauquen encabeza un ciclo de cine argentino en la Cineteca Nacional - Spanglish Cinema\" \/>\n<meta property=\"og:description\" content=\"En total son cinco producciones contempor\u00e1neas, que dan cuenta de la variedad y del vigor de la filmograf\u00eda trasandina. La cartelera ofrece tambi\u00e9n otros atractivos, como los cl\u00e1sicos musicales: The Wall, Grease y A hard day\u2019s night. Este \u00faltimo incluye un conversatorio con la periodista Marisol Garc\u00eda.\" \/>\n<meta property=\"og:url\" content=\"https:\/\/clientesbrandbits.click\/es\/trenque-lauquen-encabeza-un-ciclo-de-cine-argentino-en-la-cineteca-nacional\/\" \/>\n<meta property=\"og:site_name\" content=\"Spanglish Cinema\" \/>\n<meta property=\"article:published_time\" content=\"2024-05-04T14:41:41+00:00\" \/>\n<meta property=\"og:image\" content=\"https:\/\/clientesbrandbits.click\/wp-content\/uploads\/2024\/05\/unnamed-8.jpg\" \/>\n\t<meta property=\"og:image:width\" content=\"1179\" \/>\n\t<meta property=\"og:image:height\" content=\"663\" \/>\n\t<meta property=\"og:image:type\" content=\"image\/jpeg\" \/>\n<meta name=\"author\" content=\"Spanglish Cinema Team\" \/>\n<meta name=\"twitter:card\" content=\"summary_large_image\" \/>\n<meta name=\"twitter:label1\" content=\"Escrito por\" \/>\n\t<meta name=\"twitter:data1\" content=\"Spanglish Cinema Team\" \/>\n\t<meta name=\"twitter:label2\" content=\"Tiempo de lectura\" \/>\n\t<meta name=\"twitter:data2\" content=\"4 minutos\" \/>\n<script type=\"application\/ld+json\" class=\"yoast-schema-graph\">{\"@context\":\"https:\/\/schema.org\",\"@graph\":[{\"@type\":\"Article\",\"@id\":\"https:\/\/clientesbrandbits.click\/trenque-lauquen-encabeza-un-ciclo-de-cine-argentino-en-la-cineteca-nacional\/#article\",\"isPartOf\":{\"@id\":\"https:\/\/clientesbrandbits.click\/trenque-lauquen-encabeza-un-ciclo-de-cine-argentino-en-la-cineteca-nacional\/\"},\"author\":{\"name\":\"Spanglish Cinema Team\",\"@id\":\"https:\/\/clientesbrandbits.click\/#\/schema\/person\/678f0477e0f075fdf24e58e342ca80f1\"},\"headline\":\"Trenque Lauquen encabeza un ciclo de cine argentino en la Cineteca Nacional\",\"datePublished\":\"2024-05-04T14:41:41+00:00\",\"dateModified\":\"2024-05-04T14:41:41+00:00\",\"mainEntityOfPage\":{\"@id\":\"https:\/\/clientesbrandbits.click\/trenque-lauquen-encabeza-un-ciclo-de-cine-argentino-en-la-cineteca-nacional\/\"},\"wordCount\":782,\"publisher\":{\"@id\":\"https:\/\/clientesbrandbits.click\/#organization\"},\"image\":{\"@id\":\"https:\/\/clientesbrandbits.click\/trenque-lauquen-encabeza-un-ciclo-de-cine-argentino-en-la-cineteca-nacional\/#primaryimage\"},\"thumbnailUrl\":\"https:\/\/clientesbrandbits.click\/wp-content\/uploads\/2024\/05\/unnamed-8.jpg\",\"keywords\":[\"Cineteca Nacional\"],\"articleSection\":[\"Films\"],\"inLanguage\":\"es\"},{\"@type\":\"WebPage\",\"@id\":\"https:\/\/clientesbrandbits.click\/trenque-lauquen-encabeza-un-ciclo-de-cine-argentino-en-la-cineteca-nacional\/\",\"url\":\"https:\/\/clientesbrandbits.click\/trenque-lauquen-encabeza-un-ciclo-de-cine-argentino-en-la-cineteca-nacional\/\",\"name\":\"Trenque Lauquen encabeza un ciclo de cine argentino en la Cineteca Nacional - Spanglish Cinema\",\"isPartOf\":{\"@id\":\"https:\/\/clientesbrandbits.click\/#website\"},\"primaryImageOfPage\":{\"@id\":\"https:\/\/clientesbrandbits.click\/trenque-lauquen-encabeza-un-ciclo-de-cine-argentino-en-la-cineteca-nacional\/#primaryimage\"},\"image\":{\"@id\":\"https:\/\/clientesbrandbits.click\/trenque-lauquen-encabeza-un-ciclo-de-cine-argentino-en-la-cineteca-nacional\/#primaryimage\"},\"thumbnailUrl\":\"https:\/\/clientesbrandbits.click\/wp-content\/uploads\/2024\/05\/unnamed-8.jpg\",\"datePublished\":\"2024-05-04T14:41:41+00:00\",\"dateModified\":\"2024-05-04T14:41:41+00:00\",\"description\":\"En total son cinco producciones contempor\u00e1neas, que dan cuenta de la variedad y del vigor de la filmograf\u00eda trasandina. La cartelera ofrece tambi\u00e9n otros atractivos, como los cl\u00e1sicos musicales: The Wall, Grease y A hard day\u2019s night. Este \u00faltimo incluye un conversatorio con la periodista Marisol Garc\u00eda.\",\"breadcrumb\":{\"@id\":\"https:\/\/clientesbrandbits.click\/trenque-lauquen-encabeza-un-ciclo-de-cine-argentino-en-la-cineteca-nacional\/#breadcrumb\"},\"inLanguage\":\"es\",\"potentialAction\":[{\"@type\":\"ReadAction\",\"target\":[\"https:\/\/clientesbrandbits.click\/trenque-lauquen-encabeza-un-ciclo-de-cine-argentino-en-la-cineteca-nacional\/\"]}]},{\"@type\":\"ImageObject\",\"inLanguage\":\"es\",\"@id\":\"https:\/\/clientesbrandbits.click\/trenque-lauquen-encabeza-un-ciclo-de-cine-argentino-en-la-cineteca-nacional\/#primaryimage\",\"url\":\"https:\/\/clientesbrandbits.click\/wp-content\/uploads\/2024\/05\/unnamed-8.jpg\",\"contentUrl\":\"https:\/\/clientesbrandbits.click\/wp-content\/uploads\/2024\/05\/unnamed-8.jpg\",\"width\":1179,\"height\":663},{\"@type\":\"BreadcrumbList\",\"@id\":\"https:\/\/clientesbrandbits.click\/trenque-lauquen-encabeza-un-ciclo-de-cine-argentino-en-la-cineteca-nacional\/#breadcrumb\",\"itemListElement\":[{\"@type\":\"ListItem\",\"position\":1,\"name\":\"Portada\",\"item\":\"https:\/\/clientesbrandbits.click\/\"},{\"@type\":\"ListItem\",\"position\":2,\"name\":\"Trenque Lauquen encabeza un ciclo de cine argentino en la Cineteca Nacional\"}]},{\"@type\":\"WebSite\",\"@id\":\"https:\/\/clientesbrandbits.click\/#website\",\"url\":\"https:\/\/clientesbrandbits.click\/\",\"name\":\"Spanglish Cinema\",\"description\":\"\",\"publisher\":{\"@id\":\"https:\/\/clientesbrandbits.click\/#organization\"},\"potentialAction\":[{\"@type\":\"SearchAction\",\"target\":{\"@type\":\"EntryPoint\",\"urlTemplate\":\"https:\/\/clientesbrandbits.click\/?s={search_term_string}\"},\"query-input\":\"required name=search_term_string\"}],\"inLanguage\":\"es\"},{\"@type\":\"Organization\",\"@id\":\"https:\/\/clientesbrandbits.click\/#organization\",\"name\":\"Spanglish Cinema\",\"url\":\"https:\/\/clientesbrandbits.click\/\",\"logo\":{\"@type\":\"ImageObject\",\"inLanguage\":\"es\",\"@id\":\"https:\/\/clientesbrandbits.click\/#\/schema\/logo\/image\/\",\"url\":\"https:\/\/clientesbrandbits.click\/wp-content\/uploads\/2024\/03\/spanglish_cinema.png\",\"contentUrl\":\"https:\/\/clientesbrandbits.click\/wp-content\/uploads\/2024\/03\/spanglish_cinema.png\",\"width\":612,\"height\":225,\"caption\":\"Spanglish Cinema\"},\"image\":{\"@id\":\"https:\/\/clientesbrandbits.click\/#\/schema\/logo\/image\/\"}},{\"@type\":\"Person\",\"@id\":\"https:\/\/clientesbrandbits.click\/#\/schema\/person\/678f0477e0f075fdf24e58e342ca80f1\",\"name\":\"Spanglish Cinema Team\",\"image\":{\"@type\":\"ImageObject\",\"inLanguage\":\"es\",\"@id\":\"https:\/\/clientesbrandbits.click\/#\/schema\/person\/image\/\",\"url\":\"https:\/\/secure.gravatar.com\/avatar\/3eef20e32ea53867d5b6a361c9e8e2ee?s=96&d=mm&r=g\",\"contentUrl\":\"https:\/\/secure.gravatar.com\/avatar\/3eef20e32ea53867d5b6a361c9e8e2ee?s=96&d=mm&r=g\",\"caption\":\"Spanglish Cinema Team\"},\"url\":\"https:\/\/clientesbrandbits.click\/es\/author\/spanglish-cinema\/\"}]}<\/script>\n<!-- \/ Yoast SEO plugin. -->","yoast_head_json":{"title":"Trenque Lauquen encabeza un ciclo de cine argentino en la Cineteca Nacional - Spanglish Cinema","description":"En total son cinco producciones contempor\u00e1neas, que dan cuenta de la variedad y del vigor de la filmograf\u00eda trasandina. La cartelera ofrece tambi\u00e9n otros atractivos, como los cl\u00e1sicos musicales: The Wall, Grease y A hard day\u2019s night. Este \u00faltimo incluye un conversatorio con la periodista Marisol Garc\u00eda.","robots":{"index":"index","follow":"follow","max-snippet":"max-snippet:-1","max-image-preview":"max-image-preview:large","max-video-preview":"max-video-preview:-1"},"canonical":"https:\/\/clientesbrandbits.click\/es\/trenque-lauquen-encabeza-un-ciclo-de-cine-argentino-en-la-cineteca-nacional\/","og_locale":"es_ES","og_type":"article","og_title":"Trenque Lauquen encabeza un ciclo de cine argentino en la Cineteca Nacional - Spanglish Cinema","og_description":"En total son cinco producciones contempor\u00e1neas, que dan cuenta de la variedad y del vigor de la filmograf\u00eda trasandina. La cartelera ofrece tambi\u00e9n otros atractivos, como los cl\u00e1sicos musicales: The Wall, Grease y A hard day\u2019s night. Este \u00faltimo incluye un conversatorio con la periodista Marisol Garc\u00eda.","og_url":"https:\/\/clientesbrandbits.click\/es\/trenque-lauquen-encabeza-un-ciclo-de-cine-argentino-en-la-cineteca-nacional\/","og_site_name":"Spanglish Cinema","article_published_time":"2024-05-04T14:41:41+00:00","og_image":[{"width":1179,"height":663,"url":"https:\/\/clientesbrandbits.click\/wp-content\/uploads\/2024\/05\/unnamed-8.jpg","type":"image\/jpeg"}],"author":"Spanglish Cinema Team","twitter_card":"summary_large_image","twitter_misc":{"Escrito por":"Spanglish Cinema Team","Tiempo de lectura":"4 minutos"},"schema":{"@context":"https:\/\/schema.org","@graph":[{"@type":"Article","@id":"https:\/\/clientesbrandbits.click\/trenque-lauquen-encabeza-un-ciclo-de-cine-argentino-en-la-cineteca-nacional\/#article","isPartOf":{"@id":"https:\/\/clientesbrandbits.click\/trenque-lauquen-encabeza-un-ciclo-de-cine-argentino-en-la-cineteca-nacional\/"},"author":{"name":"Spanglish Cinema Team","@id":"https:\/\/clientesbrandbits.click\/#\/schema\/person\/678f0477e0f075fdf24e58e342ca80f1"},"headline":"Trenque Lauquen encabeza un ciclo de cine argentino en la Cineteca Nacional","datePublished":"2024-05-04T14:41:41+00:00","dateModified":"2024-05-04T14:41:41+00:00","mainEntityOfPage":{"@id":"https:\/\/clientesbrandbits.click\/trenque-lauquen-encabeza-un-ciclo-de-cine-argentino-en-la-cineteca-nacional\/"},"wordCount":782,"publisher":{"@id":"https:\/\/clientesbrandbits.click\/#organization"},"image":{"@id":"https:\/\/clientesbrandbits.click\/trenque-lauquen-encabeza-un-ciclo-de-cine-argentino-en-la-cineteca-nacional\/#primaryimage"},"thumbnailUrl":"https:\/\/clientesbrandbits.click\/wp-content\/uploads\/2024\/05\/unnamed-8.jpg","keywords":["Cineteca Nacional"],"articleSection":["Films"],"inLanguage":"es"},{"@type":"WebPage","@id":"https:\/\/clientesbrandbits.click\/trenque-lauquen-encabeza-un-ciclo-de-cine-argentino-en-la-cineteca-nacional\/","url":"https:\/\/clientesbrandbits.click\/trenque-lauquen-encabeza-un-ciclo-de-cine-argentino-en-la-cineteca-nacional\/","name":"Trenque Lauquen encabeza un ciclo de cine argentino en la Cineteca Nacional - Spanglish Cinema","isPartOf":{"@id":"https:\/\/clientesbrandbits.click\/#website"},"primaryImageOfPage":{"@id":"https:\/\/clientesbrandbits.click\/trenque-lauquen-encabeza-un-ciclo-de-cine-argentino-en-la-cineteca-nacional\/#primaryimage"},"image":{"@id":"https:\/\/clientesbrandbits.click\/trenque-lauquen-encabeza-un-ciclo-de-cine-argentino-en-la-cineteca-nacional\/#primaryimage"},"thumbnailUrl":"https:\/\/clientesbrandbits.click\/wp-content\/uploads\/2024\/05\/unnamed-8.jpg","datePublished":"2024-05-04T14:41:41+00:00","dateModified":"2024-05-04T14:41:41+00:00","description":"En total son cinco producciones contempor\u00e1neas, que dan cuenta de la variedad y del vigor de la filmograf\u00eda trasandina. La cartelera ofrece tambi\u00e9n otros atractivos, como los cl\u00e1sicos musicales: The Wall, Grease y A hard day\u2019s night. Este \u00faltimo incluye un conversatorio con la periodista Marisol Garc\u00eda.","breadcrumb":{"@id":"https:\/\/clientesbrandbits.click\/trenque-lauquen-encabeza-un-ciclo-de-cine-argentino-en-la-cineteca-nacional\/#breadcrumb"},"inLanguage":"es","potentialAction":[{"@type":"ReadAction","target":["https:\/\/clientesbrandbits.click\/trenque-lauquen-encabeza-un-ciclo-de-cine-argentino-en-la-cineteca-nacional\/"]}]},{"@type":"ImageObject","inLanguage":"es","@id":"https:\/\/clientesbrandbits.click\/trenque-lauquen-encabeza-un-ciclo-de-cine-argentino-en-la-cineteca-nacional\/#primaryimage","url":"https:\/\/clientesbrandbits.click\/wp-content\/uploads\/2024\/05\/unnamed-8.jpg","contentUrl":"https:\/\/clientesbrandbits.click\/wp-content\/uploads\/2024\/05\/unnamed-8.jpg","width":1179,"height":663},{"@type":"BreadcrumbList","@id":"https:\/\/clientesbrandbits.click\/trenque-lauquen-encabeza-un-ciclo-de-cine-argentino-en-la-cineteca-nacional\/#breadcrumb","itemListElement":[{"@type":"ListItem","position":1,"name":"Portada","item":"https:\/\/clientesbrandbits.click\/"},{"@type":"ListItem","position":2,"name":"Trenque Lauquen encabeza un ciclo de cine argentino en la Cineteca Nacional"}]},{"@type":"WebSite","@id":"https:\/\/clientesbrandbits.click\/#website","url":"https:\/\/clientesbrandbits.click\/","name":"Spanglish Cinema","description":"","publisher":{"@id":"https:\/\/clientesbrandbits.click\/#organization"},"potentialAction":[{"@type":"SearchAction","target":{"@type":"EntryPoint","urlTemplate":"https:\/\/clientesbrandbits.click\/?s={search_term_string}"},"query-input":"required name=search_term_string"}],"inLanguage":"es"},{"@type":"Organization","@id":"https:\/\/clientesbrandbits.click\/#organization","name":"Spanglish Cinema","url":"https:\/\/clientesbrandbits.click\/","logo":{"@type":"ImageObject","inLanguage":"es","@id":"https:\/\/clientesbrandbits.click\/#\/schema\/logo\/image\/","url":"https:\/\/clientesbrandbits.click\/wp-content\/uploads\/2024\/03\/spanglish_cinema.png","contentUrl":"https:\/\/clientesbrandbits.click\/wp-content\/uploads\/2024\/03\/spanglish_cinema.png","width":612,"height":225,"caption":"Spanglish Cinema"},"image":{"@id":"https:\/\/clientesbrandbits.click\/#\/schema\/logo\/image\/"}},{"@type":"Person","@id":"https:\/\/clientesbrandbits.click\/#\/schema\/person\/678f0477e0f075fdf24e58e342ca80f1","name":"Spanglish Cinema Team","image":{"@type":"ImageObject","inLanguage":"es","@id":"https:\/\/clientesbrandbits.click\/#\/schema\/person\/image\/","url":"https:\/\/secure.gravatar.com\/avatar\/3eef20e32ea53867d5b6a361c9e8e2ee?s=96&d=mm&r=g","contentUrl":"https:\/\/secure.gravatar.com\/avatar\/3eef20e32ea53867d5b6a361c9e8e2ee?s=96&d=mm&r=g","caption":"Spanglish Cinema Team"},"url":"https:\/\/clientesbrandbits.click\/es\/author\/spanglish-cinema\/"}]}},"_links":{"self":[{"href":"https:\/\/clientesbrandbits.click\/es\/wp-json\/wp\/v2\/posts\/1231"}],"collection":[{"href":"https:\/\/clientesbrandbits.click\/es\/wp-json\/wp\/v2\/posts"}],"about":[{"href":"https:\/\/clientesbrandbits.click\/es\/wp-json\/wp\/v2\/types\/post"}],"author":[{"embeddable":true,"href":"https:\/\/clientesbrandbits.click\/es\/wp-json\/wp\/v2\/users\/3"}],"replies":[{"embeddable":true,"href":"https:\/\/clientesbrandbits.click\/es\/wp-json\/wp\/v2\/comments?post=1231"}],"version-history":[{"count":4,"href":"https:\/\/clientesbrandbits.click\/es\/wp-json\/wp\/v2\/posts\/1231\/revisions"}],"predecessor-version":[{"id":1240,"href":"https:\/\/clientesbrandbits.click\/es\/wp-json\/wp\/v2\/posts\/1231\/revisions\/1240"}],"wp:featuredmedia":[{"embeddable":true,"href":"https:\/\/clientesbrandbits.click\/es\/wp-json\/wp\/v2\/media\/1232"}],"wp:attachment":[{"href":"https:\/\/clientesbrandbits.click\/es\/wp-json\/wp\/v2\/media?parent=1231"}],"wp:term":[{"taxonomy":"category","embeddable":true,"href":"https:\/\/clientesbrandbits.click\/es\/wp-json\/wp\/v2\/categories?post=1231"},{"taxonomy":"post_tag","embeddable":true,"href":"https:\/\/clientesbrandbits.click\/es\/wp-json\/wp\/v2\/tags?post=1231"}],"curies":[{"name":"wp","href":"https:\/\/api.w.org\/{rel}","templated":true}]}}