{"id":1146,"date":"2024-05-02T10:32:32","date_gmt":"2024-05-02T14:32:32","guid":{"rendered":"https:\/\/clientesbrandbits.click\/?p=1146"},"modified":"2024-05-02T12:41:27","modified_gmt":"2024-05-02T16:41:27","slug":"meryl-streep-recibira-la-palma-de-honor-en-cannes","status":"publish","type":"post","link":"https:\/\/clientesbrandbits.click\/es\/meryl-streep-recibira-la-palma-de-honor-en-cannes\/","title":{"rendered":"Meryl Streep recibir\u00e1 la Palma de Honor en  Cannes"},"content":{"rendered":"<p>Meryl Streep ser\u00e1 la invitada de honor en la ceremonia de apertura del 77\u00ba Festival de Cannes, que tendr\u00e1 lugar en el escenario del Grand Th\u00e9\u00e2tre Lumi\u00e8re el martes 14 de mayo. Una figura c\u00e9lebre en el cine estadounidense, la actriz estadounidense dar\u00e1 inicio a la pr\u00f3xima edici\u00f3n, que concluir\u00e1 el s\u00e1bado 25 de mayo con la entrega de premios por parte del Presidente del Jurado, Greta Gerwig.<\/p>\n<p>Despu\u00e9s de Jeanne Moreau, Marco Bellocchio, Catherine Deneuve, Jean-Pierre L\u00e9aud, Jane Fonda, Agn\u00e8s Varda, Forest Whitaker o Jodie Foster, Meryl Streep recibir\u00e1 la Palma de Oro Honoraria del Festival. 35 a\u00f1os despu\u00e9s de ganar el premio a la Mejor Actriz por Evil Angels, su \u00fanica aparici\u00f3n en Cannes hasta la fecha, Meryl Streep har\u00e1 su tan esperado regreso a la Croisette.<\/p>\n<p>\u00abMe siento inmensamente honrada de recibir la noticia de este prestigioso premio. Ganar un premio en Cannes, para la comunidad internacional de artistas, siempre ha representado el logro m\u00e1s alto en el arte del cine. Estar a la sombra de aquellos que han sido honrados anteriormente es humillante y emocionante en igual medida. \u00a1Espero con ansias venir a Francia para agradecer a todos en persona este mayo!\u00bb declar\u00f3 Meryl Streep.<\/p>\n<p>\u00ab\u00a1Todos tenemos algo de Meryl Streep en nosotros!\u00bb dijo Iris Knobloch y Thierry Fr\u00e9maux. \u00abTodos tenemos algo de Kramer vs. Kramer, La decisi\u00f3n de Sophie, Memorias de \u00c1frica, Los puentes de Madison, El diablo viste de Prada y Mamma Mia! Debido a que ha abarcado casi 50 a\u00f1os de cine y encarnado innumerables obras maestras, Meryl Streep forma parte de nuestra imaginaci\u00f3n colectiva, de nuestro amor compartido por el cine\u00bb.<\/p>\n<p>Despu\u00e9s de sus estudios de drama y su \u00e9xito inicial en los escenarios de la ciudad de Nueva York, la carrera de Meryl Streep despeg\u00f3 en la pantalla grande en 1978 con \u00abEl cazador\u00bb, protagonizada por Robert De Niro. En la pel\u00edcula de Michael Cimino, Meryl Streep escribi\u00f3 todas sus l\u00edneas para darle a su personaje matices y profundidad. Esto marc\u00f3 tanto su primera nominaci\u00f3n al Oscar \u2014ahora alcanzando un r\u00e9cord de 21\u2014 como su demanda de interpretar a mujeres fuertes y ambivalentes. Por ejemplo, cuando protagoniz\u00f3 junto a Dustin Hoffman en \u00abKramer vs. Kramer\u00bb, se neg\u00f3 a que la pel\u00edcula girara en torno al protagonista masculino y reescribi\u00f3 un mon\u00f3logo crucial. Luego gan\u00f3 su primer Oscar y r\u00e1pidamente gan\u00f3 reconocimiento tanto del p\u00fablico como de la industria.<\/p>\n<p>Meryl Streep utiliza su intuici\u00f3n y trabajo duro para reinventarse en cada aparici\u00f3n. Incluso a la escala de una pel\u00edcula: en \u00abLa mujer del teniente franc\u00e9s\u00bb de Karel Reisz, interpret\u00f3 dos roles. En \u00abLa decisi\u00f3n de Sophie\u00bb de Alan J. Pakula, su actuaci\u00f3n aborda el dilema moral inconcebible de una madre. Para este personaje, estudi\u00f3 alem\u00e1n y polaco para asumir el acento \u2014impecable seg\u00fan Andrzej Wajda\u2014 y gan\u00f3 el Premio de la Academia a la Mejor Actriz.<\/p>\n<p>El inolvidable \u00e9pico hist\u00f3rico y rom\u00e1ntico de Sidney Pollack, \u00abMemorias de \u00c1frica\u00bb (1985), marc\u00f3 un nuevo punto de inflexi\u00f3n, en el que ella y Robert Redford formaron una de las parejas m\u00e1s legendarias del cine. Lejos de confinarse al registro del amor apasionado, Meryl Streep tambi\u00e9n se aventur\u00f3 en personajes m\u00e1s oscuros. En \u00abGritos del coraz\u00f3n\u00bb (Un grito en la oscuridad) de Fred Schepisi en 1988, interpret\u00f3 a una madre acusada de infanticidio. Su actuaci\u00f3n le vali\u00f3 el Premio a la Mejor Actriz en el Festival de Cannes de 1989.<\/p>\n<p>En la d\u00e9cada de 1990, prob\u00f3 suerte con la comedia cruda: desafi\u00f3 los estereotipos femeninos en \u00abPostales desde el filo\u00bb de Mike Nichols y \u00abLa muerte le sienta bien\u00bb de Robert Zemeckis. En \u00abLos puentes de Madison\u00bb, cautiv\u00f3 la pantalla junto a Clint Eastwood en una historia de amor tan imposible como atemporal, que pas\u00f3 a la historia del cine.<\/p>\n<p>A lo largo de su carrera, Meryl Streep nunca ha evitado denunciar p\u00fablicamente la precaria posici\u00f3n de las mujeres en la industria cinematogr\u00e1fica. Consciente de los problemas que rodean la representaci\u00f3n de las mujeres en las pel\u00edculas de Hollywood y deseosa de encarnar todas sus facetas en toda su complejidad y fragilidad, Meryl Streep interpreta una amplia variedad de roles y g\u00e9neros. Despu\u00e9s de \u00abLas horas\u00bb de Stephen Daldry y \u00abLa \u00faltima funci\u00f3n\u00bb de Robert Altman, fue en dos roles tan divertidos como inesperados que volvi\u00f3 a dejar su huella: como la malhumorada editora en jefe de una revista de moda en \u00abEl diablo viste de Prada\u00bb y Donna, una hippie que casa a su hija en el musical \u00abMamma Mia!\u00bb Luego protagoniz\u00f3 biopics (\u00abLa dama de hierro\u00bb, \u00abFlorence Foster Jenkins\u00bb, \u00abJulie &amp; Julia\u00bb), s\u00e1tiras pol\u00edticas (\u00abLeones por corderos\u00bb, \u00abPapeles del Pent\u00e1gono\u00bb, \u00abNo Look Up\u00bb) y pel\u00edculas familiares como \u00abMujercitas\u00bb, dirigida por Greta Gerwig, quien act\u00faa como presidenta del jurado en el Festival de Cannes de este a\u00f1o.<\/p>\n<p>Dos mujeres, dos generaciones, dos aspiraciones y la misma pasi\u00f3n por el s\u00e9ptimo arte, reunidas en el escenario del Grand Th\u00e9\u00e2tre Lumi\u00e8re.<\/p>\n<p>Fuente: Festival de Cannes<\/p>\n","protected":false},"excerpt":{"rendered":"<p>Meryl Streep ser\u00e1 la invitada de honor en la ceremonia de apertura del 77\u00ba Festival de Cannes, que tendr\u00e1 lugar en el escenario del Grand Th\u00e9\u00e2tre Lumi\u00e8re el martes 14 de mayo. Una figura c\u00e9lebre en el cine estadounidense, la &#8230; <a title=\"Meryl Streep recibir\u00e1 la Palma de Honor en  Cannes\" class=\"read-more\" href=\"https:\/\/clientesbrandbits.click\/es\/meryl-streep-recibira-la-palma-de-honor-en-cannes\/\" aria-label=\"Leer m\u00e1s sobre Meryl Streep recibir\u00e1 la Palma de Honor en  Cannes\">Leer M\u00e1s<\/a><\/p>\n","protected":false},"author":3,"featured_media":1147,"comment_status":"closed","ping_status":"closed","sticky":false,"template":"","format":"standard","meta":{"_joinchat":[],"footnotes":""},"categories":[11],"tags":[33],"class_list":["post-1146","post","type-post","status-publish","format-standard","has-post-thumbnail","hentry","category-festivales-de-cine","tag-festival-de-cannes","infinite-scroll-item"],"yoast_head":"<!-- This site is optimized with the Yoast SEO plugin v22.8 - https:\/\/yoast.com\/wordpress\/plugins\/seo\/ -->\n<title>Meryl Streep recibir\u00e1 la Palma de Honor en Cannes - Spanglish Cinema<\/title>\n<meta name=\"description\" content=\"Meryl Streep ser\u00e1 la invitada de honor en la ceremonia de apertura del 77\u00ba Festival de Cannes, que tendr\u00e1 lugar en el escenario del Grand Th\u00e9\u00e2tre Lumi\u00e8re el martes 14 de mayo. Una figura c\u00e9lebre en el cine estadounidense, la actriz estadounidense dar\u00e1 inicio a la pr\u00f3xima edici\u00f3n, que concluir\u00e1 el s\u00e1bado 25 de mayo con la entrega de premios por parte del Presidente del Jurado, Greta Gerwig.\" \/>\n<meta name=\"robots\" content=\"index, follow, max-snippet:-1, max-image-preview:large, max-video-preview:-1\" \/>\n<link rel=\"canonical\" href=\"https:\/\/clientesbrandbits.click\/es\/meryl-streep-recibira-la-palma-de-honor-en-cannes\/\" \/>\n<meta property=\"og:locale\" content=\"es_ES\" \/>\n<meta property=\"og:type\" content=\"article\" \/>\n<meta property=\"og:title\" content=\"Meryl Streep recibir\u00e1 la Palma de Honor en Cannes - Spanglish Cinema\" \/>\n<meta property=\"og:description\" content=\"Meryl Streep ser\u00e1 la invitada de honor en la ceremonia de apertura del 77\u00ba Festival de Cannes, que tendr\u00e1 lugar en el escenario del Grand Th\u00e9\u00e2tre Lumi\u00e8re el martes 14 de mayo. Una figura c\u00e9lebre en el cine estadounidense, la actriz estadounidense dar\u00e1 inicio a la pr\u00f3xima edici\u00f3n, que concluir\u00e1 el s\u00e1bado 25 de mayo con la entrega de premios por parte del Presidente del Jurado, Greta Gerwig.\" \/>\n<meta property=\"og:url\" content=\"https:\/\/clientesbrandbits.click\/es\/meryl-streep-recibira-la-palma-de-honor-en-cannes\/\" \/>\n<meta property=\"og:site_name\" content=\"Spanglish Cinema\" \/>\n<meta property=\"article:published_time\" content=\"2024-05-02T14:32:32+00:00\" \/>\n<meta property=\"article:modified_time\" content=\"2024-05-02T16:41:27+00:00\" \/>\n<meta property=\"og:image\" content=\"https:\/\/clientesbrandbits.click\/wp-content\/uploads\/2024\/05\/meryl.jpg\" \/>\n\t<meta property=\"og:image:width\" content=\"1200\" \/>\n\t<meta property=\"og:image:height\" content=\"675\" \/>\n\t<meta property=\"og:image:type\" content=\"image\/jpeg\" \/>\n<meta name=\"author\" content=\"Spanglish Cinema Team\" \/>\n<meta name=\"twitter:card\" content=\"summary_large_image\" \/>\n<meta name=\"twitter:label1\" content=\"Escrito por\" \/>\n\t<meta name=\"twitter:data1\" content=\"Spanglish Cinema Team\" \/>\n\t<meta name=\"twitter:label2\" content=\"Tiempo de lectura\" \/>\n\t<meta name=\"twitter:data2\" content=\"4 minutos\" \/>\n<script type=\"application\/ld+json\" class=\"yoast-schema-graph\">{\"@context\":\"https:\/\/schema.org\",\"@graph\":[{\"@type\":\"Article\",\"@id\":\"https:\/\/clientesbrandbits.click\/meryl-streep-recibira-la-palma-de-honor-en-cannes\/#article\",\"isPartOf\":{\"@id\":\"https:\/\/clientesbrandbits.click\/meryl-streep-recibira-la-palma-de-honor-en-cannes\/\"},\"author\":{\"name\":\"Spanglish Cinema Team\",\"@id\":\"https:\/\/clientesbrandbits.click\/#\/schema\/person\/678f0477e0f075fdf24e58e342ca80f1\"},\"headline\":\"Meryl Streep recibir\u00e1 la Palma de Honor en Cannes\",\"datePublished\":\"2024-05-02T14:32:32+00:00\",\"dateModified\":\"2024-05-02T16:41:27+00:00\",\"mainEntityOfPage\":{\"@id\":\"https:\/\/clientesbrandbits.click\/meryl-streep-recibira-la-palma-de-honor-en-cannes\/\"},\"wordCount\":877,\"publisher\":{\"@id\":\"https:\/\/clientesbrandbits.click\/#organization\"},\"image\":{\"@id\":\"https:\/\/clientesbrandbits.click\/meryl-streep-recibira-la-palma-de-honor-en-cannes\/#primaryimage\"},\"thumbnailUrl\":\"https:\/\/clientesbrandbits.click\/wp-content\/uploads\/2024\/05\/meryl.jpg\",\"keywords\":[\"festival de cannes\"],\"articleSection\":[\"Festivales de Cine\"],\"inLanguage\":\"es\"},{\"@type\":\"WebPage\",\"@id\":\"https:\/\/clientesbrandbits.click\/meryl-streep-recibira-la-palma-de-honor-en-cannes\/\",\"url\":\"https:\/\/clientesbrandbits.click\/meryl-streep-recibira-la-palma-de-honor-en-cannes\/\",\"name\":\"Meryl Streep recibir\u00e1 la Palma de Honor en Cannes - Spanglish Cinema\",\"isPartOf\":{\"@id\":\"https:\/\/clientesbrandbits.click\/#website\"},\"primaryImageOfPage\":{\"@id\":\"https:\/\/clientesbrandbits.click\/meryl-streep-recibira-la-palma-de-honor-en-cannes\/#primaryimage\"},\"image\":{\"@id\":\"https:\/\/clientesbrandbits.click\/meryl-streep-recibira-la-palma-de-honor-en-cannes\/#primaryimage\"},\"thumbnailUrl\":\"https:\/\/clientesbrandbits.click\/wp-content\/uploads\/2024\/05\/meryl.jpg\",\"datePublished\":\"2024-05-02T14:32:32+00:00\",\"dateModified\":\"2024-05-02T16:41:27+00:00\",\"description\":\"Meryl Streep ser\u00e1 la invitada de honor en la ceremonia de apertura del 77\u00ba Festival de Cannes, que tendr\u00e1 lugar en el escenario del Grand Th\u00e9\u00e2tre Lumi\u00e8re el martes 14 de mayo. Una figura c\u00e9lebre en el cine estadounidense, la actriz estadounidense dar\u00e1 inicio a la pr\u00f3xima edici\u00f3n, que concluir\u00e1 el s\u00e1bado 25 de mayo con la entrega de premios por parte del Presidente del Jurado, Greta Gerwig.\",\"breadcrumb\":{\"@id\":\"https:\/\/clientesbrandbits.click\/meryl-streep-recibira-la-palma-de-honor-en-cannes\/#breadcrumb\"},\"inLanguage\":\"es\",\"potentialAction\":[{\"@type\":\"ReadAction\",\"target\":[\"https:\/\/clientesbrandbits.click\/meryl-streep-recibira-la-palma-de-honor-en-cannes\/\"]}]},{\"@type\":\"ImageObject\",\"inLanguage\":\"es\",\"@id\":\"https:\/\/clientesbrandbits.click\/meryl-streep-recibira-la-palma-de-honor-en-cannes\/#primaryimage\",\"url\":\"https:\/\/clientesbrandbits.click\/wp-content\/uploads\/2024\/05\/meryl.jpg\",\"contentUrl\":\"https:\/\/clientesbrandbits.click\/wp-content\/uploads\/2024\/05\/meryl.jpg\",\"width\":1200,\"height\":675},{\"@type\":\"BreadcrumbList\",\"@id\":\"https:\/\/clientesbrandbits.click\/meryl-streep-recibira-la-palma-de-honor-en-cannes\/#breadcrumb\",\"itemListElement\":[{\"@type\":\"ListItem\",\"position\":1,\"name\":\"Portada\",\"item\":\"https:\/\/clientesbrandbits.click\/\"},{\"@type\":\"ListItem\",\"position\":2,\"name\":\"Meryl Streep recibir\u00e1 la Palma de Honor en Cannes\"}]},{\"@type\":\"WebSite\",\"@id\":\"https:\/\/clientesbrandbits.click\/#website\",\"url\":\"https:\/\/clientesbrandbits.click\/\",\"name\":\"Spanglish Cinema\",\"description\":\"\",\"publisher\":{\"@id\":\"https:\/\/clientesbrandbits.click\/#organization\"},\"potentialAction\":[{\"@type\":\"SearchAction\",\"target\":{\"@type\":\"EntryPoint\",\"urlTemplate\":\"https:\/\/clientesbrandbits.click\/?s={search_term_string}\"},\"query-input\":\"required name=search_term_string\"}],\"inLanguage\":\"es\"},{\"@type\":\"Organization\",\"@id\":\"https:\/\/clientesbrandbits.click\/#organization\",\"name\":\"Spanglish Cinema\",\"url\":\"https:\/\/clientesbrandbits.click\/\",\"logo\":{\"@type\":\"ImageObject\",\"inLanguage\":\"es\",\"@id\":\"https:\/\/clientesbrandbits.click\/#\/schema\/logo\/image\/\",\"url\":\"https:\/\/clientesbrandbits.click\/wp-content\/uploads\/2024\/03\/spanglish_cinema.png\",\"contentUrl\":\"https:\/\/clientesbrandbits.click\/wp-content\/uploads\/2024\/03\/spanglish_cinema.png\",\"width\":612,\"height\":225,\"caption\":\"Spanglish Cinema\"},\"image\":{\"@id\":\"https:\/\/clientesbrandbits.click\/#\/schema\/logo\/image\/\"}},{\"@type\":\"Person\",\"@id\":\"https:\/\/clientesbrandbits.click\/#\/schema\/person\/678f0477e0f075fdf24e58e342ca80f1\",\"name\":\"Spanglish Cinema Team\",\"image\":{\"@type\":\"ImageObject\",\"inLanguage\":\"es\",\"@id\":\"https:\/\/clientesbrandbits.click\/#\/schema\/person\/image\/\",\"url\":\"https:\/\/secure.gravatar.com\/avatar\/3eef20e32ea53867d5b6a361c9e8e2ee?s=96&d=mm&r=g\",\"contentUrl\":\"https:\/\/secure.gravatar.com\/avatar\/3eef20e32ea53867d5b6a361c9e8e2ee?s=96&d=mm&r=g\",\"caption\":\"Spanglish Cinema Team\"},\"url\":\"https:\/\/clientesbrandbits.click\/es\/author\/spanglish-cinema\/\"}]}<\/script>\n<!-- \/ Yoast SEO plugin. -->","yoast_head_json":{"title":"Meryl Streep recibir\u00e1 la Palma de Honor en Cannes - Spanglish Cinema","description":"Meryl Streep ser\u00e1 la invitada de honor en la ceremonia de apertura del 77\u00ba Festival de Cannes, que tendr\u00e1 lugar en el escenario del Grand Th\u00e9\u00e2tre Lumi\u00e8re el martes 14 de mayo. Una figura c\u00e9lebre en el cine estadounidense, la actriz estadounidense dar\u00e1 inicio a la pr\u00f3xima edici\u00f3n, que concluir\u00e1 el s\u00e1bado 25 de mayo con la entrega de premios por parte del Presidente del Jurado, Greta Gerwig.","robots":{"index":"index","follow":"follow","max-snippet":"max-snippet:-1","max-image-preview":"max-image-preview:large","max-video-preview":"max-video-preview:-1"},"canonical":"https:\/\/clientesbrandbits.click\/es\/meryl-streep-recibira-la-palma-de-honor-en-cannes\/","og_locale":"es_ES","og_type":"article","og_title":"Meryl Streep recibir\u00e1 la Palma de Honor en Cannes - Spanglish Cinema","og_description":"Meryl Streep ser\u00e1 la invitada de honor en la ceremonia de apertura del 77\u00ba Festival de Cannes, que tendr\u00e1 lugar en el escenario del Grand Th\u00e9\u00e2tre Lumi\u00e8re el martes 14 de mayo. Una figura c\u00e9lebre en el cine estadounidense, la actriz estadounidense dar\u00e1 inicio a la pr\u00f3xima edici\u00f3n, que concluir\u00e1 el s\u00e1bado 25 de mayo con la entrega de premios por parte del Presidente del Jurado, Greta Gerwig.","og_url":"https:\/\/clientesbrandbits.click\/es\/meryl-streep-recibira-la-palma-de-honor-en-cannes\/","og_site_name":"Spanglish Cinema","article_published_time":"2024-05-02T14:32:32+00:00","article_modified_time":"2024-05-02T16:41:27+00:00","og_image":[{"width":1200,"height":675,"url":"https:\/\/clientesbrandbits.click\/wp-content\/uploads\/2024\/05\/meryl.jpg","type":"image\/jpeg"}],"author":"Spanglish Cinema Team","twitter_card":"summary_large_image","twitter_misc":{"Escrito por":"Spanglish Cinema Team","Tiempo de lectura":"4 minutos"},"schema":{"@context":"https:\/\/schema.org","@graph":[{"@type":"Article","@id":"https:\/\/clientesbrandbits.click\/meryl-streep-recibira-la-palma-de-honor-en-cannes\/#article","isPartOf":{"@id":"https:\/\/clientesbrandbits.click\/meryl-streep-recibira-la-palma-de-honor-en-cannes\/"},"author":{"name":"Spanglish Cinema Team","@id":"https:\/\/clientesbrandbits.click\/#\/schema\/person\/678f0477e0f075fdf24e58e342ca80f1"},"headline":"Meryl Streep recibir\u00e1 la Palma de Honor en Cannes","datePublished":"2024-05-02T14:32:32+00:00","dateModified":"2024-05-02T16:41:27+00:00","mainEntityOfPage":{"@id":"https:\/\/clientesbrandbits.click\/meryl-streep-recibira-la-palma-de-honor-en-cannes\/"},"wordCount":877,"publisher":{"@id":"https:\/\/clientesbrandbits.click\/#organization"},"image":{"@id":"https:\/\/clientesbrandbits.click\/meryl-streep-recibira-la-palma-de-honor-en-cannes\/#primaryimage"},"thumbnailUrl":"https:\/\/clientesbrandbits.click\/wp-content\/uploads\/2024\/05\/meryl.jpg","keywords":["festival de cannes"],"articleSection":["Festivales de Cine"],"inLanguage":"es"},{"@type":"WebPage","@id":"https:\/\/clientesbrandbits.click\/meryl-streep-recibira-la-palma-de-honor-en-cannes\/","url":"https:\/\/clientesbrandbits.click\/meryl-streep-recibira-la-palma-de-honor-en-cannes\/","name":"Meryl Streep recibir\u00e1 la Palma de Honor en Cannes - Spanglish Cinema","isPartOf":{"@id":"https:\/\/clientesbrandbits.click\/#website"},"primaryImageOfPage":{"@id":"https:\/\/clientesbrandbits.click\/meryl-streep-recibira-la-palma-de-honor-en-cannes\/#primaryimage"},"image":{"@id":"https:\/\/clientesbrandbits.click\/meryl-streep-recibira-la-palma-de-honor-en-cannes\/#primaryimage"},"thumbnailUrl":"https:\/\/clientesbrandbits.click\/wp-content\/uploads\/2024\/05\/meryl.jpg","datePublished":"2024-05-02T14:32:32+00:00","dateModified":"2024-05-02T16:41:27+00:00","description":"Meryl Streep ser\u00e1 la invitada de honor en la ceremonia de apertura del 77\u00ba Festival de Cannes, que tendr\u00e1 lugar en el escenario del Grand Th\u00e9\u00e2tre Lumi\u00e8re el martes 14 de mayo. Una figura c\u00e9lebre en el cine estadounidense, la actriz estadounidense dar\u00e1 inicio a la pr\u00f3xima edici\u00f3n, que concluir\u00e1 el s\u00e1bado 25 de mayo con la entrega de premios por parte del Presidente del Jurado, Greta Gerwig.","breadcrumb":{"@id":"https:\/\/clientesbrandbits.click\/meryl-streep-recibira-la-palma-de-honor-en-cannes\/#breadcrumb"},"inLanguage":"es","potentialAction":[{"@type":"ReadAction","target":["https:\/\/clientesbrandbits.click\/meryl-streep-recibira-la-palma-de-honor-en-cannes\/"]}]},{"@type":"ImageObject","inLanguage":"es","@id":"https:\/\/clientesbrandbits.click\/meryl-streep-recibira-la-palma-de-honor-en-cannes\/#primaryimage","url":"https:\/\/clientesbrandbits.click\/wp-content\/uploads\/2024\/05\/meryl.jpg","contentUrl":"https:\/\/clientesbrandbits.click\/wp-content\/uploads\/2024\/05\/meryl.jpg","width":1200,"height":675},{"@type":"BreadcrumbList","@id":"https:\/\/clientesbrandbits.click\/meryl-streep-recibira-la-palma-de-honor-en-cannes\/#breadcrumb","itemListElement":[{"@type":"ListItem","position":1,"name":"Portada","item":"https:\/\/clientesbrandbits.click\/"},{"@type":"ListItem","position":2,"name":"Meryl Streep recibir\u00e1 la Palma de Honor en Cannes"}]},{"@type":"WebSite","@id":"https:\/\/clientesbrandbits.click\/#website","url":"https:\/\/clientesbrandbits.click\/","name":"Spanglish Cinema","description":"","publisher":{"@id":"https:\/\/clientesbrandbits.click\/#organization"},"potentialAction":[{"@type":"SearchAction","target":{"@type":"EntryPoint","urlTemplate":"https:\/\/clientesbrandbits.click\/?s={search_term_string}"},"query-input":"required name=search_term_string"}],"inLanguage":"es"},{"@type":"Organization","@id":"https:\/\/clientesbrandbits.click\/#organization","name":"Spanglish Cinema","url":"https:\/\/clientesbrandbits.click\/","logo":{"@type":"ImageObject","inLanguage":"es","@id":"https:\/\/clientesbrandbits.click\/#\/schema\/logo\/image\/","url":"https:\/\/clientesbrandbits.click\/wp-content\/uploads\/2024\/03\/spanglish_cinema.png","contentUrl":"https:\/\/clientesbrandbits.click\/wp-content\/uploads\/2024\/03\/spanglish_cinema.png","width":612,"height":225,"caption":"Spanglish Cinema"},"image":{"@id":"https:\/\/clientesbrandbits.click\/#\/schema\/logo\/image\/"}},{"@type":"Person","@id":"https:\/\/clientesbrandbits.click\/#\/schema\/person\/678f0477e0f075fdf24e58e342ca80f1","name":"Spanglish Cinema Team","image":{"@type":"ImageObject","inLanguage":"es","@id":"https:\/\/clientesbrandbits.click\/#\/schema\/person\/image\/","url":"https:\/\/secure.gravatar.com\/avatar\/3eef20e32ea53867d5b6a361c9e8e2ee?s=96&d=mm&r=g","contentUrl":"https:\/\/secure.gravatar.com\/avatar\/3eef20e32ea53867d5b6a361c9e8e2ee?s=96&d=mm&r=g","caption":"Spanglish Cinema Team"},"url":"https:\/\/clientesbrandbits.click\/es\/author\/spanglish-cinema\/"}]}},"_links":{"self":[{"href":"https:\/\/clientesbrandbits.click\/es\/wp-json\/wp\/v2\/posts\/1146"}],"collection":[{"href":"https:\/\/clientesbrandbits.click\/es\/wp-json\/wp\/v2\/posts"}],"about":[{"href":"https:\/\/clientesbrandbits.click\/es\/wp-json\/wp\/v2\/types\/post"}],"author":[{"embeddable":true,"href":"https:\/\/clientesbrandbits.click\/es\/wp-json\/wp\/v2\/users\/3"}],"replies":[{"embeddable":true,"href":"https:\/\/clientesbrandbits.click\/es\/wp-json\/wp\/v2\/comments?post=1146"}],"version-history":[{"count":1,"href":"https:\/\/clientesbrandbits.click\/es\/wp-json\/wp\/v2\/posts\/1146\/revisions"}],"predecessor-version":[{"id":1148,"href":"https:\/\/clientesbrandbits.click\/es\/wp-json\/wp\/v2\/posts\/1146\/revisions\/1148"}],"wp:featuredmedia":[{"embeddable":true,"href":"https:\/\/clientesbrandbits.click\/es\/wp-json\/wp\/v2\/media\/1147"}],"wp:attachment":[{"href":"https:\/\/clientesbrandbits.click\/es\/wp-json\/wp\/v2\/media?parent=1146"}],"wp:term":[{"taxonomy":"category","embeddable":true,"href":"https:\/\/clientesbrandbits.click\/es\/wp-json\/wp\/v2\/categories?post=1146"},{"taxonomy":"post_tag","embeddable":true,"href":"https:\/\/clientesbrandbits.click\/es\/wp-json\/wp\/v2\/tags?post=1146"}],"curies":[{"name":"wp","href":"https:\/\/api.w.org\/{rel}","templated":true}]}}