{"id":1124,"date":"2024-05-01T11:35:04","date_gmt":"2024-05-01T15:35:04","guid":{"rendered":"https:\/\/clientesbrandbits.click\/?p=1124"},"modified":"2024-05-01T11:47:09","modified_gmt":"2024-05-01T15:47:09","slug":"cannes-2024-confirman-protestas-de-sus-trabajadores","status":"publish","type":"post","link":"https:\/\/clientesbrandbits.click\/es\/cannes-2024-confirman-protestas-de-sus-trabajadores\/","title":{"rendered":"Cannes 2024:  Confirman protestas de sus trabajadores"},"content":{"rendered":"\n<h2 class=\"wp-block-heading\">El medio norteamericano Deadline cuenta en exclusiva sobre las protestas que vendr\u00e1n  de trabajadores del Festival de Cannes por bajos salarios a los que se le sumar\u00edan otros festivales de cines del pa\u00eds europeo.<\/h2>\n\n\n\n<p>Seg\u00fan fuentes del medio, ser\u00edan m\u00e1s de 200 los trabajadores que estar\u00edan organizando las protestas en contra del festival. Recordemos que el festival todos los a\u00f1os ha sido lugar de protestas de distintas iniciativas sociales y ambientales, lo que este a\u00f1o ser\u00eda distinto es que vendr\u00eda desde dentro de la organizaci\u00f3n que coordina el festival de cine m\u00e1s prestigioso del mundo.<\/p>\n\n\n\n<figure class=\"wp-block-image size-large\"><img fetchpriority=\"high\" decoding=\"async\" width=\"1024\" height=\"620\" src=\"https:\/\/clientesbrandbits.click\/wp-content\/uploads\/2024\/05\/can-1024x620.jpg\" alt=\"\" class=\"wp-image-1129\" srcset=\"https:\/\/clientesbrandbits.click\/wp-content\/uploads\/2024\/05\/can-1024x620.jpg 1024w, https:\/\/clientesbrandbits.click\/wp-content\/uploads\/2024\/05\/can-300x182.jpg 300w, https:\/\/clientesbrandbits.click\/wp-content\/uploads\/2024\/05\/can-768x465.jpg 768w, https:\/\/clientesbrandbits.click\/wp-content\/uploads\/2024\/05\/can-18x12.jpg 18w, https:\/\/clientesbrandbits.click\/wp-content\/uploads\/2024\/05\/can.jpg 1100w\" sizes=\"(max-width: 1024px) 100vw, 1024px\" \/><\/figure>\n\n\n\n<p>El nombre del grupo organizador es Sous Les \u00c9crans La D\u00e8che: Collectif Des Pr\u00e9caires Des Festivals De Cin\u00e9ma que hace referencia a las protestas de mayo del 68 y se traduce como Bajo las Pantallas, el desperdicio: El Colectivo de trabajadores precarios de Festivales de Cine.<\/p>\n\n\n\n<p>Cuentan a Deadline que tienen pensado manifestarse en la noche de apertura de Fornite y de grandes premiers como Megalopolis de Francis Ford Coppola o Furiosa: Una saga de Mad Max de George Miller.<\/p>\n\n\n\n<p>Parte de la idea tambipen contempla dejar de realizar sus labores diarias de proyecci\u00f3n, organizaci\u00f3n, coordinaci\u00f3n, t\u00e9cnicos y varios de los trabajadores part-time. Sin el trabajo de todo el equipo se cuestionar\u00eda, sin duda, la posibilidad de que el evento se pueda llevar a acabo.<\/p>\n\n\n\n<p>Es una noticia en desarrollo a dos semanas del Festival de Cine de Cannes 2024.<\/p>\n","protected":false},"excerpt":{"rendered":"<p>El medio norteamericano Deadline cuenta en exclusiva sobre las protestas que vendr\u00e1n de trabajadores del Festival de Cannes por bajos salarios a los que se le sumar\u00edan otros festivales de cines del pa\u00eds europeo. Seg\u00fan fuentes del medio, ser\u00edan m\u00e1s &#8230; <a title=\"Cannes 2024:  Confirman protestas de sus trabajadores\" class=\"read-more\" href=\"https:\/\/clientesbrandbits.click\/es\/cannes-2024-confirman-protestas-de-sus-trabajadores\/\" aria-label=\"Leer m\u00e1s sobre Cannes 2024:  Confirman protestas de sus trabajadores\">Leer M\u00e1s<\/a><\/p>\n","protected":false},"author":3,"featured_media":1131,"comment_status":"closed","ping_status":"closed","sticky":false,"template":"","format":"standard","meta":{"_joinchat":[],"footnotes":""},"categories":[10],"tags":[33],"class_list":["post-1124","post","type-post","status-publish","format-standard","has-post-thumbnail","hentry","category-films","tag-festival-de-cannes","infinite-scroll-item"],"yoast_head":"<!-- This site is optimized with the Yoast SEO plugin v22.8 - https:\/\/yoast.com\/wordpress\/plugins\/seo\/ -->\n<title>Cannes 2024: Confirman protestas de sus trabajadores - Spanglish Cinema<\/title>\n<meta name=\"description\" content=\"El medio norteamericano Deadline cuenta en exclusiva sobre las protestas que vendr\u00e1n de trabajadores del Festival de Cannes por bajos salarios a los que se le sumar\u00edan otros festivales de cines del pa\u00eds europeo.\" \/>\n<meta name=\"robots\" content=\"index, follow, max-snippet:-1, max-image-preview:large, max-video-preview:-1\" \/>\n<link rel=\"canonical\" href=\"https:\/\/clientesbrandbits.click\/es\/cannes-2024-confirman-protestas-de-sus-trabajadores\/\" \/>\n<meta property=\"og:locale\" content=\"es_ES\" \/>\n<meta property=\"og:type\" content=\"article\" \/>\n<meta property=\"og:title\" content=\"Cannes 2024: Confirman protestas de sus trabajadores - Spanglish Cinema\" \/>\n<meta property=\"og:description\" content=\"El medio norteamericano Deadline cuenta en exclusiva sobre las protestas que vendr\u00e1n de trabajadores del Festival de Cannes por bajos salarios a los que se le sumar\u00edan otros festivales de cines del pa\u00eds europeo.\" \/>\n<meta property=\"og:url\" content=\"https:\/\/clientesbrandbits.click\/es\/cannes-2024-confirman-protestas-de-sus-trabajadores\/\" \/>\n<meta property=\"og:site_name\" content=\"Spanglish Cinema\" \/>\n<meta property=\"article:published_time\" content=\"2024-05-01T15:35:04+00:00\" \/>\n<meta property=\"article:modified_time\" content=\"2024-05-01T15:47:09+00:00\" \/>\n<meta property=\"og:image\" content=\"https:\/\/clientesbrandbits.click\/wp-content\/uploads\/2024\/05\/cannes-alfombra.jpg\" \/>\n\t<meta property=\"og:image:width\" content=\"1706\" \/>\n\t<meta property=\"og:image:height\" content=\"960\" \/>\n\t<meta property=\"og:image:type\" content=\"image\/jpeg\" \/>\n<meta name=\"author\" content=\"Spanglish Cinema Team\" \/>\n<meta name=\"twitter:card\" content=\"summary_large_image\" \/>\n<meta name=\"twitter:label1\" content=\"Escrito por\" \/>\n\t<meta name=\"twitter:data1\" content=\"Spanglish Cinema Team\" \/>\n\t<meta name=\"twitter:label2\" content=\"Tiempo de lectura\" \/>\n\t<meta name=\"twitter:data2\" content=\"2 minutos\" \/>\n<script type=\"application\/ld+json\" class=\"yoast-schema-graph\">{\"@context\":\"https:\/\/schema.org\",\"@graph\":[{\"@type\":\"Article\",\"@id\":\"https:\/\/clientesbrandbits.click\/cannes-2024-confirman-protestas-de-sus-trabajadores\/#article\",\"isPartOf\":{\"@id\":\"https:\/\/clientesbrandbits.click\/cannes-2024-confirman-protestas-de-sus-trabajadores\/\"},\"author\":{\"name\":\"Spanglish Cinema Team\",\"@id\":\"https:\/\/clientesbrandbits.click\/#\/schema\/person\/678f0477e0f075fdf24e58e342ca80f1\"},\"headline\":\"Cannes 2024: Confirman protestas de sus trabajadores\",\"datePublished\":\"2024-05-01T15:35:04+00:00\",\"dateModified\":\"2024-05-01T15:47:09+00:00\",\"mainEntityOfPage\":{\"@id\":\"https:\/\/clientesbrandbits.click\/cannes-2024-confirman-protestas-de-sus-trabajadores\/\"},\"wordCount\":259,\"publisher\":{\"@id\":\"https:\/\/clientesbrandbits.click\/#organization\"},\"image\":{\"@id\":\"https:\/\/clientesbrandbits.click\/cannes-2024-confirman-protestas-de-sus-trabajadores\/#primaryimage\"},\"thumbnailUrl\":\"https:\/\/clientesbrandbits.click\/wp-content\/uploads\/2024\/05\/cannes-alfombra.jpg\",\"keywords\":[\"festival de cannes\"],\"articleSection\":[\"Films\"],\"inLanguage\":\"es\"},{\"@type\":\"WebPage\",\"@id\":\"https:\/\/clientesbrandbits.click\/cannes-2024-confirman-protestas-de-sus-trabajadores\/\",\"url\":\"https:\/\/clientesbrandbits.click\/cannes-2024-confirman-protestas-de-sus-trabajadores\/\",\"name\":\"Cannes 2024: Confirman protestas de sus trabajadores - Spanglish Cinema\",\"isPartOf\":{\"@id\":\"https:\/\/clientesbrandbits.click\/#website\"},\"primaryImageOfPage\":{\"@id\":\"https:\/\/clientesbrandbits.click\/cannes-2024-confirman-protestas-de-sus-trabajadores\/#primaryimage\"},\"image\":{\"@id\":\"https:\/\/clientesbrandbits.click\/cannes-2024-confirman-protestas-de-sus-trabajadores\/#primaryimage\"},\"thumbnailUrl\":\"https:\/\/clientesbrandbits.click\/wp-content\/uploads\/2024\/05\/cannes-alfombra.jpg\",\"datePublished\":\"2024-05-01T15:35:04+00:00\",\"dateModified\":\"2024-05-01T15:47:09+00:00\",\"description\":\"El medio norteamericano Deadline cuenta en exclusiva sobre las protestas que vendr\u00e1n de trabajadores del Festival de Cannes por bajos salarios a los que se le sumar\u00edan otros festivales de cines del pa\u00eds europeo.\",\"breadcrumb\":{\"@id\":\"https:\/\/clientesbrandbits.click\/cannes-2024-confirman-protestas-de-sus-trabajadores\/#breadcrumb\"},\"inLanguage\":\"es\",\"potentialAction\":[{\"@type\":\"ReadAction\",\"target\":[\"https:\/\/clientesbrandbits.click\/cannes-2024-confirman-protestas-de-sus-trabajadores\/\"]}]},{\"@type\":\"ImageObject\",\"inLanguage\":\"es\",\"@id\":\"https:\/\/clientesbrandbits.click\/cannes-2024-confirman-protestas-de-sus-trabajadores\/#primaryimage\",\"url\":\"https:\/\/clientesbrandbits.click\/wp-content\/uploads\/2024\/05\/cannes-alfombra.jpg\",\"contentUrl\":\"https:\/\/clientesbrandbits.click\/wp-content\/uploads\/2024\/05\/cannes-alfombra.jpg\",\"width\":1706,\"height\":960},{\"@type\":\"BreadcrumbList\",\"@id\":\"https:\/\/clientesbrandbits.click\/cannes-2024-confirman-protestas-de-sus-trabajadores\/#breadcrumb\",\"itemListElement\":[{\"@type\":\"ListItem\",\"position\":1,\"name\":\"Portada\",\"item\":\"https:\/\/clientesbrandbits.click\/\"},{\"@type\":\"ListItem\",\"position\":2,\"name\":\"Cannes 2024: Confirman protestas de sus trabajadores\"}]},{\"@type\":\"WebSite\",\"@id\":\"https:\/\/clientesbrandbits.click\/#website\",\"url\":\"https:\/\/clientesbrandbits.click\/\",\"name\":\"Spanglish Cinema\",\"description\":\"\",\"publisher\":{\"@id\":\"https:\/\/clientesbrandbits.click\/#organization\"},\"potentialAction\":[{\"@type\":\"SearchAction\",\"target\":{\"@type\":\"EntryPoint\",\"urlTemplate\":\"https:\/\/clientesbrandbits.click\/?s={search_term_string}\"},\"query-input\":\"required name=search_term_string\"}],\"inLanguage\":\"es\"},{\"@type\":\"Organization\",\"@id\":\"https:\/\/clientesbrandbits.click\/#organization\",\"name\":\"Spanglish Cinema\",\"url\":\"https:\/\/clientesbrandbits.click\/\",\"logo\":{\"@type\":\"ImageObject\",\"inLanguage\":\"es\",\"@id\":\"https:\/\/clientesbrandbits.click\/#\/schema\/logo\/image\/\",\"url\":\"https:\/\/clientesbrandbits.click\/wp-content\/uploads\/2024\/03\/spanglish_cinema.png\",\"contentUrl\":\"https:\/\/clientesbrandbits.click\/wp-content\/uploads\/2024\/03\/spanglish_cinema.png\",\"width\":612,\"height\":225,\"caption\":\"Spanglish Cinema\"},\"image\":{\"@id\":\"https:\/\/clientesbrandbits.click\/#\/schema\/logo\/image\/\"}},{\"@type\":\"Person\",\"@id\":\"https:\/\/clientesbrandbits.click\/#\/schema\/person\/678f0477e0f075fdf24e58e342ca80f1\",\"name\":\"Spanglish Cinema Team\",\"image\":{\"@type\":\"ImageObject\",\"inLanguage\":\"es\",\"@id\":\"https:\/\/clientesbrandbits.click\/#\/schema\/person\/image\/\",\"url\":\"https:\/\/secure.gravatar.com\/avatar\/3eef20e32ea53867d5b6a361c9e8e2ee?s=96&d=mm&r=g\",\"contentUrl\":\"https:\/\/secure.gravatar.com\/avatar\/3eef20e32ea53867d5b6a361c9e8e2ee?s=96&d=mm&r=g\",\"caption\":\"Spanglish Cinema Team\"},\"url\":\"https:\/\/clientesbrandbits.click\/es\/author\/spanglish-cinema\/\"}]}<\/script>\n<!-- \/ Yoast SEO plugin. -->","yoast_head_json":{"title":"Cannes 2024: Confirman protestas de sus trabajadores - Spanglish Cinema","description":"El medio norteamericano Deadline cuenta en exclusiva sobre las protestas que vendr\u00e1n de trabajadores del Festival de Cannes por bajos salarios a los que se le sumar\u00edan otros festivales de cines del pa\u00eds europeo.","robots":{"index":"index","follow":"follow","max-snippet":"max-snippet:-1","max-image-preview":"max-image-preview:large","max-video-preview":"max-video-preview:-1"},"canonical":"https:\/\/clientesbrandbits.click\/es\/cannes-2024-confirman-protestas-de-sus-trabajadores\/","og_locale":"es_ES","og_type":"article","og_title":"Cannes 2024: Confirman protestas de sus trabajadores - Spanglish Cinema","og_description":"El medio norteamericano Deadline cuenta en exclusiva sobre las protestas que vendr\u00e1n de trabajadores del Festival de Cannes por bajos salarios a los que se le sumar\u00edan otros festivales de cines del pa\u00eds europeo.","og_url":"https:\/\/clientesbrandbits.click\/es\/cannes-2024-confirman-protestas-de-sus-trabajadores\/","og_site_name":"Spanglish Cinema","article_published_time":"2024-05-01T15:35:04+00:00","article_modified_time":"2024-05-01T15:47:09+00:00","og_image":[{"width":1706,"height":960,"url":"https:\/\/clientesbrandbits.click\/wp-content\/uploads\/2024\/05\/cannes-alfombra.jpg","type":"image\/jpeg"}],"author":"Spanglish Cinema Team","twitter_card":"summary_large_image","twitter_misc":{"Escrito por":"Spanglish Cinema Team","Tiempo de lectura":"2 minutos"},"schema":{"@context":"https:\/\/schema.org","@graph":[{"@type":"Article","@id":"https:\/\/clientesbrandbits.click\/cannes-2024-confirman-protestas-de-sus-trabajadores\/#article","isPartOf":{"@id":"https:\/\/clientesbrandbits.click\/cannes-2024-confirman-protestas-de-sus-trabajadores\/"},"author":{"name":"Spanglish Cinema Team","@id":"https:\/\/clientesbrandbits.click\/#\/schema\/person\/678f0477e0f075fdf24e58e342ca80f1"},"headline":"Cannes 2024: Confirman protestas de sus trabajadores","datePublished":"2024-05-01T15:35:04+00:00","dateModified":"2024-05-01T15:47:09+00:00","mainEntityOfPage":{"@id":"https:\/\/clientesbrandbits.click\/cannes-2024-confirman-protestas-de-sus-trabajadores\/"},"wordCount":259,"publisher":{"@id":"https:\/\/clientesbrandbits.click\/#organization"},"image":{"@id":"https:\/\/clientesbrandbits.click\/cannes-2024-confirman-protestas-de-sus-trabajadores\/#primaryimage"},"thumbnailUrl":"https:\/\/clientesbrandbits.click\/wp-content\/uploads\/2024\/05\/cannes-alfombra.jpg","keywords":["festival de cannes"],"articleSection":["Films"],"inLanguage":"es"},{"@type":"WebPage","@id":"https:\/\/clientesbrandbits.click\/cannes-2024-confirman-protestas-de-sus-trabajadores\/","url":"https:\/\/clientesbrandbits.click\/cannes-2024-confirman-protestas-de-sus-trabajadores\/","name":"Cannes 2024: Confirman protestas de sus trabajadores - Spanglish Cinema","isPartOf":{"@id":"https:\/\/clientesbrandbits.click\/#website"},"primaryImageOfPage":{"@id":"https:\/\/clientesbrandbits.click\/cannes-2024-confirman-protestas-de-sus-trabajadores\/#primaryimage"},"image":{"@id":"https:\/\/clientesbrandbits.click\/cannes-2024-confirman-protestas-de-sus-trabajadores\/#primaryimage"},"thumbnailUrl":"https:\/\/clientesbrandbits.click\/wp-content\/uploads\/2024\/05\/cannes-alfombra.jpg","datePublished":"2024-05-01T15:35:04+00:00","dateModified":"2024-05-01T15:47:09+00:00","description":"El medio norteamericano Deadline cuenta en exclusiva sobre las protestas que vendr\u00e1n de trabajadores del Festival de Cannes por bajos salarios a los que se le sumar\u00edan otros festivales de cines del pa\u00eds europeo.","breadcrumb":{"@id":"https:\/\/clientesbrandbits.click\/cannes-2024-confirman-protestas-de-sus-trabajadores\/#breadcrumb"},"inLanguage":"es","potentialAction":[{"@type":"ReadAction","target":["https:\/\/clientesbrandbits.click\/cannes-2024-confirman-protestas-de-sus-trabajadores\/"]}]},{"@type":"ImageObject","inLanguage":"es","@id":"https:\/\/clientesbrandbits.click\/cannes-2024-confirman-protestas-de-sus-trabajadores\/#primaryimage","url":"https:\/\/clientesbrandbits.click\/wp-content\/uploads\/2024\/05\/cannes-alfombra.jpg","contentUrl":"https:\/\/clientesbrandbits.click\/wp-content\/uploads\/2024\/05\/cannes-alfombra.jpg","width":1706,"height":960},{"@type":"BreadcrumbList","@id":"https:\/\/clientesbrandbits.click\/cannes-2024-confirman-protestas-de-sus-trabajadores\/#breadcrumb","itemListElement":[{"@type":"ListItem","position":1,"name":"Portada","item":"https:\/\/clientesbrandbits.click\/"},{"@type":"ListItem","position":2,"name":"Cannes 2024: Confirman protestas de sus trabajadores"}]},{"@type":"WebSite","@id":"https:\/\/clientesbrandbits.click\/#website","url":"https:\/\/clientesbrandbits.click\/","name":"Spanglish Cinema","description":"","publisher":{"@id":"https:\/\/clientesbrandbits.click\/#organization"},"potentialAction":[{"@type":"SearchAction","target":{"@type":"EntryPoint","urlTemplate":"https:\/\/clientesbrandbits.click\/?s={search_term_string}"},"query-input":"required name=search_term_string"}],"inLanguage":"es"},{"@type":"Organization","@id":"https:\/\/clientesbrandbits.click\/#organization","name":"Spanglish Cinema","url":"https:\/\/clientesbrandbits.click\/","logo":{"@type":"ImageObject","inLanguage":"es","@id":"https:\/\/clientesbrandbits.click\/#\/schema\/logo\/image\/","url":"https:\/\/clientesbrandbits.click\/wp-content\/uploads\/2024\/03\/spanglish_cinema.png","contentUrl":"https:\/\/clientesbrandbits.click\/wp-content\/uploads\/2024\/03\/spanglish_cinema.png","width":612,"height":225,"caption":"Spanglish Cinema"},"image":{"@id":"https:\/\/clientesbrandbits.click\/#\/schema\/logo\/image\/"}},{"@type":"Person","@id":"https:\/\/clientesbrandbits.click\/#\/schema\/person\/678f0477e0f075fdf24e58e342ca80f1","name":"Spanglish Cinema Team","image":{"@type":"ImageObject","inLanguage":"es","@id":"https:\/\/clientesbrandbits.click\/#\/schema\/person\/image\/","url":"https:\/\/secure.gravatar.com\/avatar\/3eef20e32ea53867d5b6a361c9e8e2ee?s=96&d=mm&r=g","contentUrl":"https:\/\/secure.gravatar.com\/avatar\/3eef20e32ea53867d5b6a361c9e8e2ee?s=96&d=mm&r=g","caption":"Spanglish Cinema Team"},"url":"https:\/\/clientesbrandbits.click\/es\/author\/spanglish-cinema\/"}]}},"_links":{"self":[{"href":"https:\/\/clientesbrandbits.click\/es\/wp-json\/wp\/v2\/posts\/1124"}],"collection":[{"href":"https:\/\/clientesbrandbits.click\/es\/wp-json\/wp\/v2\/posts"}],"about":[{"href":"https:\/\/clientesbrandbits.click\/es\/wp-json\/wp\/v2\/types\/post"}],"author":[{"embeddable":true,"href":"https:\/\/clientesbrandbits.click\/es\/wp-json\/wp\/v2\/users\/3"}],"replies":[{"embeddable":true,"href":"https:\/\/clientesbrandbits.click\/es\/wp-json\/wp\/v2\/comments?post=1124"}],"version-history":[{"count":2,"href":"https:\/\/clientesbrandbits.click\/es\/wp-json\/wp\/v2\/posts\/1124\/revisions"}],"predecessor-version":[{"id":1130,"href":"https:\/\/clientesbrandbits.click\/es\/wp-json\/wp\/v2\/posts\/1124\/revisions\/1130"}],"wp:featuredmedia":[{"embeddable":true,"href":"https:\/\/clientesbrandbits.click\/es\/wp-json\/wp\/v2\/media\/1131"}],"wp:attachment":[{"href":"https:\/\/clientesbrandbits.click\/es\/wp-json\/wp\/v2\/media?parent=1124"}],"wp:term":[{"taxonomy":"category","embeddable":true,"href":"https:\/\/clientesbrandbits.click\/es\/wp-json\/wp\/v2\/categories?post=1124"},{"taxonomy":"post_tag","embeddable":true,"href":"https:\/\/clientesbrandbits.click\/es\/wp-json\/wp\/v2\/tags?post=1124"}],"curies":[{"name":"wp","href":"https:\/\/api.w.org\/{rel}","templated":true}]}}