{"id":1067,"date":"2024-04-24T11:27:10","date_gmt":"2024-04-24T15:27:10","guid":{"rendered":"https:\/\/clientesbrandbits.click\/?p=1067"},"modified":"2024-04-24T11:26:29","modified_gmt":"2024-04-24T15:26:29","slug":"jane-campion-recibira-la-pardo-de-honor-en-locarno-2024","status":"publish","type":"post","link":"https:\/\/clientesbrandbits.click\/es\/jane-campion-recibira-la-pardo-de-honor-en-locarno-2024\/","title":{"rendered":"Jane Campion recibir\u00e1 la Pardo de Honor en Locarno 2024"},"content":{"rendered":"<p>Seguimos sumando noticias que van llegando de los distintos epicentros de Festivales de Cine que hay por el mundo. Esta vez nos mudamos a la localidad de Locarno ubicada en Suiza donde cada a\u00f1o en agosto se celebra el Festival de Cine de Locarno.<\/p>\n<p>Y por suerte, el talento de mujeres en la industria genera un eco resonante y como resultado es reconocido y valorado todos los d\u00edas un poquito m\u00e1s.<\/p>\n<p>Esta vez el reconocimiento le toca a la gran cineasta <strong>Jane Campion, <\/strong>la directora, guionista y productora de cine neozelandesa.\u200b Esta mujer es un baluarte en vida en la historia del cine mundial. Jane Campion ha trazado un sendero de notables logros: se convirti\u00f3 en la primera mujer en alzar la Palma de Oro en el Festival de Cannes con \u00abEl piano\u00bb; la primera en recibir<u> dos nominaciones<\/u> como Mejor Directora en los Premios de la Academia, con una victoria por \u00abEl poder del perro\u00bb en 2021; la primera cineasta neozelandesa en competir en el Festival de Venecia y, posteriormente, en reclamar el Le\u00f3n de Plata como Mejor Directora. Aun en el pin\u00e1culo de la aclamaci\u00f3n y el reconocimiento, la singularidad de Campion y su negativa a ser encasillada por estereotipos art\u00edsticos siguen m\u00e1s intactas que nunca.<\/p>\n<p>La directora recibir\u00e1 el Pardo d\u2019 Onore 2024 en la edici\u00f3n n\u00famero 77 del Festival de cine de Locarno.<\/p>\n<p>Adem\u00e1s, la edici\u00f3n contar\u00e1 con proyecciones de dos pel\u00edculas seleccionadas por la misma directora: \u00abUn \u00e1ngel a mi mesa\u00bb (1990) y \u00abEl piano\u00bb (1993), esta \u00faltima presentada en una nueva restauraci\u00f3n en 4K que har\u00e1 su debut en la Piazza Grande. El p\u00fablico tendr\u00e1 la oportunidad de conocer a la cineasta el s\u00e1bado 17 de agosto en una conversaci\u00f3n en panel en el Foro en el Spazio Cinema.<\/p>\n<p>Las palabras del director art\u00edstico del Festival, Giona Nazzaro del Festival sobre el trabajo de Campion fueron las siguientes: <em>\u201cest\u00e1 poblado de personajes torturados y fascinantes y marcado por una habilidad asombrosa para lidiar con el lado m\u00e1s perturbador de la condici\u00f3n humana, representa uno de los pin\u00e1culos indiscutibles del cine contempor\u00e1neo. La libertad art\u00edstica de Jane Campion y su disposici\u00f3n a correr riesgos para encontrar nuevas y m\u00e1s profundas ideas sobre la riqueza y las complejidades de la experiencia humana la convierten en un punto de referencia inigualable para cualquiera que piense en el cine como un instrumento de expresi\u00f3n y emancipaci\u00f3n.\u00bb<\/em><\/p>\n","protected":false},"excerpt":{"rendered":"<p>Seguimos sumando noticias que van llegando de los distintos epicentros de Festivales de Cine que hay por el mundo. Esta vez nos mudamos a la localidad de Locarno ubicada en Suiza donde cada a\u00f1o en agosto se celebra el Festival &#8230; <a title=\"Jane Campion recibir\u00e1 la Pardo de Honor en Locarno 2024\" class=\"read-more\" href=\"https:\/\/clientesbrandbits.click\/es\/jane-campion-recibira-la-pardo-de-honor-en-locarno-2024\/\" aria-label=\"Leer m\u00e1s sobre Jane Campion recibir\u00e1 la Pardo de Honor en Locarno 2024\">Leer M\u00e1s<\/a><\/p>\n","protected":false},"author":4,"featured_media":1068,"comment_status":"closed","ping_status":"closed","sticky":false,"template":"","format":"standard","meta":{"_joinchat":[],"footnotes":""},"categories":[11,10,14],"tags":[105],"class_list":["post-1067","post","type-post","status-publish","format-standard","has-post-thumbnail","hentry","category-festivales-de-cine","category-films","category-mujeres-en-la-industria","tag-locarno","infinite-scroll-item"],"yoast_head":"<!-- This site is optimized with the Yoast SEO plugin v22.8 - https:\/\/yoast.com\/wordpress\/plugins\/seo\/ -->\n<title>Jane Campion recibir\u00e1 la Pardo de Honor en Locarno 2024 - Spanglish Cinema<\/title>\n<meta name=\"description\" content=\"Seguimos sumando noticias que van llegando de los distintos epicentros de Festivales de Cine que hay por el mundo. Esta vez nos mudamos a la localidad de Locarno ubicada en Suiza donde cada a\u00f1o en agosto se celebra el Festival de Cine de Locarno.\" \/>\n<meta name=\"robots\" content=\"index, follow, max-snippet:-1, max-image-preview:large, max-video-preview:-1\" \/>\n<link rel=\"canonical\" href=\"https:\/\/clientesbrandbits.click\/es\/jane-campion-recibira-la-pardo-de-honor-en-locarno-2024\/\" \/>\n<meta property=\"og:locale\" content=\"es_ES\" \/>\n<meta property=\"og:type\" content=\"article\" \/>\n<meta property=\"og:title\" content=\"Jane Campion recibir\u00e1 la Pardo de Honor en Locarno 2024 - Spanglish Cinema\" \/>\n<meta property=\"og:description\" content=\"Seguimos sumando noticias que van llegando de los distintos epicentros de Festivales de Cine que hay por el mundo. Esta vez nos mudamos a la localidad de Locarno ubicada en Suiza donde cada a\u00f1o en agosto se celebra el Festival de Cine de Locarno.\" \/>\n<meta property=\"og:url\" content=\"https:\/\/clientesbrandbits.click\/es\/jane-campion-recibira-la-pardo-de-honor-en-locarno-2024\/\" \/>\n<meta property=\"og:site_name\" content=\"Spanglish Cinema\" \/>\n<meta property=\"article:published_time\" content=\"2024-04-24T15:27:10+00:00\" \/>\n<meta property=\"article:modified_time\" content=\"2024-04-24T15:26:29+00:00\" \/>\n<meta property=\"og:image\" content=\"https:\/\/clientesbrandbits.click\/wp-content\/uploads\/2024\/04\/Jane-Campion-02.jpg\" \/>\n\t<meta property=\"og:image:width\" content=\"1848\" \/>\n\t<meta property=\"og:image:height\" content=\"962\" \/>\n\t<meta property=\"og:image:type\" content=\"image\/jpeg\" \/>\n<meta name=\"author\" content=\"Mery Linares\" \/>\n<meta name=\"twitter:card\" content=\"summary_large_image\" \/>\n<meta name=\"twitter:label1\" content=\"Escrito por\" \/>\n\t<meta name=\"twitter:data1\" content=\"Mery Linares\" \/>\n\t<meta name=\"twitter:label2\" content=\"Tiempo de lectura\" \/>\n\t<meta name=\"twitter:data2\" content=\"3 minutos\" \/>\n<script type=\"application\/ld+json\" class=\"yoast-schema-graph\">{\"@context\":\"https:\/\/schema.org\",\"@graph\":[{\"@type\":\"Article\",\"@id\":\"https:\/\/clientesbrandbits.click\/jane-campion-recibira-la-pardo-de-honor-en-locarno-2024\/#article\",\"isPartOf\":{\"@id\":\"https:\/\/clientesbrandbits.click\/jane-campion-recibira-la-pardo-de-honor-en-locarno-2024\/\"},\"author\":{\"name\":\"Mery Linares\",\"@id\":\"https:\/\/clientesbrandbits.click\/#\/schema\/person\/0d8086d91083c464c71a3ac2294f508b\"},\"headline\":\"Jane Campion recibir\u00e1 la Pardo de Honor en Locarno 2024\",\"datePublished\":\"2024-04-24T15:27:10+00:00\",\"dateModified\":\"2024-04-24T15:26:29+00:00\",\"mainEntityOfPage\":{\"@id\":\"https:\/\/clientesbrandbits.click\/jane-campion-recibira-la-pardo-de-honor-en-locarno-2024\/\"},\"wordCount\":428,\"publisher\":{\"@id\":\"https:\/\/clientesbrandbits.click\/#organization\"},\"image\":{\"@id\":\"https:\/\/clientesbrandbits.click\/jane-campion-recibira-la-pardo-de-honor-en-locarno-2024\/#primaryimage\"},\"thumbnailUrl\":\"https:\/\/clientesbrandbits.click\/wp-content\/uploads\/2024\/04\/Jane-Campion-02.jpg\",\"keywords\":[\"Locarno\"],\"articleSection\":[\"Festivales de Cine\",\"Films\",\"Mujeres en la Industria\"],\"inLanguage\":\"es\"},{\"@type\":\"WebPage\",\"@id\":\"https:\/\/clientesbrandbits.click\/jane-campion-recibira-la-pardo-de-honor-en-locarno-2024\/\",\"url\":\"https:\/\/clientesbrandbits.click\/jane-campion-recibira-la-pardo-de-honor-en-locarno-2024\/\",\"name\":\"Jane Campion recibir\u00e1 la Pardo de Honor en Locarno 2024 - Spanglish Cinema\",\"isPartOf\":{\"@id\":\"https:\/\/clientesbrandbits.click\/#website\"},\"primaryImageOfPage\":{\"@id\":\"https:\/\/clientesbrandbits.click\/jane-campion-recibira-la-pardo-de-honor-en-locarno-2024\/#primaryimage\"},\"image\":{\"@id\":\"https:\/\/clientesbrandbits.click\/jane-campion-recibira-la-pardo-de-honor-en-locarno-2024\/#primaryimage\"},\"thumbnailUrl\":\"https:\/\/clientesbrandbits.click\/wp-content\/uploads\/2024\/04\/Jane-Campion-02.jpg\",\"datePublished\":\"2024-04-24T15:27:10+00:00\",\"dateModified\":\"2024-04-24T15:26:29+00:00\",\"description\":\"Seguimos sumando noticias que van llegando de los distintos epicentros de Festivales de Cine que hay por el mundo. Esta vez nos mudamos a la localidad de Locarno ubicada en Suiza donde cada a\u00f1o en agosto se celebra el Festival de Cine de Locarno.\",\"breadcrumb\":{\"@id\":\"https:\/\/clientesbrandbits.click\/jane-campion-recibira-la-pardo-de-honor-en-locarno-2024\/#breadcrumb\"},\"inLanguage\":\"es\",\"potentialAction\":[{\"@type\":\"ReadAction\",\"target\":[\"https:\/\/clientesbrandbits.click\/jane-campion-recibira-la-pardo-de-honor-en-locarno-2024\/\"]}]},{\"@type\":\"ImageObject\",\"inLanguage\":\"es\",\"@id\":\"https:\/\/clientesbrandbits.click\/jane-campion-recibira-la-pardo-de-honor-en-locarno-2024\/#primaryimage\",\"url\":\"https:\/\/clientesbrandbits.click\/wp-content\/uploads\/2024\/04\/Jane-Campion-02.jpg\",\"contentUrl\":\"https:\/\/clientesbrandbits.click\/wp-content\/uploads\/2024\/04\/Jane-Campion-02.jpg\",\"width\":1848,\"height\":962,\"caption\":\"BERLIN, GERMANY - FEBRUARY 08: Jane Campion is photographed for Self Assignment on February 8, 2013 in Berlin, Germany. (Photo by Nicolas Guerin\/Contour by Getty Images)\"},{\"@type\":\"BreadcrumbList\",\"@id\":\"https:\/\/clientesbrandbits.click\/jane-campion-recibira-la-pardo-de-honor-en-locarno-2024\/#breadcrumb\",\"itemListElement\":[{\"@type\":\"ListItem\",\"position\":1,\"name\":\"Portada\",\"item\":\"https:\/\/clientesbrandbits.click\/\"},{\"@type\":\"ListItem\",\"position\":2,\"name\":\"Jane Campion recibir\u00e1 la Pardo de Honor en Locarno 2024\"}]},{\"@type\":\"WebSite\",\"@id\":\"https:\/\/clientesbrandbits.click\/#website\",\"url\":\"https:\/\/clientesbrandbits.click\/\",\"name\":\"Spanglish Cinema\",\"description\":\"\",\"publisher\":{\"@id\":\"https:\/\/clientesbrandbits.click\/#organization\"},\"potentialAction\":[{\"@type\":\"SearchAction\",\"target\":{\"@type\":\"EntryPoint\",\"urlTemplate\":\"https:\/\/clientesbrandbits.click\/?s={search_term_string}\"},\"query-input\":\"required name=search_term_string\"}],\"inLanguage\":\"es\"},{\"@type\":\"Organization\",\"@id\":\"https:\/\/clientesbrandbits.click\/#organization\",\"name\":\"Spanglish Cinema\",\"url\":\"https:\/\/clientesbrandbits.click\/\",\"logo\":{\"@type\":\"ImageObject\",\"inLanguage\":\"es\",\"@id\":\"https:\/\/clientesbrandbits.click\/#\/schema\/logo\/image\/\",\"url\":\"https:\/\/clientesbrandbits.click\/wp-content\/uploads\/2024\/03\/spanglish_cinema.png\",\"contentUrl\":\"https:\/\/clientesbrandbits.click\/wp-content\/uploads\/2024\/03\/spanglish_cinema.png\",\"width\":612,\"height\":225,\"caption\":\"Spanglish Cinema\"},\"image\":{\"@id\":\"https:\/\/clientesbrandbits.click\/#\/schema\/logo\/image\/\"}},{\"@type\":\"Person\",\"@id\":\"https:\/\/clientesbrandbits.click\/#\/schema\/person\/0d8086d91083c464c71a3ac2294f508b\",\"name\":\"Mery Linares\",\"image\":{\"@type\":\"ImageObject\",\"inLanguage\":\"es\",\"@id\":\"https:\/\/clientesbrandbits.click\/#\/schema\/person\/image\/\",\"url\":\"https:\/\/secure.gravatar.com\/avatar\/c2c478fe4bca383b05d541cf087a8cfb?s=96&d=mm&r=g\",\"contentUrl\":\"https:\/\/secure.gravatar.com\/avatar\/c2c478fe4bca383b05d541cf087a8cfb?s=96&d=mm&r=g\",\"caption\":\"Mery Linares\"},\"url\":\"https:\/\/clientesbrandbits.click\/es\/author\/mery-linares\/\"}]}<\/script>\n<!-- \/ Yoast SEO plugin. -->","yoast_head_json":{"title":"Jane Campion recibir\u00e1 la Pardo de Honor en Locarno 2024 - Spanglish Cinema","description":"Seguimos sumando noticias que van llegando de los distintos epicentros de Festivales de Cine que hay por el mundo. Esta vez nos mudamos a la localidad de Locarno ubicada en Suiza donde cada a\u00f1o en agosto se celebra el Festival de Cine de Locarno.","robots":{"index":"index","follow":"follow","max-snippet":"max-snippet:-1","max-image-preview":"max-image-preview:large","max-video-preview":"max-video-preview:-1"},"canonical":"https:\/\/clientesbrandbits.click\/es\/jane-campion-recibira-la-pardo-de-honor-en-locarno-2024\/","og_locale":"es_ES","og_type":"article","og_title":"Jane Campion recibir\u00e1 la Pardo de Honor en Locarno 2024 - Spanglish Cinema","og_description":"Seguimos sumando noticias que van llegando de los distintos epicentros de Festivales de Cine que hay por el mundo. Esta vez nos mudamos a la localidad de Locarno ubicada en Suiza donde cada a\u00f1o en agosto se celebra el Festival de Cine de Locarno.","og_url":"https:\/\/clientesbrandbits.click\/es\/jane-campion-recibira-la-pardo-de-honor-en-locarno-2024\/","og_site_name":"Spanglish Cinema","article_published_time":"2024-04-24T15:27:10+00:00","article_modified_time":"2024-04-24T15:26:29+00:00","og_image":[{"width":1848,"height":962,"url":"https:\/\/clientesbrandbits.click\/wp-content\/uploads\/2024\/04\/Jane-Campion-02.jpg","type":"image\/jpeg"}],"author":"Mery Linares","twitter_card":"summary_large_image","twitter_misc":{"Escrito por":"Mery Linares","Tiempo de lectura":"3 minutos"},"schema":{"@context":"https:\/\/schema.org","@graph":[{"@type":"Article","@id":"https:\/\/clientesbrandbits.click\/jane-campion-recibira-la-pardo-de-honor-en-locarno-2024\/#article","isPartOf":{"@id":"https:\/\/clientesbrandbits.click\/jane-campion-recibira-la-pardo-de-honor-en-locarno-2024\/"},"author":{"name":"Mery Linares","@id":"https:\/\/clientesbrandbits.click\/#\/schema\/person\/0d8086d91083c464c71a3ac2294f508b"},"headline":"Jane Campion recibir\u00e1 la Pardo de Honor en Locarno 2024","datePublished":"2024-04-24T15:27:10+00:00","dateModified":"2024-04-24T15:26:29+00:00","mainEntityOfPage":{"@id":"https:\/\/clientesbrandbits.click\/jane-campion-recibira-la-pardo-de-honor-en-locarno-2024\/"},"wordCount":428,"publisher":{"@id":"https:\/\/clientesbrandbits.click\/#organization"},"image":{"@id":"https:\/\/clientesbrandbits.click\/jane-campion-recibira-la-pardo-de-honor-en-locarno-2024\/#primaryimage"},"thumbnailUrl":"https:\/\/clientesbrandbits.click\/wp-content\/uploads\/2024\/04\/Jane-Campion-02.jpg","keywords":["Locarno"],"articleSection":["Festivales de Cine","Films","Mujeres en la Industria"],"inLanguage":"es"},{"@type":"WebPage","@id":"https:\/\/clientesbrandbits.click\/jane-campion-recibira-la-pardo-de-honor-en-locarno-2024\/","url":"https:\/\/clientesbrandbits.click\/jane-campion-recibira-la-pardo-de-honor-en-locarno-2024\/","name":"Jane Campion recibir\u00e1 la Pardo de Honor en Locarno 2024 - Spanglish Cinema","isPartOf":{"@id":"https:\/\/clientesbrandbits.click\/#website"},"primaryImageOfPage":{"@id":"https:\/\/clientesbrandbits.click\/jane-campion-recibira-la-pardo-de-honor-en-locarno-2024\/#primaryimage"},"image":{"@id":"https:\/\/clientesbrandbits.click\/jane-campion-recibira-la-pardo-de-honor-en-locarno-2024\/#primaryimage"},"thumbnailUrl":"https:\/\/clientesbrandbits.click\/wp-content\/uploads\/2024\/04\/Jane-Campion-02.jpg","datePublished":"2024-04-24T15:27:10+00:00","dateModified":"2024-04-24T15:26:29+00:00","description":"Seguimos sumando noticias que van llegando de los distintos epicentros de Festivales de Cine que hay por el mundo. Esta vez nos mudamos a la localidad de Locarno ubicada en Suiza donde cada a\u00f1o en agosto se celebra el Festival de Cine de Locarno.","breadcrumb":{"@id":"https:\/\/clientesbrandbits.click\/jane-campion-recibira-la-pardo-de-honor-en-locarno-2024\/#breadcrumb"},"inLanguage":"es","potentialAction":[{"@type":"ReadAction","target":["https:\/\/clientesbrandbits.click\/jane-campion-recibira-la-pardo-de-honor-en-locarno-2024\/"]}]},{"@type":"ImageObject","inLanguage":"es","@id":"https:\/\/clientesbrandbits.click\/jane-campion-recibira-la-pardo-de-honor-en-locarno-2024\/#primaryimage","url":"https:\/\/clientesbrandbits.click\/wp-content\/uploads\/2024\/04\/Jane-Campion-02.jpg","contentUrl":"https:\/\/clientesbrandbits.click\/wp-content\/uploads\/2024\/04\/Jane-Campion-02.jpg","width":1848,"height":962,"caption":"BERLIN, GERMANY - FEBRUARY 08: Jane Campion is photographed for Self Assignment on February 8, 2013 in Berlin, Germany. (Photo by Nicolas Guerin\/Contour by Getty Images)"},{"@type":"BreadcrumbList","@id":"https:\/\/clientesbrandbits.click\/jane-campion-recibira-la-pardo-de-honor-en-locarno-2024\/#breadcrumb","itemListElement":[{"@type":"ListItem","position":1,"name":"Portada","item":"https:\/\/clientesbrandbits.click\/"},{"@type":"ListItem","position":2,"name":"Jane Campion recibir\u00e1 la Pardo de Honor en Locarno 2024"}]},{"@type":"WebSite","@id":"https:\/\/clientesbrandbits.click\/#website","url":"https:\/\/clientesbrandbits.click\/","name":"Spanglish Cinema","description":"","publisher":{"@id":"https:\/\/clientesbrandbits.click\/#organization"},"potentialAction":[{"@type":"SearchAction","target":{"@type":"EntryPoint","urlTemplate":"https:\/\/clientesbrandbits.click\/?s={search_term_string}"},"query-input":"required name=search_term_string"}],"inLanguage":"es"},{"@type":"Organization","@id":"https:\/\/clientesbrandbits.click\/#organization","name":"Spanglish Cinema","url":"https:\/\/clientesbrandbits.click\/","logo":{"@type":"ImageObject","inLanguage":"es","@id":"https:\/\/clientesbrandbits.click\/#\/schema\/logo\/image\/","url":"https:\/\/clientesbrandbits.click\/wp-content\/uploads\/2024\/03\/spanglish_cinema.png","contentUrl":"https:\/\/clientesbrandbits.click\/wp-content\/uploads\/2024\/03\/spanglish_cinema.png","width":612,"height":225,"caption":"Spanglish Cinema"},"image":{"@id":"https:\/\/clientesbrandbits.click\/#\/schema\/logo\/image\/"}},{"@type":"Person","@id":"https:\/\/clientesbrandbits.click\/#\/schema\/person\/0d8086d91083c464c71a3ac2294f508b","name":"Mery Linares","image":{"@type":"ImageObject","inLanguage":"es","@id":"https:\/\/clientesbrandbits.click\/#\/schema\/person\/image\/","url":"https:\/\/secure.gravatar.com\/avatar\/c2c478fe4bca383b05d541cf087a8cfb?s=96&d=mm&r=g","contentUrl":"https:\/\/secure.gravatar.com\/avatar\/c2c478fe4bca383b05d541cf087a8cfb?s=96&d=mm&r=g","caption":"Mery Linares"},"url":"https:\/\/clientesbrandbits.click\/es\/author\/mery-linares\/"}]}},"_links":{"self":[{"href":"https:\/\/clientesbrandbits.click\/es\/wp-json\/wp\/v2\/posts\/1067"}],"collection":[{"href":"https:\/\/clientesbrandbits.click\/es\/wp-json\/wp\/v2\/posts"}],"about":[{"href":"https:\/\/clientesbrandbits.click\/es\/wp-json\/wp\/v2\/types\/post"}],"author":[{"embeddable":true,"href":"https:\/\/clientesbrandbits.click\/es\/wp-json\/wp\/v2\/users\/4"}],"replies":[{"embeddable":true,"href":"https:\/\/clientesbrandbits.click\/es\/wp-json\/wp\/v2\/comments?post=1067"}],"version-history":[{"count":1,"href":"https:\/\/clientesbrandbits.click\/es\/wp-json\/wp\/v2\/posts\/1067\/revisions"}],"predecessor-version":[{"id":1069,"href":"https:\/\/clientesbrandbits.click\/es\/wp-json\/wp\/v2\/posts\/1067\/revisions\/1069"}],"wp:featuredmedia":[{"embeddable":true,"href":"https:\/\/clientesbrandbits.click\/es\/wp-json\/wp\/v2\/media\/1068"}],"wp:attachment":[{"href":"https:\/\/clientesbrandbits.click\/es\/wp-json\/wp\/v2\/media?parent=1067"}],"wp:term":[{"taxonomy":"category","embeddable":true,"href":"https:\/\/clientesbrandbits.click\/es\/wp-json\/wp\/v2\/categories?post=1067"},{"taxonomy":"post_tag","embeddable":true,"href":"https:\/\/clientesbrandbits.click\/es\/wp-json\/wp\/v2\/tags?post=1067"}],"curies":[{"name":"wp","href":"https:\/\/api.w.org\/{rel}","templated":true}]}}