{"id":1059,"date":"2024-04-23T19:33:17","date_gmt":"2024-04-23T23:33:17","guid":{"rendered":"https:\/\/clientesbrandbits.click\/?p=1059"},"modified":"2024-04-23T19:33:41","modified_gmt":"2024-04-23T23:33:41","slug":"se-estreno-la-serie-documental-chilena-defensoras-de-la-tierra","status":"publish","type":"post","link":"https:\/\/clientesbrandbits.click\/es\/se-estreno-la-serie-documental-chilena-defensoras-de-la-tierra\/","title":{"rendered":"Se estren\u00f3 la serie documental chilena \u00abDefensoras de la Tierra\u00bb"},"content":{"rendered":"<p>La serie de seis cap\u00edtulos de la productora CUBHO, se estren\u00f3 ayer en el Centro Cultural Gabriela Mistral (GAM), y nos dejar\u00e1 sumergirnos en las historias de mujeres chilenas que defienden el mediombiente y sus localidades.<\/p>\n<p>El cuestionamiento a la forma de desarrollo y el tener claro que no lo es a cualquier precio, prop\u00falsa carreras an\u00f3nimas de defensa f\u00e9rrea frente al patrimonio material e inmaterial en el que habitan. Esta serie recorre el pa\u00eds de norte a sur en compa\u00f1\u00eda de sus mujeres protagonistas. Su directora directora, la periodista Sof\u00eda Roblero, menciona en su objetivo tem\u00e1ticas tan importantes c\u00f3mo conocer el contexto de las zonas de sacrificio y la b\u00fasqueda de la tan anhelada reparaci\u00f3n para mujeres que aman el lugar donde viven.<\/p>\n<p>Por otra parte, el productor Nicholas Hooper H, comenta a La Tercera que cree \u201c que lo que m\u00e1s va a resonar de la serie en la gente es el poder que tienen las comunidades cuando est\u00e1n organizadas, trabajan juntas y tienen convicciones\u201d.<\/p>\n<p>Esta iniciativa es una coproducci\u00f3n con Austerra Society y su \u00e1rea de producci\u00f3n audiovisual \u00abAusterra Films\u00bb, entendiendo esta alianza por su l\u00ednea de relaci\u00f3n con la naturaleza y convirti\u00e9ndose en la primera de la organizaci\u00f3n.<\/p>\n<p>Chile ha tenido un largo camino a la hora de reconocer sus conflictos ambientales y el tratamiento que se le ha dado en la alienada relaci\u00f3n de la triada Estado-empresa y comunidad y, si bien, se han realizado avances en materias de di\u00e1logo sostenible y previo y temprano acuerdo a cualquier proyecto de inversi\u00f3n (o cualquiera que fuere), las brechas siguen siendo gigantescas y muchas veces todo esto rec\u00e1e en sus l\u00edderes sociales de base que deben llevar estas luchas con una asimetr\u00eda absoluta en t\u00e9rminos econ\u00f3micos y de espacios de toma de decisi\u00f3n.<\/p>\n<p>La importancia de esta serie es de car\u00e1cter patrimonial y humano, la visibilizaci\u00f3n de estas historias son necesarias y obligatorias en horas de pensar en un desarrollo sostenible para el pa\u00eds. Cada cap\u00edtulo saldr\u00e1 por Austerra los \u00faltimos jueves de cada mes.<\/p>\n<p>&nbsp;<\/p>\n","protected":false},"excerpt":{"rendered":"<p>La serie de seis cap\u00edtulos de la productora CUBHO, se estren\u00f3 ayer en el Centro Cultural Gabriela Mistral (GAM), y nos dejar\u00e1 sumergirnos en las historias de mujeres chilenas que defienden el mediombiente y sus localidades. El cuestionamiento a la &#8230; <a title=\"Se estren\u00f3 la serie documental chilena \u00abDefensoras de la Tierra\u00bb\" class=\"read-more\" href=\"https:\/\/clientesbrandbits.click\/es\/se-estreno-la-serie-documental-chilena-defensoras-de-la-tierra\/\" aria-label=\"Leer m\u00e1s sobre Se estren\u00f3 la serie documental chilena \u00abDefensoras de la Tierra\u00bb\">Leer M\u00e1s<\/a><\/p>\n","protected":false},"author":3,"featured_media":1060,"comment_status":"closed","ping_status":"closed","sticky":false,"template":"","format":"standard","meta":{"_joinchat":[],"footnotes":""},"categories":[10,14],"tags":[102,103],"class_list":["post-1059","post","type-post","status-publish","format-standard","has-post-thumbnail","hentry","category-films","category-mujeres-en-la-industria","tag-cubho","tag-series-chilenas","infinite-scroll-item"],"yoast_head":"<!-- This site is optimized with the Yoast SEO plugin v22.8 - https:\/\/yoast.com\/wordpress\/plugins\/seo\/ -->\n<title>Se estren\u00f3 la serie documental chilena &quot;Defensoras de la Tierra&quot; - Spanglish Cinema<\/title>\n<meta name=\"description\" content=\"La serie de seis cap\u00edtulos de la productora CUBHO, se estren\u00f3 ayer en el Centro Cultural Gabriela Mistral (GAM), y nos dejar\u00e1 sumergirnos en las historias de mujeres que defienden el mediombiente y sus localidades.\" \/>\n<meta name=\"robots\" content=\"index, follow, max-snippet:-1, max-image-preview:large, max-video-preview:-1\" \/>\n<link rel=\"canonical\" href=\"https:\/\/clientesbrandbits.click\/es\/se-estreno-la-serie-documental-chilena-defensoras-de-la-tierra\/\" \/>\n<meta property=\"og:locale\" content=\"es_ES\" \/>\n<meta property=\"og:type\" content=\"article\" \/>\n<meta property=\"og:title\" content=\"Se estren\u00f3 la serie documental chilena &quot;Defensoras de la Tierra&quot; - Spanglish Cinema\" \/>\n<meta property=\"og:description\" content=\"La serie de seis cap\u00edtulos de la productora CUBHO, se estren\u00f3 ayer en el Centro Cultural Gabriela Mistral (GAM), y nos dejar\u00e1 sumergirnos en las historias de mujeres que defienden el mediombiente y sus localidades.\" \/>\n<meta property=\"og:url\" content=\"https:\/\/clientesbrandbits.click\/es\/se-estreno-la-serie-documental-chilena-defensoras-de-la-tierra\/\" \/>\n<meta property=\"og:site_name\" content=\"Spanglish Cinema\" \/>\n<meta property=\"article:published_time\" content=\"2024-04-23T23:33:17+00:00\" \/>\n<meta property=\"article:modified_time\" content=\"2024-04-23T23:33:41+00:00\" \/>\n<meta property=\"og:image\" content=\"https:\/\/clientesbrandbits.click\/wp-content\/uploads\/2024\/04\/Mujer-defensora-ambiental-1024x576-1.jpeg\" \/>\n\t<meta property=\"og:image:width\" content=\"1024\" \/>\n\t<meta property=\"og:image:height\" content=\"576\" \/>\n\t<meta property=\"og:image:type\" content=\"image\/jpeg\" \/>\n<meta name=\"author\" content=\"Spanglish Cinema Team\" \/>\n<meta name=\"twitter:card\" content=\"summary_large_image\" \/>\n<meta name=\"twitter:label1\" content=\"Escrito por\" \/>\n\t<meta name=\"twitter:data1\" content=\"Spanglish Cinema Team\" \/>\n\t<meta name=\"twitter:label2\" content=\"Tiempo de lectura\" \/>\n\t<meta name=\"twitter:data2\" content=\"2 minutos\" \/>\n<script type=\"application\/ld+json\" class=\"yoast-schema-graph\">{\"@context\":\"https:\/\/schema.org\",\"@graph\":[{\"@type\":\"Article\",\"@id\":\"https:\/\/clientesbrandbits.click\/se-estreno-la-serie-documental-chilena-defensoras-de-la-tierra\/#article\",\"isPartOf\":{\"@id\":\"https:\/\/clientesbrandbits.click\/se-estreno-la-serie-documental-chilena-defensoras-de-la-tierra\/\"},\"author\":{\"name\":\"Spanglish Cinema Team\",\"@id\":\"https:\/\/clientesbrandbits.click\/#\/schema\/person\/678f0477e0f075fdf24e58e342ca80f1\"},\"headline\":\"Se estren\u00f3 la serie documental chilena \u00abDefensoras de la Tierra\u00bb\",\"datePublished\":\"2024-04-23T23:33:17+00:00\",\"dateModified\":\"2024-04-23T23:33:41+00:00\",\"mainEntityOfPage\":{\"@id\":\"https:\/\/clientesbrandbits.click\/se-estreno-la-serie-documental-chilena-defensoras-de-la-tierra\/\"},\"wordCount\":380,\"publisher\":{\"@id\":\"https:\/\/clientesbrandbits.click\/#organization\"},\"image\":{\"@id\":\"https:\/\/clientesbrandbits.click\/se-estreno-la-serie-documental-chilena-defensoras-de-la-tierra\/#primaryimage\"},\"thumbnailUrl\":\"https:\/\/clientesbrandbits.click\/wp-content\/uploads\/2024\/04\/Mujer-defensora-ambiental-1024x576-1.jpeg\",\"keywords\":[\"CUBHO\",\"Series chilenas\"],\"articleSection\":[\"Films\",\"Mujeres en la Industria\"],\"inLanguage\":\"es\"},{\"@type\":\"WebPage\",\"@id\":\"https:\/\/clientesbrandbits.click\/se-estreno-la-serie-documental-chilena-defensoras-de-la-tierra\/\",\"url\":\"https:\/\/clientesbrandbits.click\/se-estreno-la-serie-documental-chilena-defensoras-de-la-tierra\/\",\"name\":\"Se estren\u00f3 la serie documental chilena \\\"Defensoras de la Tierra\\\" - Spanglish Cinema\",\"isPartOf\":{\"@id\":\"https:\/\/clientesbrandbits.click\/#website\"},\"primaryImageOfPage\":{\"@id\":\"https:\/\/clientesbrandbits.click\/se-estreno-la-serie-documental-chilena-defensoras-de-la-tierra\/#primaryimage\"},\"image\":{\"@id\":\"https:\/\/clientesbrandbits.click\/se-estreno-la-serie-documental-chilena-defensoras-de-la-tierra\/#primaryimage\"},\"thumbnailUrl\":\"https:\/\/clientesbrandbits.click\/wp-content\/uploads\/2024\/04\/Mujer-defensora-ambiental-1024x576-1.jpeg\",\"datePublished\":\"2024-04-23T23:33:17+00:00\",\"dateModified\":\"2024-04-23T23:33:41+00:00\",\"description\":\"La serie de seis cap\u00edtulos de la productora CUBHO, se estren\u00f3 ayer en el Centro Cultural Gabriela Mistral (GAM), y nos dejar\u00e1 sumergirnos en las historias de mujeres que defienden el mediombiente y sus localidades.\",\"breadcrumb\":{\"@id\":\"https:\/\/clientesbrandbits.click\/se-estreno-la-serie-documental-chilena-defensoras-de-la-tierra\/#breadcrumb\"},\"inLanguage\":\"es\",\"potentialAction\":[{\"@type\":\"ReadAction\",\"target\":[\"https:\/\/clientesbrandbits.click\/se-estreno-la-serie-documental-chilena-defensoras-de-la-tierra\/\"]}]},{\"@type\":\"ImageObject\",\"inLanguage\":\"es\",\"@id\":\"https:\/\/clientesbrandbits.click\/se-estreno-la-serie-documental-chilena-defensoras-de-la-tierra\/#primaryimage\",\"url\":\"https:\/\/clientesbrandbits.click\/wp-content\/uploads\/2024\/04\/Mujer-defensora-ambiental-1024x576-1.jpeg\",\"contentUrl\":\"https:\/\/clientesbrandbits.click\/wp-content\/uploads\/2024\/04\/Mujer-defensora-ambiental-1024x576-1.jpeg\",\"width\":1024,\"height\":576},{\"@type\":\"BreadcrumbList\",\"@id\":\"https:\/\/clientesbrandbits.click\/se-estreno-la-serie-documental-chilena-defensoras-de-la-tierra\/#breadcrumb\",\"itemListElement\":[{\"@type\":\"ListItem\",\"position\":1,\"name\":\"Portada\",\"item\":\"https:\/\/clientesbrandbits.click\/\"},{\"@type\":\"ListItem\",\"position\":2,\"name\":\"Se estren\u00f3 la serie documental chilena &#8220;Defensoras de la Tierra&#8221;\"}]},{\"@type\":\"WebSite\",\"@id\":\"https:\/\/clientesbrandbits.click\/#website\",\"url\":\"https:\/\/clientesbrandbits.click\/\",\"name\":\"Spanglish Cinema\",\"description\":\"\",\"publisher\":{\"@id\":\"https:\/\/clientesbrandbits.click\/#organization\"},\"potentialAction\":[{\"@type\":\"SearchAction\",\"target\":{\"@type\":\"EntryPoint\",\"urlTemplate\":\"https:\/\/clientesbrandbits.click\/?s={search_term_string}\"},\"query-input\":\"required name=search_term_string\"}],\"inLanguage\":\"es\"},{\"@type\":\"Organization\",\"@id\":\"https:\/\/clientesbrandbits.click\/#organization\",\"name\":\"Spanglish Cinema\",\"url\":\"https:\/\/clientesbrandbits.click\/\",\"logo\":{\"@type\":\"ImageObject\",\"inLanguage\":\"es\",\"@id\":\"https:\/\/clientesbrandbits.click\/#\/schema\/logo\/image\/\",\"url\":\"https:\/\/clientesbrandbits.click\/wp-content\/uploads\/2024\/03\/spanglish_cinema.png\",\"contentUrl\":\"https:\/\/clientesbrandbits.click\/wp-content\/uploads\/2024\/03\/spanglish_cinema.png\",\"width\":612,\"height\":225,\"caption\":\"Spanglish Cinema\"},\"image\":{\"@id\":\"https:\/\/clientesbrandbits.click\/#\/schema\/logo\/image\/\"}},{\"@type\":\"Person\",\"@id\":\"https:\/\/clientesbrandbits.click\/#\/schema\/person\/678f0477e0f075fdf24e58e342ca80f1\",\"name\":\"Spanglish Cinema Team\",\"image\":{\"@type\":\"ImageObject\",\"inLanguage\":\"es\",\"@id\":\"https:\/\/clientesbrandbits.click\/#\/schema\/person\/image\/\",\"url\":\"https:\/\/secure.gravatar.com\/avatar\/3eef20e32ea53867d5b6a361c9e8e2ee?s=96&d=mm&r=g\",\"contentUrl\":\"https:\/\/secure.gravatar.com\/avatar\/3eef20e32ea53867d5b6a361c9e8e2ee?s=96&d=mm&r=g\",\"caption\":\"Spanglish Cinema Team\"},\"url\":\"https:\/\/clientesbrandbits.click\/es\/author\/spanglish-cinema\/\"}]}<\/script>\n<!-- \/ Yoast SEO plugin. -->","yoast_head_json":{"title":"Se estren\u00f3 la serie documental chilena \"Defensoras de la Tierra\" - Spanglish Cinema","description":"La serie de seis cap\u00edtulos de la productora CUBHO, se estren\u00f3 ayer en el Centro Cultural Gabriela Mistral (GAM), y nos dejar\u00e1 sumergirnos en las historias de mujeres que defienden el mediombiente y sus localidades.","robots":{"index":"index","follow":"follow","max-snippet":"max-snippet:-1","max-image-preview":"max-image-preview:large","max-video-preview":"max-video-preview:-1"},"canonical":"https:\/\/clientesbrandbits.click\/es\/se-estreno-la-serie-documental-chilena-defensoras-de-la-tierra\/","og_locale":"es_ES","og_type":"article","og_title":"Se estren\u00f3 la serie documental chilena \"Defensoras de la Tierra\" - Spanglish Cinema","og_description":"La serie de seis cap\u00edtulos de la productora CUBHO, se estren\u00f3 ayer en el Centro Cultural Gabriela Mistral (GAM), y nos dejar\u00e1 sumergirnos en las historias de mujeres que defienden el mediombiente y sus localidades.","og_url":"https:\/\/clientesbrandbits.click\/es\/se-estreno-la-serie-documental-chilena-defensoras-de-la-tierra\/","og_site_name":"Spanglish Cinema","article_published_time":"2024-04-23T23:33:17+00:00","article_modified_time":"2024-04-23T23:33:41+00:00","og_image":[{"width":1024,"height":576,"url":"https:\/\/clientesbrandbits.click\/wp-content\/uploads\/2024\/04\/Mujer-defensora-ambiental-1024x576-1.jpeg","type":"image\/jpeg"}],"author":"Spanglish Cinema Team","twitter_card":"summary_large_image","twitter_misc":{"Escrito por":"Spanglish Cinema Team","Tiempo de lectura":"2 minutos"},"schema":{"@context":"https:\/\/schema.org","@graph":[{"@type":"Article","@id":"https:\/\/clientesbrandbits.click\/se-estreno-la-serie-documental-chilena-defensoras-de-la-tierra\/#article","isPartOf":{"@id":"https:\/\/clientesbrandbits.click\/se-estreno-la-serie-documental-chilena-defensoras-de-la-tierra\/"},"author":{"name":"Spanglish Cinema Team","@id":"https:\/\/clientesbrandbits.click\/#\/schema\/person\/678f0477e0f075fdf24e58e342ca80f1"},"headline":"Se estren\u00f3 la serie documental chilena \u00abDefensoras de la Tierra\u00bb","datePublished":"2024-04-23T23:33:17+00:00","dateModified":"2024-04-23T23:33:41+00:00","mainEntityOfPage":{"@id":"https:\/\/clientesbrandbits.click\/se-estreno-la-serie-documental-chilena-defensoras-de-la-tierra\/"},"wordCount":380,"publisher":{"@id":"https:\/\/clientesbrandbits.click\/#organization"},"image":{"@id":"https:\/\/clientesbrandbits.click\/se-estreno-la-serie-documental-chilena-defensoras-de-la-tierra\/#primaryimage"},"thumbnailUrl":"https:\/\/clientesbrandbits.click\/wp-content\/uploads\/2024\/04\/Mujer-defensora-ambiental-1024x576-1.jpeg","keywords":["CUBHO","Series chilenas"],"articleSection":["Films","Mujeres en la Industria"],"inLanguage":"es"},{"@type":"WebPage","@id":"https:\/\/clientesbrandbits.click\/se-estreno-la-serie-documental-chilena-defensoras-de-la-tierra\/","url":"https:\/\/clientesbrandbits.click\/se-estreno-la-serie-documental-chilena-defensoras-de-la-tierra\/","name":"Se estren\u00f3 la serie documental chilena \"Defensoras de la Tierra\" - Spanglish Cinema","isPartOf":{"@id":"https:\/\/clientesbrandbits.click\/#website"},"primaryImageOfPage":{"@id":"https:\/\/clientesbrandbits.click\/se-estreno-la-serie-documental-chilena-defensoras-de-la-tierra\/#primaryimage"},"image":{"@id":"https:\/\/clientesbrandbits.click\/se-estreno-la-serie-documental-chilena-defensoras-de-la-tierra\/#primaryimage"},"thumbnailUrl":"https:\/\/clientesbrandbits.click\/wp-content\/uploads\/2024\/04\/Mujer-defensora-ambiental-1024x576-1.jpeg","datePublished":"2024-04-23T23:33:17+00:00","dateModified":"2024-04-23T23:33:41+00:00","description":"La serie de seis cap\u00edtulos de la productora CUBHO, se estren\u00f3 ayer en el Centro Cultural Gabriela Mistral (GAM), y nos dejar\u00e1 sumergirnos en las historias de mujeres que defienden el mediombiente y sus localidades.","breadcrumb":{"@id":"https:\/\/clientesbrandbits.click\/se-estreno-la-serie-documental-chilena-defensoras-de-la-tierra\/#breadcrumb"},"inLanguage":"es","potentialAction":[{"@type":"ReadAction","target":["https:\/\/clientesbrandbits.click\/se-estreno-la-serie-documental-chilena-defensoras-de-la-tierra\/"]}]},{"@type":"ImageObject","inLanguage":"es","@id":"https:\/\/clientesbrandbits.click\/se-estreno-la-serie-documental-chilena-defensoras-de-la-tierra\/#primaryimage","url":"https:\/\/clientesbrandbits.click\/wp-content\/uploads\/2024\/04\/Mujer-defensora-ambiental-1024x576-1.jpeg","contentUrl":"https:\/\/clientesbrandbits.click\/wp-content\/uploads\/2024\/04\/Mujer-defensora-ambiental-1024x576-1.jpeg","width":1024,"height":576},{"@type":"BreadcrumbList","@id":"https:\/\/clientesbrandbits.click\/se-estreno-la-serie-documental-chilena-defensoras-de-la-tierra\/#breadcrumb","itemListElement":[{"@type":"ListItem","position":1,"name":"Portada","item":"https:\/\/clientesbrandbits.click\/"},{"@type":"ListItem","position":2,"name":"Se estren\u00f3 la serie documental chilena &#8220;Defensoras de la Tierra&#8221;"}]},{"@type":"WebSite","@id":"https:\/\/clientesbrandbits.click\/#website","url":"https:\/\/clientesbrandbits.click\/","name":"Spanglish Cinema","description":"","publisher":{"@id":"https:\/\/clientesbrandbits.click\/#organization"},"potentialAction":[{"@type":"SearchAction","target":{"@type":"EntryPoint","urlTemplate":"https:\/\/clientesbrandbits.click\/?s={search_term_string}"},"query-input":"required name=search_term_string"}],"inLanguage":"es"},{"@type":"Organization","@id":"https:\/\/clientesbrandbits.click\/#organization","name":"Spanglish Cinema","url":"https:\/\/clientesbrandbits.click\/","logo":{"@type":"ImageObject","inLanguage":"es","@id":"https:\/\/clientesbrandbits.click\/#\/schema\/logo\/image\/","url":"https:\/\/clientesbrandbits.click\/wp-content\/uploads\/2024\/03\/spanglish_cinema.png","contentUrl":"https:\/\/clientesbrandbits.click\/wp-content\/uploads\/2024\/03\/spanglish_cinema.png","width":612,"height":225,"caption":"Spanglish Cinema"},"image":{"@id":"https:\/\/clientesbrandbits.click\/#\/schema\/logo\/image\/"}},{"@type":"Person","@id":"https:\/\/clientesbrandbits.click\/#\/schema\/person\/678f0477e0f075fdf24e58e342ca80f1","name":"Spanglish Cinema Team","image":{"@type":"ImageObject","inLanguage":"es","@id":"https:\/\/clientesbrandbits.click\/#\/schema\/person\/image\/","url":"https:\/\/secure.gravatar.com\/avatar\/3eef20e32ea53867d5b6a361c9e8e2ee?s=96&d=mm&r=g","contentUrl":"https:\/\/secure.gravatar.com\/avatar\/3eef20e32ea53867d5b6a361c9e8e2ee?s=96&d=mm&r=g","caption":"Spanglish Cinema Team"},"url":"https:\/\/clientesbrandbits.click\/es\/author\/spanglish-cinema\/"}]}},"_links":{"self":[{"href":"https:\/\/clientesbrandbits.click\/es\/wp-json\/wp\/v2\/posts\/1059"}],"collection":[{"href":"https:\/\/clientesbrandbits.click\/es\/wp-json\/wp\/v2\/posts"}],"about":[{"href":"https:\/\/clientesbrandbits.click\/es\/wp-json\/wp\/v2\/types\/post"}],"author":[{"embeddable":true,"href":"https:\/\/clientesbrandbits.click\/es\/wp-json\/wp\/v2\/users\/3"}],"replies":[{"embeddable":true,"href":"https:\/\/clientesbrandbits.click\/es\/wp-json\/wp\/v2\/comments?post=1059"}],"version-history":[{"count":2,"href":"https:\/\/clientesbrandbits.click\/es\/wp-json\/wp\/v2\/posts\/1059\/revisions"}],"predecessor-version":[{"id":1062,"href":"https:\/\/clientesbrandbits.click\/es\/wp-json\/wp\/v2\/posts\/1059\/revisions\/1062"}],"wp:featuredmedia":[{"embeddable":true,"href":"https:\/\/clientesbrandbits.click\/es\/wp-json\/wp\/v2\/media\/1060"}],"wp:attachment":[{"href":"https:\/\/clientesbrandbits.click\/es\/wp-json\/wp\/v2\/media?parent=1059"}],"wp:term":[{"taxonomy":"category","embeddable":true,"href":"https:\/\/clientesbrandbits.click\/es\/wp-json\/wp\/v2\/categories?post=1059"},{"taxonomy":"post_tag","embeddable":true,"href":"https:\/\/clientesbrandbits.click\/es\/wp-json\/wp\/v2\/tags?post=1059"}],"curies":[{"name":"wp","href":"https:\/\/api.w.org\/{rel}","templated":true}]}}