{"id":1052,"date":"2024-04-23T11:35:50","date_gmt":"2024-04-23T15:35:50","guid":{"rendered":"https:\/\/clientesbrandbits.click\/?p=1052"},"modified":"2024-04-23T11:46:41","modified_gmt":"2024-04-23T15:46:41","slug":"oliver-stone-presentara-su-documental-lula-en-cannes","status":"publish","type":"post","link":"https:\/\/clientesbrandbits.click\/es\/oliver-stone-presentara-su-documental-lula-en-cannes\/","title":{"rendered":"Oliver Stone presentar\u00e1 su documental \u00abLula\u00bb en Cannes"},"content":{"rendered":"<p>Como una de las nuevas adiciones al programa de la edici\u00f3n n\u00famero 77 del Festival de Cine de Cannes, en la categor\u00eda Visionados Especiales, se presentar\u00e1 el director Oliver Stone con su documental sobre el presidente de Brasil, Lula da silva.<\/p>\n<p>El documental se focalizar\u00e1 en la detenci\u00f3n y encarcelamiento de Lula entre los a\u00f1os 2018 y 2019, y luego de esto, su vuelta al poder. Recordemos que el director ya a realizado pel\u00edculas de esta \u00edndole de Fidel Castro y Hugo Ch\u00e1vez.<\/p>\n<p>En una entrevista el realizador se refiri\u00f3 a que tratar\u00eda el tema desde la denuncia por corrupci\u00f3n del presidente por el \u00e9xito que demostr\u00f3 y el actuar de la oposici\u00f3n como \u201csuele darse en esos pa\u00edses\u201d. Lava Jato, fue el nombre de la operaci\u00f3n de corrupci\u00f3n con la que Lula fue encarcelado por 18 meses en su pa\u00eds.<\/p>\n<p>Estas son las otras adiciones del festival a su programaci\u00f3n:<\/p>\n<p><strong>UN CERTAIN REGARD<\/strong><\/p>\n<p><strong>WHEN THE LIGHT BREAKS<\/strong><br \/>\nR\u00fanar R\u00fanarsson<\/p>\n<p><strong>NIKI<\/strong><br \/>\nC\u00e9line Sallette<br \/>\n<strong>FLOW<\/strong><br \/>\nGints Zilbalodis<\/p>\n<p><strong>CANNES PREMIERE<\/strong><\/p>\n<p><strong>VIVRE, MOURIR, RENAITRE<\/strong><br \/>\nGa\u00ebl Morel<\/p>\n<p><strong>MARIA<\/strong><br \/>\nJessica Palud<\/p>\n<p><strong><u>VISIONADOS ESPECIALES<\/u><\/strong><\/p>\n<p><strong>SPECTATEURS<\/strong><br \/>\nArnaud Desplechin<\/p>\n<p><strong>NASTY<\/strong><br \/>\nTudor Giurgiu<\/p>\n<p><strong>LULA<\/strong><br \/>\nOliver Stone<\/p>\n<p><strong>AN UNFINISHED FILM<\/strong><br \/>\nLou Ye<\/p>\n<p><strong>FUERA DE COMPETENCIA<\/strong><\/p>\n<p><strong>LE COMTE DE MONTE-CRISTO<\/strong><br \/>\nAlexandre De La Patelli\u00e8re et Matthieu Delaporte<\/p>\n<p>&nbsp;<\/p>\n","protected":false},"excerpt":{"rendered":"<p>Como una de las nuevas adiciones al programa de la edici\u00f3n n\u00famero 77 del Festival de Cine de Cannes, en la categor\u00eda Visionados Especiales, se presentar\u00e1 el director Oliver Stone con su documental sobre el presidente de Brasil, Lula da &#8230; <a title=\"Oliver Stone presentar\u00e1 su documental \u00abLula\u00bb en Cannes\" class=\"read-more\" href=\"https:\/\/clientesbrandbits.click\/es\/oliver-stone-presentara-su-documental-lula-en-cannes\/\" aria-label=\"Leer m\u00e1s sobre Oliver Stone presentar\u00e1 su documental \u00abLula\u00bb en Cannes\">Leer M\u00e1s<\/a><\/p>\n","protected":false},"author":3,"featured_media":1054,"comment_status":"closed","ping_status":"closed","sticky":false,"template":"","format":"standard","meta":{"_joinchat":[],"footnotes":""},"categories":[11,10],"tags":[33],"class_list":["post-1052","post","type-post","status-publish","format-standard","has-post-thumbnail","hentry","category-festivales-de-cine","category-films","tag-festival-de-cannes","infinite-scroll-item"],"yoast_head":"<!-- This site is optimized with the Yoast SEO plugin v22.8 - https:\/\/yoast.com\/wordpress\/plugins\/seo\/ -->\n<title>Oliver Stone presentar\u00e1 su documental &quot;Lula&quot; en Cannes - Spanglish Cinema<\/title>\n<meta name=\"description\" content=\"Como una de las nuevas adiciones al programa de la edici\u00f3n n\u00famero 77 del Festival de Cine de Cannes, fuera de competencia, se presentar\u00e1 el director Oliver Stone con su documental sobre el presidente de Brasil, Lula da silva.\" \/>\n<meta name=\"robots\" content=\"index, follow, max-snippet:-1, max-image-preview:large, max-video-preview:-1\" \/>\n<link rel=\"canonical\" href=\"https:\/\/clientesbrandbits.click\/es\/oliver-stone-presentara-su-documental-lula-en-cannes\/\" \/>\n<meta property=\"og:locale\" content=\"es_ES\" \/>\n<meta property=\"og:type\" content=\"article\" \/>\n<meta property=\"og:title\" content=\"Oliver Stone presentar\u00e1 su documental &quot;Lula&quot; en Cannes - Spanglish Cinema\" \/>\n<meta property=\"og:description\" content=\"Como una de las nuevas adiciones al programa de la edici\u00f3n n\u00famero 77 del Festival de Cine de Cannes, fuera de competencia, se presentar\u00e1 el director Oliver Stone con su documental sobre el presidente de Brasil, Lula da silva.\" \/>\n<meta property=\"og:url\" content=\"https:\/\/clientesbrandbits.click\/es\/oliver-stone-presentara-su-documental-lula-en-cannes\/\" \/>\n<meta property=\"og:site_name\" content=\"Spanglish Cinema\" \/>\n<meta property=\"article:published_time\" content=\"2024-04-23T15:35:50+00:00\" \/>\n<meta property=\"article:modified_time\" content=\"2024-04-23T15:46:41+00:00\" \/>\n<meta property=\"og:image\" content=\"https:\/\/clientesbrandbits.click\/wp-content\/uploads\/2024\/04\/oliver-stone-cannes-2021.jpg\" \/>\n\t<meta property=\"og:image:width\" content=\"1756\" \/>\n\t<meta property=\"og:image:height\" content=\"1080\" \/>\n\t<meta property=\"og:image:type\" content=\"image\/jpeg\" \/>\n<meta name=\"author\" content=\"Spanglish Cinema Team\" \/>\n<meta name=\"twitter:card\" content=\"summary_large_image\" \/>\n<meta name=\"twitter:label1\" content=\"Escrito por\" \/>\n\t<meta name=\"twitter:data1\" content=\"Spanglish Cinema Team\" \/>\n\t<meta name=\"twitter:label2\" content=\"Tiempo de lectura\" \/>\n\t<meta name=\"twitter:data2\" content=\"2 minutos\" \/>\n<script type=\"application\/ld+json\" class=\"yoast-schema-graph\">{\"@context\":\"https:\/\/schema.org\",\"@graph\":[{\"@type\":\"Article\",\"@id\":\"https:\/\/clientesbrandbits.click\/oliver-stone-presentara-su-documental-lula-en-cannes\/#article\",\"isPartOf\":{\"@id\":\"https:\/\/clientesbrandbits.click\/oliver-stone-presentara-su-documental-lula-en-cannes\/\"},\"author\":{\"name\":\"Spanglish Cinema Team\",\"@id\":\"https:\/\/clientesbrandbits.click\/#\/schema\/person\/678f0477e0f075fdf24e58e342ca80f1\"},\"headline\":\"Oliver Stone presentar\u00e1 su documental \u00abLula\u00bb en Cannes\",\"datePublished\":\"2024-04-23T15:35:50+00:00\",\"dateModified\":\"2024-04-23T15:46:41+00:00\",\"mainEntityOfPage\":{\"@id\":\"https:\/\/clientesbrandbits.click\/oliver-stone-presentara-su-documental-lula-en-cannes\/\"},\"wordCount\":231,\"publisher\":{\"@id\":\"https:\/\/clientesbrandbits.click\/#organization\"},\"image\":{\"@id\":\"https:\/\/clientesbrandbits.click\/oliver-stone-presentara-su-documental-lula-en-cannes\/#primaryimage\"},\"thumbnailUrl\":\"https:\/\/clientesbrandbits.click\/wp-content\/uploads\/2024\/04\/oliver-stone-cannes-2021.jpg\",\"keywords\":[\"festival de cannes\"],\"articleSection\":[\"Festivales de Cine\",\"Films\"],\"inLanguage\":\"es\"},{\"@type\":\"WebPage\",\"@id\":\"https:\/\/clientesbrandbits.click\/oliver-stone-presentara-su-documental-lula-en-cannes\/\",\"url\":\"https:\/\/clientesbrandbits.click\/oliver-stone-presentara-su-documental-lula-en-cannes\/\",\"name\":\"Oliver Stone presentar\u00e1 su documental \\\"Lula\\\" en Cannes - Spanglish Cinema\",\"isPartOf\":{\"@id\":\"https:\/\/clientesbrandbits.click\/#website\"},\"primaryImageOfPage\":{\"@id\":\"https:\/\/clientesbrandbits.click\/oliver-stone-presentara-su-documental-lula-en-cannes\/#primaryimage\"},\"image\":{\"@id\":\"https:\/\/clientesbrandbits.click\/oliver-stone-presentara-su-documental-lula-en-cannes\/#primaryimage\"},\"thumbnailUrl\":\"https:\/\/clientesbrandbits.click\/wp-content\/uploads\/2024\/04\/oliver-stone-cannes-2021.jpg\",\"datePublished\":\"2024-04-23T15:35:50+00:00\",\"dateModified\":\"2024-04-23T15:46:41+00:00\",\"description\":\"Como una de las nuevas adiciones al programa de la edici\u00f3n n\u00famero 77 del Festival de Cine de Cannes, fuera de competencia, se presentar\u00e1 el director Oliver Stone con su documental sobre el presidente de Brasil, Lula da silva.\",\"breadcrumb\":{\"@id\":\"https:\/\/clientesbrandbits.click\/oliver-stone-presentara-su-documental-lula-en-cannes\/#breadcrumb\"},\"inLanguage\":\"es\",\"potentialAction\":[{\"@type\":\"ReadAction\",\"target\":[\"https:\/\/clientesbrandbits.click\/oliver-stone-presentara-su-documental-lula-en-cannes\/\"]}]},{\"@type\":\"ImageObject\",\"inLanguage\":\"es\",\"@id\":\"https:\/\/clientesbrandbits.click\/oliver-stone-presentara-su-documental-lula-en-cannes\/#primaryimage\",\"url\":\"https:\/\/clientesbrandbits.click\/wp-content\/uploads\/2024\/04\/oliver-stone-cannes-2021.jpg\",\"contentUrl\":\"https:\/\/clientesbrandbits.click\/wp-content\/uploads\/2024\/04\/oliver-stone-cannes-2021.jpg\",\"width\":1756,\"height\":1080},{\"@type\":\"BreadcrumbList\",\"@id\":\"https:\/\/clientesbrandbits.click\/oliver-stone-presentara-su-documental-lula-en-cannes\/#breadcrumb\",\"itemListElement\":[{\"@type\":\"ListItem\",\"position\":1,\"name\":\"Portada\",\"item\":\"https:\/\/clientesbrandbits.click\/\"},{\"@type\":\"ListItem\",\"position\":2,\"name\":\"Oliver Stone presentar\u00e1 su documental &#8220;Lula&#8221; en Cannes\"}]},{\"@type\":\"WebSite\",\"@id\":\"https:\/\/clientesbrandbits.click\/#website\",\"url\":\"https:\/\/clientesbrandbits.click\/\",\"name\":\"Spanglish Cinema\",\"description\":\"\",\"publisher\":{\"@id\":\"https:\/\/clientesbrandbits.click\/#organization\"},\"potentialAction\":[{\"@type\":\"SearchAction\",\"target\":{\"@type\":\"EntryPoint\",\"urlTemplate\":\"https:\/\/clientesbrandbits.click\/?s={search_term_string}\"},\"query-input\":\"required name=search_term_string\"}],\"inLanguage\":\"es\"},{\"@type\":\"Organization\",\"@id\":\"https:\/\/clientesbrandbits.click\/#organization\",\"name\":\"Spanglish Cinema\",\"url\":\"https:\/\/clientesbrandbits.click\/\",\"logo\":{\"@type\":\"ImageObject\",\"inLanguage\":\"es\",\"@id\":\"https:\/\/clientesbrandbits.click\/#\/schema\/logo\/image\/\",\"url\":\"https:\/\/clientesbrandbits.click\/wp-content\/uploads\/2024\/03\/spanglish_cinema.png\",\"contentUrl\":\"https:\/\/clientesbrandbits.click\/wp-content\/uploads\/2024\/03\/spanglish_cinema.png\",\"width\":612,\"height\":225,\"caption\":\"Spanglish Cinema\"},\"image\":{\"@id\":\"https:\/\/clientesbrandbits.click\/#\/schema\/logo\/image\/\"}},{\"@type\":\"Person\",\"@id\":\"https:\/\/clientesbrandbits.click\/#\/schema\/person\/678f0477e0f075fdf24e58e342ca80f1\",\"name\":\"Spanglish Cinema Team\",\"image\":{\"@type\":\"ImageObject\",\"inLanguage\":\"es\",\"@id\":\"https:\/\/clientesbrandbits.click\/#\/schema\/person\/image\/\",\"url\":\"https:\/\/secure.gravatar.com\/avatar\/3eef20e32ea53867d5b6a361c9e8e2ee?s=96&d=mm&r=g\",\"contentUrl\":\"https:\/\/secure.gravatar.com\/avatar\/3eef20e32ea53867d5b6a361c9e8e2ee?s=96&d=mm&r=g\",\"caption\":\"Spanglish Cinema Team\"},\"url\":\"https:\/\/clientesbrandbits.click\/es\/author\/spanglish-cinema\/\"}]}<\/script>\n<!-- \/ Yoast SEO plugin. -->","yoast_head_json":{"title":"Oliver Stone presentar\u00e1 su documental \"Lula\" en Cannes - Spanglish Cinema","description":"Como una de las nuevas adiciones al programa de la edici\u00f3n n\u00famero 77 del Festival de Cine de Cannes, fuera de competencia, se presentar\u00e1 el director Oliver Stone con su documental sobre el presidente de Brasil, Lula da silva.","robots":{"index":"index","follow":"follow","max-snippet":"max-snippet:-1","max-image-preview":"max-image-preview:large","max-video-preview":"max-video-preview:-1"},"canonical":"https:\/\/clientesbrandbits.click\/es\/oliver-stone-presentara-su-documental-lula-en-cannes\/","og_locale":"es_ES","og_type":"article","og_title":"Oliver Stone presentar\u00e1 su documental \"Lula\" en Cannes - Spanglish Cinema","og_description":"Como una de las nuevas adiciones al programa de la edici\u00f3n n\u00famero 77 del Festival de Cine de Cannes, fuera de competencia, se presentar\u00e1 el director Oliver Stone con su documental sobre el presidente de Brasil, Lula da silva.","og_url":"https:\/\/clientesbrandbits.click\/es\/oliver-stone-presentara-su-documental-lula-en-cannes\/","og_site_name":"Spanglish Cinema","article_published_time":"2024-04-23T15:35:50+00:00","article_modified_time":"2024-04-23T15:46:41+00:00","og_image":[{"width":1756,"height":1080,"url":"https:\/\/clientesbrandbits.click\/wp-content\/uploads\/2024\/04\/oliver-stone-cannes-2021.jpg","type":"image\/jpeg"}],"author":"Spanglish Cinema Team","twitter_card":"summary_large_image","twitter_misc":{"Escrito por":"Spanglish Cinema Team","Tiempo de lectura":"2 minutos"},"schema":{"@context":"https:\/\/schema.org","@graph":[{"@type":"Article","@id":"https:\/\/clientesbrandbits.click\/oliver-stone-presentara-su-documental-lula-en-cannes\/#article","isPartOf":{"@id":"https:\/\/clientesbrandbits.click\/oliver-stone-presentara-su-documental-lula-en-cannes\/"},"author":{"name":"Spanglish Cinema Team","@id":"https:\/\/clientesbrandbits.click\/#\/schema\/person\/678f0477e0f075fdf24e58e342ca80f1"},"headline":"Oliver Stone presentar\u00e1 su documental \u00abLula\u00bb en Cannes","datePublished":"2024-04-23T15:35:50+00:00","dateModified":"2024-04-23T15:46:41+00:00","mainEntityOfPage":{"@id":"https:\/\/clientesbrandbits.click\/oliver-stone-presentara-su-documental-lula-en-cannes\/"},"wordCount":231,"publisher":{"@id":"https:\/\/clientesbrandbits.click\/#organization"},"image":{"@id":"https:\/\/clientesbrandbits.click\/oliver-stone-presentara-su-documental-lula-en-cannes\/#primaryimage"},"thumbnailUrl":"https:\/\/clientesbrandbits.click\/wp-content\/uploads\/2024\/04\/oliver-stone-cannes-2021.jpg","keywords":["festival de cannes"],"articleSection":["Festivales de Cine","Films"],"inLanguage":"es"},{"@type":"WebPage","@id":"https:\/\/clientesbrandbits.click\/oliver-stone-presentara-su-documental-lula-en-cannes\/","url":"https:\/\/clientesbrandbits.click\/oliver-stone-presentara-su-documental-lula-en-cannes\/","name":"Oliver Stone presentar\u00e1 su documental \"Lula\" en Cannes - Spanglish Cinema","isPartOf":{"@id":"https:\/\/clientesbrandbits.click\/#website"},"primaryImageOfPage":{"@id":"https:\/\/clientesbrandbits.click\/oliver-stone-presentara-su-documental-lula-en-cannes\/#primaryimage"},"image":{"@id":"https:\/\/clientesbrandbits.click\/oliver-stone-presentara-su-documental-lula-en-cannes\/#primaryimage"},"thumbnailUrl":"https:\/\/clientesbrandbits.click\/wp-content\/uploads\/2024\/04\/oliver-stone-cannes-2021.jpg","datePublished":"2024-04-23T15:35:50+00:00","dateModified":"2024-04-23T15:46:41+00:00","description":"Como una de las nuevas adiciones al programa de la edici\u00f3n n\u00famero 77 del Festival de Cine de Cannes, fuera de competencia, se presentar\u00e1 el director Oliver Stone con su documental sobre el presidente de Brasil, Lula da silva.","breadcrumb":{"@id":"https:\/\/clientesbrandbits.click\/oliver-stone-presentara-su-documental-lula-en-cannes\/#breadcrumb"},"inLanguage":"es","potentialAction":[{"@type":"ReadAction","target":["https:\/\/clientesbrandbits.click\/oliver-stone-presentara-su-documental-lula-en-cannes\/"]}]},{"@type":"ImageObject","inLanguage":"es","@id":"https:\/\/clientesbrandbits.click\/oliver-stone-presentara-su-documental-lula-en-cannes\/#primaryimage","url":"https:\/\/clientesbrandbits.click\/wp-content\/uploads\/2024\/04\/oliver-stone-cannes-2021.jpg","contentUrl":"https:\/\/clientesbrandbits.click\/wp-content\/uploads\/2024\/04\/oliver-stone-cannes-2021.jpg","width":1756,"height":1080},{"@type":"BreadcrumbList","@id":"https:\/\/clientesbrandbits.click\/oliver-stone-presentara-su-documental-lula-en-cannes\/#breadcrumb","itemListElement":[{"@type":"ListItem","position":1,"name":"Portada","item":"https:\/\/clientesbrandbits.click\/"},{"@type":"ListItem","position":2,"name":"Oliver Stone presentar\u00e1 su documental &#8220;Lula&#8221; en Cannes"}]},{"@type":"WebSite","@id":"https:\/\/clientesbrandbits.click\/#website","url":"https:\/\/clientesbrandbits.click\/","name":"Spanglish Cinema","description":"","publisher":{"@id":"https:\/\/clientesbrandbits.click\/#organization"},"potentialAction":[{"@type":"SearchAction","target":{"@type":"EntryPoint","urlTemplate":"https:\/\/clientesbrandbits.click\/?s={search_term_string}"},"query-input":"required name=search_term_string"}],"inLanguage":"es"},{"@type":"Organization","@id":"https:\/\/clientesbrandbits.click\/#organization","name":"Spanglish Cinema","url":"https:\/\/clientesbrandbits.click\/","logo":{"@type":"ImageObject","inLanguage":"es","@id":"https:\/\/clientesbrandbits.click\/#\/schema\/logo\/image\/","url":"https:\/\/clientesbrandbits.click\/wp-content\/uploads\/2024\/03\/spanglish_cinema.png","contentUrl":"https:\/\/clientesbrandbits.click\/wp-content\/uploads\/2024\/03\/spanglish_cinema.png","width":612,"height":225,"caption":"Spanglish Cinema"},"image":{"@id":"https:\/\/clientesbrandbits.click\/#\/schema\/logo\/image\/"}},{"@type":"Person","@id":"https:\/\/clientesbrandbits.click\/#\/schema\/person\/678f0477e0f075fdf24e58e342ca80f1","name":"Spanglish Cinema Team","image":{"@type":"ImageObject","inLanguage":"es","@id":"https:\/\/clientesbrandbits.click\/#\/schema\/person\/image\/","url":"https:\/\/secure.gravatar.com\/avatar\/3eef20e32ea53867d5b6a361c9e8e2ee?s=96&d=mm&r=g","contentUrl":"https:\/\/secure.gravatar.com\/avatar\/3eef20e32ea53867d5b6a361c9e8e2ee?s=96&d=mm&r=g","caption":"Spanglish Cinema Team"},"url":"https:\/\/clientesbrandbits.click\/es\/author\/spanglish-cinema\/"}]}},"_links":{"self":[{"href":"https:\/\/clientesbrandbits.click\/es\/wp-json\/wp\/v2\/posts\/1052"}],"collection":[{"href":"https:\/\/clientesbrandbits.click\/es\/wp-json\/wp\/v2\/posts"}],"about":[{"href":"https:\/\/clientesbrandbits.click\/es\/wp-json\/wp\/v2\/types\/post"}],"author":[{"embeddable":true,"href":"https:\/\/clientesbrandbits.click\/es\/wp-json\/wp\/v2\/users\/3"}],"replies":[{"embeddable":true,"href":"https:\/\/clientesbrandbits.click\/es\/wp-json\/wp\/v2\/comments?post=1052"}],"version-history":[{"count":5,"href":"https:\/\/clientesbrandbits.click\/es\/wp-json\/wp\/v2\/posts\/1052\/revisions"}],"predecessor-version":[{"id":1058,"href":"https:\/\/clientesbrandbits.click\/es\/wp-json\/wp\/v2\/posts\/1052\/revisions\/1058"}],"wp:featuredmedia":[{"embeddable":true,"href":"https:\/\/clientesbrandbits.click\/es\/wp-json\/wp\/v2\/media\/1054"}],"wp:attachment":[{"href":"https:\/\/clientesbrandbits.click\/es\/wp-json\/wp\/v2\/media?parent=1052"}],"wp:term":[{"taxonomy":"category","embeddable":true,"href":"https:\/\/clientesbrandbits.click\/es\/wp-json\/wp\/v2\/categories?post=1052"},{"taxonomy":"post_tag","embeddable":true,"href":"https:\/\/clientesbrandbits.click\/es\/wp-json\/wp\/v2\/tags?post=1052"}],"curies":[{"name":"wp","href":"https:\/\/api.w.org\/{rel}","templated":true}]}}