{"id":929,"date":"2024-04-10T12:02:10","date_gmt":"2024-04-10T16:02:10","guid":{"rendered":"https:\/\/clientesbrandbits.click\/?p=929"},"modified":"2024-04-11T09:56:31","modified_gmt":"2024-04-11T13:56:31","slug":"el-director-que-gano-el-oscar-termino-el-rodaje-de-su-nuevo-musical","status":"publish","type":"post","link":"https:\/\/clientesbrandbits.click\/en\/el-director-que-gano-el-oscar-termino-el-rodaje-de-su-nuevo-musical\/","title":{"rendered":"El director que gan\u00f3 el Oscar, termin\u00f3 el rodaje de su nuevo musical"},"content":{"rendered":"<p style=\"font-weight: 400;\">Hoy, \u00a0se anunci\u00f3 el t\u00e9rmino del rodaje de LA OLA, la nueva pel\u00edcula musical dirigida por Sebasti\u00e1n Lelio (El director de Una Mujer Fant\u00e1stica) , inspirada en las protestas masivas ocurridas en Chile, durante el llamado \u201cmayo feminista\u201d de 2018 y que generaron un significativo momento en la consciencia colectiva nacional con repercusiones en todo el mundo.<\/p>\n<p style=\"font-weight: 400;\"><em>Julia, una dedicada estudiante de m\u00fasica, se involucre en el creciente movimiento feminista en su universidad, donde un grupo de mujeres se alzan para dar a conocer el acoso y abuso que muchas de sus compa\u00f1eras han sufrido. Dentro de la emoci\u00f3n de las marchas, Julia baila y canta con sus amigas, reviviendo sus propias experiencias de maltrato. Mientras junta el valor para contar su propia historia, se vuelve inesperadamente en una figura central del movimiento, que la obliga a revelar su identidad como v\u00edctima en una sociedad que promete cambios, pero se mantiene resistente a ellos.<\/em><\/p>\n<p style=\"font-weight: 400;\">\n<p style=\"font-weight: 400;\">LA OLA es producida por Juan de Dios Larra\u00edn, Pablo Larra\u00edn, Roc\u00edo Jadue y Sebasti\u00e1n Lelio y est\u00e1 protagonizada por las debutantes Daniela L\u00f3pez, quien interpreta a Julia; Avril Aurora, Lola Bravo y Paulina Cort\u00e9s. Producida por Fabula, la pel\u00edcula cuenta con la co-producci\u00f3n de Participant y Fremantle, quienes ya han trabajado con Lelio en el pasado, en \u00abUna mujer fant\u00e1stica\u00bb y \u00abThe Wonder\u00bb, respectivamente. El gui\u00f3n fue escrito por Sebasti\u00e1n Lelio, Manuela Infante, Josefina Fern\u00e1ndez y Paloma Salas.<\/p>\n<p style=\"font-weight: 400;\">\n<p style=\"font-weight: 400;\">La pel\u00edcula cuenta con composiciones originales, creadas colaborativamente por 17 m\u00fasicas chilenas, incluyendo a Ana Tijoux, Camila Moreno y Javiera Parra, acompa\u00f1adas por el galardonado compositor Matthew Herbert, cuyos cr\u00e9ditos incluyen \u201cThe Wonder\u201d, \u201cUna Mujer Fant\u00e1stica\u201d, \u201cGloria Bell\u201d y \u201cDisobedience\u201d. Los n\u00fameros musicales estuvieron a cargo del \u00a0aclamado core\u00f3grafo, Ryan Heffington, quien ha trabajado con artistas internacionales como Sia, Florence and the Machine y Christine and the Queens, adem\u00e1s de su participaci\u00f3n en las series \u201cEuphoria\u201d y \u201cTransparent\u201d, y las pel\u00edculas \u201cTick, Tick&#8230; Boom!\u201d\u00a0y \u201cBaby Driver\u201d.<\/p>\n<p style=\"font-weight: 400;\">Sebasti\u00e1n Lelio, respecto de su inspiraci\u00f3n, explica:<em>\u201cMe fascina la idea de usar el g\u00e9nero musical, con su aura de romance y esplendor, para hablar del inspirador movimiento feminista en Chile, el consentimiento mutuo en la era post #MeToo y el \u00a0potencial pol\u00edtico de las voces individuales y colectivas.\u00a0LA OLA explora el choque entre la necesidad del cambio y el status-quo con el \u00a0intoxicante poder del baile, la m\u00fasica y\u2026 un grupo de mujeres encapuchadas, determinadas a cambiar el mundo.\u201d\u00a0<\/em><\/p>\n<p style=\"font-weight: 400;\">La productora, Roc\u00edo Jadue, a\u00f1adi\u00f3:<em>\u00a0\u201c<\/em><em>En el ADN de nuestra productora est\u00e1 contar historias relevantes que movilicen a la audiencia. En este caso, buscamos mostrar al mundo lo que ha sido el movimiento feminista latinoamericano en esta \u00faltima d\u00e9cada y como desde la calle han ido rompiendo paradigmas y conquistando derechos.\u00a0 Esperamos que este viaje los emocione y contribuya a la reflexi\u00f3n\u201d.<\/em><\/p>\n<p style=\"font-weight: 400;\">La guionista,\u00a0Manuela Infante,<em>\u00a0<\/em>coment\u00f3:<em>\u00a0\u201cEra profesora en la Universidad cuando cerca de 100 alumnas se tomaron la casa central. Las acompa\u00f1e de cerca y aprend\u00ed mucho de ellas. De hecho, la experiencia y sus relatos, son parte de los cimientos de esta pel\u00edcula que indaga sobre el coletazo que viene despu\u00e9s del levantamiento feminista\u201d<\/em><\/p>\n<p style=\"font-weight: 400;\">Entre las pel\u00edculas anteriores de Lelio se encuentran: \u201cUna Mujer Fant\u00e1stica\u201d de Participant, por la que recibi\u00f3 el Oscar a Mejor Pel\u00edcula Extranjera; \u201cThe Wonder\u201d, ganadora del BAFTA y \u201cGloria\u201d, acreedora de varios premios.<\/p>\n<p style=\"font-weight: 400;\">La pel\u00edcula se film\u00f3 en diferentes locaciones en Chile y su rodaje tom\u00f3 9 semanas.<\/p>\n<p>Fuente: F\u00e1bula Producciones<\/p>","protected":false},"excerpt":{"rendered":"<p>Hoy, \u00a0se anunci\u00f3 el t\u00e9rmino del rodaje de LA OLA, la nueva pel\u00edcula musical dirigida por Sebasti\u00e1n Lelio (El director de Una Mujer Fant\u00e1stica) , inspirada en las protestas masivas ocurridas en Chile, durante el llamado \u201cmayo feminista\u201d de 2018 &#8230; <a title=\"El director que gan\u00f3 el Oscar, termin\u00f3 el rodaje de su nuevo musical\" class=\"read-more\" href=\"https:\/\/clientesbrandbits.click\/en\/el-director-que-gano-el-oscar-termino-el-rodaje-de-su-nuevo-musical\/\" aria-label=\"Read more about El director que gan\u00f3 el Oscar, termin\u00f3 el rodaje de su nuevo musical\">Read More<\/a><\/p>","protected":false},"author":3,"featured_media":930,"comment_status":"closed","ping_status":"closed","sticky":false,"template":"","format":"standard","meta":{"_joinchat":[],"footnotes":""},"categories":[10],"tags":[57],"class_list":["post-929","post","type-post","status-publish","format-standard","has-post-thumbnail","hentry","category-films","tag-oscar","infinite-scroll-item"],"yoast_head":"<!-- This site is optimized with the Yoast SEO plugin v22.8 - https:\/\/yoast.com\/wordpress\/plugins\/seo\/ -->\n<title>El director que gan\u00f3 el Oscar, termin\u00f3 el rodaje de su nuevo musical - Spanglish Cinema<\/title>\n<meta name=\"robots\" content=\"index, follow, max-snippet:-1, max-image-preview:large, max-video-preview:-1\" \/>\n<link rel=\"canonical\" href=\"https:\/\/clientesbrandbits.click\/en\/el-director-que-gano-el-oscar-termino-el-rodaje-de-su-nuevo-musical\/\" \/>\n<meta property=\"og:locale\" content=\"en_US\" \/>\n<meta property=\"og:type\" content=\"article\" \/>\n<meta property=\"og:title\" content=\"El director que gan\u00f3 el Oscar, termin\u00f3 el rodaje de su nuevo musical - Spanglish Cinema\" \/>\n<meta property=\"og:description\" content=\"Hoy, \u00a0se anunci\u00f3 el t\u00e9rmino del rodaje de LA OLA, la nueva pel\u00edcula musical dirigida por Sebasti\u00e1n Lelio (El director de Una Mujer Fant\u00e1stica) , inspirada en las protestas masivas ocurridas en Chile, durante el llamado \u201cmayo feminista\u201d de 2018 ... Leer M\u00e1s\" \/>\n<meta property=\"og:url\" content=\"https:\/\/clientesbrandbits.click\/en\/el-director-que-gano-el-oscar-termino-el-rodaje-de-su-nuevo-musical\/\" \/>\n<meta property=\"og:site_name\" content=\"Spanglish Cinema\" \/>\n<meta property=\"article:published_time\" content=\"2024-04-10T16:02:10+00:00\" \/>\n<meta property=\"article:modified_time\" content=\"2024-04-11T13:56:31+00:00\" \/>\n<meta property=\"og:image\" content=\"https:\/\/clientesbrandbits.click\/wp-content\/uploads\/2024\/04\/La-Ola-dirigida-por-Sebastian-Lelio-Credito-Diego-Araya-scaled.jpg\" \/>\n\t<meta property=\"og:image:width\" content=\"2560\" \/>\n\t<meta property=\"og:image:height\" content=\"1707\" \/>\n\t<meta property=\"og:image:type\" content=\"image\/jpeg\" \/>\n<meta name=\"author\" content=\"Spanglish Cinema Team\" \/>\n<meta name=\"twitter:card\" content=\"summary_large_image\" \/>\n<meta name=\"twitter:label1\" content=\"Written by\" \/>\n\t<meta name=\"twitter:data1\" content=\"Spanglish Cinema Team\" \/>\n\t<meta name=\"twitter:label2\" content=\"Est. reading time\" \/>\n\t<meta name=\"twitter:data2\" content=\"3 minutes\" \/>\n<script type=\"application\/ld+json\" class=\"yoast-schema-graph\">{\"@context\":\"https:\/\/schema.org\",\"@graph\":[{\"@type\":\"Article\",\"@id\":\"https:\/\/clientesbrandbits.click\/el-director-que-gano-el-oscar-termino-el-rodaje-de-su-nuevo-musical\/#article\",\"isPartOf\":{\"@id\":\"https:\/\/clientesbrandbits.click\/el-director-que-gano-el-oscar-termino-el-rodaje-de-su-nuevo-musical\/\"},\"author\":{\"name\":\"Spanglish Cinema Team\",\"@id\":\"https:\/\/clientesbrandbits.click\/#\/schema\/person\/678f0477e0f075fdf24e58e342ca80f1\"},\"headline\":\"El director que gan\u00f3 el Oscar, termin\u00f3 el rodaje de su nuevo musical\",\"datePublished\":\"2024-04-10T16:02:10+00:00\",\"dateModified\":\"2024-04-11T13:56:31+00:00\",\"mainEntityOfPage\":{\"@id\":\"https:\/\/clientesbrandbits.click\/el-director-que-gano-el-oscar-termino-el-rodaje-de-su-nuevo-musical\/\"},\"wordCount\":625,\"publisher\":{\"@id\":\"https:\/\/clientesbrandbits.click\/#organization\"},\"image\":{\"@id\":\"https:\/\/clientesbrandbits.click\/el-director-que-gano-el-oscar-termino-el-rodaje-de-su-nuevo-musical\/#primaryimage\"},\"thumbnailUrl\":\"https:\/\/clientesbrandbits.click\/wp-content\/uploads\/2024\/04\/La-Ola-dirigida-por-Sebastian-Lelio-Credito-Diego-Araya-scaled.jpg\",\"keywords\":[\"oscar\"],\"articleSection\":[\"Films\"],\"inLanguage\":\"en-US\"},{\"@type\":\"WebPage\",\"@id\":\"https:\/\/clientesbrandbits.click\/el-director-que-gano-el-oscar-termino-el-rodaje-de-su-nuevo-musical\/\",\"url\":\"https:\/\/clientesbrandbits.click\/el-director-que-gano-el-oscar-termino-el-rodaje-de-su-nuevo-musical\/\",\"name\":\"El director que gan\u00f3 el Oscar, termin\u00f3 el rodaje de su nuevo musical - Spanglish Cinema\",\"isPartOf\":{\"@id\":\"https:\/\/clientesbrandbits.click\/#website\"},\"primaryImageOfPage\":{\"@id\":\"https:\/\/clientesbrandbits.click\/el-director-que-gano-el-oscar-termino-el-rodaje-de-su-nuevo-musical\/#primaryimage\"},\"image\":{\"@id\":\"https:\/\/clientesbrandbits.click\/el-director-que-gano-el-oscar-termino-el-rodaje-de-su-nuevo-musical\/#primaryimage\"},\"thumbnailUrl\":\"https:\/\/clientesbrandbits.click\/wp-content\/uploads\/2024\/04\/La-Ola-dirigida-por-Sebastian-Lelio-Credito-Diego-Araya-scaled.jpg\",\"datePublished\":\"2024-04-10T16:02:10+00:00\",\"dateModified\":\"2024-04-11T13:56:31+00:00\",\"breadcrumb\":{\"@id\":\"https:\/\/clientesbrandbits.click\/el-director-que-gano-el-oscar-termino-el-rodaje-de-su-nuevo-musical\/#breadcrumb\"},\"inLanguage\":\"en-US\",\"potentialAction\":[{\"@type\":\"ReadAction\",\"target\":[\"https:\/\/clientesbrandbits.click\/el-director-que-gano-el-oscar-termino-el-rodaje-de-su-nuevo-musical\/\"]}]},{\"@type\":\"ImageObject\",\"inLanguage\":\"en-US\",\"@id\":\"https:\/\/clientesbrandbits.click\/el-director-que-gano-el-oscar-termino-el-rodaje-de-su-nuevo-musical\/#primaryimage\",\"url\":\"https:\/\/clientesbrandbits.click\/wp-content\/uploads\/2024\/04\/La-Ola-dirigida-por-Sebastian-Lelio-Credito-Diego-Araya-scaled.jpg\",\"contentUrl\":\"https:\/\/clientesbrandbits.click\/wp-content\/uploads\/2024\/04\/La-Ola-dirigida-por-Sebastian-Lelio-Credito-Diego-Araya-scaled.jpg\",\"width\":2560,\"height\":1707},{\"@type\":\"BreadcrumbList\",\"@id\":\"https:\/\/clientesbrandbits.click\/el-director-que-gano-el-oscar-termino-el-rodaje-de-su-nuevo-musical\/#breadcrumb\",\"itemListElement\":[{\"@type\":\"ListItem\",\"position\":1,\"name\":\"Portada\",\"item\":\"https:\/\/clientesbrandbits.click\/\"},{\"@type\":\"ListItem\",\"position\":2,\"name\":\"El director que gan\u00f3 el Oscar, termin\u00f3 el rodaje de su nuevo musical\"}]},{\"@type\":\"WebSite\",\"@id\":\"https:\/\/clientesbrandbits.click\/#website\",\"url\":\"https:\/\/clientesbrandbits.click\/\",\"name\":\"Spanglish Cinema\",\"description\":\"\",\"publisher\":{\"@id\":\"https:\/\/clientesbrandbits.click\/#organization\"},\"potentialAction\":[{\"@type\":\"SearchAction\",\"target\":{\"@type\":\"EntryPoint\",\"urlTemplate\":\"https:\/\/clientesbrandbits.click\/?s={search_term_string}\"},\"query-input\":\"required name=search_term_string\"}],\"inLanguage\":\"en-US\"},{\"@type\":\"Organization\",\"@id\":\"https:\/\/clientesbrandbits.click\/#organization\",\"name\":\"Spanglish Cinema\",\"url\":\"https:\/\/clientesbrandbits.click\/\",\"logo\":{\"@type\":\"ImageObject\",\"inLanguage\":\"en-US\",\"@id\":\"https:\/\/clientesbrandbits.click\/#\/schema\/logo\/image\/\",\"url\":\"https:\/\/clientesbrandbits.click\/wp-content\/uploads\/2024\/03\/spanglish_cinema.png\",\"contentUrl\":\"https:\/\/clientesbrandbits.click\/wp-content\/uploads\/2024\/03\/spanglish_cinema.png\",\"width\":612,\"height\":225,\"caption\":\"Spanglish Cinema\"},\"image\":{\"@id\":\"https:\/\/clientesbrandbits.click\/#\/schema\/logo\/image\/\"}},{\"@type\":\"Person\",\"@id\":\"https:\/\/clientesbrandbits.click\/#\/schema\/person\/678f0477e0f075fdf24e58e342ca80f1\",\"name\":\"Spanglish Cinema Team\",\"image\":{\"@type\":\"ImageObject\",\"inLanguage\":\"en-US\",\"@id\":\"https:\/\/clientesbrandbits.click\/#\/schema\/person\/image\/\",\"url\":\"https:\/\/secure.gravatar.com\/avatar\/3eef20e32ea53867d5b6a361c9e8e2ee?s=96&d=mm&r=g\",\"contentUrl\":\"https:\/\/secure.gravatar.com\/avatar\/3eef20e32ea53867d5b6a361c9e8e2ee?s=96&d=mm&r=g\",\"caption\":\"Spanglish Cinema Team\"},\"url\":\"https:\/\/clientesbrandbits.click\/en\/author\/spanglish-cinema\/\"}]}<\/script>\n<!-- \/ Yoast SEO plugin. -->","yoast_head_json":{"title":"El director que gan\u00f3 el Oscar, termin\u00f3 el rodaje de su nuevo musical - Spanglish Cinema","robots":{"index":"index","follow":"follow","max-snippet":"max-snippet:-1","max-image-preview":"max-image-preview:large","max-video-preview":"max-video-preview:-1"},"canonical":"https:\/\/clientesbrandbits.click\/en\/el-director-que-gano-el-oscar-termino-el-rodaje-de-su-nuevo-musical\/","og_locale":"en_US","og_type":"article","og_title":"El director que gan\u00f3 el Oscar, termin\u00f3 el rodaje de su nuevo musical - Spanglish Cinema","og_description":"Hoy, \u00a0se anunci\u00f3 el t\u00e9rmino del rodaje de LA OLA, la nueva pel\u00edcula musical dirigida por Sebasti\u00e1n Lelio (El director de Una Mujer Fant\u00e1stica) , inspirada en las protestas masivas ocurridas en Chile, durante el llamado \u201cmayo feminista\u201d de 2018 ... Leer M\u00e1s","og_url":"https:\/\/clientesbrandbits.click\/en\/el-director-que-gano-el-oscar-termino-el-rodaje-de-su-nuevo-musical\/","og_site_name":"Spanglish Cinema","article_published_time":"2024-04-10T16:02:10+00:00","article_modified_time":"2024-04-11T13:56:31+00:00","og_image":[{"width":2560,"height":1707,"url":"https:\/\/clientesbrandbits.click\/wp-content\/uploads\/2024\/04\/La-Ola-dirigida-por-Sebastian-Lelio-Credito-Diego-Araya-scaled.jpg","type":"image\/jpeg"}],"author":"Spanglish Cinema Team","twitter_card":"summary_large_image","twitter_misc":{"Written by":"Spanglish Cinema Team","Est. reading time":"3 minutes"},"schema":{"@context":"https:\/\/schema.org","@graph":[{"@type":"Article","@id":"https:\/\/clientesbrandbits.click\/el-director-que-gano-el-oscar-termino-el-rodaje-de-su-nuevo-musical\/#article","isPartOf":{"@id":"https:\/\/clientesbrandbits.click\/el-director-que-gano-el-oscar-termino-el-rodaje-de-su-nuevo-musical\/"},"author":{"name":"Spanglish Cinema Team","@id":"https:\/\/clientesbrandbits.click\/#\/schema\/person\/678f0477e0f075fdf24e58e342ca80f1"},"headline":"El director que gan\u00f3 el Oscar, termin\u00f3 el rodaje de su nuevo musical","datePublished":"2024-04-10T16:02:10+00:00","dateModified":"2024-04-11T13:56:31+00:00","mainEntityOfPage":{"@id":"https:\/\/clientesbrandbits.click\/el-director-que-gano-el-oscar-termino-el-rodaje-de-su-nuevo-musical\/"},"wordCount":625,"publisher":{"@id":"https:\/\/clientesbrandbits.click\/#organization"},"image":{"@id":"https:\/\/clientesbrandbits.click\/el-director-que-gano-el-oscar-termino-el-rodaje-de-su-nuevo-musical\/#primaryimage"},"thumbnailUrl":"https:\/\/clientesbrandbits.click\/wp-content\/uploads\/2024\/04\/La-Ola-dirigida-por-Sebastian-Lelio-Credito-Diego-Araya-scaled.jpg","keywords":["oscar"],"articleSection":["Films"],"inLanguage":"en-US"},{"@type":"WebPage","@id":"https:\/\/clientesbrandbits.click\/el-director-que-gano-el-oscar-termino-el-rodaje-de-su-nuevo-musical\/","url":"https:\/\/clientesbrandbits.click\/el-director-que-gano-el-oscar-termino-el-rodaje-de-su-nuevo-musical\/","name":"El director que gan\u00f3 el Oscar, termin\u00f3 el rodaje de su nuevo musical - Spanglish Cinema","isPartOf":{"@id":"https:\/\/clientesbrandbits.click\/#website"},"primaryImageOfPage":{"@id":"https:\/\/clientesbrandbits.click\/el-director-que-gano-el-oscar-termino-el-rodaje-de-su-nuevo-musical\/#primaryimage"},"image":{"@id":"https:\/\/clientesbrandbits.click\/el-director-que-gano-el-oscar-termino-el-rodaje-de-su-nuevo-musical\/#primaryimage"},"thumbnailUrl":"https:\/\/clientesbrandbits.click\/wp-content\/uploads\/2024\/04\/La-Ola-dirigida-por-Sebastian-Lelio-Credito-Diego-Araya-scaled.jpg","datePublished":"2024-04-10T16:02:10+00:00","dateModified":"2024-04-11T13:56:31+00:00","breadcrumb":{"@id":"https:\/\/clientesbrandbits.click\/el-director-que-gano-el-oscar-termino-el-rodaje-de-su-nuevo-musical\/#breadcrumb"},"inLanguage":"en-US","potentialAction":[{"@type":"ReadAction","target":["https:\/\/clientesbrandbits.click\/el-director-que-gano-el-oscar-termino-el-rodaje-de-su-nuevo-musical\/"]}]},{"@type":"ImageObject","inLanguage":"en-US","@id":"https:\/\/clientesbrandbits.click\/el-director-que-gano-el-oscar-termino-el-rodaje-de-su-nuevo-musical\/#primaryimage","url":"https:\/\/clientesbrandbits.click\/wp-content\/uploads\/2024\/04\/La-Ola-dirigida-por-Sebastian-Lelio-Credito-Diego-Araya-scaled.jpg","contentUrl":"https:\/\/clientesbrandbits.click\/wp-content\/uploads\/2024\/04\/La-Ola-dirigida-por-Sebastian-Lelio-Credito-Diego-Araya-scaled.jpg","width":2560,"height":1707},{"@type":"BreadcrumbList","@id":"https:\/\/clientesbrandbits.click\/el-director-que-gano-el-oscar-termino-el-rodaje-de-su-nuevo-musical\/#breadcrumb","itemListElement":[{"@type":"ListItem","position":1,"name":"Portada","item":"https:\/\/clientesbrandbits.click\/"},{"@type":"ListItem","position":2,"name":"El director que gan\u00f3 el Oscar, termin\u00f3 el rodaje de su nuevo musical"}]},{"@type":"WebSite","@id":"https:\/\/clientesbrandbits.click\/#website","url":"https:\/\/clientesbrandbits.click\/","name":"Spanglish Cinema","description":"","publisher":{"@id":"https:\/\/clientesbrandbits.click\/#organization"},"potentialAction":[{"@type":"SearchAction","target":{"@type":"EntryPoint","urlTemplate":"https:\/\/clientesbrandbits.click\/?s={search_term_string}"},"query-input":"required name=search_term_string"}],"inLanguage":"en-US"},{"@type":"Organization","@id":"https:\/\/clientesbrandbits.click\/#organization","name":"Spanglish Cinema","url":"https:\/\/clientesbrandbits.click\/","logo":{"@type":"ImageObject","inLanguage":"en-US","@id":"https:\/\/clientesbrandbits.click\/#\/schema\/logo\/image\/","url":"https:\/\/clientesbrandbits.click\/wp-content\/uploads\/2024\/03\/spanglish_cinema.png","contentUrl":"https:\/\/clientesbrandbits.click\/wp-content\/uploads\/2024\/03\/spanglish_cinema.png","width":612,"height":225,"caption":"Spanglish Cinema"},"image":{"@id":"https:\/\/clientesbrandbits.click\/#\/schema\/logo\/image\/"}},{"@type":"Person","@id":"https:\/\/clientesbrandbits.click\/#\/schema\/person\/678f0477e0f075fdf24e58e342ca80f1","name":"Spanglish Cinema Team","image":{"@type":"ImageObject","inLanguage":"en-US","@id":"https:\/\/clientesbrandbits.click\/#\/schema\/person\/image\/","url":"https:\/\/secure.gravatar.com\/avatar\/3eef20e32ea53867d5b6a361c9e8e2ee?s=96&d=mm&r=g","contentUrl":"https:\/\/secure.gravatar.com\/avatar\/3eef20e32ea53867d5b6a361c9e8e2ee?s=96&d=mm&r=g","caption":"Spanglish Cinema Team"},"url":"https:\/\/clientesbrandbits.click\/en\/author\/spanglish-cinema\/"}]}},"_links":{"self":[{"href":"https:\/\/clientesbrandbits.click\/en\/wp-json\/wp\/v2\/posts\/929"}],"collection":[{"href":"https:\/\/clientesbrandbits.click\/en\/wp-json\/wp\/v2\/posts"}],"about":[{"href":"https:\/\/clientesbrandbits.click\/en\/wp-json\/wp\/v2\/types\/post"}],"author":[{"embeddable":true,"href":"https:\/\/clientesbrandbits.click\/en\/wp-json\/wp\/v2\/users\/3"}],"replies":[{"embeddable":true,"href":"https:\/\/clientesbrandbits.click\/en\/wp-json\/wp\/v2\/comments?post=929"}],"version-history":[{"count":2,"href":"https:\/\/clientesbrandbits.click\/en\/wp-json\/wp\/v2\/posts\/929\/revisions"}],"predecessor-version":[{"id":932,"href":"https:\/\/clientesbrandbits.click\/en\/wp-json\/wp\/v2\/posts\/929\/revisions\/932"}],"wp:featuredmedia":[{"embeddable":true,"href":"https:\/\/clientesbrandbits.click\/en\/wp-json\/wp\/v2\/media\/930"}],"wp:attachment":[{"href":"https:\/\/clientesbrandbits.click\/en\/wp-json\/wp\/v2\/media?parent=929"}],"wp:term":[{"taxonomy":"category","embeddable":true,"href":"https:\/\/clientesbrandbits.click\/en\/wp-json\/wp\/v2\/categories?post=929"},{"taxonomy":"post_tag","embeddable":true,"href":"https:\/\/clientesbrandbits.click\/en\/wp-json\/wp\/v2\/tags?post=929"}],"curies":[{"name":"wp","href":"https:\/\/api.w.org\/{rel}","templated":true}]}}