{"id":899,"date":"2024-04-09T10:07:24","date_gmt":"2024-04-09T14:07:24","guid":{"rendered":"https:\/\/clientesbrandbits.click\/?p=899"},"modified":"2024-04-09T10:07:24","modified_gmt":"2024-04-09T14:07:24","slug":"volvera-luego-de-45-anos-ford-coppola-a-estar-en-cannes","status":"publish","type":"post","link":"https:\/\/clientesbrandbits.click\/en\/volvera-luego-de-45-anos-ford-coppola-a-estar-en-cannes\/","title":{"rendered":"Will Ford Coppola return to Cannes after 45 years?"},"content":{"rendered":"<p>\"Megalopolis,\" starring Adam Driver and Forest Whitaker, is the new self-produced film\/dream of renowned director Francis Ford Coppola. The film has not yet found distribution, and the few attendees who have seen it have polarized their critiques between \"a work of art\" and \"it will be very difficult to find distribution for it.\"<\/p>\n<p>Forty-five years ago, in 1979, Ford Coppola arrived at the Cannes Film Festival Palais with 'Apocalypse Now,' where he famously said during the press conference, 'We had access to too much money, too much equipment, and little by little we went insane... my film is not about Vietnam, it is Vietnam.' His presence there marked a sort of legend for journalists as well.<\/p>\n<p>Today, nearly a month away from the Cannes Film Festival, the most prestigious in the world, the possibility arises that the filmmaker may return to the festival with 'Megalopolis,' a dystopia that transforms into utopia in the face of those who seek to rebuild New York City after a devastating disaster.<\/p>\n<p>The director has invested 120 million dollars in making the film, which also features performances by Aubrey Plaza, Dustin Hoffman, Giancarlo Esposito, and Shia LaBeouf. If it does make it to the festival, it would definitely be an opportunity to seek distributors and recoup what has cost him a part of his winemaking empire.<\/p>\n<p>&nbsp;<\/p>","protected":false},"excerpt":{"rendered":"<p>\u201cMegal\u00f3polis\u201d, con Adam Driver y Forest Whitaker, es la nueva auto producida pel\u00edcula \/sue\u00f1o del reconocido director Francisca Ford Coppola, el film a\u00fan no encuentra distribuci\u00f3n y los pocos asistentes que la han visto han polarizado sus criticas entre \u201cuna &#8230; <a title=\"Will Ford Coppola return to Cannes after 45 years?\" class=\"read-more\" href=\"https:\/\/clientesbrandbits.click\/en\/volvera-luego-de-45-anos-ford-coppola-a-estar-en-cannes\/\" aria-label=\"Read more about \u00bfVolver\u00e1, luego de 45 a\u00f1os, Ford Coppola a estar en Cannes?\">Read More<\/a><\/p>","protected":false},"author":2,"featured_media":900,"comment_status":"closed","ping_status":"closed","sticky":false,"template":"","format":"standard","meta":{"_joinchat":[],"footnotes":""},"categories":[11,10],"tags":[33,86],"class_list":["post-899","post","type-post","status-publish","format-standard","has-post-thumbnail","hentry","category-festivales-de-cine","category-films","tag-festival-de-cannes","tag-megalopolis","infinite-scroll-item"],"yoast_head":"<!-- This site is optimized with the Yoast SEO plugin v22.8 - https:\/\/yoast.com\/wordpress\/plugins\/seo\/ -->\n<title>\u00bfVolver\u00e1, luego de 45 a\u00f1os, Ford Coppola a estar en Cannes? - Spanglish Cinema<\/title>\n<meta name=\"description\" content=\"\u201cMegal\u00f3polis\u201d, con Adam Driver y Forest Whitaker, es la nueva auto producida pel\u00edcula \/sue\u00f1o del reconocido director Francisca Ford Coppola, el film a\u00fan no encuentra distribuci\u00f3n y los pocos asistentes que la han visto han polarizado sus criticas entre \u201cuna obra de arte\u201d y \u201cser\u00e1 muy dif\u00edcil encontrarle distribuci\u00f3n\u201d\" \/>\n<meta name=\"robots\" content=\"index, follow, max-snippet:-1, max-image-preview:large, max-video-preview:-1\" \/>\n<link rel=\"canonical\" href=\"https:\/\/clientesbrandbits.click\/en\/volvera-luego-de-45-anos-ford-coppola-a-estar-en-cannes\/\" \/>\n<meta property=\"og:locale\" content=\"en_US\" \/>\n<meta property=\"og:type\" content=\"article\" \/>\n<meta property=\"og:title\" content=\"\u00bfVolver\u00e1, luego de 45 a\u00f1os, Ford Coppola a estar en Cannes? - Spanglish Cinema\" \/>\n<meta property=\"og:description\" content=\"\u201cMegal\u00f3polis\u201d, con Adam Driver y Forest Whitaker, es la nueva auto producida pel\u00edcula \/sue\u00f1o del reconocido director Francisca Ford Coppola, el film a\u00fan no encuentra distribuci\u00f3n y los pocos asistentes que la han visto han polarizado sus criticas entre \u201cuna obra de arte\u201d y \u201cser\u00e1 muy dif\u00edcil encontrarle distribuci\u00f3n\u201d\" \/>\n<meta property=\"og:url\" content=\"https:\/\/clientesbrandbits.click\/en\/volvera-luego-de-45-anos-ford-coppola-a-estar-en-cannes\/\" \/>\n<meta property=\"og:site_name\" content=\"Spanglish Cinema\" \/>\n<meta property=\"article:published_time\" content=\"2024-04-09T14:07:24+00:00\" \/>\n<meta property=\"og:image\" content=\"https:\/\/clientesbrandbits.click\/wp-content\/uploads\/2024\/04\/francis-ford-coppola-megalopolis-2.jpg\" \/>\n\t<meta property=\"og:image:width\" content=\"1000\" \/>\n\t<meta property=\"og:image:height\" content=\"500\" \/>\n\t<meta property=\"og:image:type\" content=\"image\/jpeg\" \/>\n<meta name=\"author\" content=\"Francisca Romero\" \/>\n<meta name=\"twitter:card\" content=\"summary_large_image\" \/>\n<meta name=\"twitter:label1\" content=\"Written by\" \/>\n\t<meta name=\"twitter:data1\" content=\"Francisca Romero\" \/>\n\t<meta name=\"twitter:label2\" content=\"Est. reading time\" \/>\n\t<meta name=\"twitter:data2\" content=\"2 minutes\" \/>\n<script type=\"application\/ld+json\" class=\"yoast-schema-graph\">{\"@context\":\"https:\/\/schema.org\",\"@graph\":[{\"@type\":\"Article\",\"@id\":\"https:\/\/clientesbrandbits.click\/volvera-luego-de-45-anos-ford-coppola-a-estar-en-cannes\/#article\",\"isPartOf\":{\"@id\":\"https:\/\/clientesbrandbits.click\/volvera-luego-de-45-anos-ford-coppola-a-estar-en-cannes\/\"},\"author\":{\"name\":\"Francisca Romero\",\"@id\":\"https:\/\/clientesbrandbits.click\/#\/schema\/person\/fedc39f5790928deafca5719b3588db2\"},\"headline\":\"\u00bfVolver\u00e1, luego de 45 a\u00f1os, Ford Coppola a estar en Cannes?\",\"datePublished\":\"2024-04-09T14:07:24+00:00\",\"dateModified\":\"2024-04-09T14:07:24+00:00\",\"mainEntityOfPage\":{\"@id\":\"https:\/\/clientesbrandbits.click\/volvera-luego-de-45-anos-ford-coppola-a-estar-en-cannes\/\"},\"wordCount\":256,\"publisher\":{\"@id\":\"https:\/\/clientesbrandbits.click\/#organization\"},\"image\":{\"@id\":\"https:\/\/clientesbrandbits.click\/volvera-luego-de-45-anos-ford-coppola-a-estar-en-cannes\/#primaryimage\"},\"thumbnailUrl\":\"https:\/\/clientesbrandbits.click\/wp-content\/uploads\/2024\/04\/francis-ford-coppola-megalopolis-2.jpg\",\"keywords\":[\"festival de cannes\",\"Megalopolis\"],\"articleSection\":[\"Festivales de Cine\",\"Films\"],\"inLanguage\":\"en-US\"},{\"@type\":\"WebPage\",\"@id\":\"https:\/\/clientesbrandbits.click\/volvera-luego-de-45-anos-ford-coppola-a-estar-en-cannes\/\",\"url\":\"https:\/\/clientesbrandbits.click\/volvera-luego-de-45-anos-ford-coppola-a-estar-en-cannes\/\",\"name\":\"\u00bfVolver\u00e1, luego de 45 a\u00f1os, Ford Coppola a estar en Cannes? - Spanglish Cinema\",\"isPartOf\":{\"@id\":\"https:\/\/clientesbrandbits.click\/#website\"},\"primaryImageOfPage\":{\"@id\":\"https:\/\/clientesbrandbits.click\/volvera-luego-de-45-anos-ford-coppola-a-estar-en-cannes\/#primaryimage\"},\"image\":{\"@id\":\"https:\/\/clientesbrandbits.click\/volvera-luego-de-45-anos-ford-coppola-a-estar-en-cannes\/#primaryimage\"},\"thumbnailUrl\":\"https:\/\/clientesbrandbits.click\/wp-content\/uploads\/2024\/04\/francis-ford-coppola-megalopolis-2.jpg\",\"datePublished\":\"2024-04-09T14:07:24+00:00\",\"dateModified\":\"2024-04-09T14:07:24+00:00\",\"description\":\"\u201cMegal\u00f3polis\u201d, con Adam Driver y Forest Whitaker, es la nueva auto producida pel\u00edcula \/sue\u00f1o del reconocido director Francisca Ford Coppola, el film a\u00fan no encuentra distribuci\u00f3n y los pocos asistentes que la han visto han polarizado sus criticas entre \u201cuna obra de arte\u201d y \u201cser\u00e1 muy dif\u00edcil encontrarle distribuci\u00f3n\u201d\",\"breadcrumb\":{\"@id\":\"https:\/\/clientesbrandbits.click\/volvera-luego-de-45-anos-ford-coppola-a-estar-en-cannes\/#breadcrumb\"},\"inLanguage\":\"en-US\",\"potentialAction\":[{\"@type\":\"ReadAction\",\"target\":[\"https:\/\/clientesbrandbits.click\/volvera-luego-de-45-anos-ford-coppola-a-estar-en-cannes\/\"]}]},{\"@type\":\"ImageObject\",\"inLanguage\":\"en-US\",\"@id\":\"https:\/\/clientesbrandbits.click\/volvera-luego-de-45-anos-ford-coppola-a-estar-en-cannes\/#primaryimage\",\"url\":\"https:\/\/clientesbrandbits.click\/wp-content\/uploads\/2024\/04\/francis-ford-coppola-megalopolis-2.jpg\",\"contentUrl\":\"https:\/\/clientesbrandbits.click\/wp-content\/uploads\/2024\/04\/francis-ford-coppola-megalopolis-2.jpg\",\"width\":1000,\"height\":500},{\"@type\":\"BreadcrumbList\",\"@id\":\"https:\/\/clientesbrandbits.click\/volvera-luego-de-45-anos-ford-coppola-a-estar-en-cannes\/#breadcrumb\",\"itemListElement\":[{\"@type\":\"ListItem\",\"position\":1,\"name\":\"Portada\",\"item\":\"https:\/\/clientesbrandbits.click\/\"},{\"@type\":\"ListItem\",\"position\":2,\"name\":\"\u00bfVolver\u00e1, luego de 45 a\u00f1os, Ford Coppola a estar en Cannes?\"}]},{\"@type\":\"WebSite\",\"@id\":\"https:\/\/clientesbrandbits.click\/#website\",\"url\":\"https:\/\/clientesbrandbits.click\/\",\"name\":\"Spanglish Cinema\",\"description\":\"\",\"publisher\":{\"@id\":\"https:\/\/clientesbrandbits.click\/#organization\"},\"potentialAction\":[{\"@type\":\"SearchAction\",\"target\":{\"@type\":\"EntryPoint\",\"urlTemplate\":\"https:\/\/clientesbrandbits.click\/?s={search_term_string}\"},\"query-input\":\"required name=search_term_string\"}],\"inLanguage\":\"en-US\"},{\"@type\":\"Organization\",\"@id\":\"https:\/\/clientesbrandbits.click\/#organization\",\"name\":\"Spanglish Cinema\",\"url\":\"https:\/\/clientesbrandbits.click\/\",\"logo\":{\"@type\":\"ImageObject\",\"inLanguage\":\"en-US\",\"@id\":\"https:\/\/clientesbrandbits.click\/#\/schema\/logo\/image\/\",\"url\":\"https:\/\/clientesbrandbits.click\/wp-content\/uploads\/2024\/03\/spanglish_cinema.png\",\"contentUrl\":\"https:\/\/clientesbrandbits.click\/wp-content\/uploads\/2024\/03\/spanglish_cinema.png\",\"width\":612,\"height\":225,\"caption\":\"Spanglish Cinema\"},\"image\":{\"@id\":\"https:\/\/clientesbrandbits.click\/#\/schema\/logo\/image\/\"}},{\"@type\":\"Person\",\"@id\":\"https:\/\/clientesbrandbits.click\/#\/schema\/person\/fedc39f5790928deafca5719b3588db2\",\"name\":\"Francisca Romero\",\"image\":{\"@type\":\"ImageObject\",\"inLanguage\":\"en-US\",\"@id\":\"https:\/\/clientesbrandbits.click\/#\/schema\/person\/image\/\",\"url\":\"https:\/\/secure.gravatar.com\/avatar\/59bbcac6a15502dc7740d8ba94724e62?s=96&d=mm&r=g\",\"contentUrl\":\"https:\/\/secure.gravatar.com\/avatar\/59bbcac6a15502dc7740d8ba94724e62?s=96&d=mm&r=g\",\"caption\":\"Francisca Romero\"},\"url\":\"https:\/\/clientesbrandbits.click\/en\/author\/francisca-romero\/\"}]}<\/script>\n<!-- \/ Yoast SEO plugin. -->","yoast_head_json":{"title":"\u00bfVolver\u00e1, luego de 45 a\u00f1os, Ford Coppola a estar en Cannes? - Spanglish Cinema","description":"\u201cMegal\u00f3polis\u201d, con Adam Driver y Forest Whitaker, es la nueva auto producida pel\u00edcula \/sue\u00f1o del reconocido director Francisca Ford Coppola, el film a\u00fan no encuentra distribuci\u00f3n y los pocos asistentes que la han visto han polarizado sus criticas entre \u201cuna obra de arte\u201d y \u201cser\u00e1 muy dif\u00edcil encontrarle distribuci\u00f3n\u201d","robots":{"index":"index","follow":"follow","max-snippet":"max-snippet:-1","max-image-preview":"max-image-preview:large","max-video-preview":"max-video-preview:-1"},"canonical":"https:\/\/clientesbrandbits.click\/en\/volvera-luego-de-45-anos-ford-coppola-a-estar-en-cannes\/","og_locale":"en_US","og_type":"article","og_title":"\u00bfVolver\u00e1, luego de 45 a\u00f1os, Ford Coppola a estar en Cannes? - Spanglish Cinema","og_description":"\u201cMegal\u00f3polis\u201d, con Adam Driver y Forest Whitaker, es la nueva auto producida pel\u00edcula \/sue\u00f1o del reconocido director Francisca Ford Coppola, el film a\u00fan no encuentra distribuci\u00f3n y los pocos asistentes que la han visto han polarizado sus criticas entre \u201cuna obra de arte\u201d y \u201cser\u00e1 muy dif\u00edcil encontrarle distribuci\u00f3n\u201d","og_url":"https:\/\/clientesbrandbits.click\/en\/volvera-luego-de-45-anos-ford-coppola-a-estar-en-cannes\/","og_site_name":"Spanglish Cinema","article_published_time":"2024-04-09T14:07:24+00:00","og_image":[{"width":1000,"height":500,"url":"https:\/\/clientesbrandbits.click\/wp-content\/uploads\/2024\/04\/francis-ford-coppola-megalopolis-2.jpg","type":"image\/jpeg"}],"author":"Francisca Romero","twitter_card":"summary_large_image","twitter_misc":{"Written by":"Francisca Romero","Est. reading time":"2 minutes"},"schema":{"@context":"https:\/\/schema.org","@graph":[{"@type":"Article","@id":"https:\/\/clientesbrandbits.click\/volvera-luego-de-45-anos-ford-coppola-a-estar-en-cannes\/#article","isPartOf":{"@id":"https:\/\/clientesbrandbits.click\/volvera-luego-de-45-anos-ford-coppola-a-estar-en-cannes\/"},"author":{"name":"Francisca Romero","@id":"https:\/\/clientesbrandbits.click\/#\/schema\/person\/fedc39f5790928deafca5719b3588db2"},"headline":"\u00bfVolver\u00e1, luego de 45 a\u00f1os, Ford Coppola a estar en Cannes?","datePublished":"2024-04-09T14:07:24+00:00","dateModified":"2024-04-09T14:07:24+00:00","mainEntityOfPage":{"@id":"https:\/\/clientesbrandbits.click\/volvera-luego-de-45-anos-ford-coppola-a-estar-en-cannes\/"},"wordCount":256,"publisher":{"@id":"https:\/\/clientesbrandbits.click\/#organization"},"image":{"@id":"https:\/\/clientesbrandbits.click\/volvera-luego-de-45-anos-ford-coppola-a-estar-en-cannes\/#primaryimage"},"thumbnailUrl":"https:\/\/clientesbrandbits.click\/wp-content\/uploads\/2024\/04\/francis-ford-coppola-megalopolis-2.jpg","keywords":["festival de cannes","Megalopolis"],"articleSection":["Festivales de Cine","Films"],"inLanguage":"en-US"},{"@type":"WebPage","@id":"https:\/\/clientesbrandbits.click\/volvera-luego-de-45-anos-ford-coppola-a-estar-en-cannes\/","url":"https:\/\/clientesbrandbits.click\/volvera-luego-de-45-anos-ford-coppola-a-estar-en-cannes\/","name":"\u00bfVolver\u00e1, luego de 45 a\u00f1os, Ford Coppola a estar en Cannes? - Spanglish Cinema","isPartOf":{"@id":"https:\/\/clientesbrandbits.click\/#website"},"primaryImageOfPage":{"@id":"https:\/\/clientesbrandbits.click\/volvera-luego-de-45-anos-ford-coppola-a-estar-en-cannes\/#primaryimage"},"image":{"@id":"https:\/\/clientesbrandbits.click\/volvera-luego-de-45-anos-ford-coppola-a-estar-en-cannes\/#primaryimage"},"thumbnailUrl":"https:\/\/clientesbrandbits.click\/wp-content\/uploads\/2024\/04\/francis-ford-coppola-megalopolis-2.jpg","datePublished":"2024-04-09T14:07:24+00:00","dateModified":"2024-04-09T14:07:24+00:00","description":"\u201cMegal\u00f3polis\u201d, con Adam Driver y Forest Whitaker, es la nueva auto producida pel\u00edcula \/sue\u00f1o del reconocido director Francisca Ford Coppola, el film a\u00fan no encuentra distribuci\u00f3n y los pocos asistentes que la han visto han polarizado sus criticas entre \u201cuna obra de arte\u201d y \u201cser\u00e1 muy dif\u00edcil encontrarle distribuci\u00f3n\u201d","breadcrumb":{"@id":"https:\/\/clientesbrandbits.click\/volvera-luego-de-45-anos-ford-coppola-a-estar-en-cannes\/#breadcrumb"},"inLanguage":"en-US","potentialAction":[{"@type":"ReadAction","target":["https:\/\/clientesbrandbits.click\/volvera-luego-de-45-anos-ford-coppola-a-estar-en-cannes\/"]}]},{"@type":"ImageObject","inLanguage":"en-US","@id":"https:\/\/clientesbrandbits.click\/volvera-luego-de-45-anos-ford-coppola-a-estar-en-cannes\/#primaryimage","url":"https:\/\/clientesbrandbits.click\/wp-content\/uploads\/2024\/04\/francis-ford-coppola-megalopolis-2.jpg","contentUrl":"https:\/\/clientesbrandbits.click\/wp-content\/uploads\/2024\/04\/francis-ford-coppola-megalopolis-2.jpg","width":1000,"height":500},{"@type":"BreadcrumbList","@id":"https:\/\/clientesbrandbits.click\/volvera-luego-de-45-anos-ford-coppola-a-estar-en-cannes\/#breadcrumb","itemListElement":[{"@type":"ListItem","position":1,"name":"Portada","item":"https:\/\/clientesbrandbits.click\/"},{"@type":"ListItem","position":2,"name":"\u00bfVolver\u00e1, luego de 45 a\u00f1os, Ford Coppola a estar en Cannes?"}]},{"@type":"WebSite","@id":"https:\/\/clientesbrandbits.click\/#website","url":"https:\/\/clientesbrandbits.click\/","name":"Spanglish Cinema","description":"","publisher":{"@id":"https:\/\/clientesbrandbits.click\/#organization"},"potentialAction":[{"@type":"SearchAction","target":{"@type":"EntryPoint","urlTemplate":"https:\/\/clientesbrandbits.click\/?s={search_term_string}"},"query-input":"required name=search_term_string"}],"inLanguage":"en-US"},{"@type":"Organization","@id":"https:\/\/clientesbrandbits.click\/#organization","name":"Spanglish Cinema","url":"https:\/\/clientesbrandbits.click\/","logo":{"@type":"ImageObject","inLanguage":"en-US","@id":"https:\/\/clientesbrandbits.click\/#\/schema\/logo\/image\/","url":"https:\/\/clientesbrandbits.click\/wp-content\/uploads\/2024\/03\/spanglish_cinema.png","contentUrl":"https:\/\/clientesbrandbits.click\/wp-content\/uploads\/2024\/03\/spanglish_cinema.png","width":612,"height":225,"caption":"Spanglish Cinema"},"image":{"@id":"https:\/\/clientesbrandbits.click\/#\/schema\/logo\/image\/"}},{"@type":"Person","@id":"https:\/\/clientesbrandbits.click\/#\/schema\/person\/fedc39f5790928deafca5719b3588db2","name":"Francisca Romero","image":{"@type":"ImageObject","inLanguage":"en-US","@id":"https:\/\/clientesbrandbits.click\/#\/schema\/person\/image\/","url":"https:\/\/secure.gravatar.com\/avatar\/59bbcac6a15502dc7740d8ba94724e62?s=96&d=mm&r=g","contentUrl":"https:\/\/secure.gravatar.com\/avatar\/59bbcac6a15502dc7740d8ba94724e62?s=96&d=mm&r=g","caption":"Francisca Romero"},"url":"https:\/\/clientesbrandbits.click\/en\/author\/francisca-romero\/"}]}},"_links":{"self":[{"href":"https:\/\/clientesbrandbits.click\/en\/wp-json\/wp\/v2\/posts\/899"}],"collection":[{"href":"https:\/\/clientesbrandbits.click\/en\/wp-json\/wp\/v2\/posts"}],"about":[{"href":"https:\/\/clientesbrandbits.click\/en\/wp-json\/wp\/v2\/types\/post"}],"author":[{"embeddable":true,"href":"https:\/\/clientesbrandbits.click\/en\/wp-json\/wp\/v2\/users\/2"}],"replies":[{"embeddable":true,"href":"https:\/\/clientesbrandbits.click\/en\/wp-json\/wp\/v2\/comments?post=899"}],"version-history":[{"count":1,"href":"https:\/\/clientesbrandbits.click\/en\/wp-json\/wp\/v2\/posts\/899\/revisions"}],"predecessor-version":[{"id":901,"href":"https:\/\/clientesbrandbits.click\/en\/wp-json\/wp\/v2\/posts\/899\/revisions\/901"}],"wp:featuredmedia":[{"embeddable":true,"href":"https:\/\/clientesbrandbits.click\/en\/wp-json\/wp\/v2\/media\/900"}],"wp:attachment":[{"href":"https:\/\/clientesbrandbits.click\/en\/wp-json\/wp\/v2\/media?parent=899"}],"wp:term":[{"taxonomy":"category","embeddable":true,"href":"https:\/\/clientesbrandbits.click\/en\/wp-json\/wp\/v2\/categories?post=899"},{"taxonomy":"post_tag","embeddable":true,"href":"https:\/\/clientesbrandbits.click\/en\/wp-json\/wp\/v2\/tags?post=899"}],"curies":[{"name":"wp","href":"https:\/\/api.w.org\/{rel}","templated":true}]}}