{"id":815,"date":"2024-04-03T10:29:35","date_gmt":"2024-04-03T13:29:35","guid":{"rendered":"https:\/\/clientesbrandbits.click\/?p=815"},"modified":"2024-04-03T10:29:53","modified_gmt":"2024-04-03T13:29:53","slug":"nace-un-nuevo-festival-de-cine-de-que-se-trata","status":"publish","type":"post","link":"https:\/\/clientesbrandbits.click\/en\/nace-un-nuevo-festival-de-cine-de-que-se-trata\/","title":{"rendered":"Nace un nuevo Festival de Cine, \u00bfDe qu\u00e9 se trata?"},"content":{"rendered":"<p>Si hay algo que sabemos es que en la gran ciudad de Los \u00c1ngeles siempre habr\u00e1 lugar para m\u00e1s cine. As\u00ed es como nace este pr\u00f3ximo 4 de abril el primer Festival de pel\u00edculas independientes en Los \u00c1ngeles. Est\u00e1 co-presentado por <strong>Mubi y Mezzanine<\/strong> y ya anunciaron la alineaci\u00f3n completa.<\/p>\n<p>Seg\u00fan los organizadores del festival, este espacio\u00a0 fue creado para redefinir Los \u00c1ngeles como un destino para el cine independiente.<em> \u201cLa idea es hacer de un lugar donde todo el foco est\u00e9 puesto en el cine independiente\u201d. <\/em><\/p>\n<p>El festival se inaugurar\u00e1 con una edici\u00f3n que proyectar\u00e1 11 pel\u00edculas, incluyendo un estreno mundial, tres restauraciones en 4K, como por ejemplo \u00abToute Une Nuit\u00bb, un drama er\u00f3tico oscuro de Chantal Akerman, lanzado en 1982. Adem\u00e1s habr\u00e1 charlas con artistas destacados, una serie documental y un programa de cortometrajes curados.<\/p>\n<p>\u00abI Saw the TV Glow\u00bb de A24, dirigida por Jane Schoenbrun, abrir\u00e1 el festival y tendr\u00e1 su estreno en la costa oeste el jueves 4 de abril en el Eagle Theatre de Vidiots. El cierre del festival ser\u00e1 el estreno mundial de \u00abRap World\u00bb de Conner O&#8217;Malley y Danny Scharer el domingo 7 de abril, tambi\u00e9n en Vidiots.<\/p>\n<p><em>\u00abEsta alineaci\u00f3n es un reflejo del panorama pasado y presente del cine independiente, y un conjunto de pel\u00edculas por las que sentimos una gran pasi\u00f3n. Estamos realmente orgullosos de presentar un grupo tan variado de pel\u00edculas que son ambiciosas, personales y autodeterminadas\u00bb<\/em>, declararon Micah Gottlieb y Sarah Winshall, fundadores del Festival de Cine de Los \u00c1ngeles, al sitio de IndieWire.<\/p>\n<p>El LAFM se llevar\u00e1 a cabo en Los \u00c1ngeles del 4 al 7 de abril.<\/p>\n<p>&nbsp;<\/p>\n<p>&nbsp;<\/p>\n<p>&nbsp;<\/p>","protected":false},"excerpt":{"rendered":"<p>Si hay algo que sabemos es que en la gran ciudad de Los \u00c1ngeles siempre habr\u00e1 lugar para m\u00e1s cine. As\u00ed es como nace este pr\u00f3ximo 4 de abril el primer Festival de pel\u00edculas independientes en Los \u00c1ngeles. Est\u00e1 co-presentado &#8230; <a title=\"Nace un nuevo Festival de Cine, \u00bfDe qu\u00e9 se trata?\" class=\"read-more\" href=\"https:\/\/clientesbrandbits.click\/en\/nace-un-nuevo-festival-de-cine-de-que-se-trata\/\" aria-label=\"Read more about Nace un nuevo Festival de Cine, \u00bfDe qu\u00e9 se trata?\">Read More<\/a><\/p>","protected":false},"author":4,"featured_media":816,"comment_status":"closed","ping_status":"closed","sticky":false,"template":"","format":"standard","meta":{"_joinchat":[],"footnotes":""},"categories":[11,10],"tags":[79,78],"class_list":["post-815","post","type-post","status-publish","format-standard","has-post-thumbnail","hentry","category-festivales-de-cine","category-films","tag-a24","tag-festival-mubi","infinite-scroll-item"],"yoast_head":"<!-- This site is optimized with the Yoast SEO plugin v22.8 - https:\/\/yoast.com\/wordpress\/plugins\/seo\/ -->\n<title>Nace un nuevo Festival de Cine, \u00bfDe qu\u00e9 se trata? - Spanglish Cinema<\/title>\n<meta name=\"description\" content=\"Si hay algo que sabemos es que en la gran ciudad de Los \u00c1ngeles siempre habr\u00e1 lugar para m\u00e1s cine. As\u00ed es como nace este pr\u00f3ximo 4 de abril el primer Festival de pel\u00edculas independientes en Los \u00c1ngeles. Est\u00e1 co-presentado por Mubi y Mezzanine y ya anunciaron la alineaci\u00f3n completa.\" \/>\n<meta name=\"robots\" content=\"index, follow, max-snippet:-1, max-image-preview:large, max-video-preview:-1\" \/>\n<link rel=\"canonical\" href=\"https:\/\/clientesbrandbits.click\/en\/nace-un-nuevo-festival-de-cine-de-que-se-trata\/\" \/>\n<meta property=\"og:locale\" content=\"en_US\" \/>\n<meta property=\"og:type\" content=\"article\" \/>\n<meta property=\"og:title\" content=\"Nace un nuevo Festival de Cine, \u00bfDe qu\u00e9 se trata? - Spanglish Cinema\" \/>\n<meta property=\"og:description\" content=\"Si hay algo que sabemos es que en la gran ciudad de Los \u00c1ngeles siempre habr\u00e1 lugar para m\u00e1s cine. As\u00ed es como nace este pr\u00f3ximo 4 de abril el primer Festival de pel\u00edculas independientes en Los \u00c1ngeles. Est\u00e1 co-presentado por Mubi y Mezzanine y ya anunciaron la alineaci\u00f3n completa.\" \/>\n<meta property=\"og:url\" content=\"https:\/\/clientesbrandbits.click\/en\/nace-un-nuevo-festival-de-cine-de-que-se-trata\/\" \/>\n<meta property=\"og:site_name\" content=\"Spanglish Cinema\" \/>\n<meta property=\"article:published_time\" content=\"2024-04-03T13:29:35+00:00\" \/>\n<meta property=\"article:modified_time\" content=\"2024-04-03T13:29:53+00:00\" \/>\n<meta property=\"og:image\" content=\"https:\/\/clientesbrandbits.click\/wp-content\/uploads\/2024\/04\/i-saw-the-tv-glow-official-trailer-65e06beca34f0.jpg\" \/>\n\t<meta property=\"og:image:width\" content=\"1816\" \/>\n\t<meta property=\"og:image:height\" content=\"1021\" \/>\n\t<meta property=\"og:image:type\" content=\"image\/jpeg\" \/>\n<meta name=\"author\" content=\"Mery Linares\" \/>\n<meta name=\"twitter:card\" content=\"summary_large_image\" \/>\n<meta name=\"twitter:label1\" content=\"Written by\" \/>\n\t<meta name=\"twitter:data1\" content=\"Mery Linares\" \/>\n\t<meta name=\"twitter:label2\" content=\"Est. reading time\" \/>\n\t<meta name=\"twitter:data2\" content=\"2 minutes\" \/>\n<script type=\"application\/ld+json\" class=\"yoast-schema-graph\">{\"@context\":\"https:\/\/schema.org\",\"@graph\":[{\"@type\":\"Article\",\"@id\":\"https:\/\/clientesbrandbits.click\/nace-un-nuevo-festival-de-cine-de-que-se-trata\/#article\",\"isPartOf\":{\"@id\":\"https:\/\/clientesbrandbits.click\/nace-un-nuevo-festival-de-cine-de-que-se-trata\/\"},\"author\":{\"name\":\"Mery Linares\",\"@id\":\"https:\/\/clientesbrandbits.click\/#\/schema\/person\/0d8086d91083c464c71a3ac2294f508b\"},\"headline\":\"Nace un nuevo Festival de Cine, \u00bfDe qu\u00e9 se trata?\",\"datePublished\":\"2024-04-03T13:29:35+00:00\",\"dateModified\":\"2024-04-03T13:29:53+00:00\",\"mainEntityOfPage\":{\"@id\":\"https:\/\/clientesbrandbits.click\/nace-un-nuevo-festival-de-cine-de-que-se-trata\/\"},\"wordCount\":291,\"publisher\":{\"@id\":\"https:\/\/clientesbrandbits.click\/#organization\"},\"image\":{\"@id\":\"https:\/\/clientesbrandbits.click\/nace-un-nuevo-festival-de-cine-de-que-se-trata\/#primaryimage\"},\"thumbnailUrl\":\"https:\/\/clientesbrandbits.click\/wp-content\/uploads\/2024\/04\/i-saw-the-tv-glow-official-trailer-65e06beca34f0.jpg\",\"keywords\":[\"A24\",\"Festival Mubi\"],\"articleSection\":[\"Festivales de Cine\",\"Films\"],\"inLanguage\":\"en-US\"},{\"@type\":\"WebPage\",\"@id\":\"https:\/\/clientesbrandbits.click\/nace-un-nuevo-festival-de-cine-de-que-se-trata\/\",\"url\":\"https:\/\/clientesbrandbits.click\/nace-un-nuevo-festival-de-cine-de-que-se-trata\/\",\"name\":\"Nace un nuevo Festival de Cine, \u00bfDe qu\u00e9 se trata? - Spanglish Cinema\",\"isPartOf\":{\"@id\":\"https:\/\/clientesbrandbits.click\/#website\"},\"primaryImageOfPage\":{\"@id\":\"https:\/\/clientesbrandbits.click\/nace-un-nuevo-festival-de-cine-de-que-se-trata\/#primaryimage\"},\"image\":{\"@id\":\"https:\/\/clientesbrandbits.click\/nace-un-nuevo-festival-de-cine-de-que-se-trata\/#primaryimage\"},\"thumbnailUrl\":\"https:\/\/clientesbrandbits.click\/wp-content\/uploads\/2024\/04\/i-saw-the-tv-glow-official-trailer-65e06beca34f0.jpg\",\"datePublished\":\"2024-04-03T13:29:35+00:00\",\"dateModified\":\"2024-04-03T13:29:53+00:00\",\"description\":\"Si hay algo que sabemos es que en la gran ciudad de Los \u00c1ngeles siempre habr\u00e1 lugar para m\u00e1s cine. As\u00ed es como nace este pr\u00f3ximo 4 de abril el primer Festival de pel\u00edculas independientes en Los \u00c1ngeles. Est\u00e1 co-presentado por Mubi y Mezzanine y ya anunciaron la alineaci\u00f3n completa.\",\"breadcrumb\":{\"@id\":\"https:\/\/clientesbrandbits.click\/nace-un-nuevo-festival-de-cine-de-que-se-trata\/#breadcrumb\"},\"inLanguage\":\"en-US\",\"potentialAction\":[{\"@type\":\"ReadAction\",\"target\":[\"https:\/\/clientesbrandbits.click\/nace-un-nuevo-festival-de-cine-de-que-se-trata\/\"]}]},{\"@type\":\"ImageObject\",\"inLanguage\":\"en-US\",\"@id\":\"https:\/\/clientesbrandbits.click\/nace-un-nuevo-festival-de-cine-de-que-se-trata\/#primaryimage\",\"url\":\"https:\/\/clientesbrandbits.click\/wp-content\/uploads\/2024\/04\/i-saw-the-tv-glow-official-trailer-65e06beca34f0.jpg\",\"contentUrl\":\"https:\/\/clientesbrandbits.click\/wp-content\/uploads\/2024\/04\/i-saw-the-tv-glow-official-trailer-65e06beca34f0.jpg\",\"width\":1816,\"height\":1021},{\"@type\":\"BreadcrumbList\",\"@id\":\"https:\/\/clientesbrandbits.click\/nace-un-nuevo-festival-de-cine-de-que-se-trata\/#breadcrumb\",\"itemListElement\":[{\"@type\":\"ListItem\",\"position\":1,\"name\":\"Portada\",\"item\":\"https:\/\/clientesbrandbits.click\/\"},{\"@type\":\"ListItem\",\"position\":2,\"name\":\"Nace un nuevo Festival de Cine, \u00bfDe qu\u00e9 se trata?\"}]},{\"@type\":\"WebSite\",\"@id\":\"https:\/\/clientesbrandbits.click\/#website\",\"url\":\"https:\/\/clientesbrandbits.click\/\",\"name\":\"Spanglish Cinema\",\"description\":\"\",\"publisher\":{\"@id\":\"https:\/\/clientesbrandbits.click\/#organization\"},\"potentialAction\":[{\"@type\":\"SearchAction\",\"target\":{\"@type\":\"EntryPoint\",\"urlTemplate\":\"https:\/\/clientesbrandbits.click\/?s={search_term_string}\"},\"query-input\":\"required name=search_term_string\"}],\"inLanguage\":\"en-US\"},{\"@type\":\"Organization\",\"@id\":\"https:\/\/clientesbrandbits.click\/#organization\",\"name\":\"Spanglish Cinema\",\"url\":\"https:\/\/clientesbrandbits.click\/\",\"logo\":{\"@type\":\"ImageObject\",\"inLanguage\":\"en-US\",\"@id\":\"https:\/\/clientesbrandbits.click\/#\/schema\/logo\/image\/\",\"url\":\"https:\/\/clientesbrandbits.click\/wp-content\/uploads\/2024\/03\/spanglish_cinema.png\",\"contentUrl\":\"https:\/\/clientesbrandbits.click\/wp-content\/uploads\/2024\/03\/spanglish_cinema.png\",\"width\":612,\"height\":225,\"caption\":\"Spanglish Cinema\"},\"image\":{\"@id\":\"https:\/\/clientesbrandbits.click\/#\/schema\/logo\/image\/\"}},{\"@type\":\"Person\",\"@id\":\"https:\/\/clientesbrandbits.click\/#\/schema\/person\/0d8086d91083c464c71a3ac2294f508b\",\"name\":\"Mery Linares\",\"image\":{\"@type\":\"ImageObject\",\"inLanguage\":\"en-US\",\"@id\":\"https:\/\/clientesbrandbits.click\/#\/schema\/person\/image\/\",\"url\":\"https:\/\/secure.gravatar.com\/avatar\/c2c478fe4bca383b05d541cf087a8cfb?s=96&d=mm&r=g\",\"contentUrl\":\"https:\/\/secure.gravatar.com\/avatar\/c2c478fe4bca383b05d541cf087a8cfb?s=96&d=mm&r=g\",\"caption\":\"Mery Linares\"},\"url\":\"https:\/\/clientesbrandbits.click\/en\/author\/mery-linares\/\"}]}<\/script>\n<!-- \/ Yoast SEO plugin. -->","yoast_head_json":{"title":"Nace un nuevo Festival de Cine, \u00bfDe qu\u00e9 se trata? - Spanglish Cinema","description":"Si hay algo que sabemos es que en la gran ciudad de Los \u00c1ngeles siempre habr\u00e1 lugar para m\u00e1s cine. As\u00ed es como nace este pr\u00f3ximo 4 de abril el primer Festival de pel\u00edculas independientes en Los \u00c1ngeles. Est\u00e1 co-presentado por Mubi y Mezzanine y ya anunciaron la alineaci\u00f3n completa.","robots":{"index":"index","follow":"follow","max-snippet":"max-snippet:-1","max-image-preview":"max-image-preview:large","max-video-preview":"max-video-preview:-1"},"canonical":"https:\/\/clientesbrandbits.click\/en\/nace-un-nuevo-festival-de-cine-de-que-se-trata\/","og_locale":"en_US","og_type":"article","og_title":"Nace un nuevo Festival de Cine, \u00bfDe qu\u00e9 se trata? - Spanglish Cinema","og_description":"Si hay algo que sabemos es que en la gran ciudad de Los \u00c1ngeles siempre habr\u00e1 lugar para m\u00e1s cine. As\u00ed es como nace este pr\u00f3ximo 4 de abril el primer Festival de pel\u00edculas independientes en Los \u00c1ngeles. Est\u00e1 co-presentado por Mubi y Mezzanine y ya anunciaron la alineaci\u00f3n completa.","og_url":"https:\/\/clientesbrandbits.click\/en\/nace-un-nuevo-festival-de-cine-de-que-se-trata\/","og_site_name":"Spanglish Cinema","article_published_time":"2024-04-03T13:29:35+00:00","article_modified_time":"2024-04-03T13:29:53+00:00","og_image":[{"width":1816,"height":1021,"url":"https:\/\/clientesbrandbits.click\/wp-content\/uploads\/2024\/04\/i-saw-the-tv-glow-official-trailer-65e06beca34f0.jpg","type":"image\/jpeg"}],"author":"Mery Linares","twitter_card":"summary_large_image","twitter_misc":{"Written by":"Mery Linares","Est. reading time":"2 minutes"},"schema":{"@context":"https:\/\/schema.org","@graph":[{"@type":"Article","@id":"https:\/\/clientesbrandbits.click\/nace-un-nuevo-festival-de-cine-de-que-se-trata\/#article","isPartOf":{"@id":"https:\/\/clientesbrandbits.click\/nace-un-nuevo-festival-de-cine-de-que-se-trata\/"},"author":{"name":"Mery Linares","@id":"https:\/\/clientesbrandbits.click\/#\/schema\/person\/0d8086d91083c464c71a3ac2294f508b"},"headline":"Nace un nuevo Festival de Cine, \u00bfDe qu\u00e9 se trata?","datePublished":"2024-04-03T13:29:35+00:00","dateModified":"2024-04-03T13:29:53+00:00","mainEntityOfPage":{"@id":"https:\/\/clientesbrandbits.click\/nace-un-nuevo-festival-de-cine-de-que-se-trata\/"},"wordCount":291,"publisher":{"@id":"https:\/\/clientesbrandbits.click\/#organization"},"image":{"@id":"https:\/\/clientesbrandbits.click\/nace-un-nuevo-festival-de-cine-de-que-se-trata\/#primaryimage"},"thumbnailUrl":"https:\/\/clientesbrandbits.click\/wp-content\/uploads\/2024\/04\/i-saw-the-tv-glow-official-trailer-65e06beca34f0.jpg","keywords":["A24","Festival Mubi"],"articleSection":["Festivales de Cine","Films"],"inLanguage":"en-US"},{"@type":"WebPage","@id":"https:\/\/clientesbrandbits.click\/nace-un-nuevo-festival-de-cine-de-que-se-trata\/","url":"https:\/\/clientesbrandbits.click\/nace-un-nuevo-festival-de-cine-de-que-se-trata\/","name":"Nace un nuevo Festival de Cine, \u00bfDe qu\u00e9 se trata? - Spanglish Cinema","isPartOf":{"@id":"https:\/\/clientesbrandbits.click\/#website"},"primaryImageOfPage":{"@id":"https:\/\/clientesbrandbits.click\/nace-un-nuevo-festival-de-cine-de-que-se-trata\/#primaryimage"},"image":{"@id":"https:\/\/clientesbrandbits.click\/nace-un-nuevo-festival-de-cine-de-que-se-trata\/#primaryimage"},"thumbnailUrl":"https:\/\/clientesbrandbits.click\/wp-content\/uploads\/2024\/04\/i-saw-the-tv-glow-official-trailer-65e06beca34f0.jpg","datePublished":"2024-04-03T13:29:35+00:00","dateModified":"2024-04-03T13:29:53+00:00","description":"Si hay algo que sabemos es que en la gran ciudad de Los \u00c1ngeles siempre habr\u00e1 lugar para m\u00e1s cine. As\u00ed es como nace este pr\u00f3ximo 4 de abril el primer Festival de pel\u00edculas independientes en Los \u00c1ngeles. Est\u00e1 co-presentado por Mubi y Mezzanine y ya anunciaron la alineaci\u00f3n completa.","breadcrumb":{"@id":"https:\/\/clientesbrandbits.click\/nace-un-nuevo-festival-de-cine-de-que-se-trata\/#breadcrumb"},"inLanguage":"en-US","potentialAction":[{"@type":"ReadAction","target":["https:\/\/clientesbrandbits.click\/nace-un-nuevo-festival-de-cine-de-que-se-trata\/"]}]},{"@type":"ImageObject","inLanguage":"en-US","@id":"https:\/\/clientesbrandbits.click\/nace-un-nuevo-festival-de-cine-de-que-se-trata\/#primaryimage","url":"https:\/\/clientesbrandbits.click\/wp-content\/uploads\/2024\/04\/i-saw-the-tv-glow-official-trailer-65e06beca34f0.jpg","contentUrl":"https:\/\/clientesbrandbits.click\/wp-content\/uploads\/2024\/04\/i-saw-the-tv-glow-official-trailer-65e06beca34f0.jpg","width":1816,"height":1021},{"@type":"BreadcrumbList","@id":"https:\/\/clientesbrandbits.click\/nace-un-nuevo-festival-de-cine-de-que-se-trata\/#breadcrumb","itemListElement":[{"@type":"ListItem","position":1,"name":"Portada","item":"https:\/\/clientesbrandbits.click\/"},{"@type":"ListItem","position":2,"name":"Nace un nuevo Festival de Cine, \u00bfDe qu\u00e9 se trata?"}]},{"@type":"WebSite","@id":"https:\/\/clientesbrandbits.click\/#website","url":"https:\/\/clientesbrandbits.click\/","name":"Spanglish Cinema","description":"","publisher":{"@id":"https:\/\/clientesbrandbits.click\/#organization"},"potentialAction":[{"@type":"SearchAction","target":{"@type":"EntryPoint","urlTemplate":"https:\/\/clientesbrandbits.click\/?s={search_term_string}"},"query-input":"required name=search_term_string"}],"inLanguage":"en-US"},{"@type":"Organization","@id":"https:\/\/clientesbrandbits.click\/#organization","name":"Spanglish Cinema","url":"https:\/\/clientesbrandbits.click\/","logo":{"@type":"ImageObject","inLanguage":"en-US","@id":"https:\/\/clientesbrandbits.click\/#\/schema\/logo\/image\/","url":"https:\/\/clientesbrandbits.click\/wp-content\/uploads\/2024\/03\/spanglish_cinema.png","contentUrl":"https:\/\/clientesbrandbits.click\/wp-content\/uploads\/2024\/03\/spanglish_cinema.png","width":612,"height":225,"caption":"Spanglish Cinema"},"image":{"@id":"https:\/\/clientesbrandbits.click\/#\/schema\/logo\/image\/"}},{"@type":"Person","@id":"https:\/\/clientesbrandbits.click\/#\/schema\/person\/0d8086d91083c464c71a3ac2294f508b","name":"Mery Linares","image":{"@type":"ImageObject","inLanguage":"en-US","@id":"https:\/\/clientesbrandbits.click\/#\/schema\/person\/image\/","url":"https:\/\/secure.gravatar.com\/avatar\/c2c478fe4bca383b05d541cf087a8cfb?s=96&d=mm&r=g","contentUrl":"https:\/\/secure.gravatar.com\/avatar\/c2c478fe4bca383b05d541cf087a8cfb?s=96&d=mm&r=g","caption":"Mery Linares"},"url":"https:\/\/clientesbrandbits.click\/en\/author\/mery-linares\/"}]}},"_links":{"self":[{"href":"https:\/\/clientesbrandbits.click\/en\/wp-json\/wp\/v2\/posts\/815"}],"collection":[{"href":"https:\/\/clientesbrandbits.click\/en\/wp-json\/wp\/v2\/posts"}],"about":[{"href":"https:\/\/clientesbrandbits.click\/en\/wp-json\/wp\/v2\/types\/post"}],"author":[{"embeddable":true,"href":"https:\/\/clientesbrandbits.click\/en\/wp-json\/wp\/v2\/users\/4"}],"replies":[{"embeddable":true,"href":"https:\/\/clientesbrandbits.click\/en\/wp-json\/wp\/v2\/comments?post=815"}],"version-history":[{"count":1,"href":"https:\/\/clientesbrandbits.click\/en\/wp-json\/wp\/v2\/posts\/815\/revisions"}],"predecessor-version":[{"id":817,"href":"https:\/\/clientesbrandbits.click\/en\/wp-json\/wp\/v2\/posts\/815\/revisions\/817"}],"wp:featuredmedia":[{"embeddable":true,"href":"https:\/\/clientesbrandbits.click\/en\/wp-json\/wp\/v2\/media\/816"}],"wp:attachment":[{"href":"https:\/\/clientesbrandbits.click\/en\/wp-json\/wp\/v2\/media?parent=815"}],"wp:term":[{"taxonomy":"category","embeddable":true,"href":"https:\/\/clientesbrandbits.click\/en\/wp-json\/wp\/v2\/categories?post=815"},{"taxonomy":"post_tag","embeddable":true,"href":"https:\/\/clientesbrandbits.click\/en\/wp-json\/wp\/v2\/tags?post=815"}],"curies":[{"name":"wp","href":"https:\/\/api.w.org\/{rel}","templated":true}]}}