{"id":643,"date":"2024-03-26T11:16:24","date_gmt":"2024-03-26T14:16:24","guid":{"rendered":"https:\/\/clientesbrandbits.click\/?p=643"},"modified":"2024-03-26T12:57:49","modified_gmt":"2024-03-26T15:57:49","slug":"la-california-alfredo-castro-llega-a-las-salas-nacionales-con-una-co-produccion-italo-chilena","status":"publish","type":"post","link":"https:\/\/clientesbrandbits.click\/en\/la-california-alfredo-castro-llega-a-las-salas-nacionales-con-una-co-produccion-italo-chilena\/","title":{"rendered":"\u201cThe California\u201d: Alfredo Castro arrives in national theatres with a co-production by \u00edtalo-chilean"},"content":{"rendered":"<p>Este jueves se estrena en Chile, La California, la coproducci\u00f3n \u00edtalo- chilena que tiene a Alfredo Castro.<\/p>\n<p>Cinzia Bomoll es escritora y directora de cine, este es su segundo largometraje donde convirti\u00f3 su propio relato en \u201cLa California\u201d pel\u00edcula basada en su libro \u201cLei che nelle foto non sorrideva.<\/p>\n<p>En el film dos gemelas id\u00e9nticas ( Silvia y Giulia Provvedi) pero muy diferentes a la vez, Alice y Ester, crecen en La California, un pueblo italiano brumoso y particular. A pesar de sus diferencias son inseparables desde ni\u00f1as, pero cuando conocen a Pablo (Ricardo Frascari), un enigm\u00e1tico y apuesto joven chileno quien llega al pueblo junto a su Padre (Alfredo Castro), se enfrentan por primera vez, rompiendo su pacto sagrado. Distanciadas una de la otra, buscando sus individualidades y el amor que les falta en este pueblo detenido en el tiempo, de pronto una de ellas aparece muerta, y todo en La California toma otra dimensi\u00f3n.<\/p>\n<p>La pel\u00edcula de Bomoll fue participe de diversos festivales internacionales, incluso se qued\u00f3 con el premio del p\u00fablico en el Festival de Beverlly Hills y bati\u00f3 records manteni\u00e9ndose m\u00e1s de ocho semanas en la cartelera italiana.<\/p>\n<p>Su estilo marc\u00f3 cierta escencia de la pel\u00edcula que la hace \u00fanica. Dos cantantes son las protagonistas de la pel\u00edcula y su directora as\u00ed quer\u00eda que fuera, recalcando que su pueblo es cuna de cantantes como Luciano Pavarotti o Rafaella Carr\u00e1, y es que casi todo el cast tiene un v\u00ednculo musical y tambi\u00e9n la pel\u00edcula cuenta con una banda sonora que da cuenta de ello por su minimalismo y efectividad. Sin ir m\u00e1s all\u00e1, se enamor\u00f3 de la actuacion de Alfredo Castro, quien es parte del elenco de la pel\u00edcula, por su actuacion de Tony Manero del cineasta chileno Pablo Larra\u00edn.<\/p>\n<p>EL film pasa por diferentes \u00e9pocas, los 70\u00b4s y 80\u00b4s en un coming of age, y\u00a0 se concentra en las gemelas adolescentes en los a\u00f1os 90. Una de sus virtudes es que encuentras diferentes g\u00e9neros en ella, la pel\u00edcula tiene giros de guion que precisan de un espectador activo el que termina rendido frente a esta inmersi\u00f3n en un mundo \u00fanico lleno de detalles y misterio al m\u00e1s puro estilo del Thriller.<\/p>\n<p>En una pel\u00edcula hecha mayoritariamente por mujeres, y se siente, en palabras de la directora y la productora, lo importante que fue para ellas rodearse de mujeres en la parte t\u00e9cnica para poder llevarla a cabo, entendiendo lo que esto significa en las brechas existentes en la industria.<\/p>\n<p>Hablamos con sus protagonistas y puede revisar la invitaci\u00f3n realizada por sus protagonistas para ver la pel\u00edcula, ac\u00e1:<\/p>\n<p><a href=\"https:\/\/www.instagram.com\/reel\/C4-uak7MVYo\/?utm_source=ig_web_copy_link&amp;igsh=MzRlODBiNWFlZA==\">La California<\/a><\/p>\n<p>Pronto, las entrevistas completas en nuestro canal Youtube.<\/p>","protected":false},"excerpt":{"rendered":"<p>Este jueves se estrena en Chile, La California, la coproducci\u00f3n \u00edtalo- chilena que tiene a Alfredo Castro. Cinzia Bomoll es escritora y directora de cine, este es su segundo largometraje donde convirti\u00f3 su propio relato en \u201cLa California\u201d pel\u00edcula basada &#8230; <a title=\"\u201cThe California\u201d: Alfredo Castro arrives in national theatres with a co-production by \u00edtalo-chilean\" class=\"read-more\" href=\"https:\/\/clientesbrandbits.click\/en\/la-california-alfredo-castro-llega-a-las-salas-nacionales-con-una-co-produccion-italo-chilena\/\" aria-label=\"Read more about \u201cLa California\u201d: Alfredo Castro llega a las salas nacionales con una coproducci\u00f3n \u00edtalo-chilena\">Read More<\/a><\/p>","protected":false},"author":2,"featured_media":648,"comment_status":"closed","ping_status":"closed","sticky":false,"template":"","format":"standard","meta":{"_joinchat":[],"footnotes":""},"categories":[13,10],"tags":[38,37,39,36],"class_list":["post-643","post","type-post","status-publish","format-standard","has-post-thumbnail","hentry","category-entrevistas","category-films","tag-alfredo-castro","tag-cine-chileno","tag-cinzia-bomoll","tag-la-california","infinite-scroll-item"],"yoast_head":"<!-- This site is optimized with the Yoast SEO plugin v22.8 - https:\/\/yoast.com\/wordpress\/plugins\/seo\/ -->\n<title>\u201cLa California\u201d: Alfredo Castro llega a las salas nacionales con una coproducci\u00f3n \u00edtalo-chilena - Spanglish Cinema<\/title>\n<meta name=\"description\" content=\"Cinzia Bomoll es escritora y esta es su segundo largometraje donde convirti\u00f3 su propio relato en \u201cLa California\u201d pel\u00edcula basada en su libro.\" \/>\n<meta name=\"robots\" content=\"index, follow, max-snippet:-1, max-image-preview:large, max-video-preview:-1\" \/>\n<link rel=\"canonical\" href=\"https:\/\/clientesbrandbits.click\/en\/la-california-alfredo-castro-llega-a-las-salas-nacionales-con-una-co-produccion-italo-chilena\/\" \/>\n<meta property=\"og:locale\" content=\"en_US\" \/>\n<meta property=\"og:type\" content=\"article\" \/>\n<meta property=\"og:title\" content=\"\u201cLa California\u201d: Alfredo Castro llega a las salas nacionales con una coproducci\u00f3n \u00edtalo-chilena - Spanglish Cinema\" \/>\n<meta property=\"og:description\" content=\"Cinzia Bomoll es escritora y esta es su segundo largometraje donde convirti\u00f3 su propio relato en \u201cLa California\u201d pel\u00edcula basada en su libro.\" \/>\n<meta property=\"og:url\" content=\"https:\/\/clientesbrandbits.click\/en\/la-california-alfredo-castro-llega-a-las-salas-nacionales-con-una-co-produccion-italo-chilena\/\" \/>\n<meta property=\"og:site_name\" content=\"Spanglish Cinema\" \/>\n<meta property=\"article:published_time\" content=\"2024-03-26T14:16:24+00:00\" \/>\n<meta property=\"article:modified_time\" content=\"2024-03-26T15:57:49+00:00\" \/>\n<meta property=\"og:image\" content=\"https:\/\/clientesbrandbits.click\/wp-content\/uploads\/2024\/03\/La-California-Diritti-Amarcord-produzione.jpg\" \/>\n\t<meta property=\"og:image:width\" content=\"1200\" \/>\n\t<meta property=\"og:image:height\" content=\"600\" \/>\n\t<meta property=\"og:image:type\" content=\"image\/jpeg\" \/>\n<meta name=\"author\" content=\"Francisca Romero\" \/>\n<meta name=\"twitter:card\" content=\"summary_large_image\" \/>\n<meta name=\"twitter:label1\" content=\"Written by\" \/>\n\t<meta name=\"twitter:data1\" content=\"Francisca Romero\" \/>\n\t<meta name=\"twitter:label2\" content=\"Est. reading time\" \/>\n\t<meta name=\"twitter:data2\" content=\"3 minutes\" \/>\n<script type=\"application\/ld+json\" class=\"yoast-schema-graph\">{\"@context\":\"https:\/\/schema.org\",\"@graph\":[{\"@type\":\"Article\",\"@id\":\"https:\/\/clientesbrandbits.click\/la-california-alfredo-castro-llega-a-las-salas-nacionales-con-una-co-produccion-italo-chilena\/#article\",\"isPartOf\":{\"@id\":\"https:\/\/clientesbrandbits.click\/la-california-alfredo-castro-llega-a-las-salas-nacionales-con-una-co-produccion-italo-chilena\/\"},\"author\":{\"name\":\"Francisca Romero\",\"@id\":\"https:\/\/clientesbrandbits.click\/#\/schema\/person\/fedc39f5790928deafca5719b3588db2\"},\"headline\":\"\u201cLa California\u201d: Alfredo Castro llega a las salas nacionales con una coproducci\u00f3n \u00edtalo-chilena\",\"datePublished\":\"2024-03-26T14:16:24+00:00\",\"dateModified\":\"2024-03-26T15:57:49+00:00\",\"mainEntityOfPage\":{\"@id\":\"https:\/\/clientesbrandbits.click\/la-california-alfredo-castro-llega-a-las-salas-nacionales-con-una-co-produccion-italo-chilena\/\"},\"wordCount\":482,\"publisher\":{\"@id\":\"https:\/\/clientesbrandbits.click\/#organization\"},\"image\":{\"@id\":\"https:\/\/clientesbrandbits.click\/la-california-alfredo-castro-llega-a-las-salas-nacionales-con-una-co-produccion-italo-chilena\/#primaryimage\"},\"thumbnailUrl\":\"https:\/\/clientesbrandbits.click\/wp-content\/uploads\/2024\/03\/La-California-Diritti-Amarcord-produzione.jpg\",\"keywords\":[\"Alfredo Castro\",\"Cine Chileno\",\"Cinzia Bomoll\",\"La California\"],\"articleSection\":[\"Entrevistas\",\"Films\"],\"inLanguage\":\"en-US\"},{\"@type\":\"WebPage\",\"@id\":\"https:\/\/clientesbrandbits.click\/la-california-alfredo-castro-llega-a-las-salas-nacionales-con-una-co-produccion-italo-chilena\/\",\"url\":\"https:\/\/clientesbrandbits.click\/la-california-alfredo-castro-llega-a-las-salas-nacionales-con-una-co-produccion-italo-chilena\/\",\"name\":\"\u201cLa California\u201d: Alfredo Castro llega a las salas nacionales con una coproducci\u00f3n \u00edtalo-chilena - Spanglish Cinema\",\"isPartOf\":{\"@id\":\"https:\/\/clientesbrandbits.click\/#website\"},\"primaryImageOfPage\":{\"@id\":\"https:\/\/clientesbrandbits.click\/la-california-alfredo-castro-llega-a-las-salas-nacionales-con-una-co-produccion-italo-chilena\/#primaryimage\"},\"image\":{\"@id\":\"https:\/\/clientesbrandbits.click\/la-california-alfredo-castro-llega-a-las-salas-nacionales-con-una-co-produccion-italo-chilena\/#primaryimage\"},\"thumbnailUrl\":\"https:\/\/clientesbrandbits.click\/wp-content\/uploads\/2024\/03\/La-California-Diritti-Amarcord-produzione.jpg\",\"datePublished\":\"2024-03-26T14:16:24+00:00\",\"dateModified\":\"2024-03-26T15:57:49+00:00\",\"description\":\"Cinzia Bomoll es escritora y esta es su segundo largometraje donde convirti\u00f3 su propio relato en \u201cLa California\u201d pel\u00edcula basada en su libro.\",\"breadcrumb\":{\"@id\":\"https:\/\/clientesbrandbits.click\/la-california-alfredo-castro-llega-a-las-salas-nacionales-con-una-co-produccion-italo-chilena\/#breadcrumb\"},\"inLanguage\":\"en-US\",\"potentialAction\":[{\"@type\":\"ReadAction\",\"target\":[\"https:\/\/clientesbrandbits.click\/la-california-alfredo-castro-llega-a-las-salas-nacionales-con-una-co-produccion-italo-chilena\/\"]}]},{\"@type\":\"ImageObject\",\"inLanguage\":\"en-US\",\"@id\":\"https:\/\/clientesbrandbits.click\/la-california-alfredo-castro-llega-a-las-salas-nacionales-con-una-co-produccion-italo-chilena\/#primaryimage\",\"url\":\"https:\/\/clientesbrandbits.click\/wp-content\/uploads\/2024\/03\/La-California-Diritti-Amarcord-produzione.jpg\",\"contentUrl\":\"https:\/\/clientesbrandbits.click\/wp-content\/uploads\/2024\/03\/La-California-Diritti-Amarcord-produzione.jpg\",\"width\":1200,\"height\":600},{\"@type\":\"BreadcrumbList\",\"@id\":\"https:\/\/clientesbrandbits.click\/la-california-alfredo-castro-llega-a-las-salas-nacionales-con-una-co-produccion-italo-chilena\/#breadcrumb\",\"itemListElement\":[{\"@type\":\"ListItem\",\"position\":1,\"name\":\"Portada\",\"item\":\"https:\/\/clientesbrandbits.click\/\"},{\"@type\":\"ListItem\",\"position\":2,\"name\":\"\u201cLa California\u201d: Alfredo Castro llega a las salas nacionales con una coproducci\u00f3n \u00edtalo-chilena\"}]},{\"@type\":\"WebSite\",\"@id\":\"https:\/\/clientesbrandbits.click\/#website\",\"url\":\"https:\/\/clientesbrandbits.click\/\",\"name\":\"Spanglish Cinema\",\"description\":\"\",\"publisher\":{\"@id\":\"https:\/\/clientesbrandbits.click\/#organization\"},\"potentialAction\":[{\"@type\":\"SearchAction\",\"target\":{\"@type\":\"EntryPoint\",\"urlTemplate\":\"https:\/\/clientesbrandbits.click\/?s={search_term_string}\"},\"query-input\":\"required name=search_term_string\"}],\"inLanguage\":\"en-US\"},{\"@type\":\"Organization\",\"@id\":\"https:\/\/clientesbrandbits.click\/#organization\",\"name\":\"Spanglish Cinema\",\"url\":\"https:\/\/clientesbrandbits.click\/\",\"logo\":{\"@type\":\"ImageObject\",\"inLanguage\":\"en-US\",\"@id\":\"https:\/\/clientesbrandbits.click\/#\/schema\/logo\/image\/\",\"url\":\"https:\/\/clientesbrandbits.click\/wp-content\/uploads\/2024\/03\/spanglish_cinema.png\",\"contentUrl\":\"https:\/\/clientesbrandbits.click\/wp-content\/uploads\/2024\/03\/spanglish_cinema.png\",\"width\":612,\"height\":225,\"caption\":\"Spanglish Cinema\"},\"image\":{\"@id\":\"https:\/\/clientesbrandbits.click\/#\/schema\/logo\/image\/\"}},{\"@type\":\"Person\",\"@id\":\"https:\/\/clientesbrandbits.click\/#\/schema\/person\/fedc39f5790928deafca5719b3588db2\",\"name\":\"Francisca Romero\",\"image\":{\"@type\":\"ImageObject\",\"inLanguage\":\"en-US\",\"@id\":\"https:\/\/clientesbrandbits.click\/#\/schema\/person\/image\/\",\"url\":\"https:\/\/secure.gravatar.com\/avatar\/59bbcac6a15502dc7740d8ba94724e62?s=96&d=mm&r=g\",\"contentUrl\":\"https:\/\/secure.gravatar.com\/avatar\/59bbcac6a15502dc7740d8ba94724e62?s=96&d=mm&r=g\",\"caption\":\"Francisca Romero\"},\"url\":\"https:\/\/clientesbrandbits.click\/en\/author\/francisca-romero\/\"}]}<\/script>\n<!-- \/ Yoast SEO plugin. -->","yoast_head_json":{"title":"\u201cLa California\u201d: Alfredo Castro llega a las salas nacionales con una coproducci\u00f3n \u00edtalo-chilena - Spanglish Cinema","description":"Cinzia Bomoll es escritora y esta es su segundo largometraje donde convirti\u00f3 su propio relato en \u201cLa California\u201d pel\u00edcula basada en su libro.","robots":{"index":"index","follow":"follow","max-snippet":"max-snippet:-1","max-image-preview":"max-image-preview:large","max-video-preview":"max-video-preview:-1"},"canonical":"https:\/\/clientesbrandbits.click\/en\/la-california-alfredo-castro-llega-a-las-salas-nacionales-con-una-co-produccion-italo-chilena\/","og_locale":"en_US","og_type":"article","og_title":"\u201cLa California\u201d: Alfredo Castro llega a las salas nacionales con una coproducci\u00f3n \u00edtalo-chilena - Spanglish Cinema","og_description":"Cinzia Bomoll es escritora y esta es su segundo largometraje donde convirti\u00f3 su propio relato en \u201cLa California\u201d pel\u00edcula basada en su libro.","og_url":"https:\/\/clientesbrandbits.click\/en\/la-california-alfredo-castro-llega-a-las-salas-nacionales-con-una-co-produccion-italo-chilena\/","og_site_name":"Spanglish Cinema","article_published_time":"2024-03-26T14:16:24+00:00","article_modified_time":"2024-03-26T15:57:49+00:00","og_image":[{"width":1200,"height":600,"url":"https:\/\/clientesbrandbits.click\/wp-content\/uploads\/2024\/03\/La-California-Diritti-Amarcord-produzione.jpg","type":"image\/jpeg"}],"author":"Francisca Romero","twitter_card":"summary_large_image","twitter_misc":{"Written by":"Francisca Romero","Est. reading time":"3 minutes"},"schema":{"@context":"https:\/\/schema.org","@graph":[{"@type":"Article","@id":"https:\/\/clientesbrandbits.click\/la-california-alfredo-castro-llega-a-las-salas-nacionales-con-una-co-produccion-italo-chilena\/#article","isPartOf":{"@id":"https:\/\/clientesbrandbits.click\/la-california-alfredo-castro-llega-a-las-salas-nacionales-con-una-co-produccion-italo-chilena\/"},"author":{"name":"Francisca Romero","@id":"https:\/\/clientesbrandbits.click\/#\/schema\/person\/fedc39f5790928deafca5719b3588db2"},"headline":"\u201cLa California\u201d: Alfredo Castro llega a las salas nacionales con una coproducci\u00f3n \u00edtalo-chilena","datePublished":"2024-03-26T14:16:24+00:00","dateModified":"2024-03-26T15:57:49+00:00","mainEntityOfPage":{"@id":"https:\/\/clientesbrandbits.click\/la-california-alfredo-castro-llega-a-las-salas-nacionales-con-una-co-produccion-italo-chilena\/"},"wordCount":482,"publisher":{"@id":"https:\/\/clientesbrandbits.click\/#organization"},"image":{"@id":"https:\/\/clientesbrandbits.click\/la-california-alfredo-castro-llega-a-las-salas-nacionales-con-una-co-produccion-italo-chilena\/#primaryimage"},"thumbnailUrl":"https:\/\/clientesbrandbits.click\/wp-content\/uploads\/2024\/03\/La-California-Diritti-Amarcord-produzione.jpg","keywords":["Alfredo Castro","Cine Chileno","Cinzia Bomoll","La California"],"articleSection":["Entrevistas","Films"],"inLanguage":"en-US"},{"@type":"WebPage","@id":"https:\/\/clientesbrandbits.click\/la-california-alfredo-castro-llega-a-las-salas-nacionales-con-una-co-produccion-italo-chilena\/","url":"https:\/\/clientesbrandbits.click\/la-california-alfredo-castro-llega-a-las-salas-nacionales-con-una-co-produccion-italo-chilena\/","name":"\u201cLa California\u201d: Alfredo Castro llega a las salas nacionales con una coproducci\u00f3n \u00edtalo-chilena - Spanglish Cinema","isPartOf":{"@id":"https:\/\/clientesbrandbits.click\/#website"},"primaryImageOfPage":{"@id":"https:\/\/clientesbrandbits.click\/la-california-alfredo-castro-llega-a-las-salas-nacionales-con-una-co-produccion-italo-chilena\/#primaryimage"},"image":{"@id":"https:\/\/clientesbrandbits.click\/la-california-alfredo-castro-llega-a-las-salas-nacionales-con-una-co-produccion-italo-chilena\/#primaryimage"},"thumbnailUrl":"https:\/\/clientesbrandbits.click\/wp-content\/uploads\/2024\/03\/La-California-Diritti-Amarcord-produzione.jpg","datePublished":"2024-03-26T14:16:24+00:00","dateModified":"2024-03-26T15:57:49+00:00","description":"Cinzia Bomoll es escritora y esta es su segundo largometraje donde convirti\u00f3 su propio relato en \u201cLa California\u201d pel\u00edcula basada en su libro.","breadcrumb":{"@id":"https:\/\/clientesbrandbits.click\/la-california-alfredo-castro-llega-a-las-salas-nacionales-con-una-co-produccion-italo-chilena\/#breadcrumb"},"inLanguage":"en-US","potentialAction":[{"@type":"ReadAction","target":["https:\/\/clientesbrandbits.click\/la-california-alfredo-castro-llega-a-las-salas-nacionales-con-una-co-produccion-italo-chilena\/"]}]},{"@type":"ImageObject","inLanguage":"en-US","@id":"https:\/\/clientesbrandbits.click\/la-california-alfredo-castro-llega-a-las-salas-nacionales-con-una-co-produccion-italo-chilena\/#primaryimage","url":"https:\/\/clientesbrandbits.click\/wp-content\/uploads\/2024\/03\/La-California-Diritti-Amarcord-produzione.jpg","contentUrl":"https:\/\/clientesbrandbits.click\/wp-content\/uploads\/2024\/03\/La-California-Diritti-Amarcord-produzione.jpg","width":1200,"height":600},{"@type":"BreadcrumbList","@id":"https:\/\/clientesbrandbits.click\/la-california-alfredo-castro-llega-a-las-salas-nacionales-con-una-co-produccion-italo-chilena\/#breadcrumb","itemListElement":[{"@type":"ListItem","position":1,"name":"Portada","item":"https:\/\/clientesbrandbits.click\/"},{"@type":"ListItem","position":2,"name":"\u201cLa California\u201d: Alfredo Castro llega a las salas nacionales con una coproducci\u00f3n \u00edtalo-chilena"}]},{"@type":"WebSite","@id":"https:\/\/clientesbrandbits.click\/#website","url":"https:\/\/clientesbrandbits.click\/","name":"Spanglish Cinema","description":"","publisher":{"@id":"https:\/\/clientesbrandbits.click\/#organization"},"potentialAction":[{"@type":"SearchAction","target":{"@type":"EntryPoint","urlTemplate":"https:\/\/clientesbrandbits.click\/?s={search_term_string}"},"query-input":"required name=search_term_string"}],"inLanguage":"en-US"},{"@type":"Organization","@id":"https:\/\/clientesbrandbits.click\/#organization","name":"Spanglish Cinema","url":"https:\/\/clientesbrandbits.click\/","logo":{"@type":"ImageObject","inLanguage":"en-US","@id":"https:\/\/clientesbrandbits.click\/#\/schema\/logo\/image\/","url":"https:\/\/clientesbrandbits.click\/wp-content\/uploads\/2024\/03\/spanglish_cinema.png","contentUrl":"https:\/\/clientesbrandbits.click\/wp-content\/uploads\/2024\/03\/spanglish_cinema.png","width":612,"height":225,"caption":"Spanglish Cinema"},"image":{"@id":"https:\/\/clientesbrandbits.click\/#\/schema\/logo\/image\/"}},{"@type":"Person","@id":"https:\/\/clientesbrandbits.click\/#\/schema\/person\/fedc39f5790928deafca5719b3588db2","name":"Francisca Romero","image":{"@type":"ImageObject","inLanguage":"en-US","@id":"https:\/\/clientesbrandbits.click\/#\/schema\/person\/image\/","url":"https:\/\/secure.gravatar.com\/avatar\/59bbcac6a15502dc7740d8ba94724e62?s=96&d=mm&r=g","contentUrl":"https:\/\/secure.gravatar.com\/avatar\/59bbcac6a15502dc7740d8ba94724e62?s=96&d=mm&r=g","caption":"Francisca Romero"},"url":"https:\/\/clientesbrandbits.click\/en\/author\/francisca-romero\/"}]}},"_links":{"self":[{"href":"https:\/\/clientesbrandbits.click\/en\/wp-json\/wp\/v2\/posts\/643"}],"collection":[{"href":"https:\/\/clientesbrandbits.click\/en\/wp-json\/wp\/v2\/posts"}],"about":[{"href":"https:\/\/clientesbrandbits.click\/en\/wp-json\/wp\/v2\/types\/post"}],"author":[{"embeddable":true,"href":"https:\/\/clientesbrandbits.click\/en\/wp-json\/wp\/v2\/users\/2"}],"replies":[{"embeddable":true,"href":"https:\/\/clientesbrandbits.click\/en\/wp-json\/wp\/v2\/comments?post=643"}],"version-history":[{"count":5,"href":"https:\/\/clientesbrandbits.click\/en\/wp-json\/wp\/v2\/posts\/643\/revisions"}],"predecessor-version":[{"id":703,"href":"https:\/\/clientesbrandbits.click\/en\/wp-json\/wp\/v2\/posts\/643\/revisions\/703"}],"wp:featuredmedia":[{"embeddable":true,"href":"https:\/\/clientesbrandbits.click\/en\/wp-json\/wp\/v2\/media\/648"}],"wp:attachment":[{"href":"https:\/\/clientesbrandbits.click\/en\/wp-json\/wp\/v2\/media?parent=643"}],"wp:term":[{"taxonomy":"category","embeddable":true,"href":"https:\/\/clientesbrandbits.click\/en\/wp-json\/wp\/v2\/categories?post=643"},{"taxonomy":"post_tag","embeddable":true,"href":"https:\/\/clientesbrandbits.click\/en\/wp-json\/wp\/v2\/tags?post=643"}],"curies":[{"name":"wp","href":"https:\/\/api.w.org\/{rel}","templated":true}]}}