{"id":2631,"date":"2024-08-01T09:53:14","date_gmt":"2024-08-01T13:53:14","guid":{"rendered":"https:\/\/clientesbrandbits.click\/?p=2631"},"modified":"2024-08-01T05:09:10","modified_gmt":"2024-08-01T09:09:10","slug":"aun-estoy-aqui-pelicula-de-walter-estara-en-el-festival-de-venecia","status":"publish","type":"post","link":"https:\/\/clientesbrandbits.click\/en\/aun-estoy-aqui-pelicula-de-walter-estara-en-el-festival-de-venecia\/","title":{"rendered":"\u00abA\u00fan Estoy Aqu\u00ed\u00bb: Pel\u00edcula de Walter estar\u00e1 en el festival de Venecia."},"content":{"rendered":"<p style=\"text-align: justify;\">La esperada pel\u00edcula \u00abA\u00fan Estoy Aqu\u00ed\u00bb, dirigida por Walter Salles, est\u00e1 generando gran expectativa en el escenario cinematogr\u00e1fico. <strong>Inspirada en el libro hom\u00f3nimo de Marcelo Rubens Paiva, el largometraje es una producci\u00f3n original de Globoplay. La trama se desarrolla en Brasil, durante la dictadura militar, y cuenta la historia de Eunice Paiva, abogada y madre de Marcelo. Tras la desaparici\u00f3n de su esposo, llevado por militares para prestar declaraci\u00f3n y nunca m\u00e1s regresar, Eunice se ve en la necesidad de mantener a cinco hijos y se involucra en el activismo pol\u00edtico en busca de justicia.<\/strong><\/p>\n<p style=\"text-align: justify;\">Fernanda Montenegro y Fernanda Torres interpretan el papel de Eunice en diferentes etapas de su vida, mientras que Selton Mello tambi\u00e9n integra el elenco. La elecci\u00f3n de las dos actrices renombradas para el mismo papel es uno de los puntos destacados de la pel\u00edcula, evidenciando la riqueza de matices y emociones que ellas aportan a la pantalla.<\/p>\n<p style=\"text-align: justify;\"><strong>Fernanda Montenegro:<\/strong> Una de las m\u00e1s grandes actrices brasile\u00f1as y, en mi opini\u00f3n, de la historia del cine, tiene una carrera brillante en el teatro, cine y televisi\u00f3n. Fue la primera actriz latinoamericana nominada al Oscar, por la pel\u00edcula \u00abCentral do Brasil\u00bb (1998). Su actuaci\u00f3n siempre se caracteriza por la profundidad emocional y la entrega apasionada a los personajes.<\/p>\n<p style=\"text-align: justify;\"><strong>Fernanda Torres:<\/strong> Hija de Fernanda Montenegro, tambi\u00e9n es una talentosa actriz y escritora. Destac\u00f3 en pel\u00edculas como \u00abEu Sei Que Vou Te Amar\u00bb (1986), \u00abTerra Estrangeira\u00bb (1995) y \u00abO Que \u00c9 Isso, Companheiro?\u00bb (1997). Su versatilidad y presencia magn\u00e9tica en la pantalla la convierten en una figura ic\u00f3nica del cine brasile\u00f1o.<\/p>\n<p style=\"text-align: justify;\">Adem\u00e1s de ellas, Selton Mello, actor, tambi\u00e9n es director y guionista. Ha participado en diversas pel\u00edculas aclamadas, como \u00abO Palha\u00e7o\u00bb (2011) y \u00abMeu Nome N\u00e3o \u00c9 Johnny\u00bb (2008). Su habilidad para transitar entre comedia y drama es notable, y su presencia en \u00abA\u00fan Estoy Aqu\u00ed\u00bb promete ser impactante.<\/p>\n<p style=\"text-align: justify;\">Todo esto basado en <strong>Marcelo Rubens Paiva, autor del libro que inspir\u00f3 la pel\u00edcula. Marcelo es un escritor, periodista y dramaturgo brasile\u00f1o, conocido por su escritura sensible y comprometida,<\/strong> abordando temas como memoria, pol\u00edtica e identidad. Su obra es una pieza importante de la historia reciente de Brasil.<\/p>\n<p style=\"text-align: justify;\">La pel\u00edcula fue seleccionada para la competencia principal del Festival de Cine de Venecia, donde competir\u00e1 por el prestigioso premio Le\u00f3n de Oro. La presencia de \u00abA\u00fan Estoy Aqu\u00ed\u00bb en este renombrado festival es un reconocimiento de la calidad art\u00edstica y la relevancia de la obra. El evento se llevar\u00e1 a cabo entre el 28 de agosto y el 7 de septiembre y promete ser un momento destacado para el cine brasile\u00f1o.<\/p>\n<p style=\"text-align: justify;\">Entre otras pel\u00edculas destacadas, como \u00abQueer\u00bb del director <a href=\"https:\/\/clientesbrandbits.click\/en\/las-secuelas-se-toman-venecia-toda-su-programacion-2024-aca\/\"><strong><span style=\"color: #ff00ff;\">Luca Guadagnino<\/span><\/strong><\/a> y <a href=\"https:\/\/clientesbrandbits.click\/en\/mira-aca-el-nuevo-trailer-de-guason-2-folie-a-deux\/\"><strong><span style=\"color: #ff00ff;\">\u00abJoker: Folie \u00e0 Deux\u00bb<\/span><\/strong><\/a>, \u00abA\u00fan Estoy Aqu\u00ed\u00bb mostrar\u00e1 su enfoque sensible e impactante sobre la lucha por la justicia y la memoria hist\u00f3rica. La direcci\u00f3n de Walter Salles, conocido por obras como \u00abCentral do Brasil\u00bb y \u00abDiarios de Motocicleta\u00bb, promete llevar al p\u00fablico a un v<strong>iaje emocional intenso y reflexivo con talentos excepcionales, tanto delante como detr\u00e1s de las c\u00e1maras. Es una obra que merece atenci\u00f3n.<\/strong><\/p>","protected":false},"excerpt":{"rendered":"<p>La esperada pel\u00edcula \u00abA\u00fan Estoy Aqu\u00ed\u00bb, dirigida por Walter Salles, est\u00e1 generando gran expectativa en el escenario cinematogr\u00e1fico. Inspirada en el libro hom\u00f3nimo de Marcelo Rubens Paiva, el largometraje es una producci\u00f3n original de Globoplay. La trama se desarrolla en &#8230; <a title=\"\u00abA\u00fan Estoy Aqu\u00ed\u00bb: Pel\u00edcula de Walter estar\u00e1 en el festival de Venecia.\" class=\"read-more\" href=\"https:\/\/clientesbrandbits.click\/en\/aun-estoy-aqui-pelicula-de-walter-estara-en-el-festival-de-venecia\/\" aria-label=\"Read more about \u00abA\u00fan Estoy Aqu\u00ed\u00bb: Pel\u00edcula de Walter estar\u00e1 en el festival de Venecia.\">Read More<\/a><\/p>","protected":false},"author":6,"featured_media":2632,"comment_status":"closed","ping_status":"closed","sticky":false,"template":"","format":"standard","meta":{"_joinchat":[],"footnotes":""},"categories":[11],"tags":[123,227],"class_list":["post-2631","post","type-post","status-publish","format-standard","has-post-thumbnail","hentry","category-festivales-de-cine","tag-festival-de-venecia","tag-walter-salles","infinite-scroll-item"],"yoast_head":"<!-- This site is optimized with the Yoast SEO plugin v22.8 - https:\/\/yoast.com\/wordpress\/plugins\/seo\/ -->\n<title>&quot;A\u00fan Estoy Aqu\u00ed&quot;: Pel\u00edcula de Walter estar\u00e1 en el festival de Venecia. - Spanglish Cinema<\/title>\n<meta name=\"description\" content=\"La esperada pel\u00edcula &quot;A\u00fan Estoy Aqu\u00ed&quot;, dirigida por Walter Salles, est\u00e1 generando gran expectativa en el escenario cinematogr\u00e1fico. Inspirada en el libro hom\u00f3nimo de Marcelo Rubens Paiva, el largometraje es una producci\u00f3n original de Globoplay. La trama se desarrolla en Brasil, durante la dictadura militar, y cuenta la historia de Eunice Paiva, abogada y madre de Marcelo. Tras la desaparici\u00f3n de su esposo, llevado por militares para prestar declaraci\u00f3n y nunca m\u00e1s regresar, Eunice se ve en la necesidad de mantener a cinco hijos y se involucra en el activismo pol\u00edtico en busca de justicia.\" \/>\n<meta name=\"robots\" content=\"index, follow, max-snippet:-1, max-image-preview:large, max-video-preview:-1\" \/>\n<link rel=\"canonical\" href=\"https:\/\/clientesbrandbits.click\/en\/aun-estoy-aqui-pelicula-de-walter-estara-en-el-festival-de-venecia\/\" \/>\n<meta property=\"og:locale\" content=\"en_US\" \/>\n<meta property=\"og:type\" content=\"article\" \/>\n<meta property=\"og:title\" content=\"&quot;A\u00fan Estoy Aqu\u00ed&quot;: Pel\u00edcula de Walter estar\u00e1 en el festival de Venecia. - Spanglish Cinema\" \/>\n<meta property=\"og:description\" content=\"La esperada pel\u00edcula &quot;A\u00fan Estoy Aqu\u00ed&quot;, dirigida por Walter Salles, est\u00e1 generando gran expectativa en el escenario cinematogr\u00e1fico. Inspirada en el libro hom\u00f3nimo de Marcelo Rubens Paiva, el largometraje es una producci\u00f3n original de Globoplay. La trama se desarrolla en Brasil, durante la dictadura militar, y cuenta la historia de Eunice Paiva, abogada y madre de Marcelo. Tras la desaparici\u00f3n de su esposo, llevado por militares para prestar declaraci\u00f3n y nunca m\u00e1s regresar, Eunice se ve en la necesidad de mantener a cinco hijos y se involucra en el activismo pol\u00edtico en busca de justicia.\" \/>\n<meta property=\"og:url\" content=\"https:\/\/clientesbrandbits.click\/en\/aun-estoy-aqui-pelicula-de-walter-estara-en-el-festival-de-venecia\/\" \/>\n<meta property=\"og:site_name\" content=\"Spanglish Cinema\" \/>\n<meta property=\"article:published_time\" content=\"2024-08-01T13:53:14+00:00\" \/>\n<meta property=\"article:modified_time\" content=\"2024-08-01T09:09:10+00:00\" \/>\n<meta property=\"og:image\" content=\"https:\/\/clientesbrandbits.click\/wp-content\/uploads\/2024\/08\/Walter-Salles-1.jpg\" \/>\n\t<meta property=\"og:image:width\" content=\"1200\" \/>\n\t<meta property=\"og:image:height\" content=\"600\" \/>\n\t<meta property=\"og:image:type\" content=\"image\/jpeg\" \/>\n<meta name=\"author\" content=\"Claudio Rosa\" \/>\n<meta name=\"twitter:card\" content=\"summary_large_image\" \/>\n<meta name=\"twitter:label1\" content=\"Written by\" \/>\n\t<meta name=\"twitter:data1\" content=\"Claudio Rosa\" \/>\n\t<meta name=\"twitter:label2\" content=\"Est. reading time\" \/>\n\t<meta name=\"twitter:data2\" content=\"3 minutes\" \/>\n<script type=\"application\/ld+json\" class=\"yoast-schema-graph\">{\"@context\":\"https:\/\/schema.org\",\"@graph\":[{\"@type\":\"Article\",\"@id\":\"https:\/\/clientesbrandbits.click\/aun-estoy-aqui-pelicula-de-walter-estara-en-el-festival-de-venecia\/#article\",\"isPartOf\":{\"@id\":\"https:\/\/clientesbrandbits.click\/aun-estoy-aqui-pelicula-de-walter-estara-en-el-festival-de-venecia\/\"},\"author\":{\"name\":\"Claudio Rosa\",\"@id\":\"https:\/\/clientesbrandbits.click\/#\/schema\/person\/db7e02ce773a5abaab17ebb3055334da\"},\"headline\":\"\u00abA\u00fan Estoy Aqu\u00ed\u00bb: Pel\u00edcula de Walter estar\u00e1 en el festival de Venecia.\",\"datePublished\":\"2024-08-01T13:53:14+00:00\",\"dateModified\":\"2024-08-01T09:09:10+00:00\",\"mainEntityOfPage\":{\"@id\":\"https:\/\/clientesbrandbits.click\/aun-estoy-aqui-pelicula-de-walter-estara-en-el-festival-de-venecia\/\"},\"wordCount\":555,\"publisher\":{\"@id\":\"https:\/\/clientesbrandbits.click\/#organization\"},\"image\":{\"@id\":\"https:\/\/clientesbrandbits.click\/aun-estoy-aqui-pelicula-de-walter-estara-en-el-festival-de-venecia\/#primaryimage\"},\"thumbnailUrl\":\"https:\/\/clientesbrandbits.click\/wp-content\/uploads\/2024\/08\/Walter-Salles-1.jpg\",\"keywords\":[\"Festival de Venecia\",\"Walter Salles\"],\"articleSection\":[\"Festivales de Cine\"],\"inLanguage\":\"en-US\"},{\"@type\":\"WebPage\",\"@id\":\"https:\/\/clientesbrandbits.click\/aun-estoy-aqui-pelicula-de-walter-estara-en-el-festival-de-venecia\/\",\"url\":\"https:\/\/clientesbrandbits.click\/aun-estoy-aqui-pelicula-de-walter-estara-en-el-festival-de-venecia\/\",\"name\":\"\\\"A\u00fan Estoy Aqu\u00ed\\\": Pel\u00edcula de Walter estar\u00e1 en el festival de Venecia. - Spanglish Cinema\",\"isPartOf\":{\"@id\":\"https:\/\/clientesbrandbits.click\/#website\"},\"primaryImageOfPage\":{\"@id\":\"https:\/\/clientesbrandbits.click\/aun-estoy-aqui-pelicula-de-walter-estara-en-el-festival-de-venecia\/#primaryimage\"},\"image\":{\"@id\":\"https:\/\/clientesbrandbits.click\/aun-estoy-aqui-pelicula-de-walter-estara-en-el-festival-de-venecia\/#primaryimage\"},\"thumbnailUrl\":\"https:\/\/clientesbrandbits.click\/wp-content\/uploads\/2024\/08\/Walter-Salles-1.jpg\",\"datePublished\":\"2024-08-01T13:53:14+00:00\",\"dateModified\":\"2024-08-01T09:09:10+00:00\",\"description\":\"La esperada pel\u00edcula \\\"A\u00fan Estoy Aqu\u00ed\\\", dirigida por Walter Salles, est\u00e1 generando gran expectativa en el escenario cinematogr\u00e1fico. Inspirada en el libro hom\u00f3nimo de Marcelo Rubens Paiva, el largometraje es una producci\u00f3n original de Globoplay. La trama se desarrolla en Brasil, durante la dictadura militar, y cuenta la historia de Eunice Paiva, abogada y madre de Marcelo. Tras la desaparici\u00f3n de su esposo, llevado por militares para prestar declaraci\u00f3n y nunca m\u00e1s regresar, Eunice se ve en la necesidad de mantener a cinco hijos y se involucra en el activismo pol\u00edtico en busca de justicia.\",\"breadcrumb\":{\"@id\":\"https:\/\/clientesbrandbits.click\/aun-estoy-aqui-pelicula-de-walter-estara-en-el-festival-de-venecia\/#breadcrumb\"},\"inLanguage\":\"en-US\",\"potentialAction\":[{\"@type\":\"ReadAction\",\"target\":[\"https:\/\/clientesbrandbits.click\/aun-estoy-aqui-pelicula-de-walter-estara-en-el-festival-de-venecia\/\"]}]},{\"@type\":\"ImageObject\",\"inLanguage\":\"en-US\",\"@id\":\"https:\/\/clientesbrandbits.click\/aun-estoy-aqui-pelicula-de-walter-estara-en-el-festival-de-venecia\/#primaryimage\",\"url\":\"https:\/\/clientesbrandbits.click\/wp-content\/uploads\/2024\/08\/Walter-Salles-1.jpg\",\"contentUrl\":\"https:\/\/clientesbrandbits.click\/wp-content\/uploads\/2024\/08\/Walter-Salles-1.jpg\",\"width\":1200,\"height\":600},{\"@type\":\"BreadcrumbList\",\"@id\":\"https:\/\/clientesbrandbits.click\/aun-estoy-aqui-pelicula-de-walter-estara-en-el-festival-de-venecia\/#breadcrumb\",\"itemListElement\":[{\"@type\":\"ListItem\",\"position\":1,\"name\":\"Portada\",\"item\":\"https:\/\/clientesbrandbits.click\/\"},{\"@type\":\"ListItem\",\"position\":2,\"name\":\"\u00abA\u00fan Estoy Aqu\u00ed\u00bb: Pel\u00edcula de Walter estar\u00e1 en el festival de Venecia.\"}]},{\"@type\":\"WebSite\",\"@id\":\"https:\/\/clientesbrandbits.click\/#website\",\"url\":\"https:\/\/clientesbrandbits.click\/\",\"name\":\"Spanglish Cinema\",\"description\":\"\",\"publisher\":{\"@id\":\"https:\/\/clientesbrandbits.click\/#organization\"},\"potentialAction\":[{\"@type\":\"SearchAction\",\"target\":{\"@type\":\"EntryPoint\",\"urlTemplate\":\"https:\/\/clientesbrandbits.click\/?s={search_term_string}\"},\"query-input\":\"required name=search_term_string\"}],\"inLanguage\":\"en-US\"},{\"@type\":\"Organization\",\"@id\":\"https:\/\/clientesbrandbits.click\/#organization\",\"name\":\"Spanglish Cinema\",\"url\":\"https:\/\/clientesbrandbits.click\/\",\"logo\":{\"@type\":\"ImageObject\",\"inLanguage\":\"en-US\",\"@id\":\"https:\/\/clientesbrandbits.click\/#\/schema\/logo\/image\/\",\"url\":\"https:\/\/clientesbrandbits.click\/wp-content\/uploads\/2024\/03\/spanglish_cinema.png\",\"contentUrl\":\"https:\/\/clientesbrandbits.click\/wp-content\/uploads\/2024\/03\/spanglish_cinema.png\",\"width\":612,\"height\":225,\"caption\":\"Spanglish Cinema\"},\"image\":{\"@id\":\"https:\/\/clientesbrandbits.click\/#\/schema\/logo\/image\/\"}},{\"@type\":\"Person\",\"@id\":\"https:\/\/clientesbrandbits.click\/#\/schema\/person\/db7e02ce773a5abaab17ebb3055334da\",\"name\":\"Claudio Rosa\",\"image\":{\"@type\":\"ImageObject\",\"inLanguage\":\"en-US\",\"@id\":\"https:\/\/clientesbrandbits.click\/#\/schema\/person\/image\/\",\"url\":\"https:\/\/secure.gravatar.com\/avatar\/b66d97511c797dc4044327ff05b2ea26?s=96&d=mm&r=g\",\"contentUrl\":\"https:\/\/secure.gravatar.com\/avatar\/b66d97511c797dc4044327ff05b2ea26?s=96&d=mm&r=g\",\"caption\":\"Claudio Rosa\"},\"url\":\"https:\/\/clientesbrandbits.click\/en\/author\/claudio-rosas\/\"}]}<\/script>\n<!-- \/ Yoast SEO plugin. -->","yoast_head_json":{"title":"\"A\u00fan Estoy Aqu\u00ed\": Pel\u00edcula de Walter estar\u00e1 en el festival de Venecia. - Spanglish Cinema","description":"La esperada pel\u00edcula \"A\u00fan Estoy Aqu\u00ed\", dirigida por Walter Salles, est\u00e1 generando gran expectativa en el escenario cinematogr\u00e1fico. Inspirada en el libro hom\u00f3nimo de Marcelo Rubens Paiva, el largometraje es una producci\u00f3n original de Globoplay. La trama se desarrolla en Brasil, durante la dictadura militar, y cuenta la historia de Eunice Paiva, abogada y madre de Marcelo. Tras la desaparici\u00f3n de su esposo, llevado por militares para prestar declaraci\u00f3n y nunca m\u00e1s regresar, Eunice se ve en la necesidad de mantener a cinco hijos y se involucra en el activismo pol\u00edtico en busca de justicia.","robots":{"index":"index","follow":"follow","max-snippet":"max-snippet:-1","max-image-preview":"max-image-preview:large","max-video-preview":"max-video-preview:-1"},"canonical":"https:\/\/clientesbrandbits.click\/en\/aun-estoy-aqui-pelicula-de-walter-estara-en-el-festival-de-venecia\/","og_locale":"en_US","og_type":"article","og_title":"\"A\u00fan Estoy Aqu\u00ed\": Pel\u00edcula de Walter estar\u00e1 en el festival de Venecia. - Spanglish Cinema","og_description":"La esperada pel\u00edcula \"A\u00fan Estoy Aqu\u00ed\", dirigida por Walter Salles, est\u00e1 generando gran expectativa en el escenario cinematogr\u00e1fico. Inspirada en el libro hom\u00f3nimo de Marcelo Rubens Paiva, el largometraje es una producci\u00f3n original de Globoplay. La trama se desarrolla en Brasil, durante la dictadura militar, y cuenta la historia de Eunice Paiva, abogada y madre de Marcelo. Tras la desaparici\u00f3n de su esposo, llevado por militares para prestar declaraci\u00f3n y nunca m\u00e1s regresar, Eunice se ve en la necesidad de mantener a cinco hijos y se involucra en el activismo pol\u00edtico en busca de justicia.","og_url":"https:\/\/clientesbrandbits.click\/en\/aun-estoy-aqui-pelicula-de-walter-estara-en-el-festival-de-venecia\/","og_site_name":"Spanglish Cinema","article_published_time":"2024-08-01T13:53:14+00:00","article_modified_time":"2024-08-01T09:09:10+00:00","og_image":[{"width":1200,"height":600,"url":"https:\/\/clientesbrandbits.click\/wp-content\/uploads\/2024\/08\/Walter-Salles-1.jpg","type":"image\/jpeg"}],"author":"Claudio Rosa","twitter_card":"summary_large_image","twitter_misc":{"Written by":"Claudio Rosa","Est. reading time":"3 minutes"},"schema":{"@context":"https:\/\/schema.org","@graph":[{"@type":"Article","@id":"https:\/\/clientesbrandbits.click\/aun-estoy-aqui-pelicula-de-walter-estara-en-el-festival-de-venecia\/#article","isPartOf":{"@id":"https:\/\/clientesbrandbits.click\/aun-estoy-aqui-pelicula-de-walter-estara-en-el-festival-de-venecia\/"},"author":{"name":"Claudio Rosa","@id":"https:\/\/clientesbrandbits.click\/#\/schema\/person\/db7e02ce773a5abaab17ebb3055334da"},"headline":"\u00abA\u00fan Estoy Aqu\u00ed\u00bb: Pel\u00edcula de Walter estar\u00e1 en el festival de Venecia.","datePublished":"2024-08-01T13:53:14+00:00","dateModified":"2024-08-01T09:09:10+00:00","mainEntityOfPage":{"@id":"https:\/\/clientesbrandbits.click\/aun-estoy-aqui-pelicula-de-walter-estara-en-el-festival-de-venecia\/"},"wordCount":555,"publisher":{"@id":"https:\/\/clientesbrandbits.click\/#organization"},"image":{"@id":"https:\/\/clientesbrandbits.click\/aun-estoy-aqui-pelicula-de-walter-estara-en-el-festival-de-venecia\/#primaryimage"},"thumbnailUrl":"https:\/\/clientesbrandbits.click\/wp-content\/uploads\/2024\/08\/Walter-Salles-1.jpg","keywords":["Festival de Venecia","Walter Salles"],"articleSection":["Festivales de Cine"],"inLanguage":"en-US"},{"@type":"WebPage","@id":"https:\/\/clientesbrandbits.click\/aun-estoy-aqui-pelicula-de-walter-estara-en-el-festival-de-venecia\/","url":"https:\/\/clientesbrandbits.click\/aun-estoy-aqui-pelicula-de-walter-estara-en-el-festival-de-venecia\/","name":"\"A\u00fan Estoy Aqu\u00ed\": Pel\u00edcula de Walter estar\u00e1 en el festival de Venecia. - Spanglish Cinema","isPartOf":{"@id":"https:\/\/clientesbrandbits.click\/#website"},"primaryImageOfPage":{"@id":"https:\/\/clientesbrandbits.click\/aun-estoy-aqui-pelicula-de-walter-estara-en-el-festival-de-venecia\/#primaryimage"},"image":{"@id":"https:\/\/clientesbrandbits.click\/aun-estoy-aqui-pelicula-de-walter-estara-en-el-festival-de-venecia\/#primaryimage"},"thumbnailUrl":"https:\/\/clientesbrandbits.click\/wp-content\/uploads\/2024\/08\/Walter-Salles-1.jpg","datePublished":"2024-08-01T13:53:14+00:00","dateModified":"2024-08-01T09:09:10+00:00","description":"La esperada pel\u00edcula \"A\u00fan Estoy Aqu\u00ed\", dirigida por Walter Salles, est\u00e1 generando gran expectativa en el escenario cinematogr\u00e1fico. Inspirada en el libro hom\u00f3nimo de Marcelo Rubens Paiva, el largometraje es una producci\u00f3n original de Globoplay. La trama se desarrolla en Brasil, durante la dictadura militar, y cuenta la historia de Eunice Paiva, abogada y madre de Marcelo. Tras la desaparici\u00f3n de su esposo, llevado por militares para prestar declaraci\u00f3n y nunca m\u00e1s regresar, Eunice se ve en la necesidad de mantener a cinco hijos y se involucra en el activismo pol\u00edtico en busca de justicia.","breadcrumb":{"@id":"https:\/\/clientesbrandbits.click\/aun-estoy-aqui-pelicula-de-walter-estara-en-el-festival-de-venecia\/#breadcrumb"},"inLanguage":"en-US","potentialAction":[{"@type":"ReadAction","target":["https:\/\/clientesbrandbits.click\/aun-estoy-aqui-pelicula-de-walter-estara-en-el-festival-de-venecia\/"]}]},{"@type":"ImageObject","inLanguage":"en-US","@id":"https:\/\/clientesbrandbits.click\/aun-estoy-aqui-pelicula-de-walter-estara-en-el-festival-de-venecia\/#primaryimage","url":"https:\/\/clientesbrandbits.click\/wp-content\/uploads\/2024\/08\/Walter-Salles-1.jpg","contentUrl":"https:\/\/clientesbrandbits.click\/wp-content\/uploads\/2024\/08\/Walter-Salles-1.jpg","width":1200,"height":600},{"@type":"BreadcrumbList","@id":"https:\/\/clientesbrandbits.click\/aun-estoy-aqui-pelicula-de-walter-estara-en-el-festival-de-venecia\/#breadcrumb","itemListElement":[{"@type":"ListItem","position":1,"name":"Portada","item":"https:\/\/clientesbrandbits.click\/"},{"@type":"ListItem","position":2,"name":"\u00abA\u00fan Estoy Aqu\u00ed\u00bb: Pel\u00edcula de Walter estar\u00e1 en el festival de Venecia."}]},{"@type":"WebSite","@id":"https:\/\/clientesbrandbits.click\/#website","url":"https:\/\/clientesbrandbits.click\/","name":"Spanglish Cinema","description":"","publisher":{"@id":"https:\/\/clientesbrandbits.click\/#organization"},"potentialAction":[{"@type":"SearchAction","target":{"@type":"EntryPoint","urlTemplate":"https:\/\/clientesbrandbits.click\/?s={search_term_string}"},"query-input":"required name=search_term_string"}],"inLanguage":"en-US"},{"@type":"Organization","@id":"https:\/\/clientesbrandbits.click\/#organization","name":"Spanglish Cinema","url":"https:\/\/clientesbrandbits.click\/","logo":{"@type":"ImageObject","inLanguage":"en-US","@id":"https:\/\/clientesbrandbits.click\/#\/schema\/logo\/image\/","url":"https:\/\/clientesbrandbits.click\/wp-content\/uploads\/2024\/03\/spanglish_cinema.png","contentUrl":"https:\/\/clientesbrandbits.click\/wp-content\/uploads\/2024\/03\/spanglish_cinema.png","width":612,"height":225,"caption":"Spanglish Cinema"},"image":{"@id":"https:\/\/clientesbrandbits.click\/#\/schema\/logo\/image\/"}},{"@type":"Person","@id":"https:\/\/clientesbrandbits.click\/#\/schema\/person\/db7e02ce773a5abaab17ebb3055334da","name":"Claudio Rosa","image":{"@type":"ImageObject","inLanguage":"en-US","@id":"https:\/\/clientesbrandbits.click\/#\/schema\/person\/image\/","url":"https:\/\/secure.gravatar.com\/avatar\/b66d97511c797dc4044327ff05b2ea26?s=96&d=mm&r=g","contentUrl":"https:\/\/secure.gravatar.com\/avatar\/b66d97511c797dc4044327ff05b2ea26?s=96&d=mm&r=g","caption":"Claudio Rosa"},"url":"https:\/\/clientesbrandbits.click\/en\/author\/claudio-rosas\/"}]}},"_links":{"self":[{"href":"https:\/\/clientesbrandbits.click\/en\/wp-json\/wp\/v2\/posts\/2631"}],"collection":[{"href":"https:\/\/clientesbrandbits.click\/en\/wp-json\/wp\/v2\/posts"}],"about":[{"href":"https:\/\/clientesbrandbits.click\/en\/wp-json\/wp\/v2\/types\/post"}],"author":[{"embeddable":true,"href":"https:\/\/clientesbrandbits.click\/en\/wp-json\/wp\/v2\/users\/6"}],"replies":[{"embeddable":true,"href":"https:\/\/clientesbrandbits.click\/en\/wp-json\/wp\/v2\/comments?post=2631"}],"version-history":[{"count":1,"href":"https:\/\/clientesbrandbits.click\/en\/wp-json\/wp\/v2\/posts\/2631\/revisions"}],"predecessor-version":[{"id":2633,"href":"https:\/\/clientesbrandbits.click\/en\/wp-json\/wp\/v2\/posts\/2631\/revisions\/2633"}],"wp:featuredmedia":[{"embeddable":true,"href":"https:\/\/clientesbrandbits.click\/en\/wp-json\/wp\/v2\/media\/2632"}],"wp:attachment":[{"href":"https:\/\/clientesbrandbits.click\/en\/wp-json\/wp\/v2\/media?parent=2631"}],"wp:term":[{"taxonomy":"category","embeddable":true,"href":"https:\/\/clientesbrandbits.click\/en\/wp-json\/wp\/v2\/categories?post=2631"},{"taxonomy":"post_tag","embeddable":true,"href":"https:\/\/clientesbrandbits.click\/en\/wp-json\/wp\/v2\/tags?post=2631"}],"curies":[{"name":"wp","href":"https:\/\/api.w.org\/{rel}","templated":true}]}}