{"id":2498,"date":"2024-07-24T08:52:06","date_gmt":"2024-07-24T12:52:06","guid":{"rendered":"https:\/\/clientesbrandbits.click\/?p=2498"},"modified":"2024-07-24T08:52:06","modified_gmt":"2024-07-24T12:52:06","slug":"sanfic-da-a-conocer-programacion-en-su-aniversario-numero-20","status":"publish","type":"post","link":"https:\/\/clientesbrandbits.click\/en\/sanfic-da-a-conocer-programacion-en-su-aniversario-numero-20\/","title":{"rendered":"SANFIC da a conocer programaci\u00f3n en su aniversario n\u00famero 20"},"content":{"rendered":"<p style=\"text-align: justify;\">Los 20 a\u00f1os del <strong>Santiago Festival Internacional de Cine<\/strong> se celebrar\u00e1n en Santiago con <strong>92 producciones, entre las que se encuentran 20 premieres mundiales, 13 latinoamericanos y 52 nacionales<\/strong>. Asimismo, SANFIC entregar\u00e1 un <strong>reconocimiento por su aporte al cine chileno a tres de los cineastas m\u00e1s destacados de la industria nacional: Maite Alberdi (Nominada al Oscar por <em>El Agente Topo<\/em> y <em>La Memoria Infinita<\/em>) , Pablo Larra\u00edn (Nominado al Oscar por <em>No<\/em> ) y Sebasti\u00e1n Lelio<\/strong> (Ganador de un Oscar por <em>Una Mujer Fant\u00e1stica<\/em>).<\/p>\n<p style=\"text-align: justify;\">En la conferencia de prensa, realizada este martes 23 de julio en Hotel Plaza San Francisco, estuvieron presentes <strong>Jos\u00e9 Tom\u00e1s Palma, director ejecutivo de Fundaci\u00f3n CorpArtes<\/strong>; <strong>Ismael Negrete, jefe de programaci\u00f3n, educaci\u00f3n y participaci\u00f3n<\/strong> de Fundaci\u00f3n CorpArtes; Carlos N\u00fa\u00f1ez, <strong>cofundador y director art\u00edstico de SANFIC<\/strong>; y Gabriela Sandoval, <strong>directora de SANFIC Industria y cofundadora de SANFIC<\/strong>, quienes dieron a conocer las esperadas novedades de la edici\u00f3n aniversario del festival.<\/p>\n<p style=\"text-align: justify;\">Entre las sorpresas que tendr\u00e1 el festival destacan el estreno de: <strong><em>La Sustancia<\/em><\/strong> (<em>The Substance<\/em>), pel\u00edcula <strong>ganadora a mejor guion en la reciente edici\u00f3n del festival de Cannes<\/strong> y <strong>protagonizada por Demi Moore<\/strong>; <strong><em>Problemista,<\/em><\/strong> pel\u00edcula <strong>producida por Emma Stone y protagonizada por Tilda Swinton con la participaci\u00f3n de la actriz nacional Catalina Saavedra<\/strong>; y <strong><em>The Empire<\/em><\/strong>, pel\u00edcula <strong>ganadora del Oso de Plata en el Festival de Cine de Berl\u00edn 2024,<\/strong> dirigida por Bruno Dumont.\u00a0 Asimismo, se exhibir\u00e1n las producciones m\u00e1s recientes de los reconocidos cineastas Paula Hern\u00e1ndez, Andreas Dresen, Bertrand Bonello, Michel Gondry, Aldo Garay, Fiona Gordon, Dominique Abel, Isabel Coixet y Karim A\u00efnouz, entre muchos otros.<\/p>\n<p><strong><u>Exhibidores de SANFIC20<\/u><\/strong><\/p>\n<p style=\"text-align: justify;\">La programaci\u00f3n del certamen se proyectar\u00e1 en la Regi\u00f3n Metropolitana a trav\u00e9s de las sedes oficiales del certamen: <strong>Sala Centro Arte Alameda, CEINA<\/strong>; <strong>Cin\u00e9polis La Reina<\/strong>; <strong>Cin\u00e9polis Mall Plaza Los Dom\u00ednicos<\/strong>; <strong>Cin\u00e9polis Vivo Imperio<\/strong>; y la <strong>Cineteca Nacional de Chile<\/strong>. Mientras que la programaci\u00f3n de la secci\u00f3n SANFIC Educa se exhibir\u00e1 para p\u00fablicos de instituciones culturales y educacionales a lo largo del pa\u00eds que mantienen alianzas colaborativas con el festival.<\/p>\n<p style=\"text-align: justify;\"><strong>La selecci\u00f3n de pel\u00edculas de SANFIC20 podr\u00e1 ser vista por el p\u00fablico durante la realizaci\u00f3n del festival exclusivamente en las salas y sedes del certamen.\u00a0<\/strong><\/p>\n<p style=\"text-align: justify;\">\u201cEn estos 20 a\u00f1os de festival quisimos impulsar un circuito del cine en Santiago, gracias a la alianza con salas de tres comunas de la Regi\u00f3n Metropolitana, que exhibir\u00e1n producciones de gran nivel para todos. Asimismo, mediante SANFIC Educa, y con el apoyo de diversas instituciones a lo largo de Chile, presentaremos 16 pel\u00edculas dirigidas especialmente a p\u00fablicos significativos para nuestra labor como festival, que considera a ni\u00f1os, adolescentes, educadores, personas mayores, privadas de libertad, vulneradas de derecho, con discapacidad y neuro divergentes\u201d, valora <strong>Jos\u00e9 Tom\u00e1s Palma, director ejecutivo Fundaci\u00f3n CorpArtes.<\/strong><\/p>\n<p><strong><u>Producciones destacadas<\/u><\/strong><\/p>\n<p style=\"text-align: justify;\">Una de las secciones m\u00e1s esperadas por los cin\u00e9filos es <strong>Maestros del Cine<\/strong>. En esta ocasi\u00f3n, las personas podr\u00e1n disfrutar de las m\u00e1s recientes producciones de destacados directores y directoras, algunas de las cuales fueron estrenadas y galardonadas en el Festival Internacional de Cine de Cannes, Venecia, San Sebasti\u00e1n y Berl\u00edn, entre otros.<\/p>\n<p style=\"text-align: justify;\"><strong><em>Carm\u00edn<\/em><\/strong> (Uruguay, Argentina), de Aldo Garay, retrata el mundo de la polifac\u00e9tica creadora Sof\u00eda Saunier, realizadora travesti, y de Carmen, su anciana compa\u00f1era de casa; <strong><em>El viento que arrasa<\/em><\/strong> (Argentina, Uruguay), de Paula Hern\u00e1ndez \u2013exhibida en el Festival de San Sebasti\u00e1n, La Habana y Toronto)\u2013, acompa\u00f1a a Leni junto a su padre, el reverendo Pearson, en una reflexiva misi\u00f3n evang\u00e9lica que los enfrenta; <strong><em>De Hilde, con amor<\/em><\/strong> (<em>In Liebe, Eure Hilde<\/em>) (Alemania), de Andreas Dresen \u2013Festival de Cine de Berl\u00edn\u2013, muestra la apasionada historia de amor de Hilde y Hans que corre peligro cuando deciden involucrarse en la resistencia antinazi; <strong><em>The Beast<\/em><\/strong> (<em>La B\u00eate<\/em>) (Francia, Canad\u00e1), de Bertrand Bonello \u2013Festival de Cine de Venecia, Toronto y Nueva York),\u00a0\u00a0\u00a0\u00a0\u00a0\u00a0\u00a0\u00a0\u00a0\u00a0\u00a0 una epopeya de ciencia ficci\u00f3n que transcurre en tres \u00e9pocas diferentes en las que Gabrielle se enamora continuamente de distintas encarnaciones de Louis; <strong><em>The Book of Solutions<\/em><\/strong> (<em>Le Livre Des Solutions<\/em>) (Francia), de Michel Gondry \u2013Quincena de Realizadores Cannes\u2013, donde Marc se escapa a un pueblo para terminar su pel\u00edcula y empieza a escribir una gu\u00eda de consejos pr\u00e1cticos que podr\u00eda ser la soluci\u00f3n a todos sus problemas; <strong><em>The Empire<\/em><\/strong> (<em>L&#8217; Empire<\/em>) (Francia), de Bruno Dumont \u2013Festival de Cine de Berl\u00edn\u2013 , transcurre en un pueblo de pescadores donde nace un beb\u00e9 peculiar que desata una guerra secreta entre fuerzas extraterrestres; <strong><em>The Falling Star<\/em><\/strong> (<em>L&#8217; Etoile Filante<\/em>) (Francia), de Fiona Gordon y Dominique Abel \u2013Festival de Cine de Telluride y Locarno\u2013, sobre un activista retirado que vive en la clandestinidad hasta que su pasado culpable resurge; <strong><em>Un amor<\/em><\/strong> (Espa\u00f1a), de Isabel Coixet \u2013Festival de San Sebasti\u00e1n\u2013, es un conmovedor relato sobre la duda existencial y el poder transformador del deseo carnal, que explora la naturaleza subversiva de los roles de g\u00e9nero; y <strong><em>Motel Destino<\/em><\/strong> (Brasil, Francia, Alemania), de Karim A\u00efnouz \u2013 nominada a Mejor Pel\u00edcula en el Festival de Cannes\u2013, muestra un motel ubicado al borde de la carretera en Brasil que ve su orden alterado tras la llegada de un joven pr\u00f3fugo.<\/p>\n<p style=\"text-align: justify;\">\u201cPara celebrar este vig\u00e9simo aniversario del festival, contaremos con una gran selecci\u00f3n de pel\u00edculas de cineastas j\u00f3venes y con trayectoria, tanto nacionales como internacionales. Muchas de ellas ganadoras de premios y que han participado en los festivales m\u00e1s importantes del mundo, tales como Cannes, Venecia, San Sebasti\u00e1n, Berl\u00edn o Toronto. Otras que se ver\u00e1n por primera vez, haciendo del festival una vitrina imperdible con una programaci\u00f3n variada y para todas las edades.. Asimismo, contaremos con la presencia de cineastas presentando sus pel\u00edculas en las salas de cine y un gran jurado. A esto, se suma la participaci\u00f3n de tres grandes cineastas nacionales como Maite Alberdi, Pablo Larra\u00edn y Sebasti\u00e1n Lelio\u201d, comenta <strong>Carlos N\u00fa\u00f1ez, director art\u00edstico y cofundador de SANFIC.<\/strong><\/p>\n<p><strong><u>Retrospectiva Aniversario 20 a\u00f1os<\/u><\/strong><\/p>\n<p style=\"text-align: justify;\">Este a\u00f1o, la retrospectiva est\u00e1 compuesta por seis pel\u00edculas de destacados cineastas chilenos que han acompa\u00f1ado al festival desde el inicio de sus carreras y han llevado el nombre de Chile a festivales internacionales;<strong> <em>El pejesapo<\/em> (<\/strong>2007) del director <strong>Jos\u00e9 Luis Sep\u00falveda, <\/strong>exhibida en SANFIC3<strong>; <em>La memoria del agua<\/em> <\/strong>(2015), de<strong> Mat\u00edas Bize, <\/strong>premiada por Mejor Direcci\u00f3n Festival Iberoamericano de Huelva<strong>; <em>La once<\/em><\/strong> (2014), de la directora <strong>Maite Alberdi <\/strong>(\u201cEl agente topo\u201d, \u201cLa memoria infinita\u201d), nominada al premio Goya a la mejor pel\u00edcula iberoamericana <strong>; <em>La vida me mata<\/em> <\/strong>(2006), \u00f3pera prima de<strong> Sebasti\u00e1n Silva <\/strong>(\u201cLa Nana\u201d, \u201cRotting in the Sun\u201d);<strong> <em>Navidad<\/em> <\/strong>(2009), de<strong> Sebasti\u00e1n Lelio <\/strong>(\u201cGloria\u201d, \u201cUna mujer fant\u00e1stica\u201d, \u201cThe wonder\u201d), y <strong><em>Tony Manero<\/em> <\/strong>(2008), de<strong> Pablo Larra\u00edn,<\/strong> estrenada en el Festival Cannes 2008 y premiada en diversos festivales internacionales.<\/p>\n<p>Asimismo, durante la <strong>Ceremonia de Inauguraci\u00f3n del Festival,<\/strong> que se realizar\u00e1 el domingo 18 de agosto en el teatro CA660 de Fundaci\u00f3n CorpArtes, por primera vez en Chile, SANFIC entregar\u00e1 un <strong>reconocimiento por su aporte al cine chileno a tres de los cineastas m\u00e1s destacados de la industria nacional: Maite Alberdi, Pablo Larra\u00edn y Sebasti\u00e1n Lelio<\/strong>.<\/p>\n<p><strong><u>Competencias y jurados 2024<\/u><\/strong><\/p>\n<p style=\"text-align: justify;\">Al igual que en a\u00f1os anteriores, la edici\u00f3n n\u00b020 de SANFIC contar\u00e1 con tres competencias: <strong>Competencia Internacional, de Cine Chileno y Cortometraje Talento Nacional<\/strong>, a trav\u00e9s de las cuales el festival busca promover las m\u00e1s recientes producciones de directores nacionales e internacionales.<\/p>\n<p style=\"text-align: justify;\">La <strong>Competencia Internacional<\/strong> contar\u00e1 con ocho producciones, las cuales competir\u00e1n por las categor\u00edas a <strong>Mejor Pel\u00edcula , Mejor Direcci\u00f3n y Mejor Interpretaci\u00f3n<\/strong>: <strong><em>El ladr\u00f3n de perros<\/em><\/strong> (Bolivia, Chile, M\u00e9xico, Ecuador, Francia, Italia), de Vinko Tomi\u010di\u0107 Salinas; <strong><em>En vos conf\u00edo<\/em><\/strong> (Argentina), de Agust\u00edn Toscano; <strong><em>Estado de silencio<\/em><\/strong> (M\u00e9xico), de Santiago Maza; <strong><em>La teor\u00eda del todo<\/em><\/strong> (<em>Die Theorie Von Allem<\/em>)(Alemania), de Timm Kr\u00f6ger; <strong><em>Las chicas est\u00e1n bien<\/em><\/strong> (Espa\u00f1a), de Itsaso Arana; <strong><em>The Successor<\/em><\/strong> (<em>Le Successeur<\/em>) (Francia, Canad\u00e1, B\u00e9lgica), de Xavier Legrand; <strong><em>That They May Face The Rising Sun<\/em><\/strong> (Irlanda), de Pat Collins; y <strong><em>Sim\u00f3n de la monta\u00f1a<\/em><\/strong> (Argentina, Chile, Uruguay), de Federico Luis.<\/p>\n<p style=\"text-align: justify;\"><strong>El jurado de la Competencia Internacional est\u00e1 compuesto por el productor chileno, fundador y presidente de honor de los Premios Platino del Cine Iberoamericano, Adri\u00e1n Solar; la cofundadora y directora de programaci\u00f3n del Festival de Cine de R\u00edo de Janeiro, la brasile\u00f1a Ilda Santiago; y Javier Garc\u00eda Puerto, comisario de cine y video espa\u00f1ol, adem\u00e1s de programador en Tallin Black Nights Film Festival de Estonia.<\/strong><\/p>\n<p style=\"text-align: justify;\">En tanto, la <strong>Competencia de Cine Chileno<\/strong> tendr\u00e1 diez pel\u00edculas, las cuales competir\u00e1n a su vez por los premios a la <strong>Mejor Pel\u00edcula, Mejor Direcci\u00f3n y Mejor Interpretaci\u00f3n<\/strong>: <strong><em>Las cenizas<\/em><\/strong>, de Stjepan Ostoic; <strong><em>La primera dosis<\/em><\/strong>, de Roberto Salinas Vergara; <strong><em>Los afectos<\/em><\/strong> (Chile, Ecuador), de Diego Ayala y An\u00edbal Jofr\u00e9; <strong><em>No estoy en el mar<\/em><\/strong> (Chile, M\u00e9xico, Argentina), de Luis Cifuentes Saravia; <strong><em>Aullido de invierno<\/em><\/strong> (Chile, Colombia, Argentina), de Mat\u00edas Rojas Valencia; <strong><em>Primera persona<\/em><\/strong>, de Daniel Peralta; <strong><em>Sariri<\/em><\/strong>, de Laura Donoso; <strong><em>La fabulosa m\u00e1quina de cosechar oro<\/em><\/strong> (Chile, Holanda), de Alfredo Pourailly De La Plaza; <strong><em>Ra\u00edz<\/em><\/strong> (Per\u00fa, Chile), de Franco Garc\u00eda;\u00a0 y <strong><em>Una luz negra<\/em><\/strong>, de Alberto Hayden.<\/p>\n<p style=\"text-align: justify;\"><strong>El jurado de la Competencia de Cine Chileno est\u00e1 compuesto por el galardonado director y guionista alem\u00e1n Timm Kr\u00f6gger (<em>La teor\u00eda del todo<\/em>); el documentalista mexicano Santiago Maza (<em>Duda razonable<\/em>, <em>Estado de silencio<\/em>); y la actriz y guionista chilena con casi 40 a\u00f1os de carrera en cine teatro y televisi\u00f3n, Luz Croxatto (<em>Algo habr\u00e1n Hecho por la Historia de Chile<\/em>, <em>Bimbambum<\/em>).<\/strong><\/p>\n<p style=\"text-align: justify;\">Mientras que la <strong>Competencia Cortometraje Talento Nacional<\/strong> estar\u00e1 compuesta por <strong>21 cortometrajes<\/strong>, los cuales competir\u00e1n en la categor\u00eda a <strong>Mejor Cortometraje<\/strong>. Estos son: <strong><em>Al fin del mundo<\/em><\/strong>, de Antonia S\u00e1nchez e Isaac Brand; <strong><em>Coraz\u00f3n de pollo<\/em><\/strong>, de Mat\u00edas Echeverr\u00eda, Alfonso Ferrer e Isidora Barros; <strong><em>Desde tu sombra<\/em><\/strong>, de V\u00edctor Soto Castillo; <strong><em>El d\u00eda de mi independencia<\/em><\/strong>, de Constanza Majluf; <strong><em>El silencio del mar<\/em><\/strong>, de Tom\u00e1s Caniulao; <strong><em>El vuelo de Chaika<\/em><\/strong>, de Eduardo Bunster y Bel\u00e9n Abarza; <strong><em>Entrar\u00e1 una brisa preguntando por m\u00ed<\/em><\/strong>, de Francisca Droppelmann;<strong><em> Fiesta de cumplea\u00f1os (o la venganza de la hijastra)<\/em><\/strong>, de Anastasia Ayazi; <strong><em>Humboldt<\/em><\/strong>, de Beatriz Molina P\u00e1ez; <strong><em>L\u00e1grima seca<\/em><\/strong>, de Mart\u00edn Pizarro Veglia; <strong><em>Mar\u00eda Mar<\/em><\/strong>, de Roc\u00edo Huerta; <strong><em>Paisaje prohibido<\/em><\/strong>, de Mat\u00edas Alarc\u00f3n; <strong><em>Todo se quemar\u00e1<\/em><\/strong>, de Sim\u00f3n Vargas; <strong><em>Transfixion<\/em><\/strong>, de Diego Fierro-Labl\u00e9e;<strong><em> Familia<\/em><\/strong><strong>\ud83d\udc96\ud83d\udc8e<\/strong>, de Picho Garc\u00eda y Gabriela Pe\u00f1a; <strong><em>Frascos vac\u00edos<\/em><\/strong>, de Guillermo Ribbeck; <strong><em>Helechos<\/em><\/strong>, de Paz Ram\u00edrez;\u00a0 <strong><em>Marahoro<\/em><\/strong>, de Sof\u00eda Rodr\u00edguez;<strong><em> Al sol, lejos del centro<\/em><\/strong>, de Pascal Viveros y Luciana Merino; <strong><em>Cinco formas de borrar un chup\u00f3n<\/em><\/strong>, del Colectivo Ni\u00f1ita Perversa; y <strong><em>El canon<\/em><\/strong>, de Mart\u00edn Seeger.<\/p>\n<p style=\"text-align: justify;\"><strong>El jurado de la Competencia Cortometraje Talento Nacional est\u00e1 compuesto por la galardonada productora y cineasta boliviana, Viviana Saavedra, presidenta de la Red Iberoamericana de Laboratorios de cine y directoria del Bolivia Lab; el director de programaci\u00f3n del Festival Internacional de Cine en Guadalajara (FICG), el mexicano Pavel Cort\u00e9s; y el destacado director chileno J.G. Biggs (<em>Pleure en Silence<\/em>). <\/strong><\/p>\n<p><strong><u>Visiones del mundo y Funci\u00f3n especial<\/u><\/strong><\/p>\n<p style=\"text-align: justify;\">En SANFIC20 tambi\u00e9n se podr\u00e1 disfrutar de la secci\u00f3n <strong>Visiones del Mundo<\/strong>, dedicada a presentar en sus distintas subsecciones de drama, comedia y documental, reconocidos largometrajes de ficci\u00f3n y no ficci\u00f3n de todo el mundo. En <strong>drama<\/strong> se exhibir\u00e1n las pel\u00edculas; <strong><em>Huesos y Nombres<\/em><\/strong> (<em>Knochen und Namen<\/em>) (Alemania), de Fabian Stumm \u2013estrenada en el Festival de Cine de Berl\u00edn\u2013; <strong><em>Calladita<\/em><\/strong> (Espa\u00f1a), de Miguel Faus \u2013exhibida en el Festival de Cine de M\u00e1laga y en Tallinn Black Nights\u2013; y <strong><em>Como el mar<\/em><\/strong> (Argentina, Uruguay), de Nicol\u00e1s Gil Lavedra\u2013 exhibida en el Festival de Cine Iberoamericano de Miami, Buenos Aires y M\u00e1laga\u2013.<\/p>\n<p style=\"text-align: justify;\">En cuanto a la subsecci\u00f3n de documental se presentar\u00e1n <strong><em>Cientocuatro<\/em><\/strong> (<em>Einhundertvier (Onehundredfour)<\/em>) (Alemania), de Jonathan Sch\u00f6rnig \u2013exhibida en DOK Leipzig\u2013; <strong><em>Diario de un hombre a la deriva<\/em><\/strong> (Chile), de Jos\u00e9 Ib\u00e1\u00f1ez; <strong><em>Hasta aqu\u00ed y c\u00f3mo seguimos<\/em><\/strong> (<em>Bis hierhin und wie weiter?<\/em>) (Alemania),de Felix Maria B\u00fchler \u2013exhibida en Dok Fest\u2013; <strong><em>Henri, el \u00faltimo pirata<\/em><\/strong> (Chile), de Juli\u00e1n Fern\u00e1ndez Prieto; <strong><em>Oasis<\/em><\/strong> (Chile), de Tamara Uribe, Felipe Morgado\u2013estrenada en el Festival de Cine de Berl\u00edn; y <strong><em>\u00c1ngel blanco &#8211; El fin de Marinka<\/em><\/strong> (<em>White Angel &#8211; The End of Marinka<\/em>) (Alemania), de Arndt Ginzel\u2013estrenada en DOK Leipzig\u2013.<\/p>\n<p style=\"text-align: justify;\">Y en comedia estar\u00e1n <strong><em>Good Savage<\/em><\/strong> (M\u00e9xico), de Santiago Mohar \u2013estrenada en Tallinn Black Nights Film Festival\u2013 y <strong><em>Laguna mental<\/em><\/strong> (Chile), de Crist\u00f3bal Arteaga.<\/p>\n<p style=\"text-align: justify;\">Mientras que este a\u00f1o, la secci\u00f3n <strong>Funci\u00f3n Especial<\/strong>, en la cual tradicionalmente se presentan largometrajes de realizadores con una mirada particular sobre alguna tem\u00e1tica, contar\u00e1 con cuatro producciones: <strong><em>El cielo puede esperar<\/em><\/strong> (<em>Wir Leben Jetzt<\/em>) (Alemania), del director Sven Halfar que fue estrenada en el Festival de Cine de Hamburgo y en el Festival de documentales de Munich; <strong><em>Mart\u00ednez<\/em><\/strong> (M\u00e9xico), de Lorena Padilla, exhibida en el Festival de Cine de Guadalajara;<strong><em> Problemista<\/em><\/strong> (Estados Unidos), de Julio Torres que fue parte de la selecci\u00f3n del Festival de Cine de Guadalajara, Sidney y en South by Southwest Festival; y <strong><em>La sustancia<\/em><\/strong> (<em>The Substance<\/em>) (Reino Unido), de Coralie Fargeat, estrenada en el Festival de Cannes.<\/p>\n<p><strong><u>Directoras en foco <\/u><\/strong><\/p>\n<p style=\"text-align: justify;\">Desde 2019 en SANFIC se reconoce y visibiliza el trabajo de las mujeres en la industria cinematogr\u00e1fica a trav\u00e9s de la secci\u00f3n <strong>Directoras en Foco<\/strong>, la cual selecciona producciones de cineastas de todo el mundo que destacan por su estilo y por abordar tem\u00e1ticas que dan cuenta de la realidad de las mujeres en diversos contextos.<\/p>\n<p style=\"text-align: justify;\">Las realizadoras que exhibir\u00e1n sus pel\u00edculas <strong>en calidad de estreno nacional<\/strong> son Nicole Chi con <strong><em>Gui\u00e1n<\/em><\/strong> (Costa Rica) \u2013exhibida en el Festival de Cine de Visions du R\u00e9el, New Orleans, SSFF &amp; ASIA; Luz Orlando Brennan con <strong><em>La estrella que perd\u00ed<\/em><\/strong> (Argentina) \u2013exhibida en BAFICI\u2013, protagonizada por Mirta Busnelli y Anita Pauls, madre e hija tanto en la ficci\u00f3n como en la vida real; Laura Gonz\u00e1lez con<strong><em> Milonga<\/em><\/strong> (Uruguay, Argentina) \u2013Chicago Latino Film Festival\u2013. En <strong>calidad de estreno latinoamericano<\/strong> se exhibir\u00e1n las obras de Caro Bloj con <strong><em>Sincron\u00eda <\/em><\/strong>(Chile) \u2013 Hot Docs\u2013; de Frauke Finsterwalder con <strong><em>Sisi y yo<\/em><\/strong> (Alemania) \u2013Festival Internacional de Cine de Berl\u00edn\u2013; y Lisa Wagner con<strong><em> Dancing Heartbeats<\/em><\/strong> (Alemania) \u2013 HOF International Film Festival\u2013. Y como <strong>estreno mundial<\/strong> se presentar\u00e1 Roc\u00edo Garc\u00eda Morales con<strong><em> Pelok\u00eblan<\/em><\/strong> (Chile).<\/p>","protected":false},"excerpt":{"rendered":"<p>Los 20 a\u00f1os del Santiago Festival Internacional de Cine se celebrar\u00e1n en Santiago con 92 producciones, entre las que se encuentran 20 premieres mundiales, 13 latinoamericanos y 52 nacionales. Asimismo, SANFIC entregar\u00e1 un reconocimiento por su aporte al cine chileno &#8230; <a title=\"SANFIC da a conocer programaci\u00f3n en su aniversario n\u00famero 20\" class=\"read-more\" href=\"https:\/\/clientesbrandbits.click\/en\/sanfic-da-a-conocer-programacion-en-su-aniversario-numero-20\/\" aria-label=\"Read more about SANFIC da a conocer programaci\u00f3n en su aniversario n\u00famero 20\">Read More<\/a><\/p>","protected":false},"author":5,"featured_media":2499,"comment_status":"closed","ping_status":"closed","sticky":false,"template":"","format":"standard","meta":{"_joinchat":[],"footnotes":""},"categories":[11],"tags":[158],"class_list":["post-2498","post","type-post","status-publish","format-standard","has-post-thumbnail","hentry","category-festivales-de-cine","tag-sanfic","infinite-scroll-item"],"yoast_head":"<!-- This site is optimized with the Yoast SEO plugin v22.8 - https:\/\/yoast.com\/wordpress\/plugins\/seo\/ -->\n<title>SANFIC da a conocer programaci\u00f3n en su aniversario n\u00famero 20 - Spanglish Cinema<\/title>\n<meta name=\"description\" content=\"Los 20 a\u00f1os del Santiago Festival Internacional de Cine se celebrar\u00e1n en Santiago con 92 producciones, entre las que se encuentran 20 premieres mundiales, 13 latinoamericanos y 52 nacionales. Asimismo, SANFIC entregar\u00e1 un reconocimiento por su aporte al cine chileno a tres de los cineastas m\u00e1s destacados de la industria nacional: Maite Alberdi (Nominada al Oscar por El Agente Topo y La Memoria Infinita) , Pablo Larra\u00edn (Nominado al Oscar por No ) y Sebasti\u00e1n Lelio (Ganador de un Oscar por Una Mujer Fant\u00e1stica).\" \/>\n<meta name=\"robots\" content=\"index, follow, max-snippet:-1, max-image-preview:large, max-video-preview:-1\" \/>\n<link rel=\"canonical\" href=\"https:\/\/clientesbrandbits.click\/en\/sanfic-da-a-conocer-programacion-en-su-aniversario-numero-20\/\" \/>\n<meta property=\"og:locale\" content=\"en_US\" \/>\n<meta property=\"og:type\" content=\"article\" \/>\n<meta property=\"og:title\" content=\"SANFIC da a conocer programaci\u00f3n en su aniversario n\u00famero 20 - Spanglish Cinema\" \/>\n<meta property=\"og:description\" content=\"Los 20 a\u00f1os del Santiago Festival Internacional de Cine se celebrar\u00e1n en Santiago con 92 producciones, entre las que se encuentran 20 premieres mundiales, 13 latinoamericanos y 52 nacionales. Asimismo, SANFIC entregar\u00e1 un reconocimiento por su aporte al cine chileno a tres de los cineastas m\u00e1s destacados de la industria nacional: Maite Alberdi (Nominada al Oscar por El Agente Topo y La Memoria Infinita) , Pablo Larra\u00edn (Nominado al Oscar por No ) y Sebasti\u00e1n Lelio (Ganador de un Oscar por Una Mujer Fant\u00e1stica).\" \/>\n<meta property=\"og:url\" content=\"https:\/\/clientesbrandbits.click\/en\/sanfic-da-a-conocer-programacion-en-su-aniversario-numero-20\/\" \/>\n<meta property=\"og:site_name\" content=\"Spanglish Cinema\" \/>\n<meta property=\"article:published_time\" content=\"2024-07-24T12:52:06+00:00\" \/>\n<meta property=\"og:image\" content=\"https:\/\/clientesbrandbits.click\/wp-content\/uploads\/2024\/07\/Maite-Alberdi-jpg.webp\" \/>\n\t<meta property=\"og:image:width\" content=\"1200\" \/>\n\t<meta property=\"og:image:height\" content=\"675\" \/>\n\t<meta property=\"og:image:type\" content=\"image\/webp\" \/>\n<meta name=\"author\" content=\"Elizabeth Salazar\" \/>\n<meta name=\"twitter:card\" content=\"summary_large_image\" \/>\n<meta name=\"twitter:label1\" content=\"Written by\" \/>\n\t<meta name=\"twitter:data1\" content=\"Elizabeth Salazar\" \/>\n\t<meta name=\"twitter:label2\" content=\"Est. reading time\" \/>\n\t<meta name=\"twitter:data2\" content=\"11 minutes\" \/>\n<script type=\"application\/ld+json\" class=\"yoast-schema-graph\">{\"@context\":\"https:\/\/schema.org\",\"@graph\":[{\"@type\":\"Article\",\"@id\":\"https:\/\/clientesbrandbits.click\/sanfic-da-a-conocer-programacion-en-su-aniversario-numero-20\/#article\",\"isPartOf\":{\"@id\":\"https:\/\/clientesbrandbits.click\/sanfic-da-a-conocer-programacion-en-su-aniversario-numero-20\/\"},\"author\":{\"name\":\"Elizabeth Salazar\",\"@id\":\"https:\/\/clientesbrandbits.click\/#\/schema\/person\/3582a766d1bd629325b8cb5e303f4963\"},\"headline\":\"SANFIC da a conocer programaci\u00f3n en su aniversario n\u00famero 20\",\"datePublished\":\"2024-07-24T12:52:06+00:00\",\"dateModified\":\"2024-07-24T12:52:06+00:00\",\"mainEntityOfPage\":{\"@id\":\"https:\/\/clientesbrandbits.click\/sanfic-da-a-conocer-programacion-en-su-aniversario-numero-20\/\"},\"wordCount\":2506,\"publisher\":{\"@id\":\"https:\/\/clientesbrandbits.click\/#organization\"},\"image\":{\"@id\":\"https:\/\/clientesbrandbits.click\/sanfic-da-a-conocer-programacion-en-su-aniversario-numero-20\/#primaryimage\"},\"thumbnailUrl\":\"https:\/\/clientesbrandbits.click\/wp-content\/uploads\/2024\/07\/Maite-Alberdi-jpg.webp\",\"keywords\":[\"SANFIC\"],\"articleSection\":[\"Festivales de Cine\"],\"inLanguage\":\"en-US\"},{\"@type\":\"WebPage\",\"@id\":\"https:\/\/clientesbrandbits.click\/sanfic-da-a-conocer-programacion-en-su-aniversario-numero-20\/\",\"url\":\"https:\/\/clientesbrandbits.click\/sanfic-da-a-conocer-programacion-en-su-aniversario-numero-20\/\",\"name\":\"SANFIC da a conocer programaci\u00f3n en su aniversario n\u00famero 20 - Spanglish Cinema\",\"isPartOf\":{\"@id\":\"https:\/\/clientesbrandbits.click\/#website\"},\"primaryImageOfPage\":{\"@id\":\"https:\/\/clientesbrandbits.click\/sanfic-da-a-conocer-programacion-en-su-aniversario-numero-20\/#primaryimage\"},\"image\":{\"@id\":\"https:\/\/clientesbrandbits.click\/sanfic-da-a-conocer-programacion-en-su-aniversario-numero-20\/#primaryimage\"},\"thumbnailUrl\":\"https:\/\/clientesbrandbits.click\/wp-content\/uploads\/2024\/07\/Maite-Alberdi-jpg.webp\",\"datePublished\":\"2024-07-24T12:52:06+00:00\",\"dateModified\":\"2024-07-24T12:52:06+00:00\",\"description\":\"Los 20 a\u00f1os del Santiago Festival Internacional de Cine se celebrar\u00e1n en Santiago con 92 producciones, entre las que se encuentran 20 premieres mundiales, 13 latinoamericanos y 52 nacionales. Asimismo, SANFIC entregar\u00e1 un reconocimiento por su aporte al cine chileno a tres de los cineastas m\u00e1s destacados de la industria nacional: Maite Alberdi (Nominada al Oscar por El Agente Topo y La Memoria Infinita) , Pablo Larra\u00edn (Nominado al Oscar por No ) y Sebasti\u00e1n Lelio (Ganador de un Oscar por Una Mujer Fant\u00e1stica).\",\"breadcrumb\":{\"@id\":\"https:\/\/clientesbrandbits.click\/sanfic-da-a-conocer-programacion-en-su-aniversario-numero-20\/#breadcrumb\"},\"inLanguage\":\"en-US\",\"potentialAction\":[{\"@type\":\"ReadAction\",\"target\":[\"https:\/\/clientesbrandbits.click\/sanfic-da-a-conocer-programacion-en-su-aniversario-numero-20\/\"]}]},{\"@type\":\"ImageObject\",\"inLanguage\":\"en-US\",\"@id\":\"https:\/\/clientesbrandbits.click\/sanfic-da-a-conocer-programacion-en-su-aniversario-numero-20\/#primaryimage\",\"url\":\"https:\/\/clientesbrandbits.click\/wp-content\/uploads\/2024\/07\/Maite-Alberdi-jpg.webp\",\"contentUrl\":\"https:\/\/clientesbrandbits.click\/wp-content\/uploads\/2024\/07\/Maite-Alberdi-jpg.webp\",\"width\":1200,\"height\":675},{\"@type\":\"BreadcrumbList\",\"@id\":\"https:\/\/clientesbrandbits.click\/sanfic-da-a-conocer-programacion-en-su-aniversario-numero-20\/#breadcrumb\",\"itemListElement\":[{\"@type\":\"ListItem\",\"position\":1,\"name\":\"Portada\",\"item\":\"https:\/\/clientesbrandbits.click\/\"},{\"@type\":\"ListItem\",\"position\":2,\"name\":\"SANFIC da a conocer programaci\u00f3n en su aniversario n\u00famero 20\"}]},{\"@type\":\"WebSite\",\"@id\":\"https:\/\/clientesbrandbits.click\/#website\",\"url\":\"https:\/\/clientesbrandbits.click\/\",\"name\":\"Spanglish Cinema\",\"description\":\"\",\"publisher\":{\"@id\":\"https:\/\/clientesbrandbits.click\/#organization\"},\"potentialAction\":[{\"@type\":\"SearchAction\",\"target\":{\"@type\":\"EntryPoint\",\"urlTemplate\":\"https:\/\/clientesbrandbits.click\/?s={search_term_string}\"},\"query-input\":\"required name=search_term_string\"}],\"inLanguage\":\"en-US\"},{\"@type\":\"Organization\",\"@id\":\"https:\/\/clientesbrandbits.click\/#organization\",\"name\":\"Spanglish Cinema\",\"url\":\"https:\/\/clientesbrandbits.click\/\",\"logo\":{\"@type\":\"ImageObject\",\"inLanguage\":\"en-US\",\"@id\":\"https:\/\/clientesbrandbits.click\/#\/schema\/logo\/image\/\",\"url\":\"https:\/\/clientesbrandbits.click\/wp-content\/uploads\/2024\/03\/spanglish_cinema.png\",\"contentUrl\":\"https:\/\/clientesbrandbits.click\/wp-content\/uploads\/2024\/03\/spanglish_cinema.png\",\"width\":612,\"height\":225,\"caption\":\"Spanglish Cinema\"},\"image\":{\"@id\":\"https:\/\/clientesbrandbits.click\/#\/schema\/logo\/image\/\"}},{\"@type\":\"Person\",\"@id\":\"https:\/\/clientesbrandbits.click\/#\/schema\/person\/3582a766d1bd629325b8cb5e303f4963\",\"name\":\"Elizabeth Salazar\",\"image\":{\"@type\":\"ImageObject\",\"inLanguage\":\"en-US\",\"@id\":\"https:\/\/clientesbrandbits.click\/#\/schema\/person\/image\/\",\"url\":\"https:\/\/secure.gravatar.com\/avatar\/ddf69a5ddae2a61929dd4e305eb31658?s=96&d=mm&r=g\",\"contentUrl\":\"https:\/\/secure.gravatar.com\/avatar\/ddf69a5ddae2a61929dd4e305eb31658?s=96&d=mm&r=g\",\"caption\":\"Elizabeth Salazar\"},\"url\":\"https:\/\/clientesbrandbits.click\/en\/author\/elizabeth-salazar\/\"}]}<\/script>\n<!-- \/ Yoast SEO plugin. -->","yoast_head_json":{"title":"SANFIC da a conocer programaci\u00f3n en su aniversario n\u00famero 20 - Spanglish Cinema","description":"Los 20 a\u00f1os del Santiago Festival Internacional de Cine se celebrar\u00e1n en Santiago con 92 producciones, entre las que se encuentran 20 premieres mundiales, 13 latinoamericanos y 52 nacionales. Asimismo, SANFIC entregar\u00e1 un reconocimiento por su aporte al cine chileno a tres de los cineastas m\u00e1s destacados de la industria nacional: Maite Alberdi (Nominada al Oscar por El Agente Topo y La Memoria Infinita) , Pablo Larra\u00edn (Nominado al Oscar por No ) y Sebasti\u00e1n Lelio (Ganador de un Oscar por Una Mujer Fant\u00e1stica).","robots":{"index":"index","follow":"follow","max-snippet":"max-snippet:-1","max-image-preview":"max-image-preview:large","max-video-preview":"max-video-preview:-1"},"canonical":"https:\/\/clientesbrandbits.click\/en\/sanfic-da-a-conocer-programacion-en-su-aniversario-numero-20\/","og_locale":"en_US","og_type":"article","og_title":"SANFIC da a conocer programaci\u00f3n en su aniversario n\u00famero 20 - Spanglish Cinema","og_description":"Los 20 a\u00f1os del Santiago Festival Internacional de Cine se celebrar\u00e1n en Santiago con 92 producciones, entre las que se encuentran 20 premieres mundiales, 13 latinoamericanos y 52 nacionales. Asimismo, SANFIC entregar\u00e1 un reconocimiento por su aporte al cine chileno a tres de los cineastas m\u00e1s destacados de la industria nacional: Maite Alberdi (Nominada al Oscar por El Agente Topo y La Memoria Infinita) , Pablo Larra\u00edn (Nominado al Oscar por No ) y Sebasti\u00e1n Lelio (Ganador de un Oscar por Una Mujer Fant\u00e1stica).","og_url":"https:\/\/clientesbrandbits.click\/en\/sanfic-da-a-conocer-programacion-en-su-aniversario-numero-20\/","og_site_name":"Spanglish Cinema","article_published_time":"2024-07-24T12:52:06+00:00","og_image":[{"width":1200,"height":675,"url":"https:\/\/clientesbrandbits.click\/wp-content\/uploads\/2024\/07\/Maite-Alberdi-jpg.webp","type":"image\/webp"}],"author":"Elizabeth Salazar","twitter_card":"summary_large_image","twitter_misc":{"Written by":"Elizabeth Salazar","Est. reading time":"11 minutes"},"schema":{"@context":"https:\/\/schema.org","@graph":[{"@type":"Article","@id":"https:\/\/clientesbrandbits.click\/sanfic-da-a-conocer-programacion-en-su-aniversario-numero-20\/#article","isPartOf":{"@id":"https:\/\/clientesbrandbits.click\/sanfic-da-a-conocer-programacion-en-su-aniversario-numero-20\/"},"author":{"name":"Elizabeth Salazar","@id":"https:\/\/clientesbrandbits.click\/#\/schema\/person\/3582a766d1bd629325b8cb5e303f4963"},"headline":"SANFIC da a conocer programaci\u00f3n en su aniversario n\u00famero 20","datePublished":"2024-07-24T12:52:06+00:00","dateModified":"2024-07-24T12:52:06+00:00","mainEntityOfPage":{"@id":"https:\/\/clientesbrandbits.click\/sanfic-da-a-conocer-programacion-en-su-aniversario-numero-20\/"},"wordCount":2506,"publisher":{"@id":"https:\/\/clientesbrandbits.click\/#organization"},"image":{"@id":"https:\/\/clientesbrandbits.click\/sanfic-da-a-conocer-programacion-en-su-aniversario-numero-20\/#primaryimage"},"thumbnailUrl":"https:\/\/clientesbrandbits.click\/wp-content\/uploads\/2024\/07\/Maite-Alberdi-jpg.webp","keywords":["SANFIC"],"articleSection":["Festivales de Cine"],"inLanguage":"en-US"},{"@type":"WebPage","@id":"https:\/\/clientesbrandbits.click\/sanfic-da-a-conocer-programacion-en-su-aniversario-numero-20\/","url":"https:\/\/clientesbrandbits.click\/sanfic-da-a-conocer-programacion-en-su-aniversario-numero-20\/","name":"SANFIC da a conocer programaci\u00f3n en su aniversario n\u00famero 20 - Spanglish Cinema","isPartOf":{"@id":"https:\/\/clientesbrandbits.click\/#website"},"primaryImageOfPage":{"@id":"https:\/\/clientesbrandbits.click\/sanfic-da-a-conocer-programacion-en-su-aniversario-numero-20\/#primaryimage"},"image":{"@id":"https:\/\/clientesbrandbits.click\/sanfic-da-a-conocer-programacion-en-su-aniversario-numero-20\/#primaryimage"},"thumbnailUrl":"https:\/\/clientesbrandbits.click\/wp-content\/uploads\/2024\/07\/Maite-Alberdi-jpg.webp","datePublished":"2024-07-24T12:52:06+00:00","dateModified":"2024-07-24T12:52:06+00:00","description":"Los 20 a\u00f1os del Santiago Festival Internacional de Cine se celebrar\u00e1n en Santiago con 92 producciones, entre las que se encuentran 20 premieres mundiales, 13 latinoamericanos y 52 nacionales. Asimismo, SANFIC entregar\u00e1 un reconocimiento por su aporte al cine chileno a tres de los cineastas m\u00e1s destacados de la industria nacional: Maite Alberdi (Nominada al Oscar por El Agente Topo y La Memoria Infinita) , Pablo Larra\u00edn (Nominado al Oscar por No ) y Sebasti\u00e1n Lelio (Ganador de un Oscar por Una Mujer Fant\u00e1stica).","breadcrumb":{"@id":"https:\/\/clientesbrandbits.click\/sanfic-da-a-conocer-programacion-en-su-aniversario-numero-20\/#breadcrumb"},"inLanguage":"en-US","potentialAction":[{"@type":"ReadAction","target":["https:\/\/clientesbrandbits.click\/sanfic-da-a-conocer-programacion-en-su-aniversario-numero-20\/"]}]},{"@type":"ImageObject","inLanguage":"en-US","@id":"https:\/\/clientesbrandbits.click\/sanfic-da-a-conocer-programacion-en-su-aniversario-numero-20\/#primaryimage","url":"https:\/\/clientesbrandbits.click\/wp-content\/uploads\/2024\/07\/Maite-Alberdi-jpg.webp","contentUrl":"https:\/\/clientesbrandbits.click\/wp-content\/uploads\/2024\/07\/Maite-Alberdi-jpg.webp","width":1200,"height":675},{"@type":"BreadcrumbList","@id":"https:\/\/clientesbrandbits.click\/sanfic-da-a-conocer-programacion-en-su-aniversario-numero-20\/#breadcrumb","itemListElement":[{"@type":"ListItem","position":1,"name":"Portada","item":"https:\/\/clientesbrandbits.click\/"},{"@type":"ListItem","position":2,"name":"SANFIC da a conocer programaci\u00f3n en su aniversario n\u00famero 20"}]},{"@type":"WebSite","@id":"https:\/\/clientesbrandbits.click\/#website","url":"https:\/\/clientesbrandbits.click\/","name":"Spanglish Cinema","description":"","publisher":{"@id":"https:\/\/clientesbrandbits.click\/#organization"},"potentialAction":[{"@type":"SearchAction","target":{"@type":"EntryPoint","urlTemplate":"https:\/\/clientesbrandbits.click\/?s={search_term_string}"},"query-input":"required name=search_term_string"}],"inLanguage":"en-US"},{"@type":"Organization","@id":"https:\/\/clientesbrandbits.click\/#organization","name":"Spanglish Cinema","url":"https:\/\/clientesbrandbits.click\/","logo":{"@type":"ImageObject","inLanguage":"en-US","@id":"https:\/\/clientesbrandbits.click\/#\/schema\/logo\/image\/","url":"https:\/\/clientesbrandbits.click\/wp-content\/uploads\/2024\/03\/spanglish_cinema.png","contentUrl":"https:\/\/clientesbrandbits.click\/wp-content\/uploads\/2024\/03\/spanglish_cinema.png","width":612,"height":225,"caption":"Spanglish Cinema"},"image":{"@id":"https:\/\/clientesbrandbits.click\/#\/schema\/logo\/image\/"}},{"@type":"Person","@id":"https:\/\/clientesbrandbits.click\/#\/schema\/person\/3582a766d1bd629325b8cb5e303f4963","name":"Elizabeth Salazar","image":{"@type":"ImageObject","inLanguage":"en-US","@id":"https:\/\/clientesbrandbits.click\/#\/schema\/person\/image\/","url":"https:\/\/secure.gravatar.com\/avatar\/ddf69a5ddae2a61929dd4e305eb31658?s=96&d=mm&r=g","contentUrl":"https:\/\/secure.gravatar.com\/avatar\/ddf69a5ddae2a61929dd4e305eb31658?s=96&d=mm&r=g","caption":"Elizabeth Salazar"},"url":"https:\/\/clientesbrandbits.click\/en\/author\/elizabeth-salazar\/"}]}},"_links":{"self":[{"href":"https:\/\/clientesbrandbits.click\/en\/wp-json\/wp\/v2\/posts\/2498"}],"collection":[{"href":"https:\/\/clientesbrandbits.click\/en\/wp-json\/wp\/v2\/posts"}],"about":[{"href":"https:\/\/clientesbrandbits.click\/en\/wp-json\/wp\/v2\/types\/post"}],"author":[{"embeddable":true,"href":"https:\/\/clientesbrandbits.click\/en\/wp-json\/wp\/v2\/users\/5"}],"replies":[{"embeddable":true,"href":"https:\/\/clientesbrandbits.click\/en\/wp-json\/wp\/v2\/comments?post=2498"}],"version-history":[{"count":2,"href":"https:\/\/clientesbrandbits.click\/en\/wp-json\/wp\/v2\/posts\/2498\/revisions"}],"predecessor-version":[{"id":2502,"href":"https:\/\/clientesbrandbits.click\/en\/wp-json\/wp\/v2\/posts\/2498\/revisions\/2502"}],"wp:featuredmedia":[{"embeddable":true,"href":"https:\/\/clientesbrandbits.click\/en\/wp-json\/wp\/v2\/media\/2499"}],"wp:attachment":[{"href":"https:\/\/clientesbrandbits.click\/en\/wp-json\/wp\/v2\/media?parent=2498"}],"wp:term":[{"taxonomy":"category","embeddable":true,"href":"https:\/\/clientesbrandbits.click\/en\/wp-json\/wp\/v2\/categories?post=2498"},{"taxonomy":"post_tag","embeddable":true,"href":"https:\/\/clientesbrandbits.click\/en\/wp-json\/wp\/v2\/tags?post=2498"}],"curies":[{"name":"wp","href":"https:\/\/api.w.org\/{rel}","templated":true}]}}