{"id":2473,"date":"2024-07-23T08:28:37","date_gmt":"2024-07-23T12:28:37","guid":{"rendered":"https:\/\/clientesbrandbits.click\/?p=2473"},"modified":"2024-07-25T08:29:22","modified_gmt":"2024-07-25T12:29:22","slug":"todos-los-ganadores-del-10-arfecine","status":"publish","type":"post","link":"https:\/\/clientesbrandbits.click\/en\/todos-los-ganadores-del-10-arfecine\/","title":{"rendered":"Todos los ganadores del 10\u00b0 Arfecine"},"content":{"rendered":"<p style=\"text-align: justify;\">Con gran afluencia de p\u00fablico en todas sus jornadas, culmin\u00f3 la edici\u00f3n n\u00famero 10\u00b0 Aniversario del Festival\u00a0<strong>ARFE<\/strong>CINE\u00a0<strong>\u2013 Semana Internacional de Cine en Buenos Aires.\u00a0<\/strong><\/p>\n<p style=\"text-align: justify;\">La Gala de Clausura concluy\u00f3 con la exhibici\u00f3n en premiere absoluta en nuestro pa\u00eds del potente, esclarecedor y valiente documental\u00a0<strong>Alg\u00fan D\u00eda, en Alg\u00fan Lugar\u00a0<\/strong>(2023) dirigida por el realizador argentino radicado en los Estados Unidos, Ricardo Preve La Entrega de Premios y la proyecci\u00f3n de esta obra se realizaron en el sal\u00f3n Auditorio de la Alianza Francesa en Buenos Aires, que cont\u00f3 con la colaboraci\u00f3n de la Fundaci\u00f3n Aldea de las Luces.<\/p>\n<p style=\"text-align: justify;\">Luego de las palabras de agradecimiento y en cierta forma de balance de esta nueva edici\u00f3n del Festival, a cargo de su director <strong>Pablo De Vita<\/strong>, quien dio la bienvenida a las delegaciones y al p\u00fablico presente y brind\u00f3 una s\u00edntesis de las cinco intensas jornadas donde adem\u00e1s tuvieron lugar las presentaciones de Serbia, El Salvador, las bases de los premios Radio France International-Radio Cultura dedicados al cortometraje, el anuncio del congreso Art-Kine (co-organizado junto a la Universidad de Salamanca y la Universidad de Viena), y en esa ma\u00f1ana un encuentro especial para la deliberaci\u00f3n de los jurados y recorrido tem\u00e1tico por el hist\u00f3rico caf\u00e9 El Gato Negro y, por la noche, los premios otorgados por ACNUR en est\u00edmulo a entidades civiles que trabajan la tem\u00e1tica de los refugiados. Por su parte, la periodista y realizadora\u00a0<strong>Lorena Cancela<\/strong>\u00a0fue la encargada de presentar a los diferentes miembros de los Jurados y de conducir la ceremonia donde se anunciaron los films ganadores y la respectiva justificaci\u00f3n para la otorgaci\u00f3n de los galardones.<\/p>\n<p><strong>Invitados<\/strong><\/p>\n<p style=\"text-align: justify;\">A lo largo de estas cinco jornadas del Festival, adem\u00e1s de la proyecci\u00f3n de films de las dos competencias \u2013largometrajes y cortometrajes-, hubo un Foco sobre\u00a0<strong>Fran\u00e7ois Truffaut<\/strong>, de quien se cumplen 40 a\u00f1os de su desaparici\u00f3n f\u00edsica; realizaciones de Serbia, como pa\u00eds invitado, y un panorama internacional. Entre las personalidades y figuras que se hicieron presentes en m\u00e1s de una ocasi\u00f3n acompa\u00f1ando tanto las proyecciones como las recepciones especiales estuvieron entre otros,\u00a0<strong>Veljko Lazic<\/strong>, Embajador de la Rep\u00fablica de Serbia;\u00a0<strong>Eduardo Cardoza<\/strong>, Embajador de la Rep\u00fablica de El Salvador;\u00a0<strong>Peter Kveck<\/strong>. Embajador de Hungr\u00eda; el actor porte\u00f1o\u00a0<strong>Gustavo Garz\u00f3n<\/strong>, la actriz y directora\u00a0<strong>Sandra Sandrini<\/strong>, la profesora de letras y escritora\u00a0<strong>Josefina Delgado<\/strong>, el m\u00fasico y compositor marplatense\u00a0<strong>Emilio del Guercio<\/strong>, el Padre\u00a0<strong>Esteban Jovanovich<\/strong>\u00a0de la Iglesia Ortodoxa Serbia de Buenos Aires, la comediante paraguaya\u00a0<strong>Loren Acu\u00f1a<\/strong>, el cronista de cine y director de festivales\u00a0<strong>Carlos Morelli<\/strong>,\u00a0<strong>Juan Buchet<\/strong>, del Club Francais, la mezzo-soprano parisina\u00a0<strong>Vera Cirkovic<\/strong>, el realizador\u00a0<strong>Miguel Kohan<\/strong>, el fot\u00f3grafo uruguayo\u00a0<strong>Mauro Roll<\/strong>\u00a0y\u00a0<strong>Pascal Casanova<\/strong>, director de la Alianza Francesa de Buenos Aires;\u00a0<strong>Ariel Blufstein<\/strong>, representante de DAIA, el Presidente Honorario del C\u00edrculo Italiano,\u00a0<strong>Federico Kralij<\/strong>; y la ex-directora de cultura de Canciller\u00eda Argentina,\u00a0<strong>Magdalena Faillace<\/strong>.\u00a0Adem\u00e1s de representantes diplom\u00e1ticos de Canciller\u00eda Argentina, Serbia, Hungr\u00eda, Montenegro, Rusia, Islandia, Croacia, Georgia, El Salvador, Guatemala, Paraguay, Rep\u00fablica Dominicana, San Marino, Estados Unidos, El Congo, Hait\u00ed, Buenos Aires, la Uni\u00f3n Europea y de ACNUR (Agencia de la ONU para los Refugiados), que fue anfitriona de la noche con la presencia de su coordinadora para el Cono Sur,\u00a0<strong>Karmen Sakhr.<\/strong><\/p>\n<p><strong>Los jurados y los premios<\/strong><\/p>\n<p style=\"text-align: justify;\">El Jurado de la Competencia Oficial de Largometrajes integrado por <strong>Ricardo Prev\u00e9<\/strong>-Presidente- (Realizador y productor, Estados Unidos), <strong>Cedric Robion <\/strong>(Documentalista e ingeniero, Francia) y<strong> Josefina Zaval\u00eda \u00c1balos <\/strong>(Realizadora de documentales, Argentina) otorgaron el Primer Premio a la Mejor Pel\u00edcula para\u00a0<strong>Corte<\/strong>\u00a0(Serbia) de\u00a0<strong>Sinisa Cvetic:<\/strong>\u00a0<em>\u201cPor su magistral direcci\u00f3n, y por la brillante interpretaci\u00f3n de sus personajes, que construye un mundo humano, complejo y trascendente\u201d.\u00a0<\/em>Recibi\u00f3 el Diploma respectivo\u00a0<strong>Veljko Lazic<\/strong>, Embajador de la Rep\u00fablica de Serbia. El Premio Especial del Jurado fue para el documental\u00a0<strong>\u00c1nimu<\/strong>\u00a0(Argentina) de\u00a0<strong>Miguel Kohan.\u00a0<\/strong><em>\u201cPor su sensibilidad visual, profundidad espiritual y sobresaliente trabajo fotogr\u00e1fico.<\/em>\u00a0El propio director presente en la sala, recibi\u00f3 el galard\u00f3n agradeci\u00e9ndolo y reivindicando la presencia del p\u00fablico en las salas de cine. Por \u00faltimo, el Premio a la Mejor Actriz fue para\u00a0<strong>Valentina Herszage<\/strong>\u00a0por el film\u00a0<strong>Las Polacas\u00a0<\/strong>(Brasil)de<strong>\u00a0Joao Jardim<\/strong>:\u00a0<em>\u201cPor su excelente interpretaci\u00f3n de Rebecca, impregnada de autenticidad que logra proyectarnos al ambiente de la \u00e9poca\u201d.<\/em>\u00a0Mediante un video exhibido por la pantalla se recibi\u00f3 el saludo y agradecimiento con la imagen y la voz de la actriz brasile\u00f1a.<\/p>\n<p style=\"text-align: justify;\">Por su parte el Jurado de la Competencia Oficial de Cortometrajes constituido por\u00a0<strong>Eduardo L\u00f3pez\u00a0<\/strong>-Presidente- (Productor y director de videoclips, El Salvador),<strong>\u00a0Javier Erlij\u00a0<\/strong>(Docente y periodista de Cine y Espect\u00e1culos, Argentina) y\u00a0<strong>Graciela Garzelli\u00a0<\/strong>(Productora y guionista, Argentina) eligieron como Premio al Mejor Cortometraje a\u00a0<strong>\u201cLos Solistas\u201d<\/strong>\u00a0(Francia) de\u00a0<strong>Mehrnaz Abdollahinia, Feben Elias, Woldehawariat, Razahk Issaka, Celeste Jamneck y Liu Yi<\/strong>\u00a0con la siguiente justificaci\u00f3n:\u00a0<em>\u201c<\/em>\u00a0<em>Porque con gran ingenio y acertado tratamiento est\u00e9tico narra en clave de comedia una original historia sobre las prohibiciones que a\u00fan afectan a las mujeres en el mundo. Mensaje conciso y profundo sobre la libertad\u201d.\u00a0<\/em>Recibi\u00f3 el premio<strong>Victoria Lattaro<\/strong>, responsable del \u00c1rea Cultural de la Alianza Francesa. El Premio Especial del Jurado fue para <strong>Hermanas del viento<\/strong>\u00a0(Argentina) de <strong>Julia Carrizo <\/strong><em>\u201cPorque a trav\u00e9s de bellas im\u00e1genes, aut\u00e9nticos y profundos testimonios captura la esencia de la cultura Sikuri femenina en Jujuy, visibilizando la fuerza de las mujeres para preservar la cultura ancestral e identidad juje\u00f1a, desafiando los espacios que fueran enteramente ocupados por hombres\u201d<\/em>. Recibi\u00f3 el Diploma\u00a0<strong>Fernando Brenner<\/strong>, Curador de la Competencia de Cortos. Y desde Jujuy \u2013y con el sonido del viento-la realizadora envi\u00f3 un mensaje en video agradeciendo al jurado en estas circunstancias tan dif\u00edciles para la cultura. Y finalmente la otra menci\u00f3n como Premio Especial del Jurado fue para <strong>Luthier <\/strong>(Colombia) de <strong>Carlos Gonz\u00e1lez Penagos<\/strong> <em>Porque logra con una po\u00e9tica animaci\u00f3n abordar la agresi\u00f3n que produce el hombre a la flora y fauna mostrando a trav\u00e9s del personaje y su oficio, el poder transformador del arte\u201d.<\/em> El realizador de esta animaci\u00f3n envi\u00f3 un video con su agradecimiento y felicidad por el premio recibido.<\/p>","protected":false},"excerpt":{"rendered":"<p>Con gran afluencia de p\u00fablico en todas sus jornadas, culmin\u00f3 la edici\u00f3n n\u00famero 10\u00b0 Aniversario del Festival\u00a0ARFECINE\u00a0\u2013 Semana Internacional de Cine en Buenos Aires.\u00a0 La Gala de Clausura concluy\u00f3 con la exhibici\u00f3n en premiere absoluta en nuestro pa\u00eds del potente, &#8230; <a title=\"Todos los ganadores del 10\u00b0 Arfecine\" class=\"read-more\" href=\"https:\/\/clientesbrandbits.click\/en\/todos-los-ganadores-del-10-arfecine\/\" aria-label=\"Read more about Todos los ganadores del 10\u00b0 Arfecine\">Read More<\/a><\/p>","protected":false},"author":5,"featured_media":2474,"comment_status":"closed","ping_status":"closed","sticky":false,"template":"","format":"standard","meta":{"_joinchat":[],"footnotes":""},"categories":[11],"tags":[215],"class_list":["post-2473","post","type-post","status-publish","format-standard","has-post-thumbnail","hentry","category-festivales-de-cine","tag-arfecine","infinite-scroll-item"],"yoast_head":"<!-- This site is optimized with the Yoast SEO plugin v22.8 - https:\/\/yoast.com\/wordpress\/plugins\/seo\/ -->\n<title>Todos los ganadores del 10\u00b0 Arfecine - Spanglish Cinema<\/title>\n<meta name=\"description\" content=\"Con gran afluencia de p\u00fablico en todas sus jornadas, culmin\u00f3 la edici\u00f3n n\u00famero 10\u00b0 Aniversario del Festival\u00a0ARFECINE\u00a0\u2013 Semana Internacional de Cine en Buenos Aires.\u00a0\" \/>\n<meta name=\"robots\" content=\"index, follow, max-snippet:-1, max-image-preview:large, max-video-preview:-1\" \/>\n<link rel=\"canonical\" href=\"https:\/\/clientesbrandbits.click\/en\/todos-los-ganadores-del-10-arfecine\/\" \/>\n<meta property=\"og:locale\" content=\"en_US\" \/>\n<meta property=\"og:type\" content=\"article\" \/>\n<meta property=\"og:title\" content=\"Todos los ganadores del 10\u00b0 Arfecine - Spanglish Cinema\" \/>\n<meta property=\"og:description\" content=\"Con gran afluencia de p\u00fablico en todas sus jornadas, culmin\u00f3 la edici\u00f3n n\u00famero 10\u00b0 Aniversario del Festival\u00a0ARFECINE\u00a0\u2013 Semana Internacional de Cine en Buenos Aires.\u00a0\" \/>\n<meta property=\"og:url\" content=\"https:\/\/clientesbrandbits.click\/en\/todos-los-ganadores-del-10-arfecine\/\" \/>\n<meta property=\"og:site_name\" content=\"Spanglish Cinema\" \/>\n<meta property=\"article:published_time\" content=\"2024-07-23T12:28:37+00:00\" \/>\n<meta property=\"article:modified_time\" content=\"2024-07-25T12:29:22+00:00\" \/>\n<meta property=\"og:image\" content=\"https:\/\/clientesbrandbits.click\/wp-content\/uploads\/2024\/07\/Entre-otros-Gustavo-Garzon-Miguel-Kohan-Josefina-Zavalia-Abalos-Fredy-Friedlander-Cedric-Robion-y-Fernando-Brenner-en-el-Auditorio-de-la-Alianza-Francesa-10\u00b0-ARFECINE.-Julio-2024-e1721683804516.jpg\" \/>\n\t<meta property=\"og:image:width\" content=\"1544\" \/>\n\t<meta property=\"og:image:height\" content=\"1158\" \/>\n\t<meta property=\"og:image:type\" content=\"image\/jpeg\" \/>\n<meta name=\"author\" content=\"Elizabeth Salazar\" \/>\n<meta name=\"twitter:card\" content=\"summary_large_image\" \/>\n<meta name=\"twitter:label1\" content=\"Written by\" \/>\n\t<meta name=\"twitter:data1\" content=\"Elizabeth Salazar\" \/>\n\t<meta name=\"twitter:label2\" content=\"Est. reading time\" \/>\n\t<meta name=\"twitter:data2\" content=\"5 minutes\" \/>\n<script type=\"application\/ld+json\" class=\"yoast-schema-graph\">{\"@context\":\"https:\/\/schema.org\",\"@graph\":[{\"@type\":\"Article\",\"@id\":\"https:\/\/clientesbrandbits.click\/todos-los-ganadores-del-10-arfecine\/#article\",\"isPartOf\":{\"@id\":\"https:\/\/clientesbrandbits.click\/todos-los-ganadores-del-10-arfecine\/\"},\"author\":{\"name\":\"Elizabeth Salazar\",\"@id\":\"https:\/\/clientesbrandbits.click\/#\/schema\/person\/3582a766d1bd629325b8cb5e303f4963\"},\"headline\":\"Todos los ganadores del 10\u00b0 Arfecine\",\"datePublished\":\"2024-07-23T12:28:37+00:00\",\"dateModified\":\"2024-07-25T12:29:22+00:00\",\"mainEntityOfPage\":{\"@id\":\"https:\/\/clientesbrandbits.click\/todos-los-ganadores-del-10-arfecine\/\"},\"wordCount\":1076,\"publisher\":{\"@id\":\"https:\/\/clientesbrandbits.click\/#organization\"},\"image\":{\"@id\":\"https:\/\/clientesbrandbits.click\/todos-los-ganadores-del-10-arfecine\/#primaryimage\"},\"thumbnailUrl\":\"https:\/\/clientesbrandbits.click\/wp-content\/uploads\/2024\/07\/Entre-otros-Gustavo-Garzon-Miguel-Kohan-Josefina-Zavalia-Abalos-Fredy-Friedlander-Cedric-Robion-y-Fernando-Brenner-en-el-Auditorio-de-la-Alianza-Francesa-10\u00b0-ARFECINE.-Julio-2024-e1721683804516.jpg\",\"keywords\":[\"Arfecine\"],\"articleSection\":[\"Festivales de Cine\"],\"inLanguage\":\"en-US\"},{\"@type\":\"WebPage\",\"@id\":\"https:\/\/clientesbrandbits.click\/todos-los-ganadores-del-10-arfecine\/\",\"url\":\"https:\/\/clientesbrandbits.click\/todos-los-ganadores-del-10-arfecine\/\",\"name\":\"Todos los ganadores del 10\u00b0 Arfecine - Spanglish Cinema\",\"isPartOf\":{\"@id\":\"https:\/\/clientesbrandbits.click\/#website\"},\"primaryImageOfPage\":{\"@id\":\"https:\/\/clientesbrandbits.click\/todos-los-ganadores-del-10-arfecine\/#primaryimage\"},\"image\":{\"@id\":\"https:\/\/clientesbrandbits.click\/todos-los-ganadores-del-10-arfecine\/#primaryimage\"},\"thumbnailUrl\":\"https:\/\/clientesbrandbits.click\/wp-content\/uploads\/2024\/07\/Entre-otros-Gustavo-Garzon-Miguel-Kohan-Josefina-Zavalia-Abalos-Fredy-Friedlander-Cedric-Robion-y-Fernando-Brenner-en-el-Auditorio-de-la-Alianza-Francesa-10\u00b0-ARFECINE.-Julio-2024-e1721683804516.jpg\",\"datePublished\":\"2024-07-23T12:28:37+00:00\",\"dateModified\":\"2024-07-25T12:29:22+00:00\",\"description\":\"Con gran afluencia de p\u00fablico en todas sus jornadas, culmin\u00f3 la edici\u00f3n n\u00famero 10\u00b0 Aniversario del Festival\u00a0ARFECINE\u00a0\u2013 Semana Internacional de Cine en Buenos Aires.\u00a0\",\"breadcrumb\":{\"@id\":\"https:\/\/clientesbrandbits.click\/todos-los-ganadores-del-10-arfecine\/#breadcrumb\"},\"inLanguage\":\"en-US\",\"potentialAction\":[{\"@type\":\"ReadAction\",\"target\":[\"https:\/\/clientesbrandbits.click\/todos-los-ganadores-del-10-arfecine\/\"]}]},{\"@type\":\"ImageObject\",\"inLanguage\":\"en-US\",\"@id\":\"https:\/\/clientesbrandbits.click\/todos-los-ganadores-del-10-arfecine\/#primaryimage\",\"url\":\"https:\/\/clientesbrandbits.click\/wp-content\/uploads\/2024\/07\/Entre-otros-Gustavo-Garzon-Miguel-Kohan-Josefina-Zavalia-Abalos-Fredy-Friedlander-Cedric-Robion-y-Fernando-Brenner-en-el-Auditorio-de-la-Alianza-Francesa-10\u00b0-ARFECINE.-Julio-2024-e1721683804516.jpg\",\"contentUrl\":\"https:\/\/clientesbrandbits.click\/wp-content\/uploads\/2024\/07\/Entre-otros-Gustavo-Garzon-Miguel-Kohan-Josefina-Zavalia-Abalos-Fredy-Friedlander-Cedric-Robion-y-Fernando-Brenner-en-el-Auditorio-de-la-Alianza-Francesa-10\u00b0-ARFECINE.-Julio-2024-e1721683804516.jpg\",\"width\":1544,\"height\":1158},{\"@type\":\"BreadcrumbList\",\"@id\":\"https:\/\/clientesbrandbits.click\/todos-los-ganadores-del-10-arfecine\/#breadcrumb\",\"itemListElement\":[{\"@type\":\"ListItem\",\"position\":1,\"name\":\"Portada\",\"item\":\"https:\/\/clientesbrandbits.click\/\"},{\"@type\":\"ListItem\",\"position\":2,\"name\":\"Todos los ganadores del 10\u00b0 Arfecine\"}]},{\"@type\":\"WebSite\",\"@id\":\"https:\/\/clientesbrandbits.click\/#website\",\"url\":\"https:\/\/clientesbrandbits.click\/\",\"name\":\"Spanglish Cinema\",\"description\":\"\",\"publisher\":{\"@id\":\"https:\/\/clientesbrandbits.click\/#organization\"},\"potentialAction\":[{\"@type\":\"SearchAction\",\"target\":{\"@type\":\"EntryPoint\",\"urlTemplate\":\"https:\/\/clientesbrandbits.click\/?s={search_term_string}\"},\"query-input\":\"required name=search_term_string\"}],\"inLanguage\":\"en-US\"},{\"@type\":\"Organization\",\"@id\":\"https:\/\/clientesbrandbits.click\/#organization\",\"name\":\"Spanglish Cinema\",\"url\":\"https:\/\/clientesbrandbits.click\/\",\"logo\":{\"@type\":\"ImageObject\",\"inLanguage\":\"en-US\",\"@id\":\"https:\/\/clientesbrandbits.click\/#\/schema\/logo\/image\/\",\"url\":\"https:\/\/clientesbrandbits.click\/wp-content\/uploads\/2024\/03\/spanglish_cinema.png\",\"contentUrl\":\"https:\/\/clientesbrandbits.click\/wp-content\/uploads\/2024\/03\/spanglish_cinema.png\",\"width\":612,\"height\":225,\"caption\":\"Spanglish Cinema\"},\"image\":{\"@id\":\"https:\/\/clientesbrandbits.click\/#\/schema\/logo\/image\/\"}},{\"@type\":\"Person\",\"@id\":\"https:\/\/clientesbrandbits.click\/#\/schema\/person\/3582a766d1bd629325b8cb5e303f4963\",\"name\":\"Elizabeth Salazar\",\"image\":{\"@type\":\"ImageObject\",\"inLanguage\":\"en-US\",\"@id\":\"https:\/\/clientesbrandbits.click\/#\/schema\/person\/image\/\",\"url\":\"https:\/\/secure.gravatar.com\/avatar\/ddf69a5ddae2a61929dd4e305eb31658?s=96&d=mm&r=g\",\"contentUrl\":\"https:\/\/secure.gravatar.com\/avatar\/ddf69a5ddae2a61929dd4e305eb31658?s=96&d=mm&r=g\",\"caption\":\"Elizabeth Salazar\"},\"url\":\"https:\/\/clientesbrandbits.click\/en\/author\/elizabeth-salazar\/\"}]}<\/script>\n<!-- \/ Yoast SEO plugin. -->","yoast_head_json":{"title":"Todos los ganadores del 10\u00b0 Arfecine - Spanglish Cinema","description":"Con gran afluencia de p\u00fablico en todas sus jornadas, culmin\u00f3 la edici\u00f3n n\u00famero 10\u00b0 Aniversario del Festival\u00a0ARFECINE\u00a0\u2013 Semana Internacional de Cine en Buenos Aires.\u00a0","robots":{"index":"index","follow":"follow","max-snippet":"max-snippet:-1","max-image-preview":"max-image-preview:large","max-video-preview":"max-video-preview:-1"},"canonical":"https:\/\/clientesbrandbits.click\/en\/todos-los-ganadores-del-10-arfecine\/","og_locale":"en_US","og_type":"article","og_title":"Todos los ganadores del 10\u00b0 Arfecine - Spanglish Cinema","og_description":"Con gran afluencia de p\u00fablico en todas sus jornadas, culmin\u00f3 la edici\u00f3n n\u00famero 10\u00b0 Aniversario del Festival\u00a0ARFECINE\u00a0\u2013 Semana Internacional de Cine en Buenos Aires.\u00a0","og_url":"https:\/\/clientesbrandbits.click\/en\/todos-los-ganadores-del-10-arfecine\/","og_site_name":"Spanglish Cinema","article_published_time":"2024-07-23T12:28:37+00:00","article_modified_time":"2024-07-25T12:29:22+00:00","og_image":[{"width":1544,"height":1158,"url":"https:\/\/clientesbrandbits.click\/wp-content\/uploads\/2024\/07\/Entre-otros-Gustavo-Garzon-Miguel-Kohan-Josefina-Zavalia-Abalos-Fredy-Friedlander-Cedric-Robion-y-Fernando-Brenner-en-el-Auditorio-de-la-Alianza-Francesa-10\u00b0-ARFECINE.-Julio-2024-e1721683804516.jpg","type":"image\/jpeg"}],"author":"Elizabeth Salazar","twitter_card":"summary_large_image","twitter_misc":{"Written by":"Elizabeth Salazar","Est. reading time":"5 minutes"},"schema":{"@context":"https:\/\/schema.org","@graph":[{"@type":"Article","@id":"https:\/\/clientesbrandbits.click\/todos-los-ganadores-del-10-arfecine\/#article","isPartOf":{"@id":"https:\/\/clientesbrandbits.click\/todos-los-ganadores-del-10-arfecine\/"},"author":{"name":"Elizabeth Salazar","@id":"https:\/\/clientesbrandbits.click\/#\/schema\/person\/3582a766d1bd629325b8cb5e303f4963"},"headline":"Todos los ganadores del 10\u00b0 Arfecine","datePublished":"2024-07-23T12:28:37+00:00","dateModified":"2024-07-25T12:29:22+00:00","mainEntityOfPage":{"@id":"https:\/\/clientesbrandbits.click\/todos-los-ganadores-del-10-arfecine\/"},"wordCount":1076,"publisher":{"@id":"https:\/\/clientesbrandbits.click\/#organization"},"image":{"@id":"https:\/\/clientesbrandbits.click\/todos-los-ganadores-del-10-arfecine\/#primaryimage"},"thumbnailUrl":"https:\/\/clientesbrandbits.click\/wp-content\/uploads\/2024\/07\/Entre-otros-Gustavo-Garzon-Miguel-Kohan-Josefina-Zavalia-Abalos-Fredy-Friedlander-Cedric-Robion-y-Fernando-Brenner-en-el-Auditorio-de-la-Alianza-Francesa-10\u00b0-ARFECINE.-Julio-2024-e1721683804516.jpg","keywords":["Arfecine"],"articleSection":["Festivales de Cine"],"inLanguage":"en-US"},{"@type":"WebPage","@id":"https:\/\/clientesbrandbits.click\/todos-los-ganadores-del-10-arfecine\/","url":"https:\/\/clientesbrandbits.click\/todos-los-ganadores-del-10-arfecine\/","name":"Todos los ganadores del 10\u00b0 Arfecine - Spanglish Cinema","isPartOf":{"@id":"https:\/\/clientesbrandbits.click\/#website"},"primaryImageOfPage":{"@id":"https:\/\/clientesbrandbits.click\/todos-los-ganadores-del-10-arfecine\/#primaryimage"},"image":{"@id":"https:\/\/clientesbrandbits.click\/todos-los-ganadores-del-10-arfecine\/#primaryimage"},"thumbnailUrl":"https:\/\/clientesbrandbits.click\/wp-content\/uploads\/2024\/07\/Entre-otros-Gustavo-Garzon-Miguel-Kohan-Josefina-Zavalia-Abalos-Fredy-Friedlander-Cedric-Robion-y-Fernando-Brenner-en-el-Auditorio-de-la-Alianza-Francesa-10\u00b0-ARFECINE.-Julio-2024-e1721683804516.jpg","datePublished":"2024-07-23T12:28:37+00:00","dateModified":"2024-07-25T12:29:22+00:00","description":"Con gran afluencia de p\u00fablico en todas sus jornadas, culmin\u00f3 la edici\u00f3n n\u00famero 10\u00b0 Aniversario del Festival\u00a0ARFECINE\u00a0\u2013 Semana Internacional de Cine en Buenos Aires.\u00a0","breadcrumb":{"@id":"https:\/\/clientesbrandbits.click\/todos-los-ganadores-del-10-arfecine\/#breadcrumb"},"inLanguage":"en-US","potentialAction":[{"@type":"ReadAction","target":["https:\/\/clientesbrandbits.click\/todos-los-ganadores-del-10-arfecine\/"]}]},{"@type":"ImageObject","inLanguage":"en-US","@id":"https:\/\/clientesbrandbits.click\/todos-los-ganadores-del-10-arfecine\/#primaryimage","url":"https:\/\/clientesbrandbits.click\/wp-content\/uploads\/2024\/07\/Entre-otros-Gustavo-Garzon-Miguel-Kohan-Josefina-Zavalia-Abalos-Fredy-Friedlander-Cedric-Robion-y-Fernando-Brenner-en-el-Auditorio-de-la-Alianza-Francesa-10\u00b0-ARFECINE.-Julio-2024-e1721683804516.jpg","contentUrl":"https:\/\/clientesbrandbits.click\/wp-content\/uploads\/2024\/07\/Entre-otros-Gustavo-Garzon-Miguel-Kohan-Josefina-Zavalia-Abalos-Fredy-Friedlander-Cedric-Robion-y-Fernando-Brenner-en-el-Auditorio-de-la-Alianza-Francesa-10\u00b0-ARFECINE.-Julio-2024-e1721683804516.jpg","width":1544,"height":1158},{"@type":"BreadcrumbList","@id":"https:\/\/clientesbrandbits.click\/todos-los-ganadores-del-10-arfecine\/#breadcrumb","itemListElement":[{"@type":"ListItem","position":1,"name":"Portada","item":"https:\/\/clientesbrandbits.click\/"},{"@type":"ListItem","position":2,"name":"Todos los ganadores del 10\u00b0 Arfecine"}]},{"@type":"WebSite","@id":"https:\/\/clientesbrandbits.click\/#website","url":"https:\/\/clientesbrandbits.click\/","name":"Spanglish Cinema","description":"","publisher":{"@id":"https:\/\/clientesbrandbits.click\/#organization"},"potentialAction":[{"@type":"SearchAction","target":{"@type":"EntryPoint","urlTemplate":"https:\/\/clientesbrandbits.click\/?s={search_term_string}"},"query-input":"required name=search_term_string"}],"inLanguage":"en-US"},{"@type":"Organization","@id":"https:\/\/clientesbrandbits.click\/#organization","name":"Spanglish Cinema","url":"https:\/\/clientesbrandbits.click\/","logo":{"@type":"ImageObject","inLanguage":"en-US","@id":"https:\/\/clientesbrandbits.click\/#\/schema\/logo\/image\/","url":"https:\/\/clientesbrandbits.click\/wp-content\/uploads\/2024\/03\/spanglish_cinema.png","contentUrl":"https:\/\/clientesbrandbits.click\/wp-content\/uploads\/2024\/03\/spanglish_cinema.png","width":612,"height":225,"caption":"Spanglish Cinema"},"image":{"@id":"https:\/\/clientesbrandbits.click\/#\/schema\/logo\/image\/"}},{"@type":"Person","@id":"https:\/\/clientesbrandbits.click\/#\/schema\/person\/3582a766d1bd629325b8cb5e303f4963","name":"Elizabeth Salazar","image":{"@type":"ImageObject","inLanguage":"en-US","@id":"https:\/\/clientesbrandbits.click\/#\/schema\/person\/image\/","url":"https:\/\/secure.gravatar.com\/avatar\/ddf69a5ddae2a61929dd4e305eb31658?s=96&d=mm&r=g","contentUrl":"https:\/\/secure.gravatar.com\/avatar\/ddf69a5ddae2a61929dd4e305eb31658?s=96&d=mm&r=g","caption":"Elizabeth Salazar"},"url":"https:\/\/clientesbrandbits.click\/en\/author\/elizabeth-salazar\/"}]}},"_links":{"self":[{"href":"https:\/\/clientesbrandbits.click\/en\/wp-json\/wp\/v2\/posts\/2473"}],"collection":[{"href":"https:\/\/clientesbrandbits.click\/en\/wp-json\/wp\/v2\/posts"}],"about":[{"href":"https:\/\/clientesbrandbits.click\/en\/wp-json\/wp\/v2\/types\/post"}],"author":[{"embeddable":true,"href":"https:\/\/clientesbrandbits.click\/en\/wp-json\/wp\/v2\/users\/5"}],"replies":[{"embeddable":true,"href":"https:\/\/clientesbrandbits.click\/en\/wp-json\/wp\/v2\/comments?post=2473"}],"version-history":[{"count":4,"href":"https:\/\/clientesbrandbits.click\/en\/wp-json\/wp\/v2\/posts\/2473\/revisions"}],"predecessor-version":[{"id":2519,"href":"https:\/\/clientesbrandbits.click\/en\/wp-json\/wp\/v2\/posts\/2473\/revisions\/2519"}],"wp:featuredmedia":[{"embeddable":true,"href":"https:\/\/clientesbrandbits.click\/en\/wp-json\/wp\/v2\/media\/2474"}],"wp:attachment":[{"href":"https:\/\/clientesbrandbits.click\/en\/wp-json\/wp\/v2\/media?parent=2473"}],"wp:term":[{"taxonomy":"category","embeddable":true,"href":"https:\/\/clientesbrandbits.click\/en\/wp-json\/wp\/v2\/categories?post=2473"},{"taxonomy":"post_tag","embeddable":true,"href":"https:\/\/clientesbrandbits.click\/en\/wp-json\/wp\/v2\/tags?post=2473"}],"curies":[{"name":"wp","href":"https:\/\/api.w.org\/{rel}","templated":true}]}}