{"id":2455,"date":"2024-07-20T15:04:18","date_gmt":"2024-07-20T19:04:18","guid":{"rendered":"https:\/\/clientesbrandbits.click\/?p=2455"},"modified":"2024-07-22T10:25:20","modified_gmt":"2024-07-22T14:25:20","slug":"ciudad-de-dios-tiene-fecha-de-estreno-en-max","status":"publish","type":"post","link":"https:\/\/clientesbrandbits.click\/en\/ciudad-de-dios-tiene-fecha-de-estreno-en-max\/","title":{"rendered":"\u00abCiudad de Dios: la lucha no para\u00bb ya tiene fecha de estreno en MAX"},"content":{"rendered":"<p style=\"text-align: justify;\">La serie original de HBO, que tiene lugar dos d\u00e9cadas despu\u00e9s de los acontecimientos de la galardonada pel\u00edcula, obtiene un nuevo arte oficial.<\/p>\n<p dir=\"ltr\" style=\"text-align: justify;\">Max acaba de anunciar que la serie Original de HBO <a href=\"https:\/\/clientesbrandbits.click\/en\/max-lanza-el-primer-teaser-de-ciudad-de-dios-la-lucha-no-para\/\"><strong><span style=\"color: #ff00ff;\">\u00abCiudad de Dios: la lucha no para\u00bb<\/span><\/strong><\/a> <strong>se estrenar\u00e1 el 25 de agosto, a las 21 horas, en la plataforma de streaming y en HBO.<\/strong> Producida por O2 Filmes, la serie nacional tambi\u00e9n obtuvo su arte oficial. La producci\u00f3n, que tiene lugar dos d\u00e9cadas despu\u00e9s de los acontecimientos de la pel\u00edcula galardonada internacionalmente, tendr\u00e1 seis episodios lanzados semanalmente todos los domingos hasta el 29 de septiembre.<\/p>\n<p dir=\"ltr\" style=\"text-align: justify;\"><a href=\"https:\/\/clientesbrandbits.click\/en\/max-lanza-el-primer-teaser-de-ciudad-de-dios-la-lucha-no-para\/\"><strong><span style=\"color: #ff00ff;\">\u00abCiudad de Dios: la lucha no para\u00bb<\/span><\/strong><\/a>\u00a0es una continuaci\u00f3n adaptada de la obra literaria de Paulo Lins y contar\u00e1 la historia de sus personajes tomando como punto de partida el trabajo del fot\u00f3grafo de Buscap\u00e9. La trama se desarrolla a principios de la d\u00e9cada de 2000, cuando la liberaci\u00f3n de prisi\u00f3n de un joven narcotraficante vuelve a poner en disputa a Cidade de Deus. Los residentes se encuentran atrapados entre los narcotraficantes, las milicias y las autoridades p\u00fablicas, pero la necesidad de escapar de este ciclo hace que la comunidad se una para enfrentar al opresor.<\/p>\n<p dir=\"ltr\"><img fetchpriority=\"high\" decoding=\"async\" class=\"aligncenter wp-image-2456 size-full\" src=\"https:\/\/clientesbrandbits.click\/wp-content\/uploads\/2024\/07\/ciudad-de-dios.jpg\" alt=\"\" width=\"1000\" height=\"430\" srcset=\"https:\/\/clientesbrandbits.click\/wp-content\/uploads\/2024\/07\/ciudad-de-dios.jpg 1000w, https:\/\/clientesbrandbits.click\/wp-content\/uploads\/2024\/07\/ciudad-de-dios-300x129.jpg 300w, https:\/\/clientesbrandbits.click\/wp-content\/uploads\/2024\/07\/ciudad-de-dios-768x330.jpg 768w, https:\/\/clientesbrandbits.click\/wp-content\/uploads\/2024\/07\/ciudad-de-dios-18x8.jpg 18w\" sizes=\"(max-width: 1000px) 100vw, 1000px\" \/><\/p>\n<p dir=\"ltr\" style=\"text-align: justify;\"><strong>Con extractos de la pel\u00edcula en flashbacks para reconstruir recuerdos y memorias afectivas de los protagonistas, los personajes de la pel\u00edcula est\u00e1n de regreso junto a nuevos integrantes.<\/strong> El elenco incluye grandes nombres como: Alexandre Rodrigues, Roberta Rodrigues, Thiago Martins, Sabrina Rosa, Kiko Marques, Edson Oliveira, Andr\u00e9ia Horta, Marcos Palmeira, Eli Ferreira, Luellem de Castro, Jefferson Brasil, Ot\u00e1vio Linhares, Rafael Lozano, Leandro Daniel , Luiz Bertazzo y talentos debutantes de comunidades de R\u00edo de Janeiro como Cidade de Deus, Vidigal y Mangueira.<\/p>\n<p dir=\"ltr\" style=\"text-align: justify;\"><strong>\u00a0\u00abCiudad de Dios: la lucha no para\u00bb<\/strong> es una serie Original de HBO producida por O2 Filmes. Los productores responsables del proyecto son Andrea Barata Ribeiro y Fernando Meirelles, los coproductores son Cris Abi y Gustavo Gontijo. Aly Muritiba firma la direcci\u00f3n general y se incorpora Bruno Costa como segundo director. El gui\u00f3n es de S\u00e9rgio Machado, Renata Di Carmo, Armando Pra\u00e7a, Estev\u00e3o Ribeiro, Rodrigo Felha y Muritiba. Por parte de Warner Bros. Discovery cuenta con la producci\u00f3n ejecutiva de Mariano Cesar, Anouk Aaron y M\u00f4nica Albuquerque.<\/p>\n<p dir=\"ltr\" style=\"text-align: justify;\">Ya queda poco para que los fan\u00e1ticos de Ciudad de Dios puedan ver qu\u00e9 ha pasado veinte a\u00f1os despu\u00e9s y reencontrarse con la historia de uno de sus personajes favoritos, Buscap\u00e9 y otros conocidos desde su aclamada pel\u00edcula original brasile\u00f1a.<\/p>","protected":false},"excerpt":{"rendered":"<p>La serie original de HBO, que tiene lugar dos d\u00e9cadas despu\u00e9s de los acontecimientos de la galardonada pel\u00edcula, obtiene un nuevo arte oficial. Max acaba de anunciar que la serie Original de HBO \u00abCiudad de Dios: la lucha no para\u00bb &#8230; <a title=\"\u00abCiudad de Dios: la lucha no para\u00bb ya tiene fecha de estreno en MAX\" class=\"read-more\" href=\"https:\/\/clientesbrandbits.click\/en\/ciudad-de-dios-tiene-fecha-de-estreno-en-max\/\" aria-label=\"Read more about \u00abCiudad de Dios: la lucha no para\u00bb ya tiene fecha de estreno en MAX\">Read More<\/a><\/p>","protected":false},"author":3,"featured_media":1953,"comment_status":"closed","ping_status":"closed","sticky":false,"template":"","format":"standard","meta":{"_joinchat":[],"footnotes":""},"categories":[10],"tags":[161,159],"class_list":["post-2455","post","type-post","status-publish","format-standard","has-post-thumbnail","hentry","category-films","tag-ciudad-de-dios","tag-max","infinite-scroll-item"],"yoast_head":"<!-- This site is optimized with the Yoast SEO plugin v22.8 - https:\/\/yoast.com\/wordpress\/plugins\/seo\/ -->\n<title>&quot;Ciudad de Dios: la lucha no para&quot; ya tiene fecha de estreno en MAX - Spanglish Cinema<\/title>\n<meta name=\"description\" content=\"La serie original de HBO, que tiene lugar dos d\u00e9cadas despu\u00e9s de los acontecimientos de la galardonada pel\u00edcula, obtiene un nuevo arte oficia\" \/>\n<meta name=\"robots\" content=\"index, follow, max-snippet:-1, max-image-preview:large, max-video-preview:-1\" \/>\n<link rel=\"canonical\" href=\"https:\/\/clientesbrandbits.click\/en\/ciudad-de-dios-tiene-fecha-de-estreno-en-max\/\" \/>\n<meta property=\"og:locale\" content=\"en_US\" \/>\n<meta property=\"og:type\" content=\"article\" \/>\n<meta property=\"og:title\" content=\"&quot;Ciudad de Dios: la lucha no para&quot; ya tiene fecha de estreno en MAX - Spanglish Cinema\" \/>\n<meta property=\"og:description\" content=\"La serie original de HBO, que tiene lugar dos d\u00e9cadas despu\u00e9s de los acontecimientos de la galardonada pel\u00edcula, obtiene un nuevo arte oficia\" \/>\n<meta property=\"og:url\" content=\"https:\/\/clientesbrandbits.click\/en\/ciudad-de-dios-tiene-fecha-de-estreno-en-max\/\" \/>\n<meta property=\"og:site_name\" content=\"Spanglish Cinema\" \/>\n<meta property=\"article:published_time\" content=\"2024-07-20T19:04:18+00:00\" \/>\n<meta property=\"article:modified_time\" content=\"2024-07-22T14:25:20+00:00\" \/>\n<meta property=\"og:image\" content=\"https:\/\/clientesbrandbits.click\/wp-content\/uploads\/2024\/06\/Ciudad-de-Dios-La-lucha-no-para-la-nueva-serie-de-Max-y-HBO.jpg\" \/>\n\t<meta property=\"og:image:width\" content=\"1920\" \/>\n\t<meta property=\"og:image:height\" content=\"1080\" \/>\n\t<meta property=\"og:image:type\" content=\"image\/jpeg\" \/>\n<meta name=\"author\" content=\"Spanglish Cinema Team\" \/>\n<meta name=\"twitter:card\" content=\"summary_large_image\" \/>\n<meta name=\"twitter:label1\" content=\"Written by\" \/>\n\t<meta name=\"twitter:data1\" content=\"Spanglish Cinema Team\" \/>\n\t<meta name=\"twitter:label2\" content=\"Est. reading time\" \/>\n\t<meta name=\"twitter:data2\" content=\"3 minutes\" \/>\n<script type=\"application\/ld+json\" class=\"yoast-schema-graph\">{\"@context\":\"https:\/\/schema.org\",\"@graph\":[{\"@type\":\"Article\",\"@id\":\"https:\/\/clientesbrandbits.click\/ciudad-de-dios-tiene-fecha-de-estreno-en-max\/#article\",\"isPartOf\":{\"@id\":\"https:\/\/clientesbrandbits.click\/ciudad-de-dios-tiene-fecha-de-estreno-en-max\/\"},\"author\":{\"name\":\"Spanglish Cinema Team\",\"@id\":\"https:\/\/clientesbrandbits.click\/#\/schema\/person\/678f0477e0f075fdf24e58e342ca80f1\"},\"headline\":\"\u00abCiudad de Dios: la lucha no para\u00bb ya tiene fecha de estreno en MAX\",\"datePublished\":\"2024-07-20T19:04:18+00:00\",\"dateModified\":\"2024-07-22T14:25:20+00:00\",\"mainEntityOfPage\":{\"@id\":\"https:\/\/clientesbrandbits.click\/ciudad-de-dios-tiene-fecha-de-estreno-en-max\/\"},\"wordCount\":446,\"publisher\":{\"@id\":\"https:\/\/clientesbrandbits.click\/#organization\"},\"image\":{\"@id\":\"https:\/\/clientesbrandbits.click\/ciudad-de-dios-tiene-fecha-de-estreno-en-max\/#primaryimage\"},\"thumbnailUrl\":\"https:\/\/clientesbrandbits.click\/wp-content\/uploads\/2024\/06\/Ciudad-de-Dios-La-lucha-no-para-la-nueva-serie-de-Max-y-HBO.jpg\",\"keywords\":[\"Ciudad de Dios\",\"Max\"],\"articleSection\":[\"Films\"],\"inLanguage\":\"en-US\"},{\"@type\":\"WebPage\",\"@id\":\"https:\/\/clientesbrandbits.click\/ciudad-de-dios-tiene-fecha-de-estreno-en-max\/\",\"url\":\"https:\/\/clientesbrandbits.click\/ciudad-de-dios-tiene-fecha-de-estreno-en-max\/\",\"name\":\"\\\"Ciudad de Dios: la lucha no para\\\" ya tiene fecha de estreno en MAX - Spanglish Cinema\",\"isPartOf\":{\"@id\":\"https:\/\/clientesbrandbits.click\/#website\"},\"primaryImageOfPage\":{\"@id\":\"https:\/\/clientesbrandbits.click\/ciudad-de-dios-tiene-fecha-de-estreno-en-max\/#primaryimage\"},\"image\":{\"@id\":\"https:\/\/clientesbrandbits.click\/ciudad-de-dios-tiene-fecha-de-estreno-en-max\/#primaryimage\"},\"thumbnailUrl\":\"https:\/\/clientesbrandbits.click\/wp-content\/uploads\/2024\/06\/Ciudad-de-Dios-La-lucha-no-para-la-nueva-serie-de-Max-y-HBO.jpg\",\"datePublished\":\"2024-07-20T19:04:18+00:00\",\"dateModified\":\"2024-07-22T14:25:20+00:00\",\"description\":\"La serie original de HBO, que tiene lugar dos d\u00e9cadas despu\u00e9s de los acontecimientos de la galardonada pel\u00edcula, obtiene un nuevo arte oficia\",\"breadcrumb\":{\"@id\":\"https:\/\/clientesbrandbits.click\/ciudad-de-dios-tiene-fecha-de-estreno-en-max\/#breadcrumb\"},\"inLanguage\":\"en-US\",\"potentialAction\":[{\"@type\":\"ReadAction\",\"target\":[\"https:\/\/clientesbrandbits.click\/ciudad-de-dios-tiene-fecha-de-estreno-en-max\/\"]}]},{\"@type\":\"ImageObject\",\"inLanguage\":\"en-US\",\"@id\":\"https:\/\/clientesbrandbits.click\/ciudad-de-dios-tiene-fecha-de-estreno-en-max\/#primaryimage\",\"url\":\"https:\/\/clientesbrandbits.click\/wp-content\/uploads\/2024\/06\/Ciudad-de-Dios-La-lucha-no-para-la-nueva-serie-de-Max-y-HBO.jpg\",\"contentUrl\":\"https:\/\/clientesbrandbits.click\/wp-content\/uploads\/2024\/06\/Ciudad-de-Dios-La-lucha-no-para-la-nueva-serie-de-Max-y-HBO.jpg\",\"width\":1920,\"height\":1080,\"caption\":\"CLX Icons, la revista del grupo empresarial CLX Group, y la m\u00e1s ic\u00f3nica de Venezuela\"},{\"@type\":\"BreadcrumbList\",\"@id\":\"https:\/\/clientesbrandbits.click\/ciudad-de-dios-tiene-fecha-de-estreno-en-max\/#breadcrumb\",\"itemListElement\":[{\"@type\":\"ListItem\",\"position\":1,\"name\":\"Portada\",\"item\":\"https:\/\/clientesbrandbits.click\/\"},{\"@type\":\"ListItem\",\"position\":2,\"name\":\"&#8220;Ciudad de Dios: la lucha no para&#8221; ya tiene fecha de estreno en MAX\"}]},{\"@type\":\"WebSite\",\"@id\":\"https:\/\/clientesbrandbits.click\/#website\",\"url\":\"https:\/\/clientesbrandbits.click\/\",\"name\":\"Spanglish Cinema\",\"description\":\"\",\"publisher\":{\"@id\":\"https:\/\/clientesbrandbits.click\/#organization\"},\"potentialAction\":[{\"@type\":\"SearchAction\",\"target\":{\"@type\":\"EntryPoint\",\"urlTemplate\":\"https:\/\/clientesbrandbits.click\/?s={search_term_string}\"},\"query-input\":\"required name=search_term_string\"}],\"inLanguage\":\"en-US\"},{\"@type\":\"Organization\",\"@id\":\"https:\/\/clientesbrandbits.click\/#organization\",\"name\":\"Spanglish Cinema\",\"url\":\"https:\/\/clientesbrandbits.click\/\",\"logo\":{\"@type\":\"ImageObject\",\"inLanguage\":\"en-US\",\"@id\":\"https:\/\/clientesbrandbits.click\/#\/schema\/logo\/image\/\",\"url\":\"https:\/\/clientesbrandbits.click\/wp-content\/uploads\/2024\/03\/spanglish_cinema.png\",\"contentUrl\":\"https:\/\/clientesbrandbits.click\/wp-content\/uploads\/2024\/03\/spanglish_cinema.png\",\"width\":612,\"height\":225,\"caption\":\"Spanglish Cinema\"},\"image\":{\"@id\":\"https:\/\/clientesbrandbits.click\/#\/schema\/logo\/image\/\"}},{\"@type\":\"Person\",\"@id\":\"https:\/\/clientesbrandbits.click\/#\/schema\/person\/678f0477e0f075fdf24e58e342ca80f1\",\"name\":\"Spanglish Cinema Team\",\"image\":{\"@type\":\"ImageObject\",\"inLanguage\":\"en-US\",\"@id\":\"https:\/\/clientesbrandbits.click\/#\/schema\/person\/image\/\",\"url\":\"https:\/\/secure.gravatar.com\/avatar\/3eef20e32ea53867d5b6a361c9e8e2ee?s=96&d=mm&r=g\",\"contentUrl\":\"https:\/\/secure.gravatar.com\/avatar\/3eef20e32ea53867d5b6a361c9e8e2ee?s=96&d=mm&r=g\",\"caption\":\"Spanglish Cinema Team\"},\"url\":\"https:\/\/clientesbrandbits.click\/en\/author\/spanglish-cinema\/\"}]}<\/script>\n<!-- \/ Yoast SEO plugin. -->","yoast_head_json":{"title":"\"Ciudad de Dios: la lucha no para\" ya tiene fecha de estreno en MAX - Spanglish Cinema","description":"La serie original de HBO, que tiene lugar dos d\u00e9cadas despu\u00e9s de los acontecimientos de la galardonada pel\u00edcula, obtiene un nuevo arte oficia","robots":{"index":"index","follow":"follow","max-snippet":"max-snippet:-1","max-image-preview":"max-image-preview:large","max-video-preview":"max-video-preview:-1"},"canonical":"https:\/\/clientesbrandbits.click\/en\/ciudad-de-dios-tiene-fecha-de-estreno-en-max\/","og_locale":"en_US","og_type":"article","og_title":"\"Ciudad de Dios: la lucha no para\" ya tiene fecha de estreno en MAX - Spanglish Cinema","og_description":"La serie original de HBO, que tiene lugar dos d\u00e9cadas despu\u00e9s de los acontecimientos de la galardonada pel\u00edcula, obtiene un nuevo arte oficia","og_url":"https:\/\/clientesbrandbits.click\/en\/ciudad-de-dios-tiene-fecha-de-estreno-en-max\/","og_site_name":"Spanglish Cinema","article_published_time":"2024-07-20T19:04:18+00:00","article_modified_time":"2024-07-22T14:25:20+00:00","og_image":[{"width":1920,"height":1080,"url":"https:\/\/clientesbrandbits.click\/wp-content\/uploads\/2024\/06\/Ciudad-de-Dios-La-lucha-no-para-la-nueva-serie-de-Max-y-HBO.jpg","type":"image\/jpeg"}],"author":"Spanglish Cinema Team","twitter_card":"summary_large_image","twitter_misc":{"Written by":"Spanglish Cinema Team","Est. reading time":"3 minutes"},"schema":{"@context":"https:\/\/schema.org","@graph":[{"@type":"Article","@id":"https:\/\/clientesbrandbits.click\/ciudad-de-dios-tiene-fecha-de-estreno-en-max\/#article","isPartOf":{"@id":"https:\/\/clientesbrandbits.click\/ciudad-de-dios-tiene-fecha-de-estreno-en-max\/"},"author":{"name":"Spanglish Cinema Team","@id":"https:\/\/clientesbrandbits.click\/#\/schema\/person\/678f0477e0f075fdf24e58e342ca80f1"},"headline":"\u00abCiudad de Dios: la lucha no para\u00bb ya tiene fecha de estreno en MAX","datePublished":"2024-07-20T19:04:18+00:00","dateModified":"2024-07-22T14:25:20+00:00","mainEntityOfPage":{"@id":"https:\/\/clientesbrandbits.click\/ciudad-de-dios-tiene-fecha-de-estreno-en-max\/"},"wordCount":446,"publisher":{"@id":"https:\/\/clientesbrandbits.click\/#organization"},"image":{"@id":"https:\/\/clientesbrandbits.click\/ciudad-de-dios-tiene-fecha-de-estreno-en-max\/#primaryimage"},"thumbnailUrl":"https:\/\/clientesbrandbits.click\/wp-content\/uploads\/2024\/06\/Ciudad-de-Dios-La-lucha-no-para-la-nueva-serie-de-Max-y-HBO.jpg","keywords":["Ciudad de Dios","Max"],"articleSection":["Films"],"inLanguage":"en-US"},{"@type":"WebPage","@id":"https:\/\/clientesbrandbits.click\/ciudad-de-dios-tiene-fecha-de-estreno-en-max\/","url":"https:\/\/clientesbrandbits.click\/ciudad-de-dios-tiene-fecha-de-estreno-en-max\/","name":"\"Ciudad de Dios: la lucha no para\" ya tiene fecha de estreno en MAX - Spanglish Cinema","isPartOf":{"@id":"https:\/\/clientesbrandbits.click\/#website"},"primaryImageOfPage":{"@id":"https:\/\/clientesbrandbits.click\/ciudad-de-dios-tiene-fecha-de-estreno-en-max\/#primaryimage"},"image":{"@id":"https:\/\/clientesbrandbits.click\/ciudad-de-dios-tiene-fecha-de-estreno-en-max\/#primaryimage"},"thumbnailUrl":"https:\/\/clientesbrandbits.click\/wp-content\/uploads\/2024\/06\/Ciudad-de-Dios-La-lucha-no-para-la-nueva-serie-de-Max-y-HBO.jpg","datePublished":"2024-07-20T19:04:18+00:00","dateModified":"2024-07-22T14:25:20+00:00","description":"La serie original de HBO, que tiene lugar dos d\u00e9cadas despu\u00e9s de los acontecimientos de la galardonada pel\u00edcula, obtiene un nuevo arte oficia","breadcrumb":{"@id":"https:\/\/clientesbrandbits.click\/ciudad-de-dios-tiene-fecha-de-estreno-en-max\/#breadcrumb"},"inLanguage":"en-US","potentialAction":[{"@type":"ReadAction","target":["https:\/\/clientesbrandbits.click\/ciudad-de-dios-tiene-fecha-de-estreno-en-max\/"]}]},{"@type":"ImageObject","inLanguage":"en-US","@id":"https:\/\/clientesbrandbits.click\/ciudad-de-dios-tiene-fecha-de-estreno-en-max\/#primaryimage","url":"https:\/\/clientesbrandbits.click\/wp-content\/uploads\/2024\/06\/Ciudad-de-Dios-La-lucha-no-para-la-nueva-serie-de-Max-y-HBO.jpg","contentUrl":"https:\/\/clientesbrandbits.click\/wp-content\/uploads\/2024\/06\/Ciudad-de-Dios-La-lucha-no-para-la-nueva-serie-de-Max-y-HBO.jpg","width":1920,"height":1080,"caption":"CLX Icons, la revista del grupo empresarial CLX Group, y la m\u00e1s ic\u00f3nica de Venezuela"},{"@type":"BreadcrumbList","@id":"https:\/\/clientesbrandbits.click\/ciudad-de-dios-tiene-fecha-de-estreno-en-max\/#breadcrumb","itemListElement":[{"@type":"ListItem","position":1,"name":"Portada","item":"https:\/\/clientesbrandbits.click\/"},{"@type":"ListItem","position":2,"name":"&#8220;Ciudad de Dios: la lucha no para&#8221; ya tiene fecha de estreno en MAX"}]},{"@type":"WebSite","@id":"https:\/\/clientesbrandbits.click\/#website","url":"https:\/\/clientesbrandbits.click\/","name":"Spanglish Cinema","description":"","publisher":{"@id":"https:\/\/clientesbrandbits.click\/#organization"},"potentialAction":[{"@type":"SearchAction","target":{"@type":"EntryPoint","urlTemplate":"https:\/\/clientesbrandbits.click\/?s={search_term_string}"},"query-input":"required name=search_term_string"}],"inLanguage":"en-US"},{"@type":"Organization","@id":"https:\/\/clientesbrandbits.click\/#organization","name":"Spanglish Cinema","url":"https:\/\/clientesbrandbits.click\/","logo":{"@type":"ImageObject","inLanguage":"en-US","@id":"https:\/\/clientesbrandbits.click\/#\/schema\/logo\/image\/","url":"https:\/\/clientesbrandbits.click\/wp-content\/uploads\/2024\/03\/spanglish_cinema.png","contentUrl":"https:\/\/clientesbrandbits.click\/wp-content\/uploads\/2024\/03\/spanglish_cinema.png","width":612,"height":225,"caption":"Spanglish Cinema"},"image":{"@id":"https:\/\/clientesbrandbits.click\/#\/schema\/logo\/image\/"}},{"@type":"Person","@id":"https:\/\/clientesbrandbits.click\/#\/schema\/person\/678f0477e0f075fdf24e58e342ca80f1","name":"Spanglish Cinema Team","image":{"@type":"ImageObject","inLanguage":"en-US","@id":"https:\/\/clientesbrandbits.click\/#\/schema\/person\/image\/","url":"https:\/\/secure.gravatar.com\/avatar\/3eef20e32ea53867d5b6a361c9e8e2ee?s=96&d=mm&r=g","contentUrl":"https:\/\/secure.gravatar.com\/avatar\/3eef20e32ea53867d5b6a361c9e8e2ee?s=96&d=mm&r=g","caption":"Spanglish Cinema Team"},"url":"https:\/\/clientesbrandbits.click\/en\/author\/spanglish-cinema\/"}]}},"_links":{"self":[{"href":"https:\/\/clientesbrandbits.click\/en\/wp-json\/wp\/v2\/posts\/2455"}],"collection":[{"href":"https:\/\/clientesbrandbits.click\/en\/wp-json\/wp\/v2\/posts"}],"about":[{"href":"https:\/\/clientesbrandbits.click\/en\/wp-json\/wp\/v2\/types\/post"}],"author":[{"embeddable":true,"href":"https:\/\/clientesbrandbits.click\/en\/wp-json\/wp\/v2\/users\/3"}],"replies":[{"embeddable":true,"href":"https:\/\/clientesbrandbits.click\/en\/wp-json\/wp\/v2\/comments?post=2455"}],"version-history":[{"count":1,"href":"https:\/\/clientesbrandbits.click\/en\/wp-json\/wp\/v2\/posts\/2455\/revisions"}],"predecessor-version":[{"id":2457,"href":"https:\/\/clientesbrandbits.click\/en\/wp-json\/wp\/v2\/posts\/2455\/revisions\/2457"}],"wp:featuredmedia":[{"embeddable":true,"href":"https:\/\/clientesbrandbits.click\/en\/wp-json\/wp\/v2\/media\/1953"}],"wp:attachment":[{"href":"https:\/\/clientesbrandbits.click\/en\/wp-json\/wp\/v2\/media?parent=2455"}],"wp:term":[{"taxonomy":"category","embeddable":true,"href":"https:\/\/clientesbrandbits.click\/en\/wp-json\/wp\/v2\/categories?post=2455"},{"taxonomy":"post_tag","embeddable":true,"href":"https:\/\/clientesbrandbits.click\/en\/wp-json\/wp\/v2\/tags?post=2455"}],"curies":[{"name":"wp","href":"https:\/\/api.w.org\/{rel}","templated":true}]}}