{"id":2446,"date":"2024-07-19T07:33:42","date_gmt":"2024-07-19T11:33:42","guid":{"rendered":"https:\/\/clientesbrandbits.click\/?p=2446"},"modified":"2024-07-22T03:34:32","modified_gmt":"2024-07-22T07:34:32","slug":"mas-detalles-de-la-tercera-temporada-de-el-encargado","status":"publish","type":"post","link":"https:\/\/clientesbrandbits.click\/en\/mas-detalles-de-la-tercera-temporada-de-el-encargado\/","title":{"rendered":"M\u00e1s detalles de la tercera temporada de \u00abEl Encargado\u00bb"},"content":{"rendered":"<p style=\"text-align: justify;\">De regreso en Buenos Aires, Eliseo se puso al frente de Soluciones Integrales Basurto, su nueva empresa dedicada al management de encargados.<\/p>\n<p><strong>(Contiene Spoilers)<\/strong><\/p>\n<p dir=\"ltr\" style=\"text-align: justify;\">Incentivado por el fantasma de Beba (Pochi Ducasse), que lo visita peri\u00f3dicamente, Eliseo acept\u00f3 una invitaci\u00f3n a asistir como orador a la Convenci\u00f3n Interamericana de Encargados de Propiedad Horizontal, a llevarse a cabo en R\u00edo de Janeiro. <strong>Aunque con serios reparos en relaci\u00f3n con el sol, el mar y los servicios\u00a0del hotel donde se hosped\u00f3, Eliseo se dispuso a disfrutar de sus d\u00edas en R\u00edo, donde se encontr\u00f3 con G\u00f3mez (Manuel Vicente) y Garrido (Luis Gianneo), dos de los encargados del barrio que tambi\u00e9n estaban asistiendo a la convenci\u00f3n.<\/strong><\/p>\n<p dir=\"ltr\" style=\"text-align: justify;\">A ra\u00edz de lo que vio y escuch\u00f3 durante esos d\u00edas junto a sus colegas, empez\u00f3 a dise\u00f1ar en su mente un nuevo proyecto para permitirle expandir su poder m\u00e1s all\u00e1 de las paredes del edificio. <a href=\"https:\/\/clientesbrandbits.click\/en\/la-tercera-temporada-de-el-encargado-estrena-trailer\/\"><strong><span style=\"color: #ff00ff;\">De regreso en Buenos Aires<\/span><\/strong><\/a>, con meticulosidad y enorme placer, arm\u00f3 un nuevo b\u00fanker en su departamento. All\u00ed, a pesar de los comentarios soeces del fantasma de Beba, ultim\u00f3 todos los detalles para poner en marcha un nuevo y ambicioso proyecto que involucra a los edificios del barrio y que aspira a convertirse para \u00e9l, en el \u201cimperio de Eliseo\u201d.<\/p>\n<p dir=\"ltr\" style=\"text-align: justify;\">Tras descubrir que, en su ausencia, Miguel us\u00f3 su departamento para beneficio personal, Eliseo le comunic\u00f3 que lo desvinculaba de su cargo de ayudante de porter\u00eda. Sin embargo, acto seguido, lo contrat\u00f3 como empleado administrativo de Soluciones Integrales Basurto (SIB), su nueva empresa dedicada al\u00a0management\u00a0de encargados.<\/p>\n<p dir=\"ltr\">Eliseo puso en marcha su plan contactando a los distintos consorcios del barrio y manteniendo reuniones informativas con ellos como potenciales clientes de su empresa. Como segunda etapa de su plan, sali\u00f3 a la conquista de los encargados para convencerlos de que renuncien a sus puestos actuales y se unan a las filas de Soluciones Integrales Basurto. Es as\u00ed como comenz\u00f3 a desplegar todos los recursos extorsivos necesarios para lograr su cometido y Garrido fue el primer encargado del barrio en aceptar la propuesta de Eliseo, convirti\u00e9ndose as\u00ed en el primer contratado de la empresa.<\/p>\n<p dir=\"ltr\" style=\"text-align: justify;\">El momento m\u00e1s impactante de la semana lleg\u00f3 una ma\u00f1ana mientras Eliseo barr\u00eda la entrada del edificio como todos los d\u00edas y tuvo un encuentro inesperado con alguien de su pasado. Alguien a quien todos daban por muerta, ya que Eliseo relat\u00f3 diferentes versiones de su muerte en incontables ocasiones: Clarita. \u00a1S\u00ed, Clarita, est\u00e1 viva!<\/p>\n<p dir=\"ltr\"><strong>\u00bfQU\u00c9 SUCEDER\u00c1 EN EL ENCUENTRO ENTRE ELISEO Y CLARITA? M\u00c1S DETALLES EL VIERNES 26 DE JULIO<\/strong><\/p>","protected":false},"excerpt":{"rendered":"<p>De regreso en Buenos Aires, Eliseo se puso al frente de Soluciones Integrales Basurto, su nueva empresa dedicada al management de encargados. (Contiene Spoilers) Incentivado por el fantasma de Beba (Pochi Ducasse), que lo visita peri\u00f3dicamente, Eliseo acept\u00f3 una invitaci\u00f3n &#8230; <a title=\"M\u00e1s detalles de la tercera temporada de \u00abEl Encargado\u00bb\" class=\"read-more\" href=\"https:\/\/clientesbrandbits.click\/en\/mas-detalles-de-la-tercera-temporada-de-el-encargado\/\" aria-label=\"Read more about M\u00e1s detalles de la tercera temporada de \u00abEl Encargado\u00bb\">Read More<\/a><\/p>","protected":false},"author":3,"featured_media":2447,"comment_status":"closed","ping_status":"closed","sticky":false,"template":"","format":"standard","meta":{"_joinchat":[],"footnotes":""},"categories":[10],"tags":[69,207],"class_list":["post-2446","post","type-post","status-publish","format-standard","has-post-thumbnail","hentry","category-films","tag-disney","tag-el-encargado","infinite-scroll-item"],"yoast_head":"<!-- This site is optimized with the Yoast SEO plugin v22.8 - https:\/\/yoast.com\/wordpress\/plugins\/seo\/ -->\n<title>M\u00e1s detalles de la tercera temporada de &quot;El Encargado&quot; - Spanglish Cinema<\/title>\n<meta name=\"description\" content=\"De regreso en Buenos Aires, Eliseo se puso al frente de Soluciones Integrales Basurto, su nueva empresa dedicada al management de encargados.\" \/>\n<meta name=\"robots\" content=\"index, follow, max-snippet:-1, max-image-preview:large, max-video-preview:-1\" \/>\n<link rel=\"canonical\" href=\"https:\/\/clientesbrandbits.click\/en\/mas-detalles-de-la-tercera-temporada-de-el-encargado\/\" \/>\n<meta property=\"og:locale\" content=\"en_US\" \/>\n<meta property=\"og:type\" content=\"article\" \/>\n<meta property=\"og:title\" content=\"M\u00e1s detalles de la tercera temporada de &quot;El Encargado&quot; - Spanglish Cinema\" \/>\n<meta property=\"og:description\" content=\"De regreso en Buenos Aires, Eliseo se puso al frente de Soluciones Integrales Basurto, su nueva empresa dedicada al management de encargados.\" \/>\n<meta property=\"og:url\" content=\"https:\/\/clientesbrandbits.click\/en\/mas-detalles-de-la-tercera-temporada-de-el-encargado\/\" \/>\n<meta property=\"og:site_name\" content=\"Spanglish Cinema\" \/>\n<meta property=\"article:published_time\" content=\"2024-07-19T11:33:42+00:00\" \/>\n<meta property=\"article:modified_time\" content=\"2024-07-22T07:34:32+00:00\" \/>\n<meta property=\"og:image\" content=\"https:\/\/clientesbrandbits.click\/wp-content\/uploads\/2024\/07\/franchella.jpg\" \/>\n\t<meta property=\"og:image:width\" content=\"1440\" \/>\n\t<meta property=\"og:image:height\" content=\"810\" \/>\n\t<meta property=\"og:image:type\" content=\"image\/jpeg\" \/>\n<meta name=\"author\" content=\"Spanglish Cinema Team\" \/>\n<meta name=\"twitter:card\" content=\"summary_large_image\" \/>\n<meta name=\"twitter:label1\" content=\"Written by\" \/>\n\t<meta name=\"twitter:data1\" content=\"Spanglish Cinema Team\" \/>\n\t<meta name=\"twitter:label2\" content=\"Est. reading time\" \/>\n\t<meta name=\"twitter:data2\" content=\"3 minutes\" \/>\n<script type=\"application\/ld+json\" class=\"yoast-schema-graph\">{\"@context\":\"https:\/\/schema.org\",\"@graph\":[{\"@type\":\"Article\",\"@id\":\"https:\/\/clientesbrandbits.click\/mas-detalles-de-la-tercera-temporada-de-el-encargado\/#article\",\"isPartOf\":{\"@id\":\"https:\/\/clientesbrandbits.click\/mas-detalles-de-la-tercera-temporada-de-el-encargado\/\"},\"author\":{\"name\":\"Spanglish Cinema Team\",\"@id\":\"https:\/\/clientesbrandbits.click\/#\/schema\/person\/678f0477e0f075fdf24e58e342ca80f1\"},\"headline\":\"M\u00e1s detalles de la tercera temporada de \u00abEl Encargado\u00bb\",\"datePublished\":\"2024-07-19T11:33:42+00:00\",\"dateModified\":\"2024-07-22T07:34:32+00:00\",\"mainEntityOfPage\":{\"@id\":\"https:\/\/clientesbrandbits.click\/mas-detalles-de-la-tercera-temporada-de-el-encargado\/\"},\"wordCount\":455,\"publisher\":{\"@id\":\"https:\/\/clientesbrandbits.click\/#organization\"},\"image\":{\"@id\":\"https:\/\/clientesbrandbits.click\/mas-detalles-de-la-tercera-temporada-de-el-encargado\/#primaryimage\"},\"thumbnailUrl\":\"https:\/\/clientesbrandbits.click\/wp-content\/uploads\/2024\/07\/franchella.jpg\",\"keywords\":[\"Disney +\",\"El encargado\"],\"articleSection\":[\"Films\"],\"inLanguage\":\"en-US\"},{\"@type\":\"WebPage\",\"@id\":\"https:\/\/clientesbrandbits.click\/mas-detalles-de-la-tercera-temporada-de-el-encargado\/\",\"url\":\"https:\/\/clientesbrandbits.click\/mas-detalles-de-la-tercera-temporada-de-el-encargado\/\",\"name\":\"M\u00e1s detalles de la tercera temporada de \\\"El Encargado\\\" - Spanglish Cinema\",\"isPartOf\":{\"@id\":\"https:\/\/clientesbrandbits.click\/#website\"},\"primaryImageOfPage\":{\"@id\":\"https:\/\/clientesbrandbits.click\/mas-detalles-de-la-tercera-temporada-de-el-encargado\/#primaryimage\"},\"image\":{\"@id\":\"https:\/\/clientesbrandbits.click\/mas-detalles-de-la-tercera-temporada-de-el-encargado\/#primaryimage\"},\"thumbnailUrl\":\"https:\/\/clientesbrandbits.click\/wp-content\/uploads\/2024\/07\/franchella.jpg\",\"datePublished\":\"2024-07-19T11:33:42+00:00\",\"dateModified\":\"2024-07-22T07:34:32+00:00\",\"description\":\"De regreso en Buenos Aires, Eliseo se puso al frente de Soluciones Integrales Basurto, su nueva empresa dedicada al management de encargados.\",\"breadcrumb\":{\"@id\":\"https:\/\/clientesbrandbits.click\/mas-detalles-de-la-tercera-temporada-de-el-encargado\/#breadcrumb\"},\"inLanguage\":\"en-US\",\"potentialAction\":[{\"@type\":\"ReadAction\",\"target\":[\"https:\/\/clientesbrandbits.click\/mas-detalles-de-la-tercera-temporada-de-el-encargado\/\"]}]},{\"@type\":\"ImageObject\",\"inLanguage\":\"en-US\",\"@id\":\"https:\/\/clientesbrandbits.click\/mas-detalles-de-la-tercera-temporada-de-el-encargado\/#primaryimage\",\"url\":\"https:\/\/clientesbrandbits.click\/wp-content\/uploads\/2024\/07\/franchella.jpg\",\"contentUrl\":\"https:\/\/clientesbrandbits.click\/wp-content\/uploads\/2024\/07\/franchella.jpg\",\"width\":1440,\"height\":810},{\"@type\":\"BreadcrumbList\",\"@id\":\"https:\/\/clientesbrandbits.click\/mas-detalles-de-la-tercera-temporada-de-el-encargado\/#breadcrumb\",\"itemListElement\":[{\"@type\":\"ListItem\",\"position\":1,\"name\":\"Portada\",\"item\":\"https:\/\/clientesbrandbits.click\/\"},{\"@type\":\"ListItem\",\"position\":2,\"name\":\"M\u00e1s detalles de la tercera temporada de &#8220;El Encargado&#8221;\"}]},{\"@type\":\"WebSite\",\"@id\":\"https:\/\/clientesbrandbits.click\/#website\",\"url\":\"https:\/\/clientesbrandbits.click\/\",\"name\":\"Spanglish Cinema\",\"description\":\"\",\"publisher\":{\"@id\":\"https:\/\/clientesbrandbits.click\/#organization\"},\"potentialAction\":[{\"@type\":\"SearchAction\",\"target\":{\"@type\":\"EntryPoint\",\"urlTemplate\":\"https:\/\/clientesbrandbits.click\/?s={search_term_string}\"},\"query-input\":\"required name=search_term_string\"}],\"inLanguage\":\"en-US\"},{\"@type\":\"Organization\",\"@id\":\"https:\/\/clientesbrandbits.click\/#organization\",\"name\":\"Spanglish Cinema\",\"url\":\"https:\/\/clientesbrandbits.click\/\",\"logo\":{\"@type\":\"ImageObject\",\"inLanguage\":\"en-US\",\"@id\":\"https:\/\/clientesbrandbits.click\/#\/schema\/logo\/image\/\",\"url\":\"https:\/\/clientesbrandbits.click\/wp-content\/uploads\/2024\/03\/spanglish_cinema.png\",\"contentUrl\":\"https:\/\/clientesbrandbits.click\/wp-content\/uploads\/2024\/03\/spanglish_cinema.png\",\"width\":612,\"height\":225,\"caption\":\"Spanglish Cinema\"},\"image\":{\"@id\":\"https:\/\/clientesbrandbits.click\/#\/schema\/logo\/image\/\"}},{\"@type\":\"Person\",\"@id\":\"https:\/\/clientesbrandbits.click\/#\/schema\/person\/678f0477e0f075fdf24e58e342ca80f1\",\"name\":\"Spanglish Cinema Team\",\"image\":{\"@type\":\"ImageObject\",\"inLanguage\":\"en-US\",\"@id\":\"https:\/\/clientesbrandbits.click\/#\/schema\/person\/image\/\",\"url\":\"https:\/\/secure.gravatar.com\/avatar\/3eef20e32ea53867d5b6a361c9e8e2ee?s=96&d=mm&r=g\",\"contentUrl\":\"https:\/\/secure.gravatar.com\/avatar\/3eef20e32ea53867d5b6a361c9e8e2ee?s=96&d=mm&r=g\",\"caption\":\"Spanglish Cinema Team\"},\"url\":\"https:\/\/clientesbrandbits.click\/en\/author\/spanglish-cinema\/\"}]}<\/script>\n<!-- \/ Yoast SEO plugin. -->","yoast_head_json":{"title":"M\u00e1s detalles de la tercera temporada de \"El Encargado\" - Spanglish Cinema","description":"De regreso en Buenos Aires, Eliseo se puso al frente de Soluciones Integrales Basurto, su nueva empresa dedicada al management de encargados.","robots":{"index":"index","follow":"follow","max-snippet":"max-snippet:-1","max-image-preview":"max-image-preview:large","max-video-preview":"max-video-preview:-1"},"canonical":"https:\/\/clientesbrandbits.click\/en\/mas-detalles-de-la-tercera-temporada-de-el-encargado\/","og_locale":"en_US","og_type":"article","og_title":"M\u00e1s detalles de la tercera temporada de \"El Encargado\" - Spanglish Cinema","og_description":"De regreso en Buenos Aires, Eliseo se puso al frente de Soluciones Integrales Basurto, su nueva empresa dedicada al management de encargados.","og_url":"https:\/\/clientesbrandbits.click\/en\/mas-detalles-de-la-tercera-temporada-de-el-encargado\/","og_site_name":"Spanglish Cinema","article_published_time":"2024-07-19T11:33:42+00:00","article_modified_time":"2024-07-22T07:34:32+00:00","og_image":[{"width":1440,"height":810,"url":"https:\/\/clientesbrandbits.click\/wp-content\/uploads\/2024\/07\/franchella.jpg","type":"image\/jpeg"}],"author":"Spanglish Cinema Team","twitter_card":"summary_large_image","twitter_misc":{"Written by":"Spanglish Cinema Team","Est. reading time":"3 minutes"},"schema":{"@context":"https:\/\/schema.org","@graph":[{"@type":"Article","@id":"https:\/\/clientesbrandbits.click\/mas-detalles-de-la-tercera-temporada-de-el-encargado\/#article","isPartOf":{"@id":"https:\/\/clientesbrandbits.click\/mas-detalles-de-la-tercera-temporada-de-el-encargado\/"},"author":{"name":"Spanglish Cinema Team","@id":"https:\/\/clientesbrandbits.click\/#\/schema\/person\/678f0477e0f075fdf24e58e342ca80f1"},"headline":"M\u00e1s detalles de la tercera temporada de \u00abEl Encargado\u00bb","datePublished":"2024-07-19T11:33:42+00:00","dateModified":"2024-07-22T07:34:32+00:00","mainEntityOfPage":{"@id":"https:\/\/clientesbrandbits.click\/mas-detalles-de-la-tercera-temporada-de-el-encargado\/"},"wordCount":455,"publisher":{"@id":"https:\/\/clientesbrandbits.click\/#organization"},"image":{"@id":"https:\/\/clientesbrandbits.click\/mas-detalles-de-la-tercera-temporada-de-el-encargado\/#primaryimage"},"thumbnailUrl":"https:\/\/clientesbrandbits.click\/wp-content\/uploads\/2024\/07\/franchella.jpg","keywords":["Disney +","El encargado"],"articleSection":["Films"],"inLanguage":"en-US"},{"@type":"WebPage","@id":"https:\/\/clientesbrandbits.click\/mas-detalles-de-la-tercera-temporada-de-el-encargado\/","url":"https:\/\/clientesbrandbits.click\/mas-detalles-de-la-tercera-temporada-de-el-encargado\/","name":"M\u00e1s detalles de la tercera temporada de \"El Encargado\" - Spanglish Cinema","isPartOf":{"@id":"https:\/\/clientesbrandbits.click\/#website"},"primaryImageOfPage":{"@id":"https:\/\/clientesbrandbits.click\/mas-detalles-de-la-tercera-temporada-de-el-encargado\/#primaryimage"},"image":{"@id":"https:\/\/clientesbrandbits.click\/mas-detalles-de-la-tercera-temporada-de-el-encargado\/#primaryimage"},"thumbnailUrl":"https:\/\/clientesbrandbits.click\/wp-content\/uploads\/2024\/07\/franchella.jpg","datePublished":"2024-07-19T11:33:42+00:00","dateModified":"2024-07-22T07:34:32+00:00","description":"De regreso en Buenos Aires, Eliseo se puso al frente de Soluciones Integrales Basurto, su nueva empresa dedicada al management de encargados.","breadcrumb":{"@id":"https:\/\/clientesbrandbits.click\/mas-detalles-de-la-tercera-temporada-de-el-encargado\/#breadcrumb"},"inLanguage":"en-US","potentialAction":[{"@type":"ReadAction","target":["https:\/\/clientesbrandbits.click\/mas-detalles-de-la-tercera-temporada-de-el-encargado\/"]}]},{"@type":"ImageObject","inLanguage":"en-US","@id":"https:\/\/clientesbrandbits.click\/mas-detalles-de-la-tercera-temporada-de-el-encargado\/#primaryimage","url":"https:\/\/clientesbrandbits.click\/wp-content\/uploads\/2024\/07\/franchella.jpg","contentUrl":"https:\/\/clientesbrandbits.click\/wp-content\/uploads\/2024\/07\/franchella.jpg","width":1440,"height":810},{"@type":"BreadcrumbList","@id":"https:\/\/clientesbrandbits.click\/mas-detalles-de-la-tercera-temporada-de-el-encargado\/#breadcrumb","itemListElement":[{"@type":"ListItem","position":1,"name":"Portada","item":"https:\/\/clientesbrandbits.click\/"},{"@type":"ListItem","position":2,"name":"M\u00e1s detalles de la tercera temporada de &#8220;El Encargado&#8221;"}]},{"@type":"WebSite","@id":"https:\/\/clientesbrandbits.click\/#website","url":"https:\/\/clientesbrandbits.click\/","name":"Spanglish Cinema","description":"","publisher":{"@id":"https:\/\/clientesbrandbits.click\/#organization"},"potentialAction":[{"@type":"SearchAction","target":{"@type":"EntryPoint","urlTemplate":"https:\/\/clientesbrandbits.click\/?s={search_term_string}"},"query-input":"required name=search_term_string"}],"inLanguage":"en-US"},{"@type":"Organization","@id":"https:\/\/clientesbrandbits.click\/#organization","name":"Spanglish Cinema","url":"https:\/\/clientesbrandbits.click\/","logo":{"@type":"ImageObject","inLanguage":"en-US","@id":"https:\/\/clientesbrandbits.click\/#\/schema\/logo\/image\/","url":"https:\/\/clientesbrandbits.click\/wp-content\/uploads\/2024\/03\/spanglish_cinema.png","contentUrl":"https:\/\/clientesbrandbits.click\/wp-content\/uploads\/2024\/03\/spanglish_cinema.png","width":612,"height":225,"caption":"Spanglish Cinema"},"image":{"@id":"https:\/\/clientesbrandbits.click\/#\/schema\/logo\/image\/"}},{"@type":"Person","@id":"https:\/\/clientesbrandbits.click\/#\/schema\/person\/678f0477e0f075fdf24e58e342ca80f1","name":"Spanglish Cinema Team","image":{"@type":"ImageObject","inLanguage":"en-US","@id":"https:\/\/clientesbrandbits.click\/#\/schema\/person\/image\/","url":"https:\/\/secure.gravatar.com\/avatar\/3eef20e32ea53867d5b6a361c9e8e2ee?s=96&d=mm&r=g","contentUrl":"https:\/\/secure.gravatar.com\/avatar\/3eef20e32ea53867d5b6a361c9e8e2ee?s=96&d=mm&r=g","caption":"Spanglish Cinema Team"},"url":"https:\/\/clientesbrandbits.click\/en\/author\/spanglish-cinema\/"}]}},"_links":{"self":[{"href":"https:\/\/clientesbrandbits.click\/en\/wp-json\/wp\/v2\/posts\/2446"}],"collection":[{"href":"https:\/\/clientesbrandbits.click\/en\/wp-json\/wp\/v2\/posts"}],"about":[{"href":"https:\/\/clientesbrandbits.click\/en\/wp-json\/wp\/v2\/types\/post"}],"author":[{"embeddable":true,"href":"https:\/\/clientesbrandbits.click\/en\/wp-json\/wp\/v2\/users\/3"}],"replies":[{"embeddable":true,"href":"https:\/\/clientesbrandbits.click\/en\/wp-json\/wp\/v2\/comments?post=2446"}],"version-history":[{"count":1,"href":"https:\/\/clientesbrandbits.click\/en\/wp-json\/wp\/v2\/posts\/2446\/revisions"}],"predecessor-version":[{"id":2448,"href":"https:\/\/clientesbrandbits.click\/en\/wp-json\/wp\/v2\/posts\/2446\/revisions\/2448"}],"wp:featuredmedia":[{"embeddable":true,"href":"https:\/\/clientesbrandbits.click\/en\/wp-json\/wp\/v2\/media\/2447"}],"wp:attachment":[{"href":"https:\/\/clientesbrandbits.click\/en\/wp-json\/wp\/v2\/media?parent=2446"}],"wp:term":[{"taxonomy":"category","embeddable":true,"href":"https:\/\/clientesbrandbits.click\/en\/wp-json\/wp\/v2\/categories?post=2446"},{"taxonomy":"post_tag","embeddable":true,"href":"https:\/\/clientesbrandbits.click\/en\/wp-json\/wp\/v2\/tags?post=2446"}],"curies":[{"name":"wp","href":"https:\/\/api.w.org\/{rel}","templated":true}]}}