{"id":2378,"date":"2024-07-17T17:14:22","date_gmt":"2024-07-17T21:14:22","guid":{"rendered":"https:\/\/clientesbrandbits.click\/?p=2378"},"modified":"2024-07-17T17:14:22","modified_gmt":"2024-07-17T21:14:22","slug":"disney-estreno-la-tercera-temporada-de-el-oso","status":"publish","type":"post","link":"https:\/\/clientesbrandbits.click\/en\/disney-estreno-la-tercera-temporada-de-el-oso\/","title":{"rendered":"Disney+ estren\u00f3 la tercera temporada de \u201cEl oso\u201d"},"content":{"rendered":"<p dir=\"ltr\" style=\"text-align: justify;\"><strong>\u201cSi no est\u00e1 perfecto, no sale\u201d<\/strong>, esa es la indicaci\u00f3n que le da Carmen \u201cCarmy\u201d Berzatto (<a href=\"https:\/\/clientesbrandbits.click\/en\/los-premios-del-sindicato-de-actores-2024-han-dado-su-veredicto\/\"><strong><span style=\"color: #ff00ff;\">Jeremy Allen White<\/span><\/strong><\/a>) a su protegida, Sydney Adamu (<a href=\"https:\/\/clientesbrandbits.click\/en\/hablamos-con-davine-joy-randolph-y-ayo-edeberi-las-ganadoras-consolidaron-su-temporada-con-el-sag-award\/\"><strong><span style=\"color: #ff00ff;\">Ayo Edebiri<\/span><\/strong><\/a>), en la tercera temporada de El Oso, de FX, que es el mismo principio rector que ha estado siguiendo Christopher Storer, creador y productor ejecutivo de la serie, desde que concibi\u00f3 <strong>la serie ganadora de premios Emmy\u00ae, Golden Globe\u00ae y los otorgados por SAG-AFTRA\u00ae.<\/strong><\/p>\n<p dir=\"ltr\" style=\"text-align: justify;\">El Oso, una de las series de comedia m\u00e1s populares y aclamadas por la cr\u00edtica, regresa hoy mi\u00e9rcoles 17 de julio con su nueva entrega de <strong>10 episodios en Disney+<\/strong>. En la tercera temporada, todas las miradas se posan sobre el elenco y el equipo de filmaci\u00f3n. Comenta White sobre el comienzo del rodaje de esta nueva entrega:\u00a0 \u201cVen\u00edamos del \u00e9xito de la temporada de premios, de modo que estaba muy nervioso. Sab\u00eda que los guiones eran muy buenos&#8230; pero la presi\u00f3n es real. Despu\u00e9s de un par de semanas de estar con el elenco y con nuestro hermoso equipo, todo volvi\u00f3 a su lugar\u201d. \u201cSe volvi\u00f3 a sentir como algo divertido \u2013a\u00f1ade White\u2013. Se volvi\u00f3 a sentir como algo posible\u201d.<\/p>\n<p dir=\"ltr\" style=\"text-align: justify;\">En esta temporada, <strong>Carmy, Sydney, Richard \u201cRichie\u201d Jerimovich<\/strong> (Ebon Moss-Bachrach), y su leal equipo quieren elevar la categor\u00eda de El Oso, una ex tienda de s\u00e1ndwiches convertida en un restaurante de primera clase. Claro que es m\u00e1s f\u00e1cil decirlo que hacerlo, y a medida que aumenta la temperatura y la presi\u00f3n, es posible que estallen las tensiones. <strong><span style=\"color: #ff00ff;\">Despu\u00e9s de su \u00faltimo colapso nervioso, dice White, \u201ccreo que Carmy hace lo que hace siempre: se mete de lleno en el trabajo y trata de imponerse desaf\u00edos. Al hacerlo, tambi\u00e9n se los impone a todos los que lo rodean, y se convierte en alguien dif\u00edcil de soportar\u201d.<\/span><\/strong><\/p>\n<p dir=\"ltr\" style=\"text-align: justify;\">As\u00ed que para motivarse a s\u00ed mismo y a su equipo, Carmy crea una lista de \u201cinnegociables\u201d que los impulsa a \u201campliar los l\u00edmites de lo posible\u201d y a \u201cevolucionar constantemente por medio de la creatividad\u201d, entre otras cosas. La lista de innegociables del elenco fue m\u00e1s f\u00e1cil de llevar a la pr\u00e1ctica que la de sus personajes, dice Edebiri riendo: \u201cTr\u00e1tense bien entre ustedes. Apr\u00e9ndanse la letra. Vengan preparados. Mant\u00e9nganse hidratados\u201d.<\/p>\n<p dir=\"ltr\" style=\"text-align: justify;\">Tambi\u00e9n en la tercera temporada, <strong>Carmy le ofrece a Sydney un acuerdo para ser socios y continuar sacando lo mejor del otro, pero, esta vez, como iguales.<\/strong> \u201cUna de las cosas que se ven esta temporada es lo que eso significa para Sydney y lo que ese paso significa para su relaci\u00f3n con Carmy \u2013dice Edebiri\u2013. Carmy es alguien a quien\u00a0 ella admira, pero es mucho m\u00e1s ca\u00f3tico de lo que tal vez hab\u00eda idealizado, antes de realmente comenzar a trabajar juntos\u201d.<\/p>\n<p dir=\"ltr\" style=\"text-align: justify;\">Aunque Carmy \u201cno es muy comunicativo \u2013reconoce White\u2013 de pronto hace un gran gesto como ese&#8230; creo que es su manera de conectarse con los dem\u00e1s. Pero muchas veces, la gente no est\u00e1 preparada para recibir ese gran gesto. Siempre tiene varias cosas en la cabeza y la gente no suele darse cuenta de lo que est\u00e1 pasando. Ya ver\u00e1n c\u00f3mo eso afecta la relaci\u00f3n de Carmen y Syd\u00bb.<\/p>\n<p dir=\"ltr\" style=\"text-align: justify;\">Carmy, Sydney, Richie y el resto del personal de El Oso \u2013que incluye a Natalie \u201cSugar\u201d Berzatto (Abby Elliott), Marcus Brooks (Lionel Boyce), Tina Marrero (Liza Col\u00f3n-Zayas) y Neil Fak (Matty Matheson y productor ejecutivo)\u2013 tendr\u00e1n una serie de diversas oportunidades y enfrentar\u00e1n desaf\u00edos nuevos durante la tercera temporada. A todo eso subyace un trasfondo de dolor, que siempre fue \u201cuno de los hilos conductores de la serie\u201d \u2013dice Edebiri\u2013. Al mismo tiempo, tal vez sea uno de los puntos m\u00e1s fuertes de El Oso\u201d \u2013comenta Moss-Bachrach\u2013. El dolor es el r\u00edo que nos atraviesa a todos. Quiz\u00e1s sea una de las cosas que compartimos todos de la experiencia humana. Y eso contin\u00faa en la tercera temporada. Cada uno lidia con eso a su manera, o no\u201d.<\/p>\n<p dir=\"ltr\" style=\"text-align: justify;\">Aunque las cosas puedan ponerse bravas en pantalla, eso no pasa nunca detr\u00e1s de escena.<\/p>\n<p dir=\"ltr\" style=\"text-align: justify;\">\u201cNuestro lugar de trabajo es seguro y c\u00e1lido \u2013dice Moss-Bachrach\u2013. Cuando te sientes apoyado y cuidado de esa forma, te sientes con derecho a ahondar m\u00e1s profundamente, a compartir cosas m\u00e1s personales y a arriesgarte. Todos en el set han sido empoderados y tienen autonom\u00eda \u2013a\u00f1ade Moss-Bachrach\u2013. Todos sienten que tienen derecho a decir c\u00f3mo se sienten, a colaborar, a contribuir\u201d.<\/p>\n<p dir=\"ltr\" style=\"text-align: justify;\"><strong>Las temporadas 1 y 2 completas tambi\u00e9n pueden disfrutarse en Disney+, en la nueva secci\u00f3n de Star.<\/strong><\/p>\n<p><iframe title=\"El Oso: Nueva temporada | Tr\u00e1iler oficial subtitulado | Disney+\" width=\"1200\" height=\"675\" src=\"https:\/\/www.youtube.com\/embed\/NDRZEf92-ww?feature=oembed\" frameborder=\"0\" allow=\"accelerometer; autoplay; clipboard-write; encrypted-media; gyroscope; picture-in-picture; web-share\" referrerpolicy=\"strict-origin-when-cross-origin\" allowfullscreen><\/iframe><\/p>","protected":false},"excerpt":{"rendered":"<p>\u201cSi no est\u00e1 perfecto, no sale\u201d, esa es la indicaci\u00f3n que le da Carmen \u201cCarmy\u201d Berzatto (Jeremy Allen White) a su protegida, Sydney Adamu (Ayo Edebiri), en la tercera temporada de El Oso, de FX, que es el mismo principio &#8230; <a title=\"Disney+ estren\u00f3 la tercera temporada de \u201cEl oso\u201d\" class=\"read-more\" href=\"https:\/\/clientesbrandbits.click\/en\/disney-estreno-la-tercera-temporada-de-el-oso\/\" aria-label=\"Read more about Disney+ estren\u00f3 la tercera temporada de \u201cEl oso\u201d\">Read More<\/a><\/p>","protected":false},"author":5,"featured_media":2379,"comment_status":"closed","ping_status":"closed","sticky":false,"template":"","format":"standard","meta":{"_joinchat":[],"footnotes":""},"categories":[112,10],"tags":[164,69,198],"class_list":["post-2378","post","type-post","status-publish","format-standard","has-post-thumbnail","hentry","category-destacados","category-films","tag-destacados","tag-disney","tag-the-bear","infinite-scroll-item"],"yoast_head":"<!-- This site is optimized with the Yoast SEO plugin v22.8 - https:\/\/yoast.com\/wordpress\/plugins\/seo\/ -->\n<title>Disney+ estren\u00f3 la tercera temporada de \u201cEl oso\u201d - Spanglish Cinema<\/title>\n<meta name=\"description\" content=\"\u201cSi no est\u00e1 perfecto, no sale\u201d, esa es la indicaci\u00f3n que le da Carmen \u201cCarmy\u201d Berzatto (Jeremy Allen White) a su protegida, Sydney Adamu (Ayo Edebiri), en la tercera temporada de El Oso, de FX, que es el mismo principio rector que ha estado siguiendo Christopher Storer, creador y productor ejecutivo de la serie, desde que concibi\u00f3 la serie ganadora de premios Emmy\u00ae, Golden Globe\u00ae y los otorgados por SAG-AFTRA\u00ae.\" \/>\n<meta name=\"robots\" content=\"index, follow, max-snippet:-1, max-image-preview:large, max-video-preview:-1\" \/>\n<link rel=\"canonical\" href=\"https:\/\/clientesbrandbits.click\/en\/disney-estreno-la-tercera-temporada-de-el-oso\/\" \/>\n<meta property=\"og:locale\" content=\"en_US\" \/>\n<meta property=\"og:type\" content=\"article\" \/>\n<meta property=\"og:title\" content=\"Disney+ estren\u00f3 la tercera temporada de \u201cEl oso\u201d - Spanglish Cinema\" \/>\n<meta property=\"og:description\" content=\"\u201cSi no est\u00e1 perfecto, no sale\u201d, esa es la indicaci\u00f3n que le da Carmen \u201cCarmy\u201d Berzatto (Jeremy Allen White) a su protegida, Sydney Adamu (Ayo Edebiri), en la tercera temporada de El Oso, de FX, que es el mismo principio rector que ha estado siguiendo Christopher Storer, creador y productor ejecutivo de la serie, desde que concibi\u00f3 la serie ganadora de premios Emmy\u00ae, Golden Globe\u00ae y los otorgados por SAG-AFTRA\u00ae.\" \/>\n<meta property=\"og:url\" content=\"https:\/\/clientesbrandbits.click\/en\/disney-estreno-la-tercera-temporada-de-el-oso\/\" \/>\n<meta property=\"og:site_name\" content=\"Spanglish Cinema\" \/>\n<meta property=\"article:published_time\" content=\"2024-07-17T21:14:22+00:00\" \/>\n<meta property=\"og:image\" content=\"https:\/\/clientesbrandbits.click\/wp-content\/uploads\/2024\/07\/THE_BEAR_209_0398r.0.0.jpg\" \/>\n\t<meta property=\"og:image:width\" content=\"1200\" \/>\n\t<meta property=\"og:image:height\" content=\"800\" \/>\n\t<meta property=\"og:image:type\" content=\"image\/jpeg\" \/>\n<meta name=\"author\" content=\"Elizabeth Salazar\" \/>\n<meta name=\"twitter:card\" content=\"summary_large_image\" \/>\n<meta name=\"twitter:label1\" content=\"Written by\" \/>\n\t<meta name=\"twitter:data1\" content=\"Elizabeth Salazar\" \/>\n\t<meta name=\"twitter:label2\" content=\"Est. reading time\" \/>\n\t<meta name=\"twitter:data2\" content=\"4 minutes\" \/>\n<script type=\"application\/ld+json\" class=\"yoast-schema-graph\">{\"@context\":\"https:\/\/schema.org\",\"@graph\":[{\"@type\":\"Article\",\"@id\":\"https:\/\/clientesbrandbits.click\/disney-estreno-la-tercera-temporada-de-el-oso\/#article\",\"isPartOf\":{\"@id\":\"https:\/\/clientesbrandbits.click\/disney-estreno-la-tercera-temporada-de-el-oso\/\"},\"author\":{\"name\":\"Elizabeth Salazar\",\"@id\":\"https:\/\/clientesbrandbits.click\/#\/schema\/person\/3582a766d1bd629325b8cb5e303f4963\"},\"headline\":\"Disney+ estren\u00f3 la tercera temporada de \u201cEl oso\u201d\",\"datePublished\":\"2024-07-17T21:14:22+00:00\",\"dateModified\":\"2024-07-17T21:14:22+00:00\",\"mainEntityOfPage\":{\"@id\":\"https:\/\/clientesbrandbits.click\/disney-estreno-la-tercera-temporada-de-el-oso\/\"},\"wordCount\":802,\"publisher\":{\"@id\":\"https:\/\/clientesbrandbits.click\/#organization\"},\"image\":{\"@id\":\"https:\/\/clientesbrandbits.click\/disney-estreno-la-tercera-temporada-de-el-oso\/#primaryimage\"},\"thumbnailUrl\":\"https:\/\/clientesbrandbits.click\/wp-content\/uploads\/2024\/07\/THE_BEAR_209_0398r.0.0.jpg\",\"keywords\":[\"Destacados\",\"Disney +\",\"The Bear\"],\"articleSection\":[\"Destacados\",\"Films\"],\"inLanguage\":\"en-US\"},{\"@type\":\"WebPage\",\"@id\":\"https:\/\/clientesbrandbits.click\/disney-estreno-la-tercera-temporada-de-el-oso\/\",\"url\":\"https:\/\/clientesbrandbits.click\/disney-estreno-la-tercera-temporada-de-el-oso\/\",\"name\":\"Disney+ estren\u00f3 la tercera temporada de \u201cEl oso\u201d - Spanglish Cinema\",\"isPartOf\":{\"@id\":\"https:\/\/clientesbrandbits.click\/#website\"},\"primaryImageOfPage\":{\"@id\":\"https:\/\/clientesbrandbits.click\/disney-estreno-la-tercera-temporada-de-el-oso\/#primaryimage\"},\"image\":{\"@id\":\"https:\/\/clientesbrandbits.click\/disney-estreno-la-tercera-temporada-de-el-oso\/#primaryimage\"},\"thumbnailUrl\":\"https:\/\/clientesbrandbits.click\/wp-content\/uploads\/2024\/07\/THE_BEAR_209_0398r.0.0.jpg\",\"datePublished\":\"2024-07-17T21:14:22+00:00\",\"dateModified\":\"2024-07-17T21:14:22+00:00\",\"description\":\"\u201cSi no est\u00e1 perfecto, no sale\u201d, esa es la indicaci\u00f3n que le da Carmen \u201cCarmy\u201d Berzatto (Jeremy Allen White) a su protegida, Sydney Adamu (Ayo Edebiri), en la tercera temporada de El Oso, de FX, que es el mismo principio rector que ha estado siguiendo Christopher Storer, creador y productor ejecutivo de la serie, desde que concibi\u00f3 la serie ganadora de premios Emmy\u00ae, Golden Globe\u00ae y los otorgados por SAG-AFTRA\u00ae.\",\"breadcrumb\":{\"@id\":\"https:\/\/clientesbrandbits.click\/disney-estreno-la-tercera-temporada-de-el-oso\/#breadcrumb\"},\"inLanguage\":\"en-US\",\"potentialAction\":[{\"@type\":\"ReadAction\",\"target\":[\"https:\/\/clientesbrandbits.click\/disney-estreno-la-tercera-temporada-de-el-oso\/\"]}]},{\"@type\":\"ImageObject\",\"inLanguage\":\"en-US\",\"@id\":\"https:\/\/clientesbrandbits.click\/disney-estreno-la-tercera-temporada-de-el-oso\/#primaryimage\",\"url\":\"https:\/\/clientesbrandbits.click\/wp-content\/uploads\/2024\/07\/THE_BEAR_209_0398r.0.0.jpg\",\"contentUrl\":\"https:\/\/clientesbrandbits.click\/wp-content\/uploads\/2024\/07\/THE_BEAR_209_0398r.0.0.jpg\",\"width\":1200,\"height\":800},{\"@type\":\"BreadcrumbList\",\"@id\":\"https:\/\/clientesbrandbits.click\/disney-estreno-la-tercera-temporada-de-el-oso\/#breadcrumb\",\"itemListElement\":[{\"@type\":\"ListItem\",\"position\":1,\"name\":\"Portada\",\"item\":\"https:\/\/clientesbrandbits.click\/\"},{\"@type\":\"ListItem\",\"position\":2,\"name\":\"Disney+ estren\u00f3 la tercera temporada de \u201cEl oso\u201d\"}]},{\"@type\":\"WebSite\",\"@id\":\"https:\/\/clientesbrandbits.click\/#website\",\"url\":\"https:\/\/clientesbrandbits.click\/\",\"name\":\"Spanglish Cinema\",\"description\":\"\",\"publisher\":{\"@id\":\"https:\/\/clientesbrandbits.click\/#organization\"},\"potentialAction\":[{\"@type\":\"SearchAction\",\"target\":{\"@type\":\"EntryPoint\",\"urlTemplate\":\"https:\/\/clientesbrandbits.click\/?s={search_term_string}\"},\"query-input\":\"required name=search_term_string\"}],\"inLanguage\":\"en-US\"},{\"@type\":\"Organization\",\"@id\":\"https:\/\/clientesbrandbits.click\/#organization\",\"name\":\"Spanglish Cinema\",\"url\":\"https:\/\/clientesbrandbits.click\/\",\"logo\":{\"@type\":\"ImageObject\",\"inLanguage\":\"en-US\",\"@id\":\"https:\/\/clientesbrandbits.click\/#\/schema\/logo\/image\/\",\"url\":\"https:\/\/clientesbrandbits.click\/wp-content\/uploads\/2024\/03\/spanglish_cinema.png\",\"contentUrl\":\"https:\/\/clientesbrandbits.click\/wp-content\/uploads\/2024\/03\/spanglish_cinema.png\",\"width\":612,\"height\":225,\"caption\":\"Spanglish Cinema\"},\"image\":{\"@id\":\"https:\/\/clientesbrandbits.click\/#\/schema\/logo\/image\/\"}},{\"@type\":\"Person\",\"@id\":\"https:\/\/clientesbrandbits.click\/#\/schema\/person\/3582a766d1bd629325b8cb5e303f4963\",\"name\":\"Elizabeth Salazar\",\"image\":{\"@type\":\"ImageObject\",\"inLanguage\":\"en-US\",\"@id\":\"https:\/\/clientesbrandbits.click\/#\/schema\/person\/image\/\",\"url\":\"https:\/\/secure.gravatar.com\/avatar\/ddf69a5ddae2a61929dd4e305eb31658?s=96&d=mm&r=g\",\"contentUrl\":\"https:\/\/secure.gravatar.com\/avatar\/ddf69a5ddae2a61929dd4e305eb31658?s=96&d=mm&r=g\",\"caption\":\"Elizabeth Salazar\"},\"url\":\"https:\/\/clientesbrandbits.click\/en\/author\/elizabeth-salazar\/\"}]}<\/script>\n<!-- \/ Yoast SEO plugin. -->","yoast_head_json":{"title":"Disney+ estren\u00f3 la tercera temporada de \u201cEl oso\u201d - Spanglish Cinema","description":"\u201cSi no est\u00e1 perfecto, no sale\u201d, esa es la indicaci\u00f3n que le da Carmen \u201cCarmy\u201d Berzatto (Jeremy Allen White) a su protegida, Sydney Adamu (Ayo Edebiri), en la tercera temporada de El Oso, de FX, que es el mismo principio rector que ha estado siguiendo Christopher Storer, creador y productor ejecutivo de la serie, desde que concibi\u00f3 la serie ganadora de premios Emmy\u00ae, Golden Globe\u00ae y los otorgados por SAG-AFTRA\u00ae.","robots":{"index":"index","follow":"follow","max-snippet":"max-snippet:-1","max-image-preview":"max-image-preview:large","max-video-preview":"max-video-preview:-1"},"canonical":"https:\/\/clientesbrandbits.click\/en\/disney-estreno-la-tercera-temporada-de-el-oso\/","og_locale":"en_US","og_type":"article","og_title":"Disney+ estren\u00f3 la tercera temporada de \u201cEl oso\u201d - Spanglish Cinema","og_description":"\u201cSi no est\u00e1 perfecto, no sale\u201d, esa es la indicaci\u00f3n que le da Carmen \u201cCarmy\u201d Berzatto (Jeremy Allen White) a su protegida, Sydney Adamu (Ayo Edebiri), en la tercera temporada de El Oso, de FX, que es el mismo principio rector que ha estado siguiendo Christopher Storer, creador y productor ejecutivo de la serie, desde que concibi\u00f3 la serie ganadora de premios Emmy\u00ae, Golden Globe\u00ae y los otorgados por SAG-AFTRA\u00ae.","og_url":"https:\/\/clientesbrandbits.click\/en\/disney-estreno-la-tercera-temporada-de-el-oso\/","og_site_name":"Spanglish Cinema","article_published_time":"2024-07-17T21:14:22+00:00","og_image":[{"width":1200,"height":800,"url":"https:\/\/clientesbrandbits.click\/wp-content\/uploads\/2024\/07\/THE_BEAR_209_0398r.0.0.jpg","type":"image\/jpeg"}],"author":"Elizabeth Salazar","twitter_card":"summary_large_image","twitter_misc":{"Written by":"Elizabeth Salazar","Est. reading time":"4 minutes"},"schema":{"@context":"https:\/\/schema.org","@graph":[{"@type":"Article","@id":"https:\/\/clientesbrandbits.click\/disney-estreno-la-tercera-temporada-de-el-oso\/#article","isPartOf":{"@id":"https:\/\/clientesbrandbits.click\/disney-estreno-la-tercera-temporada-de-el-oso\/"},"author":{"name":"Elizabeth Salazar","@id":"https:\/\/clientesbrandbits.click\/#\/schema\/person\/3582a766d1bd629325b8cb5e303f4963"},"headline":"Disney+ estren\u00f3 la tercera temporada de \u201cEl oso\u201d","datePublished":"2024-07-17T21:14:22+00:00","dateModified":"2024-07-17T21:14:22+00:00","mainEntityOfPage":{"@id":"https:\/\/clientesbrandbits.click\/disney-estreno-la-tercera-temporada-de-el-oso\/"},"wordCount":802,"publisher":{"@id":"https:\/\/clientesbrandbits.click\/#organization"},"image":{"@id":"https:\/\/clientesbrandbits.click\/disney-estreno-la-tercera-temporada-de-el-oso\/#primaryimage"},"thumbnailUrl":"https:\/\/clientesbrandbits.click\/wp-content\/uploads\/2024\/07\/THE_BEAR_209_0398r.0.0.jpg","keywords":["Destacados","Disney +","The Bear"],"articleSection":["Destacados","Films"],"inLanguage":"en-US"},{"@type":"WebPage","@id":"https:\/\/clientesbrandbits.click\/disney-estreno-la-tercera-temporada-de-el-oso\/","url":"https:\/\/clientesbrandbits.click\/disney-estreno-la-tercera-temporada-de-el-oso\/","name":"Disney+ estren\u00f3 la tercera temporada de \u201cEl oso\u201d - Spanglish Cinema","isPartOf":{"@id":"https:\/\/clientesbrandbits.click\/#website"},"primaryImageOfPage":{"@id":"https:\/\/clientesbrandbits.click\/disney-estreno-la-tercera-temporada-de-el-oso\/#primaryimage"},"image":{"@id":"https:\/\/clientesbrandbits.click\/disney-estreno-la-tercera-temporada-de-el-oso\/#primaryimage"},"thumbnailUrl":"https:\/\/clientesbrandbits.click\/wp-content\/uploads\/2024\/07\/THE_BEAR_209_0398r.0.0.jpg","datePublished":"2024-07-17T21:14:22+00:00","dateModified":"2024-07-17T21:14:22+00:00","description":"\u201cSi no est\u00e1 perfecto, no sale\u201d, esa es la indicaci\u00f3n que le da Carmen \u201cCarmy\u201d Berzatto (Jeremy Allen White) a su protegida, Sydney Adamu (Ayo Edebiri), en la tercera temporada de El Oso, de FX, que es el mismo principio rector que ha estado siguiendo Christopher Storer, creador y productor ejecutivo de la serie, desde que concibi\u00f3 la serie ganadora de premios Emmy\u00ae, Golden Globe\u00ae y los otorgados por SAG-AFTRA\u00ae.","breadcrumb":{"@id":"https:\/\/clientesbrandbits.click\/disney-estreno-la-tercera-temporada-de-el-oso\/#breadcrumb"},"inLanguage":"en-US","potentialAction":[{"@type":"ReadAction","target":["https:\/\/clientesbrandbits.click\/disney-estreno-la-tercera-temporada-de-el-oso\/"]}]},{"@type":"ImageObject","inLanguage":"en-US","@id":"https:\/\/clientesbrandbits.click\/disney-estreno-la-tercera-temporada-de-el-oso\/#primaryimage","url":"https:\/\/clientesbrandbits.click\/wp-content\/uploads\/2024\/07\/THE_BEAR_209_0398r.0.0.jpg","contentUrl":"https:\/\/clientesbrandbits.click\/wp-content\/uploads\/2024\/07\/THE_BEAR_209_0398r.0.0.jpg","width":1200,"height":800},{"@type":"BreadcrumbList","@id":"https:\/\/clientesbrandbits.click\/disney-estreno-la-tercera-temporada-de-el-oso\/#breadcrumb","itemListElement":[{"@type":"ListItem","position":1,"name":"Portada","item":"https:\/\/clientesbrandbits.click\/"},{"@type":"ListItem","position":2,"name":"Disney+ estren\u00f3 la tercera temporada de \u201cEl oso\u201d"}]},{"@type":"WebSite","@id":"https:\/\/clientesbrandbits.click\/#website","url":"https:\/\/clientesbrandbits.click\/","name":"Spanglish Cinema","description":"","publisher":{"@id":"https:\/\/clientesbrandbits.click\/#organization"},"potentialAction":[{"@type":"SearchAction","target":{"@type":"EntryPoint","urlTemplate":"https:\/\/clientesbrandbits.click\/?s={search_term_string}"},"query-input":"required name=search_term_string"}],"inLanguage":"en-US"},{"@type":"Organization","@id":"https:\/\/clientesbrandbits.click\/#organization","name":"Spanglish Cinema","url":"https:\/\/clientesbrandbits.click\/","logo":{"@type":"ImageObject","inLanguage":"en-US","@id":"https:\/\/clientesbrandbits.click\/#\/schema\/logo\/image\/","url":"https:\/\/clientesbrandbits.click\/wp-content\/uploads\/2024\/03\/spanglish_cinema.png","contentUrl":"https:\/\/clientesbrandbits.click\/wp-content\/uploads\/2024\/03\/spanglish_cinema.png","width":612,"height":225,"caption":"Spanglish Cinema"},"image":{"@id":"https:\/\/clientesbrandbits.click\/#\/schema\/logo\/image\/"}},{"@type":"Person","@id":"https:\/\/clientesbrandbits.click\/#\/schema\/person\/3582a766d1bd629325b8cb5e303f4963","name":"Elizabeth Salazar","image":{"@type":"ImageObject","inLanguage":"en-US","@id":"https:\/\/clientesbrandbits.click\/#\/schema\/person\/image\/","url":"https:\/\/secure.gravatar.com\/avatar\/ddf69a5ddae2a61929dd4e305eb31658?s=96&d=mm&r=g","contentUrl":"https:\/\/secure.gravatar.com\/avatar\/ddf69a5ddae2a61929dd4e305eb31658?s=96&d=mm&r=g","caption":"Elizabeth Salazar"},"url":"https:\/\/clientesbrandbits.click\/en\/author\/elizabeth-salazar\/"}]}},"_links":{"self":[{"href":"https:\/\/clientesbrandbits.click\/en\/wp-json\/wp\/v2\/posts\/2378"}],"collection":[{"href":"https:\/\/clientesbrandbits.click\/en\/wp-json\/wp\/v2\/posts"}],"about":[{"href":"https:\/\/clientesbrandbits.click\/en\/wp-json\/wp\/v2\/types\/post"}],"author":[{"embeddable":true,"href":"https:\/\/clientesbrandbits.click\/en\/wp-json\/wp\/v2\/users\/5"}],"replies":[{"embeddable":true,"href":"https:\/\/clientesbrandbits.click\/en\/wp-json\/wp\/v2\/comments?post=2378"}],"version-history":[{"count":3,"href":"https:\/\/clientesbrandbits.click\/en\/wp-json\/wp\/v2\/posts\/2378\/revisions"}],"predecessor-version":[{"id":2382,"href":"https:\/\/clientesbrandbits.click\/en\/wp-json\/wp\/v2\/posts\/2378\/revisions\/2382"}],"wp:featuredmedia":[{"embeddable":true,"href":"https:\/\/clientesbrandbits.click\/en\/wp-json\/wp\/v2\/media\/2379"}],"wp:attachment":[{"href":"https:\/\/clientesbrandbits.click\/en\/wp-json\/wp\/v2\/media?parent=2378"}],"wp:term":[{"taxonomy":"category","embeddable":true,"href":"https:\/\/clientesbrandbits.click\/en\/wp-json\/wp\/v2\/categories?post=2378"},{"taxonomy":"post_tag","embeddable":true,"href":"https:\/\/clientesbrandbits.click\/en\/wp-json\/wp\/v2\/tags?post=2378"}],"curies":[{"name":"wp","href":"https:\/\/api.w.org\/{rel}","templated":true}]}}