{"id":2349,"date":"2024-07-15T12:10:00","date_gmt":"2024-07-15T16:10:00","guid":{"rendered":"https:\/\/clientesbrandbits.click\/?p=2349"},"modified":"2024-07-15T12:10:00","modified_gmt":"2024-07-15T16:10:00","slug":"la-mejor-banda-de-asaltantes-llega-a-chile-con-el-fantasma","status":"publish","type":"post","link":"https:\/\/clientesbrandbits.click\/en\/la-mejor-banda-de-asaltantes-llega-a-chile-con-el-fantasma\/","title":{"rendered":"La mejor banda de asaltantes llega a Chile con \u00abEl Fantasma\u00bb"},"content":{"rendered":"<p dir=\"ltr\" style=\"text-align: justify;\">Protagonizada por <strong>Willy Semler, junto a N\u00e9stor Cantillana, Elisa Zulueta y Daniel Mu\u00f1oz<\/strong>, una banda de ingeniosos asaltantes llegar\u00e1 a los cines el 15 de agosto.<\/p>\n<p dir=\"ltr\" style=\"text-align: justify;\">El Fantasma, la tercera pel\u00edcula de <span style=\"color: #ff00ff;\"><a style=\"color: #ff00ff;\" href=\"https:\/\/www.imdb.com\/name\/nm5282928\/\"><strong>Mart\u00edn Duplaquet<\/strong><\/a><\/span> y donde repite la dupla creativa con <strong><span style=\"color: #ff00ff;\">Willy Semler<\/span><\/strong>, es un policial latinoamericano inspirado en una banda de asaltantes con una gran habilidad para no dejar rastro de sus cr\u00edmenes cometidos a plena luz del d\u00eda.<\/p>\n<p dir=\"ltr\" style=\"text-align: justify;\"><strong>What is about?<\/strong><\/p>\n<p dir=\"ltr\" style=\"text-align: justify;\">Es el a\u00f1o 2006 y Chile vive una fiebre capitalista sin precedentes. Jos\u00e9, un ex empleado bancario que apost\u00f3 todo al sistema, pero fracas\u00f3, <strong>decide volver a su pasado delincuencial y formar la banda m\u00e1s famosa de robos de bancos de la historia de Chile.<\/strong> De un momento a otro, Jos\u00e9 pasa de fracasado a estrella medi\u00e1tica: El Fantasma. Pero no cuenta con Daniel, un experimentado &#8211; y desadaptado- polic\u00eda que llevar\u00e1 el juego hasta las \u00faltimas consecuencias.<\/p>\n<p dir=\"ltr\" style=\"text-align: justify;\">Jos\u00e9 (Willy Semler), es un ex empleado bancario que apost\u00f3 todo al sistema, pero fracas\u00f3. Estamos a mediados de los 2000, y sin trabajo, separado y solo, decide reencontrarse con sus or\u00edgenes delictivos e invita a Chang <a href=\"https:\/\/www.instagram.com\/oficialdanielmunoz\/?hl=es\"><strong><span style=\"color: #ff00ff;\">(Daniel Mu\u00f1oz)<\/span><\/strong><\/a> y a Picasso (Dar\u00edo Lopilato) a formar la banda m\u00e1s famosa de robos de bancos de la historia de Chile. Una banda que roba al sistema. La banda se hace m\u00e1s fuerte cuando se les une Judi <a href=\"https:\/\/www.instagram.com\/elisazulue\/?hl=es\"><strong><span style=\"color: #ff00ff;\">(Elisa Zulueta)<\/span><\/strong><\/a>, cuyas garras e ingenio los hacen invencibles, o \u201cfantasmas\u201d, sin dejar rastro alguno. El \u00e9xito pareciera ser infinito, pero Daniel (N\u00e9stor Cantillana), un experimentado &#8211; y desadaptado- polic\u00eda llevar\u00e1 el juego hasta las \u00faltimas consecuencias.<\/p>\n<p dir=\"ltr\" style=\"text-align: justify;\"><strong>Con un elenco destacado, m\u00e1s de 50 actores chilenos, y con la participaci\u00f3n del actor argentino Dar\u00edo Lopilato (Casados con hijos), es una historia de atracos, con suspenso y humor.<\/strong> El director Mart\u00edn Duplaquet cuenta: \u201cdesde que tengo memoria me han intrigado las historias sobre cr\u00edmenes, y por eso quer\u00eda explorar el g\u00e9nero policial. El Fantasma es antes que todo una pel\u00edcula latinoamericana que ocupa el g\u00e9nero policial y la comedia negra desde nuestra particular mirada e idiosincrasia, as\u00ed, h\u00e9roes y villanos se mezclan y confunden en el incansable ritmo de la escenas escritas por los guionistas, las cuales, a su vez, fueron brillantemente interpretadas por nuestro gran elenco\u201c.<\/p>\n<p dir=\"ltr\" style=\"text-align: justify;\">El Fantasma es una coproducci\u00f3n de Chile, Argentina y Brasil, <strong>cuyo guion fue escrito por los argentinos Juan Pablo Domenech (Luna de Avellaneda, Vientos de agua) y Emanuel Diez (El encargado, La extorsi\u00f3n) y su adaptaci\u00f3n fue realizada por Elisa Zulueta y Paloma Salas.<\/strong> Tambi\u00e9n son parte de esta colaboraci\u00f3n donde participaron importantes figuras del cine latinoamericano, el reconocido sonidista argentino Guido Berenblum (T\u00f3tem, La ci\u00e9naga), la montajista argentina Rosario Su\u00e1rez (El Reino), el jazzista chileno Sebasti\u00e1n Duplaquet, y el brasile\u00f1o Tiago Tambelli como director de fotograf\u00eda.<\/p>\n<p dir=\"ltr\" style=\"text-align: justify;\">Su estreno mundial fue en la Mostra de Internacional de Sao Paulo en octubre del 2023. Su estreno en Chile est\u00e1 a cargo de New Century Films, y se estrenar\u00e1 en salas comerciales el 15 de agosto, a lo largo de todo el pa\u00eds.<\/p>\n<p><iframe title=\"EL FANTASMA \u2013 15 de agosto, solo en cines\" width=\"1200\" height=\"675\" src=\"https:\/\/www.youtube.com\/embed\/88jTRvKEcpU?feature=oembed\" frameborder=\"0\" allow=\"accelerometer; autoplay; clipboard-write; encrypted-media; gyroscope; picture-in-picture; web-share\" referrerpolicy=\"strict-origin-when-cross-origin\" allowfullscreen><\/iframe><\/p>","protected":false},"excerpt":{"rendered":"<p>Protagonizada por Willy Semler, junto a N\u00e9stor Cantillana, Elisa Zulueta y Daniel Mu\u00f1oz, una banda de ingeniosos asaltantes llegar\u00e1 a los cines el 15 de agosto. El Fantasma, la tercera pel\u00edcula de Mart\u00edn Duplaquet y donde repite la dupla creativa &#8230; <a title=\"La mejor banda de asaltantes llega a Chile con \u00abEl Fantasma\u00bb\" class=\"read-more\" href=\"https:\/\/clientesbrandbits.click\/en\/la-mejor-banda-de-asaltantes-llega-a-chile-con-el-fantasma\/\" aria-label=\"Read more about La mejor banda de asaltantes llega a Chile con \u00abEl Fantasma\u00bb\">Read More<\/a><\/p>","protected":false},"author":3,"featured_media":2350,"comment_status":"closed","ping_status":"closed","sticky":false,"template":"","format":"standard","meta":{"_joinchat":[],"footnotes":""},"categories":[112,10],"tags":[],"class_list":["post-2349","post","type-post","status-publish","format-standard","has-post-thumbnail","hentry","category-destacados","category-films","infinite-scroll-item"],"yoast_head":"<!-- This site is optimized with the Yoast SEO plugin v22.8 - https:\/\/yoast.com\/wordpress\/plugins\/seo\/ -->\n<title>La mejor banda de asaltantes llega a Chile con &quot;El Fantasma&quot; - Spanglish Cinema<\/title>\n<meta name=\"description\" content=\"Protagonizada por Willy Semler, junto a N\u00e9stor Cantillana, Elisa Zulueta y Daniel Mu\u00f1oz, una banda de ingeniosos asaltantes llegar\u00e1 a los cines el 15 de agosto.\" \/>\n<meta name=\"robots\" content=\"index, follow, max-snippet:-1, max-image-preview:large, max-video-preview:-1\" \/>\n<link rel=\"canonical\" href=\"https:\/\/clientesbrandbits.click\/en\/la-mejor-banda-de-asaltantes-llega-a-chile-con-el-fantasma\/\" \/>\n<meta property=\"og:locale\" content=\"en_US\" \/>\n<meta property=\"og:type\" content=\"article\" \/>\n<meta property=\"og:title\" content=\"La mejor banda de asaltantes llega a Chile con &quot;El Fantasma&quot; - Spanglish Cinema\" \/>\n<meta property=\"og:description\" content=\"Protagonizada por Willy Semler, junto a N\u00e9stor Cantillana, Elisa Zulueta y Daniel Mu\u00f1oz, una banda de ingeniosos asaltantes llegar\u00e1 a los cines el 15 de agosto.\" \/>\n<meta property=\"og:url\" content=\"https:\/\/clientesbrandbits.click\/en\/la-mejor-banda-de-asaltantes-llega-a-chile-con-el-fantasma\/\" \/>\n<meta property=\"og:site_name\" content=\"Spanglish Cinema\" \/>\n<meta property=\"article:published_time\" content=\"2024-07-15T16:10:00+00:00\" \/>\n<meta property=\"og:image\" content=\"https:\/\/clientesbrandbits.click\/wp-content\/uploads\/2024\/07\/Dario-Lopitalo-Willy-Semler-scaled-1.jpg\" \/>\n\t<meta property=\"og:image:width\" content=\"2560\" \/>\n\t<meta property=\"og:image:height\" content=\"1072\" \/>\n\t<meta property=\"og:image:type\" content=\"image\/jpeg\" \/>\n<meta name=\"author\" content=\"Spanglish Cinema Team\" \/>\n<meta name=\"twitter:card\" content=\"summary_large_image\" \/>\n<meta name=\"twitter:label1\" content=\"Written by\" \/>\n\t<meta name=\"twitter:data1\" content=\"Spanglish Cinema Team\" \/>\n\t<meta name=\"twitter:label2\" content=\"Est. reading time\" \/>\n\t<meta name=\"twitter:data2\" content=\"3 minutes\" \/>\n<script type=\"application\/ld+json\" class=\"yoast-schema-graph\">{\"@context\":\"https:\/\/schema.org\",\"@graph\":[{\"@type\":\"Article\",\"@id\":\"https:\/\/clientesbrandbits.click\/la-mejor-banda-de-asaltantes-llega-a-chile-con-el-fantasma\/#article\",\"isPartOf\":{\"@id\":\"https:\/\/clientesbrandbits.click\/la-mejor-banda-de-asaltantes-llega-a-chile-con-el-fantasma\/\"},\"author\":{\"name\":\"Spanglish Cinema Team\",\"@id\":\"https:\/\/clientesbrandbits.click\/#\/schema\/person\/678f0477e0f075fdf24e58e342ca80f1\"},\"headline\":\"La mejor banda de asaltantes llega a Chile con \u00abEl Fantasma\u00bb\",\"datePublished\":\"2024-07-15T16:10:00+00:00\",\"dateModified\":\"2024-07-15T16:10:00+00:00\",\"mainEntityOfPage\":{\"@id\":\"https:\/\/clientesbrandbits.click\/la-mejor-banda-de-asaltantes-llega-a-chile-con-el-fantasma\/\"},\"wordCount\":554,\"publisher\":{\"@id\":\"https:\/\/clientesbrandbits.click\/#organization\"},\"image\":{\"@id\":\"https:\/\/clientesbrandbits.click\/la-mejor-banda-de-asaltantes-llega-a-chile-con-el-fantasma\/#primaryimage\"},\"thumbnailUrl\":\"https:\/\/clientesbrandbits.click\/wp-content\/uploads\/2024\/07\/Dario-Lopitalo-Willy-Semler-scaled-1.jpg\",\"articleSection\":[\"Destacados\",\"Films\"],\"inLanguage\":\"en-US\"},{\"@type\":\"WebPage\",\"@id\":\"https:\/\/clientesbrandbits.click\/la-mejor-banda-de-asaltantes-llega-a-chile-con-el-fantasma\/\",\"url\":\"https:\/\/clientesbrandbits.click\/la-mejor-banda-de-asaltantes-llega-a-chile-con-el-fantasma\/\",\"name\":\"La mejor banda de asaltantes llega a Chile con \\\"El Fantasma\\\" - Spanglish Cinema\",\"isPartOf\":{\"@id\":\"https:\/\/clientesbrandbits.click\/#website\"},\"primaryImageOfPage\":{\"@id\":\"https:\/\/clientesbrandbits.click\/la-mejor-banda-de-asaltantes-llega-a-chile-con-el-fantasma\/#primaryimage\"},\"image\":{\"@id\":\"https:\/\/clientesbrandbits.click\/la-mejor-banda-de-asaltantes-llega-a-chile-con-el-fantasma\/#primaryimage\"},\"thumbnailUrl\":\"https:\/\/clientesbrandbits.click\/wp-content\/uploads\/2024\/07\/Dario-Lopitalo-Willy-Semler-scaled-1.jpg\",\"datePublished\":\"2024-07-15T16:10:00+00:00\",\"dateModified\":\"2024-07-15T16:10:00+00:00\",\"description\":\"Protagonizada por Willy Semler, junto a N\u00e9stor Cantillana, Elisa Zulueta y Daniel Mu\u00f1oz, una banda de ingeniosos asaltantes llegar\u00e1 a los cines el 15 de agosto.\",\"breadcrumb\":{\"@id\":\"https:\/\/clientesbrandbits.click\/la-mejor-banda-de-asaltantes-llega-a-chile-con-el-fantasma\/#breadcrumb\"},\"inLanguage\":\"en-US\",\"potentialAction\":[{\"@type\":\"ReadAction\",\"target\":[\"https:\/\/clientesbrandbits.click\/la-mejor-banda-de-asaltantes-llega-a-chile-con-el-fantasma\/\"]}]},{\"@type\":\"ImageObject\",\"inLanguage\":\"en-US\",\"@id\":\"https:\/\/clientesbrandbits.click\/la-mejor-banda-de-asaltantes-llega-a-chile-con-el-fantasma\/#primaryimage\",\"url\":\"https:\/\/clientesbrandbits.click\/wp-content\/uploads\/2024\/07\/Dario-Lopitalo-Willy-Semler-scaled-1.jpg\",\"contentUrl\":\"https:\/\/clientesbrandbits.click\/wp-content\/uploads\/2024\/07\/Dario-Lopitalo-Willy-Semler-scaled-1.jpg\",\"width\":2560,\"height\":1072},{\"@type\":\"BreadcrumbList\",\"@id\":\"https:\/\/clientesbrandbits.click\/la-mejor-banda-de-asaltantes-llega-a-chile-con-el-fantasma\/#breadcrumb\",\"itemListElement\":[{\"@type\":\"ListItem\",\"position\":1,\"name\":\"Portada\",\"item\":\"https:\/\/clientesbrandbits.click\/\"},{\"@type\":\"ListItem\",\"position\":2,\"name\":\"La mejor banda de asaltantes llega a Chile con &#8220;El Fantasma&#8221;\"}]},{\"@type\":\"WebSite\",\"@id\":\"https:\/\/clientesbrandbits.click\/#website\",\"url\":\"https:\/\/clientesbrandbits.click\/\",\"name\":\"Spanglish Cinema\",\"description\":\"\",\"publisher\":{\"@id\":\"https:\/\/clientesbrandbits.click\/#organization\"},\"potentialAction\":[{\"@type\":\"SearchAction\",\"target\":{\"@type\":\"EntryPoint\",\"urlTemplate\":\"https:\/\/clientesbrandbits.click\/?s={search_term_string}\"},\"query-input\":\"required name=search_term_string\"}],\"inLanguage\":\"en-US\"},{\"@type\":\"Organization\",\"@id\":\"https:\/\/clientesbrandbits.click\/#organization\",\"name\":\"Spanglish Cinema\",\"url\":\"https:\/\/clientesbrandbits.click\/\",\"logo\":{\"@type\":\"ImageObject\",\"inLanguage\":\"en-US\",\"@id\":\"https:\/\/clientesbrandbits.click\/#\/schema\/logo\/image\/\",\"url\":\"https:\/\/clientesbrandbits.click\/wp-content\/uploads\/2024\/03\/spanglish_cinema.png\",\"contentUrl\":\"https:\/\/clientesbrandbits.click\/wp-content\/uploads\/2024\/03\/spanglish_cinema.png\",\"width\":612,\"height\":225,\"caption\":\"Spanglish Cinema\"},\"image\":{\"@id\":\"https:\/\/clientesbrandbits.click\/#\/schema\/logo\/image\/\"}},{\"@type\":\"Person\",\"@id\":\"https:\/\/clientesbrandbits.click\/#\/schema\/person\/678f0477e0f075fdf24e58e342ca80f1\",\"name\":\"Spanglish Cinema Team\",\"image\":{\"@type\":\"ImageObject\",\"inLanguage\":\"en-US\",\"@id\":\"https:\/\/clientesbrandbits.click\/#\/schema\/person\/image\/\",\"url\":\"https:\/\/secure.gravatar.com\/avatar\/3eef20e32ea53867d5b6a361c9e8e2ee?s=96&d=mm&r=g\",\"contentUrl\":\"https:\/\/secure.gravatar.com\/avatar\/3eef20e32ea53867d5b6a361c9e8e2ee?s=96&d=mm&r=g\",\"caption\":\"Spanglish Cinema Team\"},\"url\":\"https:\/\/clientesbrandbits.click\/en\/author\/spanglish-cinema\/\"}]}<\/script>\n<!-- \/ Yoast SEO plugin. -->","yoast_head_json":{"title":"La mejor banda de asaltantes llega a Chile con \"El Fantasma\" - Spanglish Cinema","description":"Protagonizada por Willy Semler, junto a N\u00e9stor Cantillana, Elisa Zulueta y Daniel Mu\u00f1oz, una banda de ingeniosos asaltantes llegar\u00e1 a los cines el 15 de agosto.","robots":{"index":"index","follow":"follow","max-snippet":"max-snippet:-1","max-image-preview":"max-image-preview:large","max-video-preview":"max-video-preview:-1"},"canonical":"https:\/\/clientesbrandbits.click\/en\/la-mejor-banda-de-asaltantes-llega-a-chile-con-el-fantasma\/","og_locale":"en_US","og_type":"article","og_title":"La mejor banda de asaltantes llega a Chile con \"El Fantasma\" - Spanglish Cinema","og_description":"Protagonizada por Willy Semler, junto a N\u00e9stor Cantillana, Elisa Zulueta y Daniel Mu\u00f1oz, una banda de ingeniosos asaltantes llegar\u00e1 a los cines el 15 de agosto.","og_url":"https:\/\/clientesbrandbits.click\/en\/la-mejor-banda-de-asaltantes-llega-a-chile-con-el-fantasma\/","og_site_name":"Spanglish Cinema","article_published_time":"2024-07-15T16:10:00+00:00","og_image":[{"width":2560,"height":1072,"url":"https:\/\/clientesbrandbits.click\/wp-content\/uploads\/2024\/07\/Dario-Lopitalo-Willy-Semler-scaled-1.jpg","type":"image\/jpeg"}],"author":"Spanglish Cinema Team","twitter_card":"summary_large_image","twitter_misc":{"Written by":"Spanglish Cinema Team","Est. reading time":"3 minutes"},"schema":{"@context":"https:\/\/schema.org","@graph":[{"@type":"Article","@id":"https:\/\/clientesbrandbits.click\/la-mejor-banda-de-asaltantes-llega-a-chile-con-el-fantasma\/#article","isPartOf":{"@id":"https:\/\/clientesbrandbits.click\/la-mejor-banda-de-asaltantes-llega-a-chile-con-el-fantasma\/"},"author":{"name":"Spanglish Cinema Team","@id":"https:\/\/clientesbrandbits.click\/#\/schema\/person\/678f0477e0f075fdf24e58e342ca80f1"},"headline":"La mejor banda de asaltantes llega a Chile con \u00abEl Fantasma\u00bb","datePublished":"2024-07-15T16:10:00+00:00","dateModified":"2024-07-15T16:10:00+00:00","mainEntityOfPage":{"@id":"https:\/\/clientesbrandbits.click\/la-mejor-banda-de-asaltantes-llega-a-chile-con-el-fantasma\/"},"wordCount":554,"publisher":{"@id":"https:\/\/clientesbrandbits.click\/#organization"},"image":{"@id":"https:\/\/clientesbrandbits.click\/la-mejor-banda-de-asaltantes-llega-a-chile-con-el-fantasma\/#primaryimage"},"thumbnailUrl":"https:\/\/clientesbrandbits.click\/wp-content\/uploads\/2024\/07\/Dario-Lopitalo-Willy-Semler-scaled-1.jpg","articleSection":["Destacados","Films"],"inLanguage":"en-US"},{"@type":"WebPage","@id":"https:\/\/clientesbrandbits.click\/la-mejor-banda-de-asaltantes-llega-a-chile-con-el-fantasma\/","url":"https:\/\/clientesbrandbits.click\/la-mejor-banda-de-asaltantes-llega-a-chile-con-el-fantasma\/","name":"La mejor banda de asaltantes llega a Chile con \"El Fantasma\" - Spanglish Cinema","isPartOf":{"@id":"https:\/\/clientesbrandbits.click\/#website"},"primaryImageOfPage":{"@id":"https:\/\/clientesbrandbits.click\/la-mejor-banda-de-asaltantes-llega-a-chile-con-el-fantasma\/#primaryimage"},"image":{"@id":"https:\/\/clientesbrandbits.click\/la-mejor-banda-de-asaltantes-llega-a-chile-con-el-fantasma\/#primaryimage"},"thumbnailUrl":"https:\/\/clientesbrandbits.click\/wp-content\/uploads\/2024\/07\/Dario-Lopitalo-Willy-Semler-scaled-1.jpg","datePublished":"2024-07-15T16:10:00+00:00","dateModified":"2024-07-15T16:10:00+00:00","description":"Protagonizada por Willy Semler, junto a N\u00e9stor Cantillana, Elisa Zulueta y Daniel Mu\u00f1oz, una banda de ingeniosos asaltantes llegar\u00e1 a los cines el 15 de agosto.","breadcrumb":{"@id":"https:\/\/clientesbrandbits.click\/la-mejor-banda-de-asaltantes-llega-a-chile-con-el-fantasma\/#breadcrumb"},"inLanguage":"en-US","potentialAction":[{"@type":"ReadAction","target":["https:\/\/clientesbrandbits.click\/la-mejor-banda-de-asaltantes-llega-a-chile-con-el-fantasma\/"]}]},{"@type":"ImageObject","inLanguage":"en-US","@id":"https:\/\/clientesbrandbits.click\/la-mejor-banda-de-asaltantes-llega-a-chile-con-el-fantasma\/#primaryimage","url":"https:\/\/clientesbrandbits.click\/wp-content\/uploads\/2024\/07\/Dario-Lopitalo-Willy-Semler-scaled-1.jpg","contentUrl":"https:\/\/clientesbrandbits.click\/wp-content\/uploads\/2024\/07\/Dario-Lopitalo-Willy-Semler-scaled-1.jpg","width":2560,"height":1072},{"@type":"BreadcrumbList","@id":"https:\/\/clientesbrandbits.click\/la-mejor-banda-de-asaltantes-llega-a-chile-con-el-fantasma\/#breadcrumb","itemListElement":[{"@type":"ListItem","position":1,"name":"Portada","item":"https:\/\/clientesbrandbits.click\/"},{"@type":"ListItem","position":2,"name":"La mejor banda de asaltantes llega a Chile con &#8220;El Fantasma&#8221;"}]},{"@type":"WebSite","@id":"https:\/\/clientesbrandbits.click\/#website","url":"https:\/\/clientesbrandbits.click\/","name":"Spanglish Cinema","description":"","publisher":{"@id":"https:\/\/clientesbrandbits.click\/#organization"},"potentialAction":[{"@type":"SearchAction","target":{"@type":"EntryPoint","urlTemplate":"https:\/\/clientesbrandbits.click\/?s={search_term_string}"},"query-input":"required name=search_term_string"}],"inLanguage":"en-US"},{"@type":"Organization","@id":"https:\/\/clientesbrandbits.click\/#organization","name":"Spanglish Cinema","url":"https:\/\/clientesbrandbits.click\/","logo":{"@type":"ImageObject","inLanguage":"en-US","@id":"https:\/\/clientesbrandbits.click\/#\/schema\/logo\/image\/","url":"https:\/\/clientesbrandbits.click\/wp-content\/uploads\/2024\/03\/spanglish_cinema.png","contentUrl":"https:\/\/clientesbrandbits.click\/wp-content\/uploads\/2024\/03\/spanglish_cinema.png","width":612,"height":225,"caption":"Spanglish Cinema"},"image":{"@id":"https:\/\/clientesbrandbits.click\/#\/schema\/logo\/image\/"}},{"@type":"Person","@id":"https:\/\/clientesbrandbits.click\/#\/schema\/person\/678f0477e0f075fdf24e58e342ca80f1","name":"Spanglish Cinema Team","image":{"@type":"ImageObject","inLanguage":"en-US","@id":"https:\/\/clientesbrandbits.click\/#\/schema\/person\/image\/","url":"https:\/\/secure.gravatar.com\/avatar\/3eef20e32ea53867d5b6a361c9e8e2ee?s=96&d=mm&r=g","contentUrl":"https:\/\/secure.gravatar.com\/avatar\/3eef20e32ea53867d5b6a361c9e8e2ee?s=96&d=mm&r=g","caption":"Spanglish Cinema Team"},"url":"https:\/\/clientesbrandbits.click\/en\/author\/spanglish-cinema\/"}]}},"_links":{"self":[{"href":"https:\/\/clientesbrandbits.click\/en\/wp-json\/wp\/v2\/posts\/2349"}],"collection":[{"href":"https:\/\/clientesbrandbits.click\/en\/wp-json\/wp\/v2\/posts"}],"about":[{"href":"https:\/\/clientesbrandbits.click\/en\/wp-json\/wp\/v2\/types\/post"}],"author":[{"embeddable":true,"href":"https:\/\/clientesbrandbits.click\/en\/wp-json\/wp\/v2\/users\/3"}],"replies":[{"embeddable":true,"href":"https:\/\/clientesbrandbits.click\/en\/wp-json\/wp\/v2\/comments?post=2349"}],"version-history":[{"count":1,"href":"https:\/\/clientesbrandbits.click\/en\/wp-json\/wp\/v2\/posts\/2349\/revisions"}],"predecessor-version":[{"id":2351,"href":"https:\/\/clientesbrandbits.click\/en\/wp-json\/wp\/v2\/posts\/2349\/revisions\/2351"}],"wp:featuredmedia":[{"embeddable":true,"href":"https:\/\/clientesbrandbits.click\/en\/wp-json\/wp\/v2\/media\/2350"}],"wp:attachment":[{"href":"https:\/\/clientesbrandbits.click\/en\/wp-json\/wp\/v2\/media?parent=2349"}],"wp:term":[{"taxonomy":"category","embeddable":true,"href":"https:\/\/clientesbrandbits.click\/en\/wp-json\/wp\/v2\/categories?post=2349"},{"taxonomy":"post_tag","embeddable":true,"href":"https:\/\/clientesbrandbits.click\/en\/wp-json\/wp\/v2\/tags?post=2349"}],"curies":[{"name":"wp","href":"https:\/\/api.w.org\/{rel}","templated":true}]}}