{"id":2296,"date":"2024-07-14T15:36:17","date_gmt":"2024-07-14T19:36:17","guid":{"rendered":"https:\/\/clientesbrandbits.click\/?p=2296"},"modified":"2024-07-14T06:43:06","modified_gmt":"2024-07-14T10:43:06","slug":"arfecine-anuncia-su-competencia-de-cortometrajes","status":"publish","type":"post","link":"https:\/\/clientesbrandbits.click\/en\/arfecine-anuncia-su-competencia-de-cortometrajes\/","title":{"rendered":"ARFECINE anuncia su competencia de Cortometrajes"},"content":{"rendered":"<p style=\"text-align: justify;\">Cada vez falta menos para el comienzo de la 10\u00b0 edici\u00f3n de <strong>ARFE<\/strong>CINE<strong>\u2013 Semana Internacional de Cine en Buenos Aires<\/strong><strong>\u00a0<\/strong>la que, como ya comentamos<strong>, <\/strong>propone una programaci\u00f3n de pel\u00edculas en las que la dimensi\u00f3n de lo espiritual se posiciona como tema central dentro de un cine de valores humanos. Como siempre cuenta con la gran colaboraci\u00f3n de la Alianza Francesa de Buenos Aires y la Fundaci\u00f3n Aldea de las Luces. Este Festival dar\u00e1 comienzo el lunes 15 de julio y todas las exhibiciones se realizar\u00e1n en la Sede Central de la Alianza Francesa. En su acogedor Auditorio del primer piso y con la entrada libre y gratuita.<\/p>\n<p><strong>Selecci\u00f3n de Cortometrajes en Competencia <\/strong><\/p>\n<p style=\"text-align: justify;\">La Selecci\u00f3n Oficial de la edici\u00f3n 2024 de este <strong>10\u00ba<\/strong><strong>ARFE<\/strong>CINE<strong>\u2013 Semana Internacional de Cine en Buenos Aires <\/strong>cuenta con seis cortometrajes provenientes de Argentina, Colombia y Francia y su Curador es Fernando Brenner. La misma est\u00e1 integrada por los films\u00a0<strong>Todos los que no pueden algo<\/strong>\u00a0(Argentina) dirigida por Agustina Gatto; <strong>Los solistas <\/strong>(\u00abThe Soloists\u00bb,<strong>\u00a0<\/strong>Francia, Animaci\u00f3n) de por Mehrnaz Abdollahinia, Feben Elias Woldehawariat, Razahk Issaka, Celeste Jamneck y Liu Yi; <strong>Luthier <\/strong>(Colombia, Animaci\u00f3n) dirigida por Carlos Gonz\u00e1lez Penagos;\u00a0<strong>La piedra m\u00e1gica <\/strong>(Argentina, Animaci\u00f3n) dirigida por Paula Herrera Vivas;\u00a0<strong>Adi\u00f3s J\u00e9r\u00f4me<\/strong>\u00a0(\u00abAu revoir J\u00e9r\u00f4me\u00bb, Francia, Animaci\u00f3n) de Adam Sillard, Gabrielle Selnet y Chlo\u00e9 Farr y\u00a0<strong>Hermanas del Viento<\/strong> (Argentina, Corto documental) dirigido por Julia Carrizo.<\/p>\n<p style=\"text-align: justify;\">El Jurado est\u00e1 constituido por <strong>Eduardo L\u00f3pez -Presidente<\/strong> (Licenciado en Artes Audiovisuales, El Salvador), Javier Erlij (Periodista de espect\u00e1culos y docente, Argentina) y Graciela Garzelli (Docente y guionista, Argentina) premiar\u00e1 al Mejor Cortometraje y hasta 1 Menci\u00f3n.<\/p>\n<p>Programaci\u00f3n10\u00b0 aniversario ARFECINE 2024<\/p>\n<p><strong>Del lunes 15 hasta el viernes 19 de julio &#8211; Entrada: Libre y gratuita<\/strong><\/p>\n<p><strong>Lunes 15<\/strong><\/p>\n<p>14.00: <strong>Los 400 golpes<\/strong> (\u201cLes quatre cents coups\u201d, Francia, 1958, 93\u2019)<\/p>\n<p><em>foco Francois Truffaut. 40 a\u00f1os. el hombre que amaba el cine.<\/em><\/p>\n<p>16.00: <strong>Corte <\/strong>(\u201cthe beheading of st. John the Baptist\u201d, Serbia, 2023, 123\u2019) de Sinisa Cvetic.<\/p>\n<p><em>Competencia Oficial Largometrajes\u2013 Premiere Argentina<\/em><\/p>\n<p>18.30: <strong>El suspiro del silencio<\/strong> (idem, El Salvador, 2020, 93\u2019) de Alfonso Quijada<\/p>\n<p><em>panorama internacional: el salvador &#8211; Premiere Argentina.<\/em><\/p>\n<p>20.30: <strong>Abel Gance y su Napole\u00f3n<\/strong> (Abel Gance et son Napole\u00f3n, Francia, 1984, documental, 60\u2019) de Nelly Kaplan.<\/p>\n<p><em>Panorama Internacional: Francia<\/em><\/p>\n<p><strong>Martes 16<\/strong><\/p>\n<p>16.00: <strong>Jules et Jim <\/strong>(idem, Francia, 1962, 105\u2019)<\/p>\n<p><em>Foco Francois Truffaut. 40 a\u00f1os. El hombre que amaba el Cine.<\/em><\/p>\n<p>18.00: Competencia Oficial de Cortometrajes (Programa \u00fanico 60\u2019) <strong>Todos los que no pueden algo <\/strong>(Argentina, 2022, 9&#8242;) de Agustina Gatto<\/p>\n<p><strong>Los solistas <\/strong>(\u00abThe Soloists\u00bb,<strong>\u00a0<\/strong>Francia, 2021, Animaci\u00f3n, 8&#8242;) de Mehrnaz Abdollahinia, Feben Elias Woldehawariat, Razahk Issaka, Celeste Jamneck y Liu Yi.<\/p>\n<p><strong>Luthier <\/strong>(Colombia, 2023, Animaci\u00f3n, 12&#8242;) de Carlos Gonz\u00e1lez Penagos<\/p>\n<p><strong>La piedra m\u00e1gica <\/strong>(Argentina, 2023, Animaci\u00f3n, 8\u2019) de Paula Herrera Vivas<\/p>\n<p><strong>Adi\u00f3s J\u00e9r\u00f4me <\/strong>(\u00abAu revoir J\u00e9r\u00f4me\u00bb, Francia, 2021, Animaci\u00f3n, 7&#8242;) de Adam Sillard, Gabrielle Selnet y Chlo\u00e9 Farr.<\/p>\n<p><strong>Hermanas del viento<\/strong> (Argentina, 2024, Corto documental, 16&#8242;) de Julia Carrizo<\/p>\n<p>19.30: <strong>Erase una vez en Serbia<\/strong> (\u201cBilo jednom u Srbiji\u201d, Serbia, 2022, 125\u2019)\u00a0de Petar Ristovski.<\/p>\n<p><em>\u00a0\u00a0\u00a0\u00a0\u00a0\u00a0\u00a0\u00a0\u00a0 \u00a0Serbia pa\u00eds invitado &#8211; Premiere Argentina.<\/em><\/p>\n<p><strong>Mi\u00e9rcoles 17<\/strong><\/p>\n<p>14.00: <strong>Confidencialmente tuya <\/strong>(\u201cVivement dimanche\u201d, 1983, Francia, 111\u2019)<\/p>\n<p><em>Foco Francois Truffaut. 40 a\u00f1os. El hombre que amaba el Cine.<\/em><\/p>\n<p>16.00: <strong>El espectro de Boko Haram<\/strong> (\u00abLe spectre de Boko Haram\u00bb, Camer\u00fan-Francia, 2023, Documental, 75&#8242;) de Cyrielle Raingou\u00a0\u00a0<em>\u00a0\u00a0\u00a0\u00a0\u00a0\u00a0\u00a0\u00a0\u00a0\u00a0\u00a0\u00a0<\/em><\/p>\n<p><em>Competencia Oficial Largometrajes \u2013 Premiere Argentina<\/em><\/p>\n<p>18.00: <strong>Las polacas<\/strong> (\u201cAs polacas\u201d, Brasil, 2023, 125&#8242;) de Jo\u00e3o Jardim<\/p>\n<p><em>\u00a0\u00a0\u00a0\u00a0\u00a0\u00a0\u00a0\u00a0 \u00a0\u00a0Competencia Oficial de Largometrajes &#8211; Premiere Argentina<\/em><\/p>\n<p>20.30: <strong>Gimpel, el tonto regresa a polonia<\/strong>\u00a0(\u00abGimpel the fool returns to Poland\u00bb, Israel, 2023, Docudrama, 50&#8242;) de Howard Rypp<\/p>\n<p><em>\u00a0\u00a0\u00a0\u00a0\u00a0\u00a0\u00a0\u00a0\u00a0\u00a0\u00a0 Competencia oficial de largometrajes \u2013 Premiere Argentina<\/em><\/p>\n<p><strong>Jueves 18<\/strong><\/p>\n<p>14.00: <strong>Indigo Kristal<\/strong>\u00a0(idem, Serbia, 2023, 105&#8242;) de Luka Mihailovic<\/p>\n<p><em>\u00a0\u00a0\u00a0\u00a0\u00a0\u00a0\u00a0\u00a0\u00a0\u00a0 Serbia pa\u00eds invitado &#8211; Premiere Argentina<\/em><\/p>\n<p>16.00: <strong>El \u00faltimo subte<\/strong> (\u00abLe Dernier M\u00e9tro\u00bb, Francia, 1980, 128&#8242;)<\/p>\n<p><em>Foco Francois Truffaut. 40 a\u00f1os. El hombre que amaba el Cine.<\/em><\/p>\n<p>18.30: <strong>Regreso a raqqa <\/strong>(idem, Espa\u00f1a, 2022, Documental, 78&#8242;) de Ra\u00fal Cuevas y Albert Sol\u00e9<\/p>\n<p><em>\u00a0\u00a0\u00a0\u00a0\u00a0\u00a0\u00a0\u00a0\u00a0\u00a0\u00a0 Competencia Oficial de largometrajes \u2013 Premiere Argentina.<\/em><\/p>\n<p>20.30:\u00a0<strong>\u00c1nimu <\/strong>(idem, Argentina, 2024, Documental, 61&#8242;) de Miguel Kohan.<\/p>\n<p><em>\u00a0\u00a0\u00a0\u00a0\u00a0\u00a0\u00a0\u00a0\u00a0\u00a0\u00a0 Competencia Oficial Largometrajes &#8211; No estrenada comercialmente en la Argentina<\/em><\/p>\n<p><strong>Viernes 19<\/strong><\/p>\n<p>16.00: <strong>Las golondrinas de Kabul<\/strong> (\u00abLes hirondelles de Kaboul\u00bb, Francia\/ Suiza\/Luxemburgo\/M\u00f3naco, 2019, Animaci\u00f3n, 81&#8242;) de Zabou Breitman y El\u00e9a Gobb\u00e9-M\u00e9vellec<\/p>\n<p><em>\u00a0\u00a0\u00a0\u00a0\u00a0\u00a0\u00a0\u00a0\u00a0\u00a0\u00a0 Panorama Internacional: Francia \u2013 No estrenada comercialmente en la Argentina<\/em><\/p>\n<p>18.00: Funci\u00f3n infantil de la Alianza Francesa<\/p>\n<p>20.00:\u00a0Acto Entrega de Premios.<\/p>\n<p><strong>Alg\u00fan d\u00eda, en alg\u00fan lugar <\/strong>(\u00abSometime, Somewhere\u00bb, Argentina-Estados Unidos, 2023, Documental, 97&#8242;) de Ricardo Preve<\/p>\n<p><em>\u00a0\u00a0\u00a0\u00a0\u00a0\u00a0\u00a0\u00a0\u00a0\u00a0\u00a0 Pel\u00edcula de Clausura Fuera de Competencia &#8211; Premiere Argentina.<\/em><\/p>","protected":false},"excerpt":{"rendered":"<p>Cada vez falta menos para el comienzo de la 10\u00b0 edici\u00f3n de ARFECINE\u2013 Semana Internacional de Cine en Buenos Aires\u00a0la que, como ya comentamos, propone una programaci\u00f3n de pel\u00edculas en las que la dimensi\u00f3n de lo espiritual se posiciona como &#8230; <a title=\"ARFECINE anuncia su competencia de Cortometrajes\" class=\"read-more\" href=\"https:\/\/clientesbrandbits.click\/en\/arfecine-anuncia-su-competencia-de-cortometrajes\/\" aria-label=\"Read more about ARFECINE anuncia su competencia de Cortometrajes\">Read More<\/a><\/p>","protected":false},"author":5,"featured_media":2329,"comment_status":"closed","ping_status":"closed","sticky":false,"template":"","format":"standard","meta":{"_joinchat":[],"footnotes":""},"categories":[11],"tags":[200,201],"class_list":["post-2296","post","type-post","status-publish","format-standard","has-post-thumbnail","hentry","category-festivales-de-cine","tag-cine-argentino","tag-cortometraje","infinite-scroll-item"],"yoast_head":"<!-- This site is optimized with the Yoast SEO plugin v22.8 - https:\/\/yoast.com\/wordpress\/plugins\/seo\/ -->\n<title>ARFECINE anuncia su competencia de Cortometrajes - Spanglish Cinema<\/title>\n<meta name=\"description\" content=\"Cada vez falta menos para el comienzo de la 10\u00b0 edici\u00f3n de ARFECINE\u2013 Semana Internacional de Cine en Buenos Aires\u00a0la que, \u00a0como ya comentamos, propone una programaci\u00f3n de pel\u00edculas en las que la dimensi\u00f3n de lo espiritual se posiciona como tema central dentro de un cine de valores humanos. Como siempre cuenta con la gran colaboraci\u00f3n de la Alianza Francesa de Buenos Aires y la Fundaci\u00f3n Aldea de las Luces. Este Festival dar\u00e1 comienzo el lunes 15 de julio y todas las exhibiciones se realizar\u00e1n en la Sede Central de la Alianza Francesa. En su acogedor Auditorio del primer piso y con la entrada libre y gratuita.\" \/>\n<meta name=\"robots\" content=\"index, follow, max-snippet:-1, max-image-preview:large, max-video-preview:-1\" \/>\n<link rel=\"canonical\" href=\"https:\/\/clientesbrandbits.click\/en\/arfecine-anuncia-su-competencia-de-cortometrajes\/\" \/>\n<meta property=\"og:locale\" content=\"en_US\" \/>\n<meta property=\"og:type\" content=\"article\" \/>\n<meta property=\"og:title\" content=\"ARFECINE anuncia su competencia de Cortometrajes - Spanglish Cinema\" \/>\n<meta property=\"og:description\" content=\"Cada vez falta menos para el comienzo de la 10\u00b0 edici\u00f3n de ARFECINE\u2013 Semana Internacional de Cine en Buenos Aires\u00a0la que, \u00a0como ya comentamos, propone una programaci\u00f3n de pel\u00edculas en las que la dimensi\u00f3n de lo espiritual se posiciona como tema central dentro de un cine de valores humanos. Como siempre cuenta con la gran colaboraci\u00f3n de la Alianza Francesa de Buenos Aires y la Fundaci\u00f3n Aldea de las Luces. Este Festival dar\u00e1 comienzo el lunes 15 de julio y todas las exhibiciones se realizar\u00e1n en la Sede Central de la Alianza Francesa. En su acogedor Auditorio del primer piso y con la entrada libre y gratuita.\" \/>\n<meta property=\"og:url\" content=\"https:\/\/clientesbrandbits.click\/en\/arfecine-anuncia-su-competencia-de-cortometrajes\/\" \/>\n<meta property=\"og:site_name\" content=\"Spanglish Cinema\" \/>\n<meta property=\"article:published_time\" content=\"2024-07-14T19:36:17+00:00\" \/>\n<meta property=\"article:modified_time\" content=\"2024-07-14T10:43:06+00:00\" \/>\n<meta property=\"og:image\" content=\"https:\/\/clientesbrandbits.click\/wp-content\/uploads\/2024\/07\/la-piedra-magica-cabecera-1024x581-1.jpg\" \/>\n\t<meta property=\"og:image:width\" content=\"1024\" \/>\n\t<meta property=\"og:image:height\" content=\"581\" \/>\n\t<meta property=\"og:image:type\" content=\"image\/jpeg\" \/>\n<meta name=\"author\" content=\"Elizabeth Salazar\" \/>\n<meta name=\"twitter:card\" content=\"summary_large_image\" \/>\n<meta name=\"twitter:label1\" content=\"Written by\" \/>\n\t<meta name=\"twitter:data1\" content=\"Elizabeth Salazar\" \/>\n\t<meta name=\"twitter:label2\" content=\"Est. reading time\" \/>\n\t<meta name=\"twitter:data2\" content=\"4 minutes\" \/>\n<script type=\"application\/ld+json\" class=\"yoast-schema-graph\">{\"@context\":\"https:\/\/schema.org\",\"@graph\":[{\"@type\":\"Article\",\"@id\":\"https:\/\/clientesbrandbits.click\/arfecine-anuncia-su-competencia-de-cortometrajes\/#article\",\"isPartOf\":{\"@id\":\"https:\/\/clientesbrandbits.click\/arfecine-anuncia-su-competencia-de-cortometrajes\/\"},\"author\":{\"name\":\"Elizabeth Salazar\",\"@id\":\"https:\/\/clientesbrandbits.click\/#\/schema\/person\/3582a766d1bd629325b8cb5e303f4963\"},\"headline\":\"ARFECINE anuncia su competencia de Cortometrajes\",\"datePublished\":\"2024-07-14T19:36:17+00:00\",\"dateModified\":\"2024-07-14T10:43:06+00:00\",\"mainEntityOfPage\":{\"@id\":\"https:\/\/clientesbrandbits.click\/arfecine-anuncia-su-competencia-de-cortometrajes\/\"},\"wordCount\":723,\"publisher\":{\"@id\":\"https:\/\/clientesbrandbits.click\/#organization\"},\"image\":{\"@id\":\"https:\/\/clientesbrandbits.click\/arfecine-anuncia-su-competencia-de-cortometrajes\/#primaryimage\"},\"thumbnailUrl\":\"https:\/\/clientesbrandbits.click\/wp-content\/uploads\/2024\/07\/la-piedra-magica-cabecera-1024x581-1.jpg\",\"keywords\":[\"Cine Argentino\",\"Cortometraje\"],\"articleSection\":[\"Festivales de Cine\"],\"inLanguage\":\"en-US\"},{\"@type\":\"WebPage\",\"@id\":\"https:\/\/clientesbrandbits.click\/arfecine-anuncia-su-competencia-de-cortometrajes\/\",\"url\":\"https:\/\/clientesbrandbits.click\/arfecine-anuncia-su-competencia-de-cortometrajes\/\",\"name\":\"ARFECINE anuncia su competencia de Cortometrajes - Spanglish Cinema\",\"isPartOf\":{\"@id\":\"https:\/\/clientesbrandbits.click\/#website\"},\"primaryImageOfPage\":{\"@id\":\"https:\/\/clientesbrandbits.click\/arfecine-anuncia-su-competencia-de-cortometrajes\/#primaryimage\"},\"image\":{\"@id\":\"https:\/\/clientesbrandbits.click\/arfecine-anuncia-su-competencia-de-cortometrajes\/#primaryimage\"},\"thumbnailUrl\":\"https:\/\/clientesbrandbits.click\/wp-content\/uploads\/2024\/07\/la-piedra-magica-cabecera-1024x581-1.jpg\",\"datePublished\":\"2024-07-14T19:36:17+00:00\",\"dateModified\":\"2024-07-14T10:43:06+00:00\",\"description\":\"Cada vez falta menos para el comienzo de la 10\u00b0 edici\u00f3n de ARFECINE\u2013 Semana Internacional de Cine en Buenos Aires\u00a0la que, \u00a0como ya comentamos, propone una programaci\u00f3n de pel\u00edculas en las que la dimensi\u00f3n de lo espiritual se posiciona como tema central dentro de un cine de valores humanos. Como siempre cuenta con la gran colaboraci\u00f3n de la Alianza Francesa de Buenos Aires y la Fundaci\u00f3n Aldea de las Luces. Este Festival dar\u00e1 comienzo el lunes 15 de julio y todas las exhibiciones se realizar\u00e1n en la Sede Central de la Alianza Francesa. En su acogedor Auditorio del primer piso y con la entrada libre y gratuita.\",\"breadcrumb\":{\"@id\":\"https:\/\/clientesbrandbits.click\/arfecine-anuncia-su-competencia-de-cortometrajes\/#breadcrumb\"},\"inLanguage\":\"en-US\",\"potentialAction\":[{\"@type\":\"ReadAction\",\"target\":[\"https:\/\/clientesbrandbits.click\/arfecine-anuncia-su-competencia-de-cortometrajes\/\"]}]},{\"@type\":\"ImageObject\",\"inLanguage\":\"en-US\",\"@id\":\"https:\/\/clientesbrandbits.click\/arfecine-anuncia-su-competencia-de-cortometrajes\/#primaryimage\",\"url\":\"https:\/\/clientesbrandbits.click\/wp-content\/uploads\/2024\/07\/la-piedra-magica-cabecera-1024x581-1.jpg\",\"contentUrl\":\"https:\/\/clientesbrandbits.click\/wp-content\/uploads\/2024\/07\/la-piedra-magica-cabecera-1024x581-1.jpg\",\"width\":1024,\"height\":581},{\"@type\":\"BreadcrumbList\",\"@id\":\"https:\/\/clientesbrandbits.click\/arfecine-anuncia-su-competencia-de-cortometrajes\/#breadcrumb\",\"itemListElement\":[{\"@type\":\"ListItem\",\"position\":1,\"name\":\"Portada\",\"item\":\"https:\/\/clientesbrandbits.click\/\"},{\"@type\":\"ListItem\",\"position\":2,\"name\":\"ARFECINE anuncia su competencia de Cortometrajes\"}]},{\"@type\":\"WebSite\",\"@id\":\"https:\/\/clientesbrandbits.click\/#website\",\"url\":\"https:\/\/clientesbrandbits.click\/\",\"name\":\"Spanglish Cinema\",\"description\":\"\",\"publisher\":{\"@id\":\"https:\/\/clientesbrandbits.click\/#organization\"},\"potentialAction\":[{\"@type\":\"SearchAction\",\"target\":{\"@type\":\"EntryPoint\",\"urlTemplate\":\"https:\/\/clientesbrandbits.click\/?s={search_term_string}\"},\"query-input\":\"required name=search_term_string\"}],\"inLanguage\":\"en-US\"},{\"@type\":\"Organization\",\"@id\":\"https:\/\/clientesbrandbits.click\/#organization\",\"name\":\"Spanglish Cinema\",\"url\":\"https:\/\/clientesbrandbits.click\/\",\"logo\":{\"@type\":\"ImageObject\",\"inLanguage\":\"en-US\",\"@id\":\"https:\/\/clientesbrandbits.click\/#\/schema\/logo\/image\/\",\"url\":\"https:\/\/clientesbrandbits.click\/wp-content\/uploads\/2024\/03\/spanglish_cinema.png\",\"contentUrl\":\"https:\/\/clientesbrandbits.click\/wp-content\/uploads\/2024\/03\/spanglish_cinema.png\",\"width\":612,\"height\":225,\"caption\":\"Spanglish Cinema\"},\"image\":{\"@id\":\"https:\/\/clientesbrandbits.click\/#\/schema\/logo\/image\/\"}},{\"@type\":\"Person\",\"@id\":\"https:\/\/clientesbrandbits.click\/#\/schema\/person\/3582a766d1bd629325b8cb5e303f4963\",\"name\":\"Elizabeth Salazar\",\"image\":{\"@type\":\"ImageObject\",\"inLanguage\":\"en-US\",\"@id\":\"https:\/\/clientesbrandbits.click\/#\/schema\/person\/image\/\",\"url\":\"https:\/\/secure.gravatar.com\/avatar\/ddf69a5ddae2a61929dd4e305eb31658?s=96&d=mm&r=g\",\"contentUrl\":\"https:\/\/secure.gravatar.com\/avatar\/ddf69a5ddae2a61929dd4e305eb31658?s=96&d=mm&r=g\",\"caption\":\"Elizabeth Salazar\"},\"url\":\"https:\/\/clientesbrandbits.click\/en\/author\/elizabeth-salazar\/\"}]}<\/script>\n<!-- \/ Yoast SEO plugin. -->","yoast_head_json":{"title":"ARFECINE anuncia su competencia de Cortometrajes - Spanglish Cinema","description":"Cada vez falta menos para el comienzo de la 10\u00b0 edici\u00f3n de ARFECINE\u2013 Semana Internacional de Cine en Buenos Aires\u00a0la que, \u00a0como ya comentamos, propone una programaci\u00f3n de pel\u00edculas en las que la dimensi\u00f3n de lo espiritual se posiciona como tema central dentro de un cine de valores humanos. Como siempre cuenta con la gran colaboraci\u00f3n de la Alianza Francesa de Buenos Aires y la Fundaci\u00f3n Aldea de las Luces. Este Festival dar\u00e1 comienzo el lunes 15 de julio y todas las exhibiciones se realizar\u00e1n en la Sede Central de la Alianza Francesa. En su acogedor Auditorio del primer piso y con la entrada libre y gratuita.","robots":{"index":"index","follow":"follow","max-snippet":"max-snippet:-1","max-image-preview":"max-image-preview:large","max-video-preview":"max-video-preview:-1"},"canonical":"https:\/\/clientesbrandbits.click\/en\/arfecine-anuncia-su-competencia-de-cortometrajes\/","og_locale":"en_US","og_type":"article","og_title":"ARFECINE anuncia su competencia de Cortometrajes - Spanglish Cinema","og_description":"Cada vez falta menos para el comienzo de la 10\u00b0 edici\u00f3n de ARFECINE\u2013 Semana Internacional de Cine en Buenos Aires\u00a0la que, \u00a0como ya comentamos, propone una programaci\u00f3n de pel\u00edculas en las que la dimensi\u00f3n de lo espiritual se posiciona como tema central dentro de un cine de valores humanos. Como siempre cuenta con la gran colaboraci\u00f3n de la Alianza Francesa de Buenos Aires y la Fundaci\u00f3n Aldea de las Luces. Este Festival dar\u00e1 comienzo el lunes 15 de julio y todas las exhibiciones se realizar\u00e1n en la Sede Central de la Alianza Francesa. En su acogedor Auditorio del primer piso y con la entrada libre y gratuita.","og_url":"https:\/\/clientesbrandbits.click\/en\/arfecine-anuncia-su-competencia-de-cortometrajes\/","og_site_name":"Spanglish Cinema","article_published_time":"2024-07-14T19:36:17+00:00","article_modified_time":"2024-07-14T10:43:06+00:00","og_image":[{"width":1024,"height":581,"url":"https:\/\/clientesbrandbits.click\/wp-content\/uploads\/2024\/07\/la-piedra-magica-cabecera-1024x581-1.jpg","type":"image\/jpeg"}],"author":"Elizabeth Salazar","twitter_card":"summary_large_image","twitter_misc":{"Written by":"Elizabeth Salazar","Est. reading time":"4 minutes"},"schema":{"@context":"https:\/\/schema.org","@graph":[{"@type":"Article","@id":"https:\/\/clientesbrandbits.click\/arfecine-anuncia-su-competencia-de-cortometrajes\/#article","isPartOf":{"@id":"https:\/\/clientesbrandbits.click\/arfecine-anuncia-su-competencia-de-cortometrajes\/"},"author":{"name":"Elizabeth Salazar","@id":"https:\/\/clientesbrandbits.click\/#\/schema\/person\/3582a766d1bd629325b8cb5e303f4963"},"headline":"ARFECINE anuncia su competencia de Cortometrajes","datePublished":"2024-07-14T19:36:17+00:00","dateModified":"2024-07-14T10:43:06+00:00","mainEntityOfPage":{"@id":"https:\/\/clientesbrandbits.click\/arfecine-anuncia-su-competencia-de-cortometrajes\/"},"wordCount":723,"publisher":{"@id":"https:\/\/clientesbrandbits.click\/#organization"},"image":{"@id":"https:\/\/clientesbrandbits.click\/arfecine-anuncia-su-competencia-de-cortometrajes\/#primaryimage"},"thumbnailUrl":"https:\/\/clientesbrandbits.click\/wp-content\/uploads\/2024\/07\/la-piedra-magica-cabecera-1024x581-1.jpg","keywords":["Cine Argentino","Cortometraje"],"articleSection":["Festivales de Cine"],"inLanguage":"en-US"},{"@type":"WebPage","@id":"https:\/\/clientesbrandbits.click\/arfecine-anuncia-su-competencia-de-cortometrajes\/","url":"https:\/\/clientesbrandbits.click\/arfecine-anuncia-su-competencia-de-cortometrajes\/","name":"ARFECINE anuncia su competencia de Cortometrajes - Spanglish Cinema","isPartOf":{"@id":"https:\/\/clientesbrandbits.click\/#website"},"primaryImageOfPage":{"@id":"https:\/\/clientesbrandbits.click\/arfecine-anuncia-su-competencia-de-cortometrajes\/#primaryimage"},"image":{"@id":"https:\/\/clientesbrandbits.click\/arfecine-anuncia-su-competencia-de-cortometrajes\/#primaryimage"},"thumbnailUrl":"https:\/\/clientesbrandbits.click\/wp-content\/uploads\/2024\/07\/la-piedra-magica-cabecera-1024x581-1.jpg","datePublished":"2024-07-14T19:36:17+00:00","dateModified":"2024-07-14T10:43:06+00:00","description":"Cada vez falta menos para el comienzo de la 10\u00b0 edici\u00f3n de ARFECINE\u2013 Semana Internacional de Cine en Buenos Aires\u00a0la que, \u00a0como ya comentamos, propone una programaci\u00f3n de pel\u00edculas en las que la dimensi\u00f3n de lo espiritual se posiciona como tema central dentro de un cine de valores humanos. Como siempre cuenta con la gran colaboraci\u00f3n de la Alianza Francesa de Buenos Aires y la Fundaci\u00f3n Aldea de las Luces. Este Festival dar\u00e1 comienzo el lunes 15 de julio y todas las exhibiciones se realizar\u00e1n en la Sede Central de la Alianza Francesa. En su acogedor Auditorio del primer piso y con la entrada libre y gratuita.","breadcrumb":{"@id":"https:\/\/clientesbrandbits.click\/arfecine-anuncia-su-competencia-de-cortometrajes\/#breadcrumb"},"inLanguage":"en-US","potentialAction":[{"@type":"ReadAction","target":["https:\/\/clientesbrandbits.click\/arfecine-anuncia-su-competencia-de-cortometrajes\/"]}]},{"@type":"ImageObject","inLanguage":"en-US","@id":"https:\/\/clientesbrandbits.click\/arfecine-anuncia-su-competencia-de-cortometrajes\/#primaryimage","url":"https:\/\/clientesbrandbits.click\/wp-content\/uploads\/2024\/07\/la-piedra-magica-cabecera-1024x581-1.jpg","contentUrl":"https:\/\/clientesbrandbits.click\/wp-content\/uploads\/2024\/07\/la-piedra-magica-cabecera-1024x581-1.jpg","width":1024,"height":581},{"@type":"BreadcrumbList","@id":"https:\/\/clientesbrandbits.click\/arfecine-anuncia-su-competencia-de-cortometrajes\/#breadcrumb","itemListElement":[{"@type":"ListItem","position":1,"name":"Portada","item":"https:\/\/clientesbrandbits.click\/"},{"@type":"ListItem","position":2,"name":"ARFECINE anuncia su competencia de Cortometrajes"}]},{"@type":"WebSite","@id":"https:\/\/clientesbrandbits.click\/#website","url":"https:\/\/clientesbrandbits.click\/","name":"Spanglish Cinema","description":"","publisher":{"@id":"https:\/\/clientesbrandbits.click\/#organization"},"potentialAction":[{"@type":"SearchAction","target":{"@type":"EntryPoint","urlTemplate":"https:\/\/clientesbrandbits.click\/?s={search_term_string}"},"query-input":"required name=search_term_string"}],"inLanguage":"en-US"},{"@type":"Organization","@id":"https:\/\/clientesbrandbits.click\/#organization","name":"Spanglish Cinema","url":"https:\/\/clientesbrandbits.click\/","logo":{"@type":"ImageObject","inLanguage":"en-US","@id":"https:\/\/clientesbrandbits.click\/#\/schema\/logo\/image\/","url":"https:\/\/clientesbrandbits.click\/wp-content\/uploads\/2024\/03\/spanglish_cinema.png","contentUrl":"https:\/\/clientesbrandbits.click\/wp-content\/uploads\/2024\/03\/spanglish_cinema.png","width":612,"height":225,"caption":"Spanglish Cinema"},"image":{"@id":"https:\/\/clientesbrandbits.click\/#\/schema\/logo\/image\/"}},{"@type":"Person","@id":"https:\/\/clientesbrandbits.click\/#\/schema\/person\/3582a766d1bd629325b8cb5e303f4963","name":"Elizabeth Salazar","image":{"@type":"ImageObject","inLanguage":"en-US","@id":"https:\/\/clientesbrandbits.click\/#\/schema\/person\/image\/","url":"https:\/\/secure.gravatar.com\/avatar\/ddf69a5ddae2a61929dd4e305eb31658?s=96&d=mm&r=g","contentUrl":"https:\/\/secure.gravatar.com\/avatar\/ddf69a5ddae2a61929dd4e305eb31658?s=96&d=mm&r=g","caption":"Elizabeth Salazar"},"url":"https:\/\/clientesbrandbits.click\/en\/author\/elizabeth-salazar\/"}]}},"_links":{"self":[{"href":"https:\/\/clientesbrandbits.click\/en\/wp-json\/wp\/v2\/posts\/2296"}],"collection":[{"href":"https:\/\/clientesbrandbits.click\/en\/wp-json\/wp\/v2\/posts"}],"about":[{"href":"https:\/\/clientesbrandbits.click\/en\/wp-json\/wp\/v2\/types\/post"}],"author":[{"embeddable":true,"href":"https:\/\/clientesbrandbits.click\/en\/wp-json\/wp\/v2\/users\/5"}],"replies":[{"embeddable":true,"href":"https:\/\/clientesbrandbits.click\/en\/wp-json\/wp\/v2\/comments?post=2296"}],"version-history":[{"count":4,"href":"https:\/\/clientesbrandbits.click\/en\/wp-json\/wp\/v2\/posts\/2296\/revisions"}],"predecessor-version":[{"id":2331,"href":"https:\/\/clientesbrandbits.click\/en\/wp-json\/wp\/v2\/posts\/2296\/revisions\/2331"}],"wp:featuredmedia":[{"embeddable":true,"href":"https:\/\/clientesbrandbits.click\/en\/wp-json\/wp\/v2\/media\/2329"}],"wp:attachment":[{"href":"https:\/\/clientesbrandbits.click\/en\/wp-json\/wp\/v2\/media?parent=2296"}],"wp:term":[{"taxonomy":"category","embeddable":true,"href":"https:\/\/clientesbrandbits.click\/en\/wp-json\/wp\/v2\/categories?post=2296"},{"taxonomy":"post_tag","embeddable":true,"href":"https:\/\/clientesbrandbits.click\/en\/wp-json\/wp\/v2\/tags?post=2296"}],"curies":[{"name":"wp","href":"https:\/\/api.w.org\/{rel}","templated":true}]}}