{"id":2135,"date":"2024-07-05T13:00:15","date_gmt":"2024-07-05T17:00:15","guid":{"rendered":"https:\/\/clientesbrandbits.click\/?p=2135"},"modified":"2024-07-04T20:05:33","modified_gmt":"2024-07-05T00:05:33","slug":"jeremy-irons-se-une-al-elenco-de-la-cuarta-temporada-de-the-morning-show","status":"publish","type":"post","link":"https:\/\/clientesbrandbits.click\/en\/jeremy-irons-se-une-al-elenco-de-la-cuarta-temporada-de-the-morning-show\/","title":{"rendered":"Jeremy Irons se une al elenco de la cuarta temporada de \u00abThe Morning Show\u00bb"},"content":{"rendered":"<p style=\"text-align: justify;\"><strong>\u00abThe Morning Show\u00bb<\/strong> una de las m\u00e1s exitosas series de Apple TV+, que ya tiene acumulado 11 nominaciones a los Emmy, sigue sorprendiendo con sus incorporaciones estelares para la entrega que se viene.<\/p>\n<p>Si no has visto la serie a\u00fan, te contamos que se trata de un noticiero informativo matutino y la vida de quienes trabajan en \u00e9l. Esta nueva temporada estar\u00e1 situada dos a\u00f1os despu\u00e9s del t\u00e9rmino del \u00faltimo cap\u00edtulo previo donde el personaje de Reese Witherspoon, Bradley, fue puesta en custodia del FBI.<\/p>\n<p style=\"text-align: justify;\">Es en esta temporada y ocasi\u00f3n, que el reconocido actor <span style=\"color: #ff00ff;\"><a style=\"color: #ff00ff;\" href=\"https:\/\/www.imdb.com\/name\/nm0000460\/\">Jeremy Irons<\/a><\/span>, ganador del Oscar, se suma al elenco de la cuarta etapa para interpretar un papel crucial: Martin Levy, el padre del personaje de Jennifer Aniston, Alex Levy. Pero eso no es todo en t\u00e9rminos de inclusiones de grandes actores y actrices al elenco, ya que tambi\u00e9n veremos a la talentosa Marion Cotillard como nueva integrante de esta temporada. La actriz francesa interpretar\u00e1 a C\u00e9line Dumont, una astuta operadora perteneciente a una distinguida familia europea.<\/p>\n<p style=\"text-align: justify;\">La llegada de <span style=\"color: #ff00ff;\"><a style=\"color: #ff00ff;\" href=\"https:\/\/www.imdb.com\/name\/nm1559040\/?ref_=nv_sr_srsg_2_tt_0_nm_8_in_0_q_martin%2520levy\">Martin Levy<\/a><span style=\"color: #000000;\"> (Irons), <\/span><\/span>promete agregar una dosis extra de tensi\u00f3n a la vida de Alex (Anniston), quien ya enfrenta serios problemas en el trabajo. Recordemos que despu\u00e9s del frustrado intento de venta de UBA a la empresa tecnol\u00f3gica de Paul Marks, interpretado por Jon Hamm, y una posible fusi\u00f3n con la cadena rival NBN, las complicaciones familiares ser\u00e1n la \u00faltima cosa que Alex necesita.<\/p>\n<p style=\"text-align: justify;\"><strong>\u00abThe Morning Show\u00bb<\/strong>, la serie encabezada por Jennifer Aniston y Reese Witherspoon, quienes brillan tanto como protagonistas como productoras y actrices, contin\u00faa explorando el despiadado mundo de los medios. Recordemos que tambi\u00e9n cuenta con las actuaciones de Billy Crudup, Mark Duplass, Nestor Carbonell, Karen Pittman y en su \u00faltima temporada tuvo la hipn\u00f3tica aparici\u00f3n de Greta Lee y Jon Hamm.<\/p>\n<p>La serie ha ganado terreno tanto en la cr\u00edtica como en la audiencia con cada temporada que pasa. Este a\u00f1o fue parte de un homenaje a las mejores series del a\u00f1o 2023 en el <span style=\"color: #ff00ff;\"><a style=\"color: #ff00ff;\" href=\"https:\/\/clientesbrandbits.click\/en\/lo-mejor-de-la-tv-en-el-paleyfest\/\">Paley Fest<\/a><\/span> a comienzos de este a\u00f1o en Los Angeles, California, donde estuvieron presentes sus dos protagonistas y los productores para celebrarlo y este a\u00f1o, pensamos que, con la incorporaci\u00f3n de este nuevo elenco puede prometer a\u00fan m\u00e1s.<\/p>\n<p style=\"text-align: justify;\">Sin dudas es inevitable no generar expectativas de esta pr\u00f3xima temporada, que parece prometer todo el drama que ya nos demostr\u00f3 en las anteriores y una vidriera \u00fanica y punzante sobre c\u00f3mo se tejen las noticias.<\/p>","protected":false},"excerpt":{"rendered":"<p>\u00abThe Morning Show\u00bb una de las m\u00e1s exitosas series de Apple TV+, que ya tiene acumulado 11 nominaciones a los Emmy, sigue sorprendiendo con sus incorporaciones estelares para la entrega que se viene. Si no has visto la serie a\u00fan, &#8230; <a title=\"Jeremy Irons se une al elenco de la cuarta temporada de \u00abThe Morning Show\u00bb\" class=\"read-more\" href=\"https:\/\/clientesbrandbits.click\/en\/jeremy-irons-se-une-al-elenco-de-la-cuarta-temporada-de-the-morning-show\/\" aria-label=\"Read more about Jeremy Irons se une al elenco de la cuarta temporada de \u00abThe Morning Show\u00bb\">Read More<\/a><\/p>","protected":false},"author":4,"featured_media":2154,"comment_status":"closed","ping_status":"closed","sticky":false,"template":"","format":"standard","meta":{"_joinchat":[],"footnotes":""},"categories":[10],"tags":[182],"class_list":["post-2135","post","type-post","status-publish","format-standard","has-post-thumbnail","hentry","category-films","tag-the-morning-show","infinite-scroll-item"],"yoast_head":"<!-- This site is optimized with the Yoast SEO plugin v22.8 - https:\/\/yoast.com\/wordpress\/plugins\/seo\/ -->\n<title>Jeremy Irons se une al elenco de la cuarta temporada de &quot;The Morning Show&quot; - Spanglish Cinema<\/title>\n<meta name=\"description\" content=\"&quot;The Morning Show&quot; una de las m\u00e1s exitosas series de Apple TV+, que ya tiene acumulado 11 nominaciones a los Emmy, sigue sorprendiendo con sus incorporaciones estelares para la entrega que se viene.\" \/>\n<meta name=\"robots\" content=\"index, follow, max-snippet:-1, max-image-preview:large, max-video-preview:-1\" \/>\n<link rel=\"canonical\" href=\"https:\/\/clientesbrandbits.click\/en\/jeremy-irons-se-une-al-elenco-de-la-cuarta-temporada-de-the-morning-show\/\" \/>\n<meta property=\"og:locale\" content=\"en_US\" \/>\n<meta property=\"og:type\" content=\"article\" \/>\n<meta property=\"og:title\" content=\"Jeremy Irons se une al elenco de la cuarta temporada de &quot;The Morning Show&quot; - Spanglish Cinema\" \/>\n<meta property=\"og:description\" content=\"&quot;The Morning Show&quot; una de las m\u00e1s exitosas series de Apple TV+, que ya tiene acumulado 11 nominaciones a los Emmy, sigue sorprendiendo con sus incorporaciones estelares para la entrega que se viene.\" \/>\n<meta property=\"og:url\" content=\"https:\/\/clientesbrandbits.click\/en\/jeremy-irons-se-une-al-elenco-de-la-cuarta-temporada-de-the-morning-show\/\" \/>\n<meta property=\"og:site_name\" content=\"Spanglish Cinema\" \/>\n<meta property=\"article:published_time\" content=\"2024-07-05T17:00:15+00:00\" \/>\n<meta property=\"article:modified_time\" content=\"2024-07-05T00:05:33+00:00\" \/>\n<meta property=\"og:image\" content=\"https:\/\/clientesbrandbits.click\/wp-content\/uploads\/2024\/07\/jeremy-irons_7911444_20240702162637.jpg\" \/>\n\t<meta property=\"og:image:width\" content=\"1200\" \/>\n\t<meta property=\"og:image:height\" content=\"675\" \/>\n\t<meta property=\"og:image:type\" content=\"image\/jpeg\" \/>\n<meta name=\"author\" content=\"Mery Linares\" \/>\n<meta name=\"twitter:card\" content=\"summary_large_image\" \/>\n<meta name=\"twitter:label1\" content=\"Written by\" \/>\n\t<meta name=\"twitter:data1\" content=\"Mery Linares\" \/>\n\t<meta name=\"twitter:label2\" content=\"Est. reading time\" \/>\n\t<meta name=\"twitter:data2\" content=\"3 minutes\" \/>\n<script type=\"application\/ld+json\" class=\"yoast-schema-graph\">{\"@context\":\"https:\/\/schema.org\",\"@graph\":[{\"@type\":\"Article\",\"@id\":\"https:\/\/clientesbrandbits.click\/jeremy-irons-se-une-al-elenco-de-la-cuarta-temporada-de-the-morning-show\/#article\",\"isPartOf\":{\"@id\":\"https:\/\/clientesbrandbits.click\/jeremy-irons-se-une-al-elenco-de-la-cuarta-temporada-de-the-morning-show\/\"},\"author\":{\"name\":\"Mery Linares\",\"@id\":\"https:\/\/clientesbrandbits.click\/#\/schema\/person\/0d8086d91083c464c71a3ac2294f508b\"},\"headline\":\"Jeremy Irons se une al elenco de la cuarta temporada de \u00abThe Morning Show\u00bb\",\"datePublished\":\"2024-07-05T17:00:15+00:00\",\"dateModified\":\"2024-07-05T00:05:33+00:00\",\"mainEntityOfPage\":{\"@id\":\"https:\/\/clientesbrandbits.click\/jeremy-irons-se-une-al-elenco-de-la-cuarta-temporada-de-the-morning-show\/\"},\"wordCount\":447,\"publisher\":{\"@id\":\"https:\/\/clientesbrandbits.click\/#organization\"},\"image\":{\"@id\":\"https:\/\/clientesbrandbits.click\/jeremy-irons-se-une-al-elenco-de-la-cuarta-temporada-de-the-morning-show\/#primaryimage\"},\"thumbnailUrl\":\"https:\/\/clientesbrandbits.click\/wp-content\/uploads\/2024\/07\/jeremy-irons_7911444_20240702162637.jpg\",\"keywords\":[\"The morning show\"],\"articleSection\":[\"Films\"],\"inLanguage\":\"en-US\"},{\"@type\":\"WebPage\",\"@id\":\"https:\/\/clientesbrandbits.click\/jeremy-irons-se-une-al-elenco-de-la-cuarta-temporada-de-the-morning-show\/\",\"url\":\"https:\/\/clientesbrandbits.click\/jeremy-irons-se-une-al-elenco-de-la-cuarta-temporada-de-the-morning-show\/\",\"name\":\"Jeremy Irons se une al elenco de la cuarta temporada de \\\"The Morning Show\\\" - Spanglish Cinema\",\"isPartOf\":{\"@id\":\"https:\/\/clientesbrandbits.click\/#website\"},\"primaryImageOfPage\":{\"@id\":\"https:\/\/clientesbrandbits.click\/jeremy-irons-se-une-al-elenco-de-la-cuarta-temporada-de-the-morning-show\/#primaryimage\"},\"image\":{\"@id\":\"https:\/\/clientesbrandbits.click\/jeremy-irons-se-une-al-elenco-de-la-cuarta-temporada-de-the-morning-show\/#primaryimage\"},\"thumbnailUrl\":\"https:\/\/clientesbrandbits.click\/wp-content\/uploads\/2024\/07\/jeremy-irons_7911444_20240702162637.jpg\",\"datePublished\":\"2024-07-05T17:00:15+00:00\",\"dateModified\":\"2024-07-05T00:05:33+00:00\",\"description\":\"\\\"The Morning Show\\\" una de las m\u00e1s exitosas series de Apple TV+, que ya tiene acumulado 11 nominaciones a los Emmy, sigue sorprendiendo con sus incorporaciones estelares para la entrega que se viene.\",\"breadcrumb\":{\"@id\":\"https:\/\/clientesbrandbits.click\/jeremy-irons-se-une-al-elenco-de-la-cuarta-temporada-de-the-morning-show\/#breadcrumb\"},\"inLanguage\":\"en-US\",\"potentialAction\":[{\"@type\":\"ReadAction\",\"target\":[\"https:\/\/clientesbrandbits.click\/jeremy-irons-se-une-al-elenco-de-la-cuarta-temporada-de-the-morning-show\/\"]}]},{\"@type\":\"ImageObject\",\"inLanguage\":\"en-US\",\"@id\":\"https:\/\/clientesbrandbits.click\/jeremy-irons-se-une-al-elenco-de-la-cuarta-temporada-de-the-morning-show\/#primaryimage\",\"url\":\"https:\/\/clientesbrandbits.click\/wp-content\/uploads\/2024\/07\/jeremy-irons_7911444_20240702162637.jpg\",\"contentUrl\":\"https:\/\/clientesbrandbits.click\/wp-content\/uploads\/2024\/07\/jeremy-irons_7911444_20240702162637.jpg\",\"width\":1200,\"height\":675},{\"@type\":\"BreadcrumbList\",\"@id\":\"https:\/\/clientesbrandbits.click\/jeremy-irons-se-une-al-elenco-de-la-cuarta-temporada-de-the-morning-show\/#breadcrumb\",\"itemListElement\":[{\"@type\":\"ListItem\",\"position\":1,\"name\":\"Portada\",\"item\":\"https:\/\/clientesbrandbits.click\/\"},{\"@type\":\"ListItem\",\"position\":2,\"name\":\"Jeremy Irons se une al elenco de la cuarta temporada de \u00abThe Morning Show\u00bb\"}]},{\"@type\":\"WebSite\",\"@id\":\"https:\/\/clientesbrandbits.click\/#website\",\"url\":\"https:\/\/clientesbrandbits.click\/\",\"name\":\"Spanglish Cinema\",\"description\":\"\",\"publisher\":{\"@id\":\"https:\/\/clientesbrandbits.click\/#organization\"},\"potentialAction\":[{\"@type\":\"SearchAction\",\"target\":{\"@type\":\"EntryPoint\",\"urlTemplate\":\"https:\/\/clientesbrandbits.click\/?s={search_term_string}\"},\"query-input\":\"required name=search_term_string\"}],\"inLanguage\":\"en-US\"},{\"@type\":\"Organization\",\"@id\":\"https:\/\/clientesbrandbits.click\/#organization\",\"name\":\"Spanglish Cinema\",\"url\":\"https:\/\/clientesbrandbits.click\/\",\"logo\":{\"@type\":\"ImageObject\",\"inLanguage\":\"en-US\",\"@id\":\"https:\/\/clientesbrandbits.click\/#\/schema\/logo\/image\/\",\"url\":\"https:\/\/clientesbrandbits.click\/wp-content\/uploads\/2024\/03\/spanglish_cinema.png\",\"contentUrl\":\"https:\/\/clientesbrandbits.click\/wp-content\/uploads\/2024\/03\/spanglish_cinema.png\",\"width\":612,\"height\":225,\"caption\":\"Spanglish Cinema\"},\"image\":{\"@id\":\"https:\/\/clientesbrandbits.click\/#\/schema\/logo\/image\/\"}},{\"@type\":\"Person\",\"@id\":\"https:\/\/clientesbrandbits.click\/#\/schema\/person\/0d8086d91083c464c71a3ac2294f508b\",\"name\":\"Mery Linares\",\"image\":{\"@type\":\"ImageObject\",\"inLanguage\":\"en-US\",\"@id\":\"https:\/\/clientesbrandbits.click\/#\/schema\/person\/image\/\",\"url\":\"https:\/\/secure.gravatar.com\/avatar\/c2c478fe4bca383b05d541cf087a8cfb?s=96&d=mm&r=g\",\"contentUrl\":\"https:\/\/secure.gravatar.com\/avatar\/c2c478fe4bca383b05d541cf087a8cfb?s=96&d=mm&r=g\",\"caption\":\"Mery Linares\"},\"url\":\"https:\/\/clientesbrandbits.click\/en\/author\/mery-linares\/\"}]}<\/script>\n<!-- \/ Yoast SEO plugin. -->","yoast_head_json":{"title":"Jeremy Irons se une al elenco de la cuarta temporada de \"The Morning Show\" - Spanglish Cinema","description":"\"The Morning Show\" una de las m\u00e1s exitosas series de Apple TV+, que ya tiene acumulado 11 nominaciones a los Emmy, sigue sorprendiendo con sus incorporaciones estelares para la entrega que se viene.","robots":{"index":"index","follow":"follow","max-snippet":"max-snippet:-1","max-image-preview":"max-image-preview:large","max-video-preview":"max-video-preview:-1"},"canonical":"https:\/\/clientesbrandbits.click\/en\/jeremy-irons-se-une-al-elenco-de-la-cuarta-temporada-de-the-morning-show\/","og_locale":"en_US","og_type":"article","og_title":"Jeremy Irons se une al elenco de la cuarta temporada de \"The Morning Show\" - Spanglish Cinema","og_description":"\"The Morning Show\" una de las m\u00e1s exitosas series de Apple TV+, que ya tiene acumulado 11 nominaciones a los Emmy, sigue sorprendiendo con sus incorporaciones estelares para la entrega que se viene.","og_url":"https:\/\/clientesbrandbits.click\/en\/jeremy-irons-se-une-al-elenco-de-la-cuarta-temporada-de-the-morning-show\/","og_site_name":"Spanglish Cinema","article_published_time":"2024-07-05T17:00:15+00:00","article_modified_time":"2024-07-05T00:05:33+00:00","og_image":[{"width":1200,"height":675,"url":"https:\/\/clientesbrandbits.click\/wp-content\/uploads\/2024\/07\/jeremy-irons_7911444_20240702162637.jpg","type":"image\/jpeg"}],"author":"Mery Linares","twitter_card":"summary_large_image","twitter_misc":{"Written by":"Mery Linares","Est. reading time":"3 minutes"},"schema":{"@context":"https:\/\/schema.org","@graph":[{"@type":"Article","@id":"https:\/\/clientesbrandbits.click\/jeremy-irons-se-une-al-elenco-de-la-cuarta-temporada-de-the-morning-show\/#article","isPartOf":{"@id":"https:\/\/clientesbrandbits.click\/jeremy-irons-se-une-al-elenco-de-la-cuarta-temporada-de-the-morning-show\/"},"author":{"name":"Mery Linares","@id":"https:\/\/clientesbrandbits.click\/#\/schema\/person\/0d8086d91083c464c71a3ac2294f508b"},"headline":"Jeremy Irons se une al elenco de la cuarta temporada de \u00abThe Morning Show\u00bb","datePublished":"2024-07-05T17:00:15+00:00","dateModified":"2024-07-05T00:05:33+00:00","mainEntityOfPage":{"@id":"https:\/\/clientesbrandbits.click\/jeremy-irons-se-une-al-elenco-de-la-cuarta-temporada-de-the-morning-show\/"},"wordCount":447,"publisher":{"@id":"https:\/\/clientesbrandbits.click\/#organization"},"image":{"@id":"https:\/\/clientesbrandbits.click\/jeremy-irons-se-une-al-elenco-de-la-cuarta-temporada-de-the-morning-show\/#primaryimage"},"thumbnailUrl":"https:\/\/clientesbrandbits.click\/wp-content\/uploads\/2024\/07\/jeremy-irons_7911444_20240702162637.jpg","keywords":["The morning show"],"articleSection":["Films"],"inLanguage":"en-US"},{"@type":"WebPage","@id":"https:\/\/clientesbrandbits.click\/jeremy-irons-se-une-al-elenco-de-la-cuarta-temporada-de-the-morning-show\/","url":"https:\/\/clientesbrandbits.click\/jeremy-irons-se-une-al-elenco-de-la-cuarta-temporada-de-the-morning-show\/","name":"Jeremy Irons se une al elenco de la cuarta temporada de \"The Morning Show\" - Spanglish Cinema","isPartOf":{"@id":"https:\/\/clientesbrandbits.click\/#website"},"primaryImageOfPage":{"@id":"https:\/\/clientesbrandbits.click\/jeremy-irons-se-une-al-elenco-de-la-cuarta-temporada-de-the-morning-show\/#primaryimage"},"image":{"@id":"https:\/\/clientesbrandbits.click\/jeremy-irons-se-une-al-elenco-de-la-cuarta-temporada-de-the-morning-show\/#primaryimage"},"thumbnailUrl":"https:\/\/clientesbrandbits.click\/wp-content\/uploads\/2024\/07\/jeremy-irons_7911444_20240702162637.jpg","datePublished":"2024-07-05T17:00:15+00:00","dateModified":"2024-07-05T00:05:33+00:00","description":"\"The Morning Show\" una de las m\u00e1s exitosas series de Apple TV+, que ya tiene acumulado 11 nominaciones a los Emmy, sigue sorprendiendo con sus incorporaciones estelares para la entrega que se viene.","breadcrumb":{"@id":"https:\/\/clientesbrandbits.click\/jeremy-irons-se-une-al-elenco-de-la-cuarta-temporada-de-the-morning-show\/#breadcrumb"},"inLanguage":"en-US","potentialAction":[{"@type":"ReadAction","target":["https:\/\/clientesbrandbits.click\/jeremy-irons-se-une-al-elenco-de-la-cuarta-temporada-de-the-morning-show\/"]}]},{"@type":"ImageObject","inLanguage":"en-US","@id":"https:\/\/clientesbrandbits.click\/jeremy-irons-se-une-al-elenco-de-la-cuarta-temporada-de-the-morning-show\/#primaryimage","url":"https:\/\/clientesbrandbits.click\/wp-content\/uploads\/2024\/07\/jeremy-irons_7911444_20240702162637.jpg","contentUrl":"https:\/\/clientesbrandbits.click\/wp-content\/uploads\/2024\/07\/jeremy-irons_7911444_20240702162637.jpg","width":1200,"height":675},{"@type":"BreadcrumbList","@id":"https:\/\/clientesbrandbits.click\/jeremy-irons-se-une-al-elenco-de-la-cuarta-temporada-de-the-morning-show\/#breadcrumb","itemListElement":[{"@type":"ListItem","position":1,"name":"Portada","item":"https:\/\/clientesbrandbits.click\/"},{"@type":"ListItem","position":2,"name":"Jeremy Irons se une al elenco de la cuarta temporada de \u00abThe Morning Show\u00bb"}]},{"@type":"WebSite","@id":"https:\/\/clientesbrandbits.click\/#website","url":"https:\/\/clientesbrandbits.click\/","name":"Spanglish Cinema","description":"","publisher":{"@id":"https:\/\/clientesbrandbits.click\/#organization"},"potentialAction":[{"@type":"SearchAction","target":{"@type":"EntryPoint","urlTemplate":"https:\/\/clientesbrandbits.click\/?s={search_term_string}"},"query-input":"required name=search_term_string"}],"inLanguage":"en-US"},{"@type":"Organization","@id":"https:\/\/clientesbrandbits.click\/#organization","name":"Spanglish Cinema","url":"https:\/\/clientesbrandbits.click\/","logo":{"@type":"ImageObject","inLanguage":"en-US","@id":"https:\/\/clientesbrandbits.click\/#\/schema\/logo\/image\/","url":"https:\/\/clientesbrandbits.click\/wp-content\/uploads\/2024\/03\/spanglish_cinema.png","contentUrl":"https:\/\/clientesbrandbits.click\/wp-content\/uploads\/2024\/03\/spanglish_cinema.png","width":612,"height":225,"caption":"Spanglish Cinema"},"image":{"@id":"https:\/\/clientesbrandbits.click\/#\/schema\/logo\/image\/"}},{"@type":"Person","@id":"https:\/\/clientesbrandbits.click\/#\/schema\/person\/0d8086d91083c464c71a3ac2294f508b","name":"Mery Linares","image":{"@type":"ImageObject","inLanguage":"en-US","@id":"https:\/\/clientesbrandbits.click\/#\/schema\/person\/image\/","url":"https:\/\/secure.gravatar.com\/avatar\/c2c478fe4bca383b05d541cf087a8cfb?s=96&d=mm&r=g","contentUrl":"https:\/\/secure.gravatar.com\/avatar\/c2c478fe4bca383b05d541cf087a8cfb?s=96&d=mm&r=g","caption":"Mery Linares"},"url":"https:\/\/clientesbrandbits.click\/en\/author\/mery-linares\/"}]}},"_links":{"self":[{"href":"https:\/\/clientesbrandbits.click\/en\/wp-json\/wp\/v2\/posts\/2135"}],"collection":[{"href":"https:\/\/clientesbrandbits.click\/en\/wp-json\/wp\/v2\/posts"}],"about":[{"href":"https:\/\/clientesbrandbits.click\/en\/wp-json\/wp\/v2\/types\/post"}],"author":[{"embeddable":true,"href":"https:\/\/clientesbrandbits.click\/en\/wp-json\/wp\/v2\/users\/4"}],"replies":[{"embeddable":true,"href":"https:\/\/clientesbrandbits.click\/en\/wp-json\/wp\/v2\/comments?post=2135"}],"version-history":[{"count":1,"href":"https:\/\/clientesbrandbits.click\/en\/wp-json\/wp\/v2\/posts\/2135\/revisions"}],"predecessor-version":[{"id":2155,"href":"https:\/\/clientesbrandbits.click\/en\/wp-json\/wp\/v2\/posts\/2135\/revisions\/2155"}],"wp:featuredmedia":[{"embeddable":true,"href":"https:\/\/clientesbrandbits.click\/en\/wp-json\/wp\/v2\/media\/2154"}],"wp:attachment":[{"href":"https:\/\/clientesbrandbits.click\/en\/wp-json\/wp\/v2\/media?parent=2135"}],"wp:term":[{"taxonomy":"category","embeddable":true,"href":"https:\/\/clientesbrandbits.click\/en\/wp-json\/wp\/v2\/categories?post=2135"},{"taxonomy":"post_tag","embeddable":true,"href":"https:\/\/clientesbrandbits.click\/en\/wp-json\/wp\/v2\/tags?post=2135"}],"curies":[{"name":"wp","href":"https:\/\/api.w.org\/{rel}","templated":true}]}}