{"id":2096,"date":"2024-07-02T12:13:29","date_gmt":"2024-07-02T16:13:29","guid":{"rendered":"https:\/\/clientesbrandbits.click\/?p=2096"},"modified":"2024-07-02T12:15:07","modified_gmt":"2024-07-02T16:15:07","slug":"cate-blanchett-recibira-el-premio-a-la-trayectoria-en-el-festival-de-toronto","status":"publish","type":"post","link":"https:\/\/clientesbrandbits.click\/en\/cate-blanchett-recibira-el-premio-a-la-trayectoria-en-el-festival-de-toronto\/","title":{"rendered":"Cate Blanchett recibir\u00e1 el premio a la trayectoria en el Festival de Toronto"},"content":{"rendered":"<p style=\"text-align: justify;\">El Festival de cine de Toronto (TIFF) a celebrarse desde el 5 de septiembre en Canad\u00e1, har\u00e1 un homenaje a la actriz Cate Blanquett por la importancia que ha tenido su carrera en el s\u00e9ptimo arte con el \u00abGroundbreaking Award\u00bb.<\/p>\n<p style=\"text-align: justify;\">La dos veces ganadora del Oscar, estar\u00e1 tambi\u00e9n en una conversaci\u00f3n con el p\u00fablico en el marco de la edici\u00f3n n\u00famero 2024 del <span style=\"color: #ff00ff;\"><a style=\"color: #ff00ff;\" href=\"https:\/\/www.tiff.net\/\">Festival de Cine de Toronto<\/a><\/span> y hay que destacar que el premio que se le otorga se da a mujeres que han logrado trayectorias exitosas e influyentes en la industria del cine.<\/p>\n<p style=\"text-align: justify;\">El homenaje se realizar\u00e1 el d\u00eda 8 de septiembre en el Fairmont Royal York Hotel que est\u00e1 en el centro de la ciudad. El CEO de TIFF se refiri\u00f3 a Cate Blanchett como \u00abuna maravilla\u00bb, continu\u00f3 diciendo que la actriz es uno de las mejores en la historia del cine y que siempre ha mostrado su rango y audacia en la pantalla.<\/p>\n<p style=\"text-align: justify;\">El premio se inspir\u00f3 en la iniciativa del mismo festival que promueve la paridad de genero, la inclusi\u00f3n de la mujer en cada espacio de la industria filmica, su apoyo para crear diferencias y fomento de proyectos para dejar que brillen en el sector del s\u00e9ptimo arte. <strong>Sabemos que la actriz, incluso promueve estos valores fuera de la pantalla grande y la industria del cine siendo la cara visible de diferentes ONGs que promueven nuevas voces de minor\u00edas para relevar sus historias y que lleguen a crear impacto mundial, por lo que este premio se vuelve una extensi\u00f3n de lo que la representa.<\/strong><\/p>\n<p style=\"text-align: justify;\">Recordemos que en el reciente certamen del Festival de Cine de Cannes lider\u00f3 un panel sobre la promoci\u00f3n de historias de migrantes de las Naciones Unidas y tambi\u00e9n ser\u00e1 homenajeada en el Festival de Cine de Venecia en esta edici\u00f3n n\u00famero 2024. Nada m\u00e1s que exitos para la actriz australiana que ha logrado ganarse un espacio en la c\u00fapula de la actuaci\u00f3n mundial.<\/p>\n<p><img fetchpriority=\"high\" decoding=\"async\" class=\"aligncenter wp-image-1317 size-large\" src=\"https:\/\/clientesbrandbits.click\/wp-content\/uploads\/2024\/05\/portada-real-articulo14-23-1200x800-1-1024x683.jpg\" alt=\"\" width=\"1024\" height=\"683\" srcset=\"https:\/\/clientesbrandbits.click\/wp-content\/uploads\/2024\/05\/portada-real-articulo14-23-1200x800-1-1024x683.jpg 1024w, https:\/\/clientesbrandbits.click\/wp-content\/uploads\/2024\/05\/portada-real-articulo14-23-1200x800-1-300x200.jpg 300w, https:\/\/clientesbrandbits.click\/wp-content\/uploads\/2024\/05\/portada-real-articulo14-23-1200x800-1-768x512.jpg 768w, https:\/\/clientesbrandbits.click\/wp-content\/uploads\/2024\/05\/portada-real-articulo14-23-1200x800-1-18x12.jpg 18w, https:\/\/clientesbrandbits.click\/wp-content\/uploads\/2024\/05\/portada-real-articulo14-23-1200x800-1.jpg 1200w\" sizes=\"(max-width: 1024px) 100vw, 1024px\" \/><\/p>\n<p style=\"text-align: justify;\">Las \u00faltimas pel\u00edculas que ha realizado incluyen la multinominada <span style=\"color: #ff00ff;\">\u00abT\u00c1R\u00bb<\/span> donde en un papel que la llevo a los extremos de la perfecci\u00f3n dirige una exclusiva orquesta sinf\u00f3nica de Alemania, una de las mejores del mundo, mostr\u00e1ndose como una mujer implacable, de pr\u00e1cticas cuestionables y de una ambici\u00f3n gigantesca. Este a\u00f1o y recientemente estrenada en el Festival de Cannes se le podr\u00e1 ver en \u00abRumours\u00bb de Guy Maddin en un absurdo (e hilarante) mundo del G7.<\/p>\n<p style=\"text-align: justify;\">El a\u00f1o pasado este premio lo recibi\u00f3 Patricia Arquett y en el a\u00f1o 2022 Michelle Yeoh.<\/p>","protected":false},"excerpt":{"rendered":"<p>El Festival de cine de Toronto (TIFF) a celebrarse desde el 5 de septiembre en Canad\u00e1, har\u00e1 un homenaje a la actriz Cate Blanquett por la importancia que ha tenido su carrera en el s\u00e9ptimo arte con el \u00abGroundbreaking Award\u00bb. &#8230; <a title=\"Cate Blanchett recibir\u00e1 el premio a la trayectoria en el Festival de Toronto\" class=\"read-more\" href=\"https:\/\/clientesbrandbits.click\/en\/cate-blanchett-recibira-el-premio-a-la-trayectoria-en-el-festival-de-toronto\/\" aria-label=\"Read more about Cate Blanchett recibir\u00e1 el premio a la trayectoria en el Festival de Toronto\">Read More<\/a><\/p>","protected":false},"author":3,"featured_media":2099,"comment_status":"closed","ping_status":"closed","sticky":false,"template":"","format":"standard","meta":{"_joinchat":[],"footnotes":""},"categories":[11],"tags":[172,171],"class_list":["post-2096","post","type-post","status-publish","format-standard","has-post-thumbnail","hentry","category-festivales-de-cine","tag-cate-blanchett","tag-tiff","infinite-scroll-item"],"yoast_head":"<!-- This site is optimized with the Yoast SEO plugin v22.8 - https:\/\/yoast.com\/wordpress\/plugins\/seo\/ -->\n<title>Cate Blanchett recibir\u00e1 el premio a la trayectoria en el Festival de Toronto - Spanglish Cinema<\/title>\n<meta name=\"description\" content=\"El Festival de cine de Toronto (TIFF) a celebrarse desde el 5 de septiembre en Canad\u00e1, har\u00e1 un homenaje a la actriz Cate Blanquett por la importancia que ha tenido su carrera en el s\u00e9ptimo arte con el &quot;Groundbreaking Award&quot;.\" \/>\n<meta name=\"robots\" content=\"index, follow, max-snippet:-1, max-image-preview:large, max-video-preview:-1\" \/>\n<link rel=\"canonical\" href=\"https:\/\/clientesbrandbits.click\/en\/cate-blanchett-recibira-el-premio-a-la-trayectoria-en-el-festival-de-toronto\/\" \/>\n<meta property=\"og:locale\" content=\"en_US\" \/>\n<meta property=\"og:type\" content=\"article\" \/>\n<meta property=\"og:title\" content=\"Cate Blanchett recibir\u00e1 el premio a la trayectoria en el Festival de Toronto - Spanglish Cinema\" \/>\n<meta property=\"og:description\" content=\"El Festival de cine de Toronto (TIFF) a celebrarse desde el 5 de septiembre en Canad\u00e1, har\u00e1 un homenaje a la actriz Cate Blanquett por la importancia que ha tenido su carrera en el s\u00e9ptimo arte con el &quot;Groundbreaking Award&quot;.\" \/>\n<meta property=\"og:url\" content=\"https:\/\/clientesbrandbits.click\/en\/cate-blanchett-recibira-el-premio-a-la-trayectoria-en-el-festival-de-toronto\/\" \/>\n<meta property=\"og:site_name\" content=\"Spanglish Cinema\" \/>\n<meta property=\"article:published_time\" content=\"2024-07-02T16:13:29+00:00\" \/>\n<meta property=\"article:modified_time\" content=\"2024-07-02T16:15:07+00:00\" \/>\n<meta property=\"og:image\" content=\"https:\/\/clientesbrandbits.click\/wp-content\/uploads\/2024\/07\/Cate-Blanchett1.jpg\" \/>\n\t<meta property=\"og:image:width\" content=\"2000\" \/>\n\t<meta property=\"og:image:height\" content=\"1125\" \/>\n\t<meta property=\"og:image:type\" content=\"image\/jpeg\" \/>\n<meta name=\"author\" content=\"Spanglish Cinema Team\" \/>\n<meta name=\"twitter:card\" content=\"summary_large_image\" \/>\n<meta name=\"twitter:label1\" content=\"Written by\" \/>\n\t<meta name=\"twitter:data1\" content=\"Spanglish Cinema Team\" \/>\n\t<meta name=\"twitter:label2\" content=\"Est. reading time\" \/>\n\t<meta name=\"twitter:data2\" content=\"3 minutes\" \/>\n<script type=\"application\/ld+json\" class=\"yoast-schema-graph\">{\"@context\":\"https:\/\/schema.org\",\"@graph\":[{\"@type\":\"Article\",\"@id\":\"https:\/\/clientesbrandbits.click\/cate-blanchett-recibira-el-premio-a-la-trayectoria-en-el-festival-de-toronto\/#article\",\"isPartOf\":{\"@id\":\"https:\/\/clientesbrandbits.click\/cate-blanchett-recibira-el-premio-a-la-trayectoria-en-el-festival-de-toronto\/\"},\"author\":{\"name\":\"Spanglish Cinema Team\",\"@id\":\"https:\/\/clientesbrandbits.click\/#\/schema\/person\/678f0477e0f075fdf24e58e342ca80f1\"},\"headline\":\"Cate Blanchett recibir\u00e1 el premio a la trayectoria en el Festival de Toronto\",\"datePublished\":\"2024-07-02T16:13:29+00:00\",\"dateModified\":\"2024-07-02T16:15:07+00:00\",\"mainEntityOfPage\":{\"@id\":\"https:\/\/clientesbrandbits.click\/cate-blanchett-recibira-el-premio-a-la-trayectoria-en-el-festival-de-toronto\/\"},\"wordCount\":451,\"publisher\":{\"@id\":\"https:\/\/clientesbrandbits.click\/#organization\"},\"image\":{\"@id\":\"https:\/\/clientesbrandbits.click\/cate-blanchett-recibira-el-premio-a-la-trayectoria-en-el-festival-de-toronto\/#primaryimage\"},\"thumbnailUrl\":\"https:\/\/clientesbrandbits.click\/wp-content\/uploads\/2024\/07\/Cate-Blanchett1.jpg\",\"keywords\":[\"Cate Blanchett\",\"TIFF\"],\"articleSection\":[\"Festivales de Cine\"],\"inLanguage\":\"en-US\"},{\"@type\":\"WebPage\",\"@id\":\"https:\/\/clientesbrandbits.click\/cate-blanchett-recibira-el-premio-a-la-trayectoria-en-el-festival-de-toronto\/\",\"url\":\"https:\/\/clientesbrandbits.click\/cate-blanchett-recibira-el-premio-a-la-trayectoria-en-el-festival-de-toronto\/\",\"name\":\"Cate Blanchett recibir\u00e1 el premio a la trayectoria en el Festival de Toronto - Spanglish Cinema\",\"isPartOf\":{\"@id\":\"https:\/\/clientesbrandbits.click\/#website\"},\"primaryImageOfPage\":{\"@id\":\"https:\/\/clientesbrandbits.click\/cate-blanchett-recibira-el-premio-a-la-trayectoria-en-el-festival-de-toronto\/#primaryimage\"},\"image\":{\"@id\":\"https:\/\/clientesbrandbits.click\/cate-blanchett-recibira-el-premio-a-la-trayectoria-en-el-festival-de-toronto\/#primaryimage\"},\"thumbnailUrl\":\"https:\/\/clientesbrandbits.click\/wp-content\/uploads\/2024\/07\/Cate-Blanchett1.jpg\",\"datePublished\":\"2024-07-02T16:13:29+00:00\",\"dateModified\":\"2024-07-02T16:15:07+00:00\",\"description\":\"El Festival de cine de Toronto (TIFF) a celebrarse desde el 5 de septiembre en Canad\u00e1, har\u00e1 un homenaje a la actriz Cate Blanquett por la importancia que ha tenido su carrera en el s\u00e9ptimo arte con el \\\"Groundbreaking Award\\\".\",\"breadcrumb\":{\"@id\":\"https:\/\/clientesbrandbits.click\/cate-blanchett-recibira-el-premio-a-la-trayectoria-en-el-festival-de-toronto\/#breadcrumb\"},\"inLanguage\":\"en-US\",\"potentialAction\":[{\"@type\":\"ReadAction\",\"target\":[\"https:\/\/clientesbrandbits.click\/cate-blanchett-recibira-el-premio-a-la-trayectoria-en-el-festival-de-toronto\/\"]}]},{\"@type\":\"ImageObject\",\"inLanguage\":\"en-US\",\"@id\":\"https:\/\/clientesbrandbits.click\/cate-blanchett-recibira-el-premio-a-la-trayectoria-en-el-festival-de-toronto\/#primaryimage\",\"url\":\"https:\/\/clientesbrandbits.click\/wp-content\/uploads\/2024\/07\/Cate-Blanchett1.jpg\",\"contentUrl\":\"https:\/\/clientesbrandbits.click\/wp-content\/uploads\/2024\/07\/Cate-Blanchett1.jpg\",\"width\":2000,\"height\":1125},{\"@type\":\"BreadcrumbList\",\"@id\":\"https:\/\/clientesbrandbits.click\/cate-blanchett-recibira-el-premio-a-la-trayectoria-en-el-festival-de-toronto\/#breadcrumb\",\"itemListElement\":[{\"@type\":\"ListItem\",\"position\":1,\"name\":\"Portada\",\"item\":\"https:\/\/clientesbrandbits.click\/\"},{\"@type\":\"ListItem\",\"position\":2,\"name\":\"Cate Blanchett recibir\u00e1 el premio a la trayectoria en el Festival de Toronto\"}]},{\"@type\":\"WebSite\",\"@id\":\"https:\/\/clientesbrandbits.click\/#website\",\"url\":\"https:\/\/clientesbrandbits.click\/\",\"name\":\"Spanglish Cinema\",\"description\":\"\",\"publisher\":{\"@id\":\"https:\/\/clientesbrandbits.click\/#organization\"},\"potentialAction\":[{\"@type\":\"SearchAction\",\"target\":{\"@type\":\"EntryPoint\",\"urlTemplate\":\"https:\/\/clientesbrandbits.click\/?s={search_term_string}\"},\"query-input\":\"required name=search_term_string\"}],\"inLanguage\":\"en-US\"},{\"@type\":\"Organization\",\"@id\":\"https:\/\/clientesbrandbits.click\/#organization\",\"name\":\"Spanglish Cinema\",\"url\":\"https:\/\/clientesbrandbits.click\/\",\"logo\":{\"@type\":\"ImageObject\",\"inLanguage\":\"en-US\",\"@id\":\"https:\/\/clientesbrandbits.click\/#\/schema\/logo\/image\/\",\"url\":\"https:\/\/clientesbrandbits.click\/wp-content\/uploads\/2024\/03\/spanglish_cinema.png\",\"contentUrl\":\"https:\/\/clientesbrandbits.click\/wp-content\/uploads\/2024\/03\/spanglish_cinema.png\",\"width\":612,\"height\":225,\"caption\":\"Spanglish Cinema\"},\"image\":{\"@id\":\"https:\/\/clientesbrandbits.click\/#\/schema\/logo\/image\/\"}},{\"@type\":\"Person\",\"@id\":\"https:\/\/clientesbrandbits.click\/#\/schema\/person\/678f0477e0f075fdf24e58e342ca80f1\",\"name\":\"Spanglish Cinema Team\",\"image\":{\"@type\":\"ImageObject\",\"inLanguage\":\"en-US\",\"@id\":\"https:\/\/clientesbrandbits.click\/#\/schema\/person\/image\/\",\"url\":\"https:\/\/secure.gravatar.com\/avatar\/3eef20e32ea53867d5b6a361c9e8e2ee?s=96&d=mm&r=g\",\"contentUrl\":\"https:\/\/secure.gravatar.com\/avatar\/3eef20e32ea53867d5b6a361c9e8e2ee?s=96&d=mm&r=g\",\"caption\":\"Spanglish Cinema Team\"},\"url\":\"https:\/\/clientesbrandbits.click\/en\/author\/spanglish-cinema\/\"}]}<\/script>\n<!-- \/ Yoast SEO plugin. -->","yoast_head_json":{"title":"Cate Blanchett recibir\u00e1 el premio a la trayectoria en el Festival de Toronto - Spanglish Cinema","description":"El Festival de cine de Toronto (TIFF) a celebrarse desde el 5 de septiembre en Canad\u00e1, har\u00e1 un homenaje a la actriz Cate Blanquett por la importancia que ha tenido su carrera en el s\u00e9ptimo arte con el \"Groundbreaking Award\".","robots":{"index":"index","follow":"follow","max-snippet":"max-snippet:-1","max-image-preview":"max-image-preview:large","max-video-preview":"max-video-preview:-1"},"canonical":"https:\/\/clientesbrandbits.click\/en\/cate-blanchett-recibira-el-premio-a-la-trayectoria-en-el-festival-de-toronto\/","og_locale":"en_US","og_type":"article","og_title":"Cate Blanchett recibir\u00e1 el premio a la trayectoria en el Festival de Toronto - Spanglish Cinema","og_description":"El Festival de cine de Toronto (TIFF) a celebrarse desde el 5 de septiembre en Canad\u00e1, har\u00e1 un homenaje a la actriz Cate Blanquett por la importancia que ha tenido su carrera en el s\u00e9ptimo arte con el \"Groundbreaking Award\".","og_url":"https:\/\/clientesbrandbits.click\/en\/cate-blanchett-recibira-el-premio-a-la-trayectoria-en-el-festival-de-toronto\/","og_site_name":"Spanglish Cinema","article_published_time":"2024-07-02T16:13:29+00:00","article_modified_time":"2024-07-02T16:15:07+00:00","og_image":[{"width":2000,"height":1125,"url":"https:\/\/clientesbrandbits.click\/wp-content\/uploads\/2024\/07\/Cate-Blanchett1.jpg","type":"image\/jpeg"}],"author":"Spanglish Cinema Team","twitter_card":"summary_large_image","twitter_misc":{"Written by":"Spanglish Cinema Team","Est. reading time":"3 minutes"},"schema":{"@context":"https:\/\/schema.org","@graph":[{"@type":"Article","@id":"https:\/\/clientesbrandbits.click\/cate-blanchett-recibira-el-premio-a-la-trayectoria-en-el-festival-de-toronto\/#article","isPartOf":{"@id":"https:\/\/clientesbrandbits.click\/cate-blanchett-recibira-el-premio-a-la-trayectoria-en-el-festival-de-toronto\/"},"author":{"name":"Spanglish Cinema Team","@id":"https:\/\/clientesbrandbits.click\/#\/schema\/person\/678f0477e0f075fdf24e58e342ca80f1"},"headline":"Cate Blanchett recibir\u00e1 el premio a la trayectoria en el Festival de Toronto","datePublished":"2024-07-02T16:13:29+00:00","dateModified":"2024-07-02T16:15:07+00:00","mainEntityOfPage":{"@id":"https:\/\/clientesbrandbits.click\/cate-blanchett-recibira-el-premio-a-la-trayectoria-en-el-festival-de-toronto\/"},"wordCount":451,"publisher":{"@id":"https:\/\/clientesbrandbits.click\/#organization"},"image":{"@id":"https:\/\/clientesbrandbits.click\/cate-blanchett-recibira-el-premio-a-la-trayectoria-en-el-festival-de-toronto\/#primaryimage"},"thumbnailUrl":"https:\/\/clientesbrandbits.click\/wp-content\/uploads\/2024\/07\/Cate-Blanchett1.jpg","keywords":["Cate Blanchett","TIFF"],"articleSection":["Festivales de Cine"],"inLanguage":"en-US"},{"@type":"WebPage","@id":"https:\/\/clientesbrandbits.click\/cate-blanchett-recibira-el-premio-a-la-trayectoria-en-el-festival-de-toronto\/","url":"https:\/\/clientesbrandbits.click\/cate-blanchett-recibira-el-premio-a-la-trayectoria-en-el-festival-de-toronto\/","name":"Cate Blanchett recibir\u00e1 el premio a la trayectoria en el Festival de Toronto - Spanglish Cinema","isPartOf":{"@id":"https:\/\/clientesbrandbits.click\/#website"},"primaryImageOfPage":{"@id":"https:\/\/clientesbrandbits.click\/cate-blanchett-recibira-el-premio-a-la-trayectoria-en-el-festival-de-toronto\/#primaryimage"},"image":{"@id":"https:\/\/clientesbrandbits.click\/cate-blanchett-recibira-el-premio-a-la-trayectoria-en-el-festival-de-toronto\/#primaryimage"},"thumbnailUrl":"https:\/\/clientesbrandbits.click\/wp-content\/uploads\/2024\/07\/Cate-Blanchett1.jpg","datePublished":"2024-07-02T16:13:29+00:00","dateModified":"2024-07-02T16:15:07+00:00","description":"El Festival de cine de Toronto (TIFF) a celebrarse desde el 5 de septiembre en Canad\u00e1, har\u00e1 un homenaje a la actriz Cate Blanquett por la importancia que ha tenido su carrera en el s\u00e9ptimo arte con el \"Groundbreaking Award\".","breadcrumb":{"@id":"https:\/\/clientesbrandbits.click\/cate-blanchett-recibira-el-premio-a-la-trayectoria-en-el-festival-de-toronto\/#breadcrumb"},"inLanguage":"en-US","potentialAction":[{"@type":"ReadAction","target":["https:\/\/clientesbrandbits.click\/cate-blanchett-recibira-el-premio-a-la-trayectoria-en-el-festival-de-toronto\/"]}]},{"@type":"ImageObject","inLanguage":"en-US","@id":"https:\/\/clientesbrandbits.click\/cate-blanchett-recibira-el-premio-a-la-trayectoria-en-el-festival-de-toronto\/#primaryimage","url":"https:\/\/clientesbrandbits.click\/wp-content\/uploads\/2024\/07\/Cate-Blanchett1.jpg","contentUrl":"https:\/\/clientesbrandbits.click\/wp-content\/uploads\/2024\/07\/Cate-Blanchett1.jpg","width":2000,"height":1125},{"@type":"BreadcrumbList","@id":"https:\/\/clientesbrandbits.click\/cate-blanchett-recibira-el-premio-a-la-trayectoria-en-el-festival-de-toronto\/#breadcrumb","itemListElement":[{"@type":"ListItem","position":1,"name":"Portada","item":"https:\/\/clientesbrandbits.click\/"},{"@type":"ListItem","position":2,"name":"Cate Blanchett recibir\u00e1 el premio a la trayectoria en el Festival de Toronto"}]},{"@type":"WebSite","@id":"https:\/\/clientesbrandbits.click\/#website","url":"https:\/\/clientesbrandbits.click\/","name":"Spanglish Cinema","description":"","publisher":{"@id":"https:\/\/clientesbrandbits.click\/#organization"},"potentialAction":[{"@type":"SearchAction","target":{"@type":"EntryPoint","urlTemplate":"https:\/\/clientesbrandbits.click\/?s={search_term_string}"},"query-input":"required name=search_term_string"}],"inLanguage":"en-US"},{"@type":"Organization","@id":"https:\/\/clientesbrandbits.click\/#organization","name":"Spanglish Cinema","url":"https:\/\/clientesbrandbits.click\/","logo":{"@type":"ImageObject","inLanguage":"en-US","@id":"https:\/\/clientesbrandbits.click\/#\/schema\/logo\/image\/","url":"https:\/\/clientesbrandbits.click\/wp-content\/uploads\/2024\/03\/spanglish_cinema.png","contentUrl":"https:\/\/clientesbrandbits.click\/wp-content\/uploads\/2024\/03\/spanglish_cinema.png","width":612,"height":225,"caption":"Spanglish Cinema"},"image":{"@id":"https:\/\/clientesbrandbits.click\/#\/schema\/logo\/image\/"}},{"@type":"Person","@id":"https:\/\/clientesbrandbits.click\/#\/schema\/person\/678f0477e0f075fdf24e58e342ca80f1","name":"Spanglish Cinema Team","image":{"@type":"ImageObject","inLanguage":"en-US","@id":"https:\/\/clientesbrandbits.click\/#\/schema\/person\/image\/","url":"https:\/\/secure.gravatar.com\/avatar\/3eef20e32ea53867d5b6a361c9e8e2ee?s=96&d=mm&r=g","contentUrl":"https:\/\/secure.gravatar.com\/avatar\/3eef20e32ea53867d5b6a361c9e8e2ee?s=96&d=mm&r=g","caption":"Spanglish Cinema Team"},"url":"https:\/\/clientesbrandbits.click\/en\/author\/spanglish-cinema\/"}]}},"_links":{"self":[{"href":"https:\/\/clientesbrandbits.click\/en\/wp-json\/wp\/v2\/posts\/2096"}],"collection":[{"href":"https:\/\/clientesbrandbits.click\/en\/wp-json\/wp\/v2\/posts"}],"about":[{"href":"https:\/\/clientesbrandbits.click\/en\/wp-json\/wp\/v2\/types\/post"}],"author":[{"embeddable":true,"href":"https:\/\/clientesbrandbits.click\/en\/wp-json\/wp\/v2\/users\/3"}],"replies":[{"embeddable":true,"href":"https:\/\/clientesbrandbits.click\/en\/wp-json\/wp\/v2\/comments?post=2096"}],"version-history":[{"count":1,"href":"https:\/\/clientesbrandbits.click\/en\/wp-json\/wp\/v2\/posts\/2096\/revisions"}],"predecessor-version":[{"id":2098,"href":"https:\/\/clientesbrandbits.click\/en\/wp-json\/wp\/v2\/posts\/2096\/revisions\/2098"}],"wp:featuredmedia":[{"embeddable":true,"href":"https:\/\/clientesbrandbits.click\/en\/wp-json\/wp\/v2\/media\/2099"}],"wp:attachment":[{"href":"https:\/\/clientesbrandbits.click\/en\/wp-json\/wp\/v2\/media?parent=2096"}],"wp:term":[{"taxonomy":"category","embeddable":true,"href":"https:\/\/clientesbrandbits.click\/en\/wp-json\/wp\/v2\/categories?post=2096"},{"taxonomy":"post_tag","embeddable":true,"href":"https:\/\/clientesbrandbits.click\/en\/wp-json\/wp\/v2\/tags?post=2096"}],"curies":[{"name":"wp","href":"https:\/\/api.w.org\/{rel}","templated":true}]}}