{"id":2028,"date":"2024-06-27T19:42:27","date_gmt":"2024-06-27T23:42:27","guid":{"rendered":"https:\/\/clientesbrandbits.click\/?p=2028"},"modified":"2024-06-28T16:48:30","modified_gmt":"2024-06-28T20:48:30","slug":"en-julio-mubi-estrena-la-pelicula-chilena-las-demas","status":"publish","type":"post","link":"https:\/\/clientesbrandbits.click\/en\/en-julio-mubi-estrena-la-pelicula-chilena-las-demas\/","title":{"rendered":"En julio Mubi estrena la pel\u00edcula chilena \u00abLas dem\u00e1s\u00bb"},"content":{"rendered":"<p style=\"text-align: justify;\">Este mes de julio MUBI trae un par de cortometrajes aclamados como <strong>DAMMI<\/strong>, de Yann Demange, protagonizado por Riz Ahmed (Sound of Metal) como un londinense que viaja a Par\u00eds en busca de sus ra\u00edces \u00e1rabes perdidas, adem\u00e1s de <strong>SHROOMS<\/strong>, del portugu\u00e9s Jorge J\u00e1come, obra que destaca por su narrativa \u00edntima, su banda sonora \u00fanica y su cautivadora cinematograf\u00eda en Super 16mm. En la categor\u00eda Re-Descubrimientos hay un rescate en 4K de <strong>CROSSING THE BRIDGE\u2013THE SOUND OF ISTANBUL<\/strong>, odisea musical dirigida por el gran Fatih Akin. Y a la luz de los juegos ol\u00edmpicos que se llevar\u00e1n a cabo este mes en Par\u00eds, se estrenar\u00e1 <strong>LIFE IS NOT A COMPETITION, BUT I&#8217;M WINNING<\/strong>, pel\u00edcula dirigida por Julia Fuhr Mann que desaf\u00eda los estereotipos de g\u00e9nero al promover la inclusi\u00f3n de cuerpos queer, femeninos, no binarios y atletas de color.<\/p>\n<p><strong>Destacados Mubi<\/strong><\/p>\n<p style=\"text-align: justify;\">En julio tambi\u00e9n se suman t\u00edtulos a especiales ya consolidados como \u00abSube el volumen: La m\u00fasica en el cine\u00bb, con el estreno de \u00a0REWIND &amp; PLAY, de Alain Gomis, un revelador documental sobre Thelonious Monk y su entrevista en Par\u00eds en 1969, adem\u00e1s de CONTROL, de Anton Corbijn, centrada en la oscura vida y obra de Ian Curtis, l\u00edder de Joy Division.<\/p>\n<p>La colecci\u00f3n \u00abLa Nouvelle Vague y las calles de Par\u00eds\u00bb celebra el cine franc\u00e9s con t\u00edtulos esenciales. Las pel\u00edculas INLAND EMPIRE y MULHOLLAND DRIVE se suman a la colecci\u00f3n de David Lynch. Destaca un especial sobre el inconformista Marco Bellocchio, quien sigue filmando a sus 84 a\u00f1os de edad. Y se suman al cat\u00e1logo dos estrenos exclusivos: la pel\u00edcula chilena LAS DEMAS, de Alexandra Hyland, estrenada en Rotterdam, y AS BESTAS, de Rodrigo Sorogoyen, largometraje que gan\u00f3 9 premios Goya y el galard\u00f3n a Mejor Pel\u00edcula Europea en San Sebasti\u00e1n.<\/p>\n<p><strong>Exclusivos Mubi\u00a0<\/strong><\/p>\n<p style=\"text-align: justify;\">El vibrante mundo de Jorge J\u00e1come florece con SHROOMS (2023), donde Dan, un joven venezolano en Lisboa, recolecta y distribuye hongos m\u00e1gicos para ayudar a personas deprimidas. Este cortometraje destaca por su narrativa \u00edntima, su banda sonora \u00fanica y su cautivadora cinematograf\u00eda en Super 16mm, explorando las cualidades medicinales de la psilocibina.<\/p>\n<p style=\"text-align: justify;\">En la \u00edntima, divertida y fascinante, THIS CLOSENESS, seguimos las crecientes tensiones de una pareja cuya tenue relaci\u00f3n entra en nuevos territorios cuando se alojan en casa de un anfitri\u00f3n solitario. El segundo largometraje de Kit Zahaur, una de las j\u00f3venes cineastas m\u00e1s apasionantes de Estados Unidos, es un chamber drama que oscila entre la comedia y el thriller er\u00f3tico.<\/p>\n<p><a href=\"https:\/\/agenciasangre.us4.list-manage.com\/track\/click?u=a3e19d46c7c40842548b8b24f&amp;id=85c675c1cd&amp;e=46e4f798a0\" target=\"_blank\" rel=\"noopener\" data-saferedirecturl=\"https:\/\/www.google.com\/url?q=https:\/\/agenciasangre.us4.list-manage.com\/track\/click?u%3Da3e19d46c7c40842548b8b24f%26id%3D85c675c1cd%26e%3D46e4f798a0&amp;source=gmail&amp;ust=1719674384936000&amp;usg=AOvVaw1xLmLms5G8rUEABrZ-c56t\">THIS CLOSENESS<\/a>\u00a0&#8211; 7 de julio<\/p>\n<p style=\"text-align: justify;\">El galardonado cineasta Fatih Akin revisita su documental del 2005, CROSSING THE BRIDGE \u2013 THE SOUND OF ISTANBUL, con esta reedici\u00f3n remasterizada en 4K. Narrada por el m\u00fasico alem\u00e1n Alexander Hacke, la pel\u00edcula es una odisea musical a trav\u00e9s de Estambul que traza un retrato de la rica y ecl\u00e9ctica historia musical de la ciudad. Con entrevistas \u00edntimas, actuaciones callejeras y encuentros personales, esta pel\u00edcula demuestra la destreza de Akin para ofrecer una mirada al alma de una ciudad en la que historia y modernidad se funden a la perfecci\u00f3n.<\/p>\n<p><a href=\"https:\/\/agenciasangre.us4.list-manage.com\/track\/click?u=a3e19d46c7c40842548b8b24f&amp;id=adaf655443&amp;e=46e4f798a0\" target=\"_blank\" rel=\"noopener\" data-saferedirecturl=\"https:\/\/www.google.com\/url?q=https:\/\/agenciasangre.us4.list-manage.com\/track\/click?u%3Da3e19d46c7c40842548b8b24f%26id%3Dadaf655443%26e%3D46e4f798a0&amp;source=gmail&amp;ust=1719674384937000&amp;usg=AOvVaw3zqGqQUgQnMJwwCwdnPXhg\">CROSSING THE BRIDGE \u2013 THE SOUND OF ISTANBUL<\/a>\u00a0&#8211; 5 de julio<\/p>\n<p style=\"text-align: justify;\">DAMMI, protagonizada por Riz Ahmed y dirigida por Yann Demange, narra el viaje emocional de un londinense que regresa a Par\u00eds en busca de sus ra\u00edces \u00e1rabes perdidas. A trav\u00e9s de una narrativa que entrelaza recuerdos del pasado con fragmentos surrealistas en las calles parisinas, el cortometraje explora miedos y el proceso de reconectar con la identidad. Enmarcada en una visualizaci\u00f3n evocadora, DAMMI redefine el significado de pertenencia a trav\u00e9s de la experiencia migratoria.<\/p>\n<p><a href=\"https:\/\/agenciasangre.us4.list-manage.com\/track\/click?u=a3e19d46c7c40842548b8b24f&amp;id=d61186fac8&amp;e=46e4f798a0\" target=\"_blank\" rel=\"noopener\" data-saferedirecturl=\"https:\/\/www.google.com\/url?q=https:\/\/agenciasangre.us4.list-manage.com\/track\/click?u%3Da3e19d46c7c40842548b8b24f%26id%3Dd61186fac8%26e%3D46e4f798a0&amp;source=gmail&amp;ust=1719674384937000&amp;usg=AOvVaw2YBIR5Qm2uq9KnD7-_Pvjc\">DAMMI<\/a>\u00a0&#8211; 12 de julio<\/p>\n<p>Con una narrativa visual cautivante, LAS DEM\u00c1S de Alexandra Hyland llega a MUBI tras su estreno en el Festival de Cine de Rotterdam. Con humor y frescura LAS DEM\u00c1S narra la historia de Rafaela y Gabriela, quienes se enfrentan a un desaf\u00edo inesperado: un embarazo no deseado en un pa\u00eds donde el aborto es ilegal. Atravesando diversas aventuras, Hyland explora temas controversiales sin prejuicios ni concesiones, creando una atm\u00f3sfera que invita a la reflexi\u00f3n con un lenguaje innovador desde la realidad chilena.<\/p>\n<p><a href=\"https:\/\/agenciasangre.us4.list-manage.com\/track\/click?u=a3e19d46c7c40842548b8b24f&amp;id=eb9cf6c8c9&amp;e=46e4f798a0\" target=\"_blank\" rel=\"noopener\" data-saferedirecturl=\"https:\/\/www.google.com\/url?q=https:\/\/agenciasangre.us4.list-manage.com\/track\/click?u%3Da3e19d46c7c40842548b8b24f%26id%3Deb9cf6c8c9%26e%3D46e4f798a0&amp;source=gmail&amp;ust=1719674384937000&amp;usg=AOvVaw2Tnyo174k1TYVOWrTDKHy-\">LAS DEM\u00c1S<\/a> &#8211; 19 de julio.<\/p>\n<p style=\"text-align: justify;\">AS BESTAS, dirigida por Rodrigo Sorogoyen, llega a MUBI en julio como un drama rural basado en un caso real que explora la egolatr\u00eda y el machismo. Destaca por su tensi\u00f3n inquebrantable y la habilidad para mezclar realismo con par\u00e1bolas universales. Con actuaciones destacadas y una direcci\u00f3n que captura la esencia de la Galicia rural, la pel\u00edcula ofrece un estudio penetrante sobre la resiliencia femenina frente a las tensiones xenof\u00f3bicas y culturales.<\/p>\n<p style=\"text-align: justify;\"><a href=\"https:\/\/agenciasangre.us4.list-manage.com\/track\/click?u=a3e19d46c7c40842548b8b24f&amp;id=9d2b815be9&amp;e=46e4f798a0\" target=\"_blank\" rel=\"noopener\" data-saferedirecturl=\"https:\/\/www.google.com\/url?q=https:\/\/agenciasangre.us4.list-manage.com\/track\/click?u%3Da3e19d46c7c40842548b8b24f%26id%3D9d2b815be9%26e%3D46e4f798a0&amp;source=gmail&amp;ust=1719674384937000&amp;usg=AOvVaw3nFRD70xJd84fkU1dngOq-\">AS BESTAS<\/a>\u00a0&#8211; 26 de julio<\/p>\n<p style=\"text-align: justify;\">LIFE IS NOT A COMPETITION, BUT I&#8217;M WINNING, dirigida por Julia Fuhr Mann, desaf\u00eda los estereotipos de g\u00e9nero en los Juegos Ol\u00edmpicos al promover la inclusi\u00f3n de cuerpos queer, femeninos, no binarios y atletas de color. Esta obra, realizada por un equipo exclusivamente femenino y queer, se destaca por combinar elementos de documental, ensayo, performance y declaraciones pol\u00edticas. La historia sigue a un colectivo de atletas queer que entran al Estadio Ol\u00edmpico de Atenas para rendir homenaje a aquellos que fueron excluidos del podio, cuestionando el lugar de quienes nunca tuvieron la oportunidad de participar en el juego<\/p>\n<p><a href=\"https:\/\/agenciasangre.us4.list-manage.com\/track\/click?u=a3e19d46c7c40842548b8b24f&amp;id=b3304d781d&amp;e=46e4f798a0\" target=\"_blank\" rel=\"noopener\" data-saferedirecturl=\"https:\/\/www.google.com\/url?q=https:\/\/agenciasangre.us4.list-manage.com\/track\/click?u%3Da3e19d46c7c40842548b8b24f%26id%3Db3304d781d%26e%3D46e4f798a0&amp;source=gmail&amp;ust=1719674384937000&amp;usg=AOvVaw3hX9T3d0H5v4FeB6trGWU3\">LIFE IS NOT A COMPETITION, BUT I&#8217;M WINNING<\/a> &#8211; 26 de julio.<\/p>\n<p><img fetchpriority=\"high\" decoding=\"async\" class=\"alignnone wp-image-2030 size-large\" src=\"https:\/\/clientesbrandbits.click\/wp-content\/uploads\/2024\/06\/unnamed-10-1-1024x576.jpg\" alt=\"\" width=\"1024\" height=\"576\" srcset=\"https:\/\/clientesbrandbits.click\/wp-content\/uploads\/2024\/06\/unnamed-10-1-1024x576.jpg 1024w, https:\/\/clientesbrandbits.click\/wp-content\/uploads\/2024\/06\/unnamed-10-1-300x169.jpg 300w, https:\/\/clientesbrandbits.click\/wp-content\/uploads\/2024\/06\/unnamed-10-1-768x432.jpg 768w, https:\/\/clientesbrandbits.click\/wp-content\/uploads\/2024\/06\/unnamed-10-1-18x10.jpg 18w, https:\/\/clientesbrandbits.click\/wp-content\/uploads\/2024\/06\/unnamed-10-1.jpg 1200w\" sizes=\"(max-width: 1024px) 100vw, 1024px\" \/><\/p>","protected":false},"excerpt":{"rendered":"<p>Este mes de julio MUBI trae un par de cortometrajes aclamados como DAMMI, de Yann Demange, protagonizado por Riz Ahmed (Sound of Metal) como un londinense que viaja a Par\u00eds en busca de sus ra\u00edces \u00e1rabes perdidas, adem\u00e1s de SHROOMS, &#8230; <a title=\"En julio Mubi estrena la pel\u00edcula chilena \u00abLas dem\u00e1s\u00bb\" class=\"read-more\" href=\"https:\/\/clientesbrandbits.click\/en\/en-julio-mubi-estrena-la-pelicula-chilena-las-demas\/\" aria-label=\"Read more about En julio Mubi estrena la pel\u00edcula chilena \u00abLas dem\u00e1s\u00bb\">Read More<\/a><\/p>","protected":false},"author":5,"featured_media":2029,"comment_status":"closed","ping_status":"closed","sticky":false,"template":"","format":"standard","meta":{"_joinchat":[],"footnotes":""},"categories":[10],"tags":[106],"class_list":["post-2028","post","type-post","status-publish","format-standard","has-post-thumbnail","hentry","category-films","tag-mubi","infinite-scroll-item"],"yoast_head":"<!-- This site is optimized with the Yoast SEO plugin v22.8 - https:\/\/yoast.com\/wordpress\/plugins\/seo\/ -->\n<title>En julio Mubi estrena la pel\u00edcula chilena &quot;Las dem\u00e1s&quot; - Spanglish Cinema<\/title>\n<meta name=\"description\" content=\"Este mes de julio MUBI trae un par de cortometrajes aclamados como DAMMI, de Yann Demange, protagonizado por Riz Ahmed (Sound of Metal) como un londinense que viaja a Par\u00eds en busca de sus ra\u00edces \u00e1rabes perdidas, adem\u00e1s de SHROOMS, del portugu\u00e9s Jorge J\u00e1come, obra que destaca por su narrativa \u00edntima, su banda sonora \u00fanica y su cautivadora cinematograf\u00eda en Super 16mm. En la categor\u00eda Re-Descubrimientos hay un rescate en 4K de CROSSING THE BRIDGE\u2013THE SOUND OF ISTANBUL, odisea musical dirigida por el gran Fatih Akin. Y a la luz de los juegos ol\u00edmpicos que se llevar\u00e1n a cabo este mes en Par\u00eds, se estrenar\u00e1 LIFE IS NOT A COMPETITION, BUT I&#039;M WINNING, pel\u00edcula dirigida por Julia Fuhr Mann que desaf\u00eda los estereotipos de g\u00e9nero al promover la inclusi\u00f3n de cuerpos queer, femeninos, no binarios y atletas de color.\" \/>\n<meta name=\"robots\" content=\"index, follow, max-snippet:-1, max-image-preview:large, max-video-preview:-1\" \/>\n<link rel=\"canonical\" href=\"https:\/\/clientesbrandbits.click\/en\/en-julio-mubi-estrena-la-pelicula-chilena-las-demas\/\" \/>\n<meta property=\"og:locale\" content=\"en_US\" \/>\n<meta property=\"og:type\" content=\"article\" \/>\n<meta property=\"og:title\" content=\"En julio Mubi estrena la pel\u00edcula chilena &quot;Las dem\u00e1s&quot; - Spanglish Cinema\" \/>\n<meta property=\"og:description\" content=\"Este mes de julio MUBI trae un par de cortometrajes aclamados como DAMMI, de Yann Demange, protagonizado por Riz Ahmed (Sound of Metal) como un londinense que viaja a Par\u00eds en busca de sus ra\u00edces \u00e1rabes perdidas, adem\u00e1s de SHROOMS, del portugu\u00e9s Jorge J\u00e1come, obra que destaca por su narrativa \u00edntima, su banda sonora \u00fanica y su cautivadora cinematograf\u00eda en Super 16mm. En la categor\u00eda Re-Descubrimientos hay un rescate en 4K de CROSSING THE BRIDGE\u2013THE SOUND OF ISTANBUL, odisea musical dirigida por el gran Fatih Akin. Y a la luz de los juegos ol\u00edmpicos que se llevar\u00e1n a cabo este mes en Par\u00eds, se estrenar\u00e1 LIFE IS NOT A COMPETITION, BUT I&#039;M WINNING, pel\u00edcula dirigida por Julia Fuhr Mann que desaf\u00eda los estereotipos de g\u00e9nero al promover la inclusi\u00f3n de cuerpos queer, femeninos, no binarios y atletas de color.\" \/>\n<meta property=\"og:url\" content=\"https:\/\/clientesbrandbits.click\/en\/en-julio-mubi-estrena-la-pelicula-chilena-las-demas\/\" \/>\n<meta property=\"og:site_name\" content=\"Spanglish Cinema\" \/>\n<meta property=\"article:published_time\" content=\"2024-06-27T23:42:27+00:00\" \/>\n<meta property=\"article:modified_time\" content=\"2024-06-28T20:48:30+00:00\" \/>\n<meta property=\"og:image\" content=\"https:\/\/clientesbrandbits.click\/wp-content\/uploads\/2024\/06\/unnamed-9-1.jpg\" \/>\n\t<meta property=\"og:image:width\" content=\"1200\" \/>\n\t<meta property=\"og:image:height\" content=\"675\" \/>\n\t<meta property=\"og:image:type\" content=\"image\/jpeg\" \/>\n<meta name=\"author\" content=\"Elizabeth Salazar\" \/>\n<meta name=\"twitter:card\" content=\"summary_large_image\" \/>\n<meta name=\"twitter:label1\" content=\"Written by\" \/>\n\t<meta name=\"twitter:data1\" content=\"Elizabeth Salazar\" \/>\n\t<meta name=\"twitter:label2\" content=\"Est. reading time\" \/>\n\t<meta name=\"twitter:data2\" content=\"5 minutes\" \/>\n<script type=\"application\/ld+json\" class=\"yoast-schema-graph\">{\"@context\":\"https:\/\/schema.org\",\"@graph\":[{\"@type\":\"Article\",\"@id\":\"https:\/\/clientesbrandbits.click\/en-julio-mubi-estrena-la-pelicula-chilena-las-demas\/#article\",\"isPartOf\":{\"@id\":\"https:\/\/clientesbrandbits.click\/en-julio-mubi-estrena-la-pelicula-chilena-las-demas\/\"},\"author\":{\"name\":\"Elizabeth Salazar\",\"@id\":\"https:\/\/clientesbrandbits.click\/#\/schema\/person\/3582a766d1bd629325b8cb5e303f4963\"},\"headline\":\"En julio Mubi estrena la pel\u00edcula chilena \u00abLas dem\u00e1s\u00bb\",\"datePublished\":\"2024-06-27T23:42:27+00:00\",\"dateModified\":\"2024-06-28T20:48:30+00:00\",\"mainEntityOfPage\":{\"@id\":\"https:\/\/clientesbrandbits.click\/en-julio-mubi-estrena-la-pelicula-chilena-las-demas\/\"},\"wordCount\":944,\"publisher\":{\"@id\":\"https:\/\/clientesbrandbits.click\/#organization\"},\"image\":{\"@id\":\"https:\/\/clientesbrandbits.click\/en-julio-mubi-estrena-la-pelicula-chilena-las-demas\/#primaryimage\"},\"thumbnailUrl\":\"https:\/\/clientesbrandbits.click\/wp-content\/uploads\/2024\/06\/unnamed-9-1.jpg\",\"keywords\":[\"Mubi\"],\"articleSection\":[\"Films\"],\"inLanguage\":\"en-US\"},{\"@type\":\"WebPage\",\"@id\":\"https:\/\/clientesbrandbits.click\/en-julio-mubi-estrena-la-pelicula-chilena-las-demas\/\",\"url\":\"https:\/\/clientesbrandbits.click\/en-julio-mubi-estrena-la-pelicula-chilena-las-demas\/\",\"name\":\"En julio Mubi estrena la pel\u00edcula chilena \\\"Las dem\u00e1s\\\" - Spanglish Cinema\",\"isPartOf\":{\"@id\":\"https:\/\/clientesbrandbits.click\/#website\"},\"primaryImageOfPage\":{\"@id\":\"https:\/\/clientesbrandbits.click\/en-julio-mubi-estrena-la-pelicula-chilena-las-demas\/#primaryimage\"},\"image\":{\"@id\":\"https:\/\/clientesbrandbits.click\/en-julio-mubi-estrena-la-pelicula-chilena-las-demas\/#primaryimage\"},\"thumbnailUrl\":\"https:\/\/clientesbrandbits.click\/wp-content\/uploads\/2024\/06\/unnamed-9-1.jpg\",\"datePublished\":\"2024-06-27T23:42:27+00:00\",\"dateModified\":\"2024-06-28T20:48:30+00:00\",\"description\":\"Este mes de julio MUBI trae un par de cortometrajes aclamados como DAMMI, de Yann Demange, protagonizado por Riz Ahmed (Sound of Metal) como un londinense que viaja a Par\u00eds en busca de sus ra\u00edces \u00e1rabes perdidas, adem\u00e1s de SHROOMS, del portugu\u00e9s Jorge J\u00e1come, obra que destaca por su narrativa \u00edntima, su banda sonora \u00fanica y su cautivadora cinematograf\u00eda en Super 16mm. En la categor\u00eda Re-Descubrimientos hay un rescate en 4K de CROSSING THE BRIDGE\u2013THE SOUND OF ISTANBUL, odisea musical dirigida por el gran Fatih Akin. Y a la luz de los juegos ol\u00edmpicos que se llevar\u00e1n a cabo este mes en Par\u00eds, se estrenar\u00e1 LIFE IS NOT A COMPETITION, BUT I'M WINNING, pel\u00edcula dirigida por Julia Fuhr Mann que desaf\u00eda los estereotipos de g\u00e9nero al promover la inclusi\u00f3n de cuerpos queer, femeninos, no binarios y atletas de color.\",\"breadcrumb\":{\"@id\":\"https:\/\/clientesbrandbits.click\/en-julio-mubi-estrena-la-pelicula-chilena-las-demas\/#breadcrumb\"},\"inLanguage\":\"en-US\",\"potentialAction\":[{\"@type\":\"ReadAction\",\"target\":[\"https:\/\/clientesbrandbits.click\/en-julio-mubi-estrena-la-pelicula-chilena-las-demas\/\"]}]},{\"@type\":\"ImageObject\",\"inLanguage\":\"en-US\",\"@id\":\"https:\/\/clientesbrandbits.click\/en-julio-mubi-estrena-la-pelicula-chilena-las-demas\/#primaryimage\",\"url\":\"https:\/\/clientesbrandbits.click\/wp-content\/uploads\/2024\/06\/unnamed-9-1.jpg\",\"contentUrl\":\"https:\/\/clientesbrandbits.click\/wp-content\/uploads\/2024\/06\/unnamed-9-1.jpg\",\"width\":1200,\"height\":675},{\"@type\":\"BreadcrumbList\",\"@id\":\"https:\/\/clientesbrandbits.click\/en-julio-mubi-estrena-la-pelicula-chilena-las-demas\/#breadcrumb\",\"itemListElement\":[{\"@type\":\"ListItem\",\"position\":1,\"name\":\"Portada\",\"item\":\"https:\/\/clientesbrandbits.click\/\"},{\"@type\":\"ListItem\",\"position\":2,\"name\":\"En julio Mubi estrena la pel\u00edcula chilena &#8220;Las dem\u00e1s&#8221;\"}]},{\"@type\":\"WebSite\",\"@id\":\"https:\/\/clientesbrandbits.click\/#website\",\"url\":\"https:\/\/clientesbrandbits.click\/\",\"name\":\"Spanglish Cinema\",\"description\":\"\",\"publisher\":{\"@id\":\"https:\/\/clientesbrandbits.click\/#organization\"},\"potentialAction\":[{\"@type\":\"SearchAction\",\"target\":{\"@type\":\"EntryPoint\",\"urlTemplate\":\"https:\/\/clientesbrandbits.click\/?s={search_term_string}\"},\"query-input\":\"required name=search_term_string\"}],\"inLanguage\":\"en-US\"},{\"@type\":\"Organization\",\"@id\":\"https:\/\/clientesbrandbits.click\/#organization\",\"name\":\"Spanglish Cinema\",\"url\":\"https:\/\/clientesbrandbits.click\/\",\"logo\":{\"@type\":\"ImageObject\",\"inLanguage\":\"en-US\",\"@id\":\"https:\/\/clientesbrandbits.click\/#\/schema\/logo\/image\/\",\"url\":\"https:\/\/clientesbrandbits.click\/wp-content\/uploads\/2024\/03\/spanglish_cinema.png\",\"contentUrl\":\"https:\/\/clientesbrandbits.click\/wp-content\/uploads\/2024\/03\/spanglish_cinema.png\",\"width\":612,\"height\":225,\"caption\":\"Spanglish Cinema\"},\"image\":{\"@id\":\"https:\/\/clientesbrandbits.click\/#\/schema\/logo\/image\/\"}},{\"@type\":\"Person\",\"@id\":\"https:\/\/clientesbrandbits.click\/#\/schema\/person\/3582a766d1bd629325b8cb5e303f4963\",\"name\":\"Elizabeth Salazar\",\"image\":{\"@type\":\"ImageObject\",\"inLanguage\":\"en-US\",\"@id\":\"https:\/\/clientesbrandbits.click\/#\/schema\/person\/image\/\",\"url\":\"https:\/\/secure.gravatar.com\/avatar\/ddf69a5ddae2a61929dd4e305eb31658?s=96&d=mm&r=g\",\"contentUrl\":\"https:\/\/secure.gravatar.com\/avatar\/ddf69a5ddae2a61929dd4e305eb31658?s=96&d=mm&r=g\",\"caption\":\"Elizabeth Salazar\"},\"url\":\"https:\/\/clientesbrandbits.click\/en\/author\/elizabeth-salazar\/\"}]}<\/script>\n<!-- \/ Yoast SEO plugin. -->","yoast_head_json":{"title":"En julio Mubi estrena la pel\u00edcula chilena \"Las dem\u00e1s\" - Spanglish Cinema","description":"Este mes de julio MUBI trae un par de cortometrajes aclamados como DAMMI, de Yann Demange, protagonizado por Riz Ahmed (Sound of Metal) como un londinense que viaja a Par\u00eds en busca de sus ra\u00edces \u00e1rabes perdidas, adem\u00e1s de SHROOMS, del portugu\u00e9s Jorge J\u00e1come, obra que destaca por su narrativa \u00edntima, su banda sonora \u00fanica y su cautivadora cinematograf\u00eda en Super 16mm. En la categor\u00eda Re-Descubrimientos hay un rescate en 4K de CROSSING THE BRIDGE\u2013THE SOUND OF ISTANBUL, odisea musical dirigida por el gran Fatih Akin. Y a la luz de los juegos ol\u00edmpicos que se llevar\u00e1n a cabo este mes en Par\u00eds, se estrenar\u00e1 LIFE IS NOT A COMPETITION, BUT I'M WINNING, pel\u00edcula dirigida por Julia Fuhr Mann que desaf\u00eda los estereotipos de g\u00e9nero al promover la inclusi\u00f3n de cuerpos queer, femeninos, no binarios y atletas de color.","robots":{"index":"index","follow":"follow","max-snippet":"max-snippet:-1","max-image-preview":"max-image-preview:large","max-video-preview":"max-video-preview:-1"},"canonical":"https:\/\/clientesbrandbits.click\/en\/en-julio-mubi-estrena-la-pelicula-chilena-las-demas\/","og_locale":"en_US","og_type":"article","og_title":"En julio Mubi estrena la pel\u00edcula chilena \"Las dem\u00e1s\" - Spanglish Cinema","og_description":"Este mes de julio MUBI trae un par de cortometrajes aclamados como DAMMI, de Yann Demange, protagonizado por Riz Ahmed (Sound of Metal) como un londinense que viaja a Par\u00eds en busca de sus ra\u00edces \u00e1rabes perdidas, adem\u00e1s de SHROOMS, del portugu\u00e9s Jorge J\u00e1come, obra que destaca por su narrativa \u00edntima, su banda sonora \u00fanica y su cautivadora cinematograf\u00eda en Super 16mm. En la categor\u00eda Re-Descubrimientos hay un rescate en 4K de CROSSING THE BRIDGE\u2013THE SOUND OF ISTANBUL, odisea musical dirigida por el gran Fatih Akin. Y a la luz de los juegos ol\u00edmpicos que se llevar\u00e1n a cabo este mes en Par\u00eds, se estrenar\u00e1 LIFE IS NOT A COMPETITION, BUT I'M WINNING, pel\u00edcula dirigida por Julia Fuhr Mann que desaf\u00eda los estereotipos de g\u00e9nero al promover la inclusi\u00f3n de cuerpos queer, femeninos, no binarios y atletas de color.","og_url":"https:\/\/clientesbrandbits.click\/en\/en-julio-mubi-estrena-la-pelicula-chilena-las-demas\/","og_site_name":"Spanglish Cinema","article_published_time":"2024-06-27T23:42:27+00:00","article_modified_time":"2024-06-28T20:48:30+00:00","og_image":[{"width":1200,"height":675,"url":"https:\/\/clientesbrandbits.click\/wp-content\/uploads\/2024\/06\/unnamed-9-1.jpg","type":"image\/jpeg"}],"author":"Elizabeth Salazar","twitter_card":"summary_large_image","twitter_misc":{"Written by":"Elizabeth Salazar","Est. reading time":"5 minutes"},"schema":{"@context":"https:\/\/schema.org","@graph":[{"@type":"Article","@id":"https:\/\/clientesbrandbits.click\/en-julio-mubi-estrena-la-pelicula-chilena-las-demas\/#article","isPartOf":{"@id":"https:\/\/clientesbrandbits.click\/en-julio-mubi-estrena-la-pelicula-chilena-las-demas\/"},"author":{"name":"Elizabeth Salazar","@id":"https:\/\/clientesbrandbits.click\/#\/schema\/person\/3582a766d1bd629325b8cb5e303f4963"},"headline":"En julio Mubi estrena la pel\u00edcula chilena \u00abLas dem\u00e1s\u00bb","datePublished":"2024-06-27T23:42:27+00:00","dateModified":"2024-06-28T20:48:30+00:00","mainEntityOfPage":{"@id":"https:\/\/clientesbrandbits.click\/en-julio-mubi-estrena-la-pelicula-chilena-las-demas\/"},"wordCount":944,"publisher":{"@id":"https:\/\/clientesbrandbits.click\/#organization"},"image":{"@id":"https:\/\/clientesbrandbits.click\/en-julio-mubi-estrena-la-pelicula-chilena-las-demas\/#primaryimage"},"thumbnailUrl":"https:\/\/clientesbrandbits.click\/wp-content\/uploads\/2024\/06\/unnamed-9-1.jpg","keywords":["Mubi"],"articleSection":["Films"],"inLanguage":"en-US"},{"@type":"WebPage","@id":"https:\/\/clientesbrandbits.click\/en-julio-mubi-estrena-la-pelicula-chilena-las-demas\/","url":"https:\/\/clientesbrandbits.click\/en-julio-mubi-estrena-la-pelicula-chilena-las-demas\/","name":"En julio Mubi estrena la pel\u00edcula chilena \"Las dem\u00e1s\" - Spanglish Cinema","isPartOf":{"@id":"https:\/\/clientesbrandbits.click\/#website"},"primaryImageOfPage":{"@id":"https:\/\/clientesbrandbits.click\/en-julio-mubi-estrena-la-pelicula-chilena-las-demas\/#primaryimage"},"image":{"@id":"https:\/\/clientesbrandbits.click\/en-julio-mubi-estrena-la-pelicula-chilena-las-demas\/#primaryimage"},"thumbnailUrl":"https:\/\/clientesbrandbits.click\/wp-content\/uploads\/2024\/06\/unnamed-9-1.jpg","datePublished":"2024-06-27T23:42:27+00:00","dateModified":"2024-06-28T20:48:30+00:00","description":"Este mes de julio MUBI trae un par de cortometrajes aclamados como DAMMI, de Yann Demange, protagonizado por Riz Ahmed (Sound of Metal) como un londinense que viaja a Par\u00eds en busca de sus ra\u00edces \u00e1rabes perdidas, adem\u00e1s de SHROOMS, del portugu\u00e9s Jorge J\u00e1come, obra que destaca por su narrativa \u00edntima, su banda sonora \u00fanica y su cautivadora cinematograf\u00eda en Super 16mm. En la categor\u00eda Re-Descubrimientos hay un rescate en 4K de CROSSING THE BRIDGE\u2013THE SOUND OF ISTANBUL, odisea musical dirigida por el gran Fatih Akin. Y a la luz de los juegos ol\u00edmpicos que se llevar\u00e1n a cabo este mes en Par\u00eds, se estrenar\u00e1 LIFE IS NOT A COMPETITION, BUT I'M WINNING, pel\u00edcula dirigida por Julia Fuhr Mann que desaf\u00eda los estereotipos de g\u00e9nero al promover la inclusi\u00f3n de cuerpos queer, femeninos, no binarios y atletas de color.","breadcrumb":{"@id":"https:\/\/clientesbrandbits.click\/en-julio-mubi-estrena-la-pelicula-chilena-las-demas\/#breadcrumb"},"inLanguage":"en-US","potentialAction":[{"@type":"ReadAction","target":["https:\/\/clientesbrandbits.click\/en-julio-mubi-estrena-la-pelicula-chilena-las-demas\/"]}]},{"@type":"ImageObject","inLanguage":"en-US","@id":"https:\/\/clientesbrandbits.click\/en-julio-mubi-estrena-la-pelicula-chilena-las-demas\/#primaryimage","url":"https:\/\/clientesbrandbits.click\/wp-content\/uploads\/2024\/06\/unnamed-9-1.jpg","contentUrl":"https:\/\/clientesbrandbits.click\/wp-content\/uploads\/2024\/06\/unnamed-9-1.jpg","width":1200,"height":675},{"@type":"BreadcrumbList","@id":"https:\/\/clientesbrandbits.click\/en-julio-mubi-estrena-la-pelicula-chilena-las-demas\/#breadcrumb","itemListElement":[{"@type":"ListItem","position":1,"name":"Portada","item":"https:\/\/clientesbrandbits.click\/"},{"@type":"ListItem","position":2,"name":"En julio Mubi estrena la pel\u00edcula chilena &#8220;Las dem\u00e1s&#8221;"}]},{"@type":"WebSite","@id":"https:\/\/clientesbrandbits.click\/#website","url":"https:\/\/clientesbrandbits.click\/","name":"Spanglish Cinema","description":"","publisher":{"@id":"https:\/\/clientesbrandbits.click\/#organization"},"potentialAction":[{"@type":"SearchAction","target":{"@type":"EntryPoint","urlTemplate":"https:\/\/clientesbrandbits.click\/?s={search_term_string}"},"query-input":"required name=search_term_string"}],"inLanguage":"en-US"},{"@type":"Organization","@id":"https:\/\/clientesbrandbits.click\/#organization","name":"Spanglish Cinema","url":"https:\/\/clientesbrandbits.click\/","logo":{"@type":"ImageObject","inLanguage":"en-US","@id":"https:\/\/clientesbrandbits.click\/#\/schema\/logo\/image\/","url":"https:\/\/clientesbrandbits.click\/wp-content\/uploads\/2024\/03\/spanglish_cinema.png","contentUrl":"https:\/\/clientesbrandbits.click\/wp-content\/uploads\/2024\/03\/spanglish_cinema.png","width":612,"height":225,"caption":"Spanglish Cinema"},"image":{"@id":"https:\/\/clientesbrandbits.click\/#\/schema\/logo\/image\/"}},{"@type":"Person","@id":"https:\/\/clientesbrandbits.click\/#\/schema\/person\/3582a766d1bd629325b8cb5e303f4963","name":"Elizabeth Salazar","image":{"@type":"ImageObject","inLanguage":"en-US","@id":"https:\/\/clientesbrandbits.click\/#\/schema\/person\/image\/","url":"https:\/\/secure.gravatar.com\/avatar\/ddf69a5ddae2a61929dd4e305eb31658?s=96&d=mm&r=g","contentUrl":"https:\/\/secure.gravatar.com\/avatar\/ddf69a5ddae2a61929dd4e305eb31658?s=96&d=mm&r=g","caption":"Elizabeth Salazar"},"url":"https:\/\/clientesbrandbits.click\/en\/author\/elizabeth-salazar\/"}]}},"_links":{"self":[{"href":"https:\/\/clientesbrandbits.click\/en\/wp-json\/wp\/v2\/posts\/2028"}],"collection":[{"href":"https:\/\/clientesbrandbits.click\/en\/wp-json\/wp\/v2\/posts"}],"about":[{"href":"https:\/\/clientesbrandbits.click\/en\/wp-json\/wp\/v2\/types\/post"}],"author":[{"embeddable":true,"href":"https:\/\/clientesbrandbits.click\/en\/wp-json\/wp\/v2\/users\/5"}],"replies":[{"embeddable":true,"href":"https:\/\/clientesbrandbits.click\/en\/wp-json\/wp\/v2\/comments?post=2028"}],"version-history":[{"count":3,"href":"https:\/\/clientesbrandbits.click\/en\/wp-json\/wp\/v2\/posts\/2028\/revisions"}],"predecessor-version":[{"id":2033,"href":"https:\/\/clientesbrandbits.click\/en\/wp-json\/wp\/v2\/posts\/2028\/revisions\/2033"}],"wp:featuredmedia":[{"embeddable":true,"href":"https:\/\/clientesbrandbits.click\/en\/wp-json\/wp\/v2\/media\/2029"}],"wp:attachment":[{"href":"https:\/\/clientesbrandbits.click\/en\/wp-json\/wp\/v2\/media?parent=2028"}],"wp:term":[{"taxonomy":"category","embeddable":true,"href":"https:\/\/clientesbrandbits.click\/en\/wp-json\/wp\/v2\/categories?post=2028"},{"taxonomy":"post_tag","embeddable":true,"href":"https:\/\/clientesbrandbits.click\/en\/wp-json\/wp\/v2\/tags?post=2028"}],"curies":[{"name":"wp","href":"https:\/\/api.w.org\/{rel}","templated":true}]}}