{"id":1976,"date":"2024-06-25T16:33:48","date_gmt":"2024-06-25T20:33:48","guid":{"rendered":"https:\/\/clientesbrandbits.click\/?p=1976"},"modified":"2024-06-26T11:44:14","modified_gmt":"2024-06-26T15:44:14","slug":"3-chilenos-invitados-por-la-academia-para-votar-en-los-oscar","status":"publish","type":"post","link":"https:\/\/clientesbrandbits.click\/en\/3-chilenos-invitados-por-la-academia-para-votar-en-los-oscar\/","title":{"rendered":"Alfredo Castro y Moira Miller son invitados a ser miembros de la Academia"},"content":{"rendered":"<p style=\"text-align: justify;\">Hoy, la Academia celebr\u00f3 la incorporaci\u00f3n de 487 nuevos miembros y el orgullo del pa\u00eds no puede ser m\u00e1s grande porque dos de ellos son chilenos.<\/p>\n<p style=\"text-align: justify;\">The Academy of Motion Picture Arts and Sciences extendi\u00f3 la invitaci\u00f3n a nuevos miembros por su contribuci\u00f3n a las artes, para incorporarse a la organizaci\u00f3n lo que les permitir\u00e1 ser votantes.<\/p>\n<p style=\"text-align: justify;\">Recordemos que la \u00fanica forma de entrar a la Academia, que es la que se encarga de los prestigiosos premios Oscar, es v\u00eda invitaci\u00f3n por quienes ya se encuentren dentro de la organizaci\u00f3n y mediante votaci\u00f3n, por lo que la selecci\u00f3n de los dos chilenos en distintas categor\u00edas es un logro gigantesco.<\/p>\n<p><img fetchpriority=\"high\" decoding=\"async\" class=\"aligncenter wp-image-1842 size-large\" src=\"https:\/\/clientesbrandbits.click\/wp-content\/uploads\/2024\/06\/Alfred-1024x594.jpg\" alt=\"\" width=\"1024\" height=\"594\" srcset=\"https:\/\/clientesbrandbits.click\/wp-content\/uploads\/2024\/06\/Alfred-1024x594.jpg 1024w, https:\/\/clientesbrandbits.click\/wp-content\/uploads\/2024\/06\/Alfred-300x174.jpg 300w, https:\/\/clientesbrandbits.click\/wp-content\/uploads\/2024\/06\/Alfred-768x445.jpg 768w, https:\/\/clientesbrandbits.click\/wp-content\/uploads\/2024\/06\/Alfred-18x10.jpg 18w, https:\/\/clientesbrandbits.click\/wp-content\/uploads\/2024\/06\/Alfred.jpg 1500w\" sizes=\"(max-width: 1024px) 100vw, 1024px\" \/><\/p>\n<p style=\"text-align: justify;\">El actor <strong>Alfredo Castro<\/strong>, quien ha mantenido activamente sus constantes cooperaciones en films internacionales y que ha destacado nacionalmente con producciones como \u201cTony Manero\u201d y \u201cEl Club\u201d de Pablo Larra\u00edn se ha vuelto una cara conocida para amantes del s\u00e9ptimo arte del mundo quienes reconocen su trabajo en distintas producciones. Alfredo acaba de ser galardonado en el Festival de Cine de Guadalajara por su trayectoria, sumando este nueva noticia a su exit\u00f3so a\u00f1o 2024, en el que tambi\u00e9n fue anunciada una pr\u00f3xima pel\u00edcula de Ciencia Ficci\u00f3n.<\/p>\n<p><img decoding=\"async\" class=\"aligncenter wp-image-1979 size-large\" src=\"https:\/\/clientesbrandbits.click\/wp-content\/uploads\/2024\/06\/Moira-Miller-2016-1024x538.jpg\" alt=\"\" width=\"1024\" height=\"538\" srcset=\"https:\/\/clientesbrandbits.click\/wp-content\/uploads\/2024\/06\/Moira-Miller-2016-1024x538.jpg 1024w, https:\/\/clientesbrandbits.click\/wp-content\/uploads\/2024\/06\/Moira-Miller-2016-300x158.jpg 300w, https:\/\/clientesbrandbits.click\/wp-content\/uploads\/2024\/06\/Moira-Miller-2016-768x403.jpg 768w, https:\/\/clientesbrandbits.click\/wp-content\/uploads\/2024\/06\/Moira-Miller-2016-18x9.jpg 18w, https:\/\/clientesbrandbits.click\/wp-content\/uploads\/2024\/06\/Moira-Miller-2016.jpg 1200w\" sizes=\"(max-width: 1024px) 100vw, 1024px\" \/><\/p>\n<p style=\"text-align: justify;\">Quien tambi\u00e9n fue invitada por la Academia fue la directora de casting, <strong>Moira Miller<\/strong>, que ha participado en pel\u00edculas como la ganadora del Oscar \u201cUna Mujer Fant\u00e1stica\u201d de Sebasti\u00e1n Lelio y recientemente en la pel\u00edcula de Francisca Alegr\u00eda \u201cLa Vaca que Cant\u00f3 una Canci\u00f3n hacia el Futuro\u201d que tuvo un excelente paso por festivales internacionales destacando el Festival de Cine de San Francisco.<\/p>\n<p style=\"text-align: justify;\">En la lista tambi\u00e9n se suman a quienes el a\u00f1o pasado tuvieron una magn\u00edfica temporada de premios como <strong>Celine Song<\/strong> directora de \u00abPast Lives\u00bb,<strong> Justine Triet<\/strong> directora de \u00abAnatom\u00eda de una Ca\u00edda\u00bb y <strong>Sandra H\u00fcller<\/strong>, protagonista de la pel\u00edcula. Quien tambi\u00e9n fue invitada, y siguiendo con el orgullo latinoamericano, es la directora que el a\u00f1o pasado consigui\u00f3 su propia Barbie Directora, <strong>Lila Avil\u00e9s<\/strong> la realizadora mexicana. y la actriz <strong>Kate del Castillo<\/strong>, quien tambi\u00e9n ser\u00e1 parte de esta \u00abClase\u00bb 2024 que participaran, por supuesto, como votantes en sus categor\u00edas respectivas en los pr\u00f3ximos premios de la Academia de las Artes, o mayormente conocidos como los premios Oscar a realizarse en Marzo del pr\u00f3ximo a\u00f1o.<\/p>\n<p style=\"text-align: justify;\">Estamos seguros que todos los seleccionados ser\u00e1n un aporte fundamental en la inclusi\u00f3n de nuevas perspectivas desde cada una de sus disciplinas y definitivamente es un aporte en t\u00e9rminos de inclusi\u00f3n y equidad de g\u00e9nero.<\/p>","protected":false},"excerpt":{"rendered":"<p>Hoy, la Academia celebr\u00f3 la incorporaci\u00f3n de 487 nuevos miembros y el orgullo del pa\u00eds no puede ser m\u00e1s grande porque dos de ellos son chilenos. The Academy of Motion Picture Arts and Sciences extendi\u00f3 la invitaci\u00f3n a nuevos miembros &#8230; <a title=\"Alfredo Castro y Moira Miller son invitados a ser miembros de la Academia\" class=\"read-more\" href=\"https:\/\/clientesbrandbits.click\/en\/3-chilenos-invitados-por-la-academia-para-votar-en-los-oscar\/\" aria-label=\"Read more about Alfredo Castro y Moira Miller son invitados a ser miembros de la Academia\">Read More<\/a><\/p>","protected":false},"author":3,"featured_media":1977,"comment_status":"closed","ping_status":"closed","sticky":false,"template":"","format":"standard","meta":{"_joinchat":[],"footnotes":""},"categories":[10,12],"tags":[162,45],"class_list":["post-1976","post","type-post","status-publish","format-standard","has-post-thumbnail","hentry","category-films","category-premios","tag-chile","tag-oscars","infinite-scroll-item"],"yoast_head":"<!-- This site is optimized with the Yoast SEO plugin v22.8 - https:\/\/yoast.com\/wordpress\/plugins\/seo\/ -->\n<title>Alfredo Castro y Moira Miller son invitados a ser miembros de la Academia - Spanglish Cinema<\/title>\n<meta name=\"description\" content=\"Hoy, la Academia celebr\u00f3 la incorporaci\u00f3n de 487 nuevos miembros y el orgullo del pa\u00eds no puede ser m\u00e1s grande porque tres de ellos son chilenos.\" \/>\n<meta name=\"robots\" content=\"index, follow, max-snippet:-1, max-image-preview:large, max-video-preview:-1\" \/>\n<link rel=\"canonical\" href=\"https:\/\/clientesbrandbits.click\/en\/3-chilenos-invitados-por-la-academia-para-votar-en-los-oscar\/\" \/>\n<meta property=\"og:locale\" content=\"en_US\" \/>\n<meta property=\"og:type\" content=\"article\" \/>\n<meta property=\"og:title\" content=\"Alfredo Castro y Moira Miller son invitados a ser miembros de la Academia - Spanglish Cinema\" \/>\n<meta property=\"og:description\" content=\"Hoy, la Academia celebr\u00f3 la incorporaci\u00f3n de 487 nuevos miembros y el orgullo del pa\u00eds no puede ser m\u00e1s grande porque tres de ellos son chilenos.\" \/>\n<meta property=\"og:url\" content=\"https:\/\/clientesbrandbits.click\/en\/3-chilenos-invitados-por-la-academia-para-votar-en-los-oscar\/\" \/>\n<meta property=\"og:site_name\" content=\"Spanglish Cinema\" \/>\n<meta property=\"article:published_time\" content=\"2024-06-25T20:33:48+00:00\" \/>\n<meta property=\"article:modified_time\" content=\"2024-06-26T15:44:14+00:00\" \/>\n<meta property=\"og:image\" content=\"https:\/\/clientesbrandbits.click\/wp-content\/uploads\/2024\/06\/alfredocastro-2.jpg\" \/>\n\t<meta property=\"og:image:width\" content=\"1077\" \/>\n\t<meta property=\"og:image:height\" content=\"602\" \/>\n\t<meta property=\"og:image:type\" content=\"image\/jpeg\" \/>\n<meta name=\"author\" content=\"Spanglish Cinema Team\" \/>\n<meta name=\"twitter:card\" content=\"summary_large_image\" \/>\n<meta name=\"twitter:label1\" content=\"Written by\" \/>\n\t<meta name=\"twitter:data1\" content=\"Spanglish Cinema Team\" \/>\n\t<meta name=\"twitter:label2\" content=\"Est. reading time\" \/>\n\t<meta name=\"twitter:data2\" content=\"3 minutes\" \/>\n<script type=\"application\/ld+json\" class=\"yoast-schema-graph\">{\"@context\":\"https:\/\/schema.org\",\"@graph\":[{\"@type\":\"Article\",\"@id\":\"https:\/\/clientesbrandbits.click\/3-chilenos-invitados-por-la-academia-para-votar-en-los-oscar\/#article\",\"isPartOf\":{\"@id\":\"https:\/\/clientesbrandbits.click\/3-chilenos-invitados-por-la-academia-para-votar-en-los-oscar\/\"},\"author\":{\"name\":\"Spanglish Cinema Team\",\"@id\":\"https:\/\/clientesbrandbits.click\/#\/schema\/person\/678f0477e0f075fdf24e58e342ca80f1\"},\"headline\":\"Alfredo Castro y Moira Miller son invitados a ser miembros de la Academia\",\"datePublished\":\"2024-06-25T20:33:48+00:00\",\"dateModified\":\"2024-06-26T15:44:14+00:00\",\"mainEntityOfPage\":{\"@id\":\"https:\/\/clientesbrandbits.click\/3-chilenos-invitados-por-la-academia-para-votar-en-los-oscar\/\"},\"wordCount\":464,\"publisher\":{\"@id\":\"https:\/\/clientesbrandbits.click\/#organization\"},\"image\":{\"@id\":\"https:\/\/clientesbrandbits.click\/3-chilenos-invitados-por-la-academia-para-votar-en-los-oscar\/#primaryimage\"},\"thumbnailUrl\":\"https:\/\/clientesbrandbits.click\/wp-content\/uploads\/2024\/06\/alfredocastro-2.jpg\",\"keywords\":[\"Chile\",\"OScars\"],\"articleSection\":[\"Films\",\"Premios\"],\"inLanguage\":\"en-US\"},{\"@type\":\"WebPage\",\"@id\":\"https:\/\/clientesbrandbits.click\/3-chilenos-invitados-por-la-academia-para-votar-en-los-oscar\/\",\"url\":\"https:\/\/clientesbrandbits.click\/3-chilenos-invitados-por-la-academia-para-votar-en-los-oscar\/\",\"name\":\"Alfredo Castro y Moira Miller son invitados a ser miembros de la Academia - Spanglish Cinema\",\"isPartOf\":{\"@id\":\"https:\/\/clientesbrandbits.click\/#website\"},\"primaryImageOfPage\":{\"@id\":\"https:\/\/clientesbrandbits.click\/3-chilenos-invitados-por-la-academia-para-votar-en-los-oscar\/#primaryimage\"},\"image\":{\"@id\":\"https:\/\/clientesbrandbits.click\/3-chilenos-invitados-por-la-academia-para-votar-en-los-oscar\/#primaryimage\"},\"thumbnailUrl\":\"https:\/\/clientesbrandbits.click\/wp-content\/uploads\/2024\/06\/alfredocastro-2.jpg\",\"datePublished\":\"2024-06-25T20:33:48+00:00\",\"dateModified\":\"2024-06-26T15:44:14+00:00\",\"description\":\"Hoy, la Academia celebr\u00f3 la incorporaci\u00f3n de 487 nuevos miembros y el orgullo del pa\u00eds no puede ser m\u00e1s grande porque tres de ellos son chilenos.\",\"breadcrumb\":{\"@id\":\"https:\/\/clientesbrandbits.click\/3-chilenos-invitados-por-la-academia-para-votar-en-los-oscar\/#breadcrumb\"},\"inLanguage\":\"en-US\",\"potentialAction\":[{\"@type\":\"ReadAction\",\"target\":[\"https:\/\/clientesbrandbits.click\/3-chilenos-invitados-por-la-academia-para-votar-en-los-oscar\/\"]}]},{\"@type\":\"ImageObject\",\"inLanguage\":\"en-US\",\"@id\":\"https:\/\/clientesbrandbits.click\/3-chilenos-invitados-por-la-academia-para-votar-en-los-oscar\/#primaryimage\",\"url\":\"https:\/\/clientesbrandbits.click\/wp-content\/uploads\/2024\/06\/alfredocastro-2.jpg\",\"contentUrl\":\"https:\/\/clientesbrandbits.click\/wp-content\/uploads\/2024\/06\/alfredocastro-2.jpg\",\"width\":1077,\"height\":602},{\"@type\":\"BreadcrumbList\",\"@id\":\"https:\/\/clientesbrandbits.click\/3-chilenos-invitados-por-la-academia-para-votar-en-los-oscar\/#breadcrumb\",\"itemListElement\":[{\"@type\":\"ListItem\",\"position\":1,\"name\":\"Portada\",\"item\":\"https:\/\/clientesbrandbits.click\/\"},{\"@type\":\"ListItem\",\"position\":2,\"name\":\"Alfredo Castro y Moira Miller son invitados a ser miembros de la Academia\"}]},{\"@type\":\"WebSite\",\"@id\":\"https:\/\/clientesbrandbits.click\/#website\",\"url\":\"https:\/\/clientesbrandbits.click\/\",\"name\":\"Spanglish Cinema\",\"description\":\"\",\"publisher\":{\"@id\":\"https:\/\/clientesbrandbits.click\/#organization\"},\"potentialAction\":[{\"@type\":\"SearchAction\",\"target\":{\"@type\":\"EntryPoint\",\"urlTemplate\":\"https:\/\/clientesbrandbits.click\/?s={search_term_string}\"},\"query-input\":\"required name=search_term_string\"}],\"inLanguage\":\"en-US\"},{\"@type\":\"Organization\",\"@id\":\"https:\/\/clientesbrandbits.click\/#organization\",\"name\":\"Spanglish Cinema\",\"url\":\"https:\/\/clientesbrandbits.click\/\",\"logo\":{\"@type\":\"ImageObject\",\"inLanguage\":\"en-US\",\"@id\":\"https:\/\/clientesbrandbits.click\/#\/schema\/logo\/image\/\",\"url\":\"https:\/\/clientesbrandbits.click\/wp-content\/uploads\/2024\/03\/spanglish_cinema.png\",\"contentUrl\":\"https:\/\/clientesbrandbits.click\/wp-content\/uploads\/2024\/03\/spanglish_cinema.png\",\"width\":612,\"height\":225,\"caption\":\"Spanglish Cinema\"},\"image\":{\"@id\":\"https:\/\/clientesbrandbits.click\/#\/schema\/logo\/image\/\"}},{\"@type\":\"Person\",\"@id\":\"https:\/\/clientesbrandbits.click\/#\/schema\/person\/678f0477e0f075fdf24e58e342ca80f1\",\"name\":\"Spanglish Cinema Team\",\"image\":{\"@type\":\"ImageObject\",\"inLanguage\":\"en-US\",\"@id\":\"https:\/\/clientesbrandbits.click\/#\/schema\/person\/image\/\",\"url\":\"https:\/\/secure.gravatar.com\/avatar\/3eef20e32ea53867d5b6a361c9e8e2ee?s=96&d=mm&r=g\",\"contentUrl\":\"https:\/\/secure.gravatar.com\/avatar\/3eef20e32ea53867d5b6a361c9e8e2ee?s=96&d=mm&r=g\",\"caption\":\"Spanglish Cinema Team\"},\"url\":\"https:\/\/clientesbrandbits.click\/en\/author\/spanglish-cinema\/\"}]}<\/script>\n<!-- \/ Yoast SEO plugin. -->","yoast_head_json":{"title":"Alfredo Castro y Moira Miller son invitados a ser miembros de la Academia - Spanglish Cinema","description":"Hoy, la Academia celebr\u00f3 la incorporaci\u00f3n de 487 nuevos miembros y el orgullo del pa\u00eds no puede ser m\u00e1s grande porque tres de ellos son chilenos.","robots":{"index":"index","follow":"follow","max-snippet":"max-snippet:-1","max-image-preview":"max-image-preview:large","max-video-preview":"max-video-preview:-1"},"canonical":"https:\/\/clientesbrandbits.click\/en\/3-chilenos-invitados-por-la-academia-para-votar-en-los-oscar\/","og_locale":"en_US","og_type":"article","og_title":"Alfredo Castro y Moira Miller son invitados a ser miembros de la Academia - Spanglish Cinema","og_description":"Hoy, la Academia celebr\u00f3 la incorporaci\u00f3n de 487 nuevos miembros y el orgullo del pa\u00eds no puede ser m\u00e1s grande porque tres de ellos son chilenos.","og_url":"https:\/\/clientesbrandbits.click\/en\/3-chilenos-invitados-por-la-academia-para-votar-en-los-oscar\/","og_site_name":"Spanglish Cinema","article_published_time":"2024-06-25T20:33:48+00:00","article_modified_time":"2024-06-26T15:44:14+00:00","og_image":[{"width":1077,"height":602,"url":"https:\/\/clientesbrandbits.click\/wp-content\/uploads\/2024\/06\/alfredocastro-2.jpg","type":"image\/jpeg"}],"author":"Spanglish Cinema Team","twitter_card":"summary_large_image","twitter_misc":{"Written by":"Spanglish Cinema Team","Est. reading time":"3 minutes"},"schema":{"@context":"https:\/\/schema.org","@graph":[{"@type":"Article","@id":"https:\/\/clientesbrandbits.click\/3-chilenos-invitados-por-la-academia-para-votar-en-los-oscar\/#article","isPartOf":{"@id":"https:\/\/clientesbrandbits.click\/3-chilenos-invitados-por-la-academia-para-votar-en-los-oscar\/"},"author":{"name":"Spanglish Cinema Team","@id":"https:\/\/clientesbrandbits.click\/#\/schema\/person\/678f0477e0f075fdf24e58e342ca80f1"},"headline":"Alfredo Castro y Moira Miller son invitados a ser miembros de la Academia","datePublished":"2024-06-25T20:33:48+00:00","dateModified":"2024-06-26T15:44:14+00:00","mainEntityOfPage":{"@id":"https:\/\/clientesbrandbits.click\/3-chilenos-invitados-por-la-academia-para-votar-en-los-oscar\/"},"wordCount":464,"publisher":{"@id":"https:\/\/clientesbrandbits.click\/#organization"},"image":{"@id":"https:\/\/clientesbrandbits.click\/3-chilenos-invitados-por-la-academia-para-votar-en-los-oscar\/#primaryimage"},"thumbnailUrl":"https:\/\/clientesbrandbits.click\/wp-content\/uploads\/2024\/06\/alfredocastro-2.jpg","keywords":["Chile","OScars"],"articleSection":["Films","Premios"],"inLanguage":"en-US"},{"@type":"WebPage","@id":"https:\/\/clientesbrandbits.click\/3-chilenos-invitados-por-la-academia-para-votar-en-los-oscar\/","url":"https:\/\/clientesbrandbits.click\/3-chilenos-invitados-por-la-academia-para-votar-en-los-oscar\/","name":"Alfredo Castro y Moira Miller son invitados a ser miembros de la Academia - Spanglish Cinema","isPartOf":{"@id":"https:\/\/clientesbrandbits.click\/#website"},"primaryImageOfPage":{"@id":"https:\/\/clientesbrandbits.click\/3-chilenos-invitados-por-la-academia-para-votar-en-los-oscar\/#primaryimage"},"image":{"@id":"https:\/\/clientesbrandbits.click\/3-chilenos-invitados-por-la-academia-para-votar-en-los-oscar\/#primaryimage"},"thumbnailUrl":"https:\/\/clientesbrandbits.click\/wp-content\/uploads\/2024\/06\/alfredocastro-2.jpg","datePublished":"2024-06-25T20:33:48+00:00","dateModified":"2024-06-26T15:44:14+00:00","description":"Hoy, la Academia celebr\u00f3 la incorporaci\u00f3n de 487 nuevos miembros y el orgullo del pa\u00eds no puede ser m\u00e1s grande porque tres de ellos son chilenos.","breadcrumb":{"@id":"https:\/\/clientesbrandbits.click\/3-chilenos-invitados-por-la-academia-para-votar-en-los-oscar\/#breadcrumb"},"inLanguage":"en-US","potentialAction":[{"@type":"ReadAction","target":["https:\/\/clientesbrandbits.click\/3-chilenos-invitados-por-la-academia-para-votar-en-los-oscar\/"]}]},{"@type":"ImageObject","inLanguage":"en-US","@id":"https:\/\/clientesbrandbits.click\/3-chilenos-invitados-por-la-academia-para-votar-en-los-oscar\/#primaryimage","url":"https:\/\/clientesbrandbits.click\/wp-content\/uploads\/2024\/06\/alfredocastro-2.jpg","contentUrl":"https:\/\/clientesbrandbits.click\/wp-content\/uploads\/2024\/06\/alfredocastro-2.jpg","width":1077,"height":602},{"@type":"BreadcrumbList","@id":"https:\/\/clientesbrandbits.click\/3-chilenos-invitados-por-la-academia-para-votar-en-los-oscar\/#breadcrumb","itemListElement":[{"@type":"ListItem","position":1,"name":"Portada","item":"https:\/\/clientesbrandbits.click\/"},{"@type":"ListItem","position":2,"name":"Alfredo Castro y Moira Miller son invitados a ser miembros de la Academia"}]},{"@type":"WebSite","@id":"https:\/\/clientesbrandbits.click\/#website","url":"https:\/\/clientesbrandbits.click\/","name":"Spanglish Cinema","description":"","publisher":{"@id":"https:\/\/clientesbrandbits.click\/#organization"},"potentialAction":[{"@type":"SearchAction","target":{"@type":"EntryPoint","urlTemplate":"https:\/\/clientesbrandbits.click\/?s={search_term_string}"},"query-input":"required name=search_term_string"}],"inLanguage":"en-US"},{"@type":"Organization","@id":"https:\/\/clientesbrandbits.click\/#organization","name":"Spanglish Cinema","url":"https:\/\/clientesbrandbits.click\/","logo":{"@type":"ImageObject","inLanguage":"en-US","@id":"https:\/\/clientesbrandbits.click\/#\/schema\/logo\/image\/","url":"https:\/\/clientesbrandbits.click\/wp-content\/uploads\/2024\/03\/spanglish_cinema.png","contentUrl":"https:\/\/clientesbrandbits.click\/wp-content\/uploads\/2024\/03\/spanglish_cinema.png","width":612,"height":225,"caption":"Spanglish Cinema"},"image":{"@id":"https:\/\/clientesbrandbits.click\/#\/schema\/logo\/image\/"}},{"@type":"Person","@id":"https:\/\/clientesbrandbits.click\/#\/schema\/person\/678f0477e0f075fdf24e58e342ca80f1","name":"Spanglish Cinema Team","image":{"@type":"ImageObject","inLanguage":"en-US","@id":"https:\/\/clientesbrandbits.click\/#\/schema\/person\/image\/","url":"https:\/\/secure.gravatar.com\/avatar\/3eef20e32ea53867d5b6a361c9e8e2ee?s=96&d=mm&r=g","contentUrl":"https:\/\/secure.gravatar.com\/avatar\/3eef20e32ea53867d5b6a361c9e8e2ee?s=96&d=mm&r=g","caption":"Spanglish Cinema Team"},"url":"https:\/\/clientesbrandbits.click\/en\/author\/spanglish-cinema\/"}]}},"_links":{"self":[{"href":"https:\/\/clientesbrandbits.click\/en\/wp-json\/wp\/v2\/posts\/1976"}],"collection":[{"href":"https:\/\/clientesbrandbits.click\/en\/wp-json\/wp\/v2\/posts"}],"about":[{"href":"https:\/\/clientesbrandbits.click\/en\/wp-json\/wp\/v2\/types\/post"}],"author":[{"embeddable":true,"href":"https:\/\/clientesbrandbits.click\/en\/wp-json\/wp\/v2\/users\/3"}],"replies":[{"embeddable":true,"href":"https:\/\/clientesbrandbits.click\/en\/wp-json\/wp\/v2\/comments?post=1976"}],"version-history":[{"count":6,"href":"https:\/\/clientesbrandbits.click\/en\/wp-json\/wp\/v2\/posts\/1976\/revisions"}],"predecessor-version":[{"id":1985,"href":"https:\/\/clientesbrandbits.click\/en\/wp-json\/wp\/v2\/posts\/1976\/revisions\/1985"}],"wp:featuredmedia":[{"embeddable":true,"href":"https:\/\/clientesbrandbits.click\/en\/wp-json\/wp\/v2\/media\/1977"}],"wp:attachment":[{"href":"https:\/\/clientesbrandbits.click\/en\/wp-json\/wp\/v2\/media?parent=1976"}],"wp:term":[{"taxonomy":"category","embeddable":true,"href":"https:\/\/clientesbrandbits.click\/en\/wp-json\/wp\/v2\/categories?post=1976"},{"taxonomy":"post_tag","embeddable":true,"href":"https:\/\/clientesbrandbits.click\/en\/wp-json\/wp\/v2\/tags?post=1976"}],"curies":[{"name":"wp","href":"https:\/\/api.w.org\/{rel}","templated":true}]}}