{"id":1952,"date":"2024-06-24T14:51:09","date_gmt":"2024-06-24T18:51:09","guid":{"rendered":"https:\/\/clientesbrandbits.click\/?p=1952"},"modified":"2024-06-24T18:16:20","modified_gmt":"2024-06-24T22:16:20","slug":"max-lanza-el-primer-teaser-de-ciudad-de-dios-la-lucha-no-para","status":"publish","type":"post","link":"https:\/\/clientesbrandbits.click\/en\/max-lanza-el-primer-teaser-de-ciudad-de-dios-la-lucha-no-para\/","title":{"rendered":"MAX Lanza el primer teaser de \u2018Ciudad De Dios: la lucha no para\u2019"},"content":{"rendered":"<p dir=\"ltr\" style=\"text-align: justify;\">Max\u00a0lanz\u00f3 el primer teaser de la serie original de HBO\u00a0CIUDAD DE DIOS: LA LUCHA NO PARA, producida por O2 Filmes. Programada para estrenarse en agosto de este a\u00f1o, la nueva producci\u00f3n nacional tendr\u00e1 seis episodios y se desarrollar\u00e1 dos d\u00e9cadas despu\u00e9s de la pel\u00edcula del mismo nombre, premiada internacionalmente.<\/p>\n<p dir=\"ltr\" style=\"text-align: justify;\">Ha pasado mucho tiempo, pero algunas cosas siguen igual. En el primer adelanto de la serie, podemos encontrarnos con viejos conocidos y descubrir algunas caras nuevas. Los amantes del cine ya reconocer\u00e1n las referencias a la serie en las primeras im\u00e1genes difundidas. La secuela contar\u00e1 la historia de estos personajes, tomando como punto de partida el trabajo de un fot\u00f3grafo de Buscap\u00e9. La trama de la esperada producci\u00f3n se desarrolla a principios de los a\u00f1os 2000 y, adem\u00e1s de nuevas historias, contar\u00e1 con extractos de la pel\u00edcula en flashbacks, para reconstruir memorias y recuerdos afectivos de los protagonistas.<\/p>\n<p dir=\"ltr\" style=\"text-align: justify;\"><strong>Ciudad de Dios la original,<\/strong> esta\u0301 basada en el libro de Paulo Lins y dirigida por Fernando Meirelles y Ka\u0301tia Lund. Esta peli\u0301cula , expone la dura realidad de una favela de Ri\u0301o de Janeiro donde la violencia y la pobreza estancan los suen\u0303os de movilidad social y solo prima la esperanza por la supervivencia. La historia esta\u0301 narrada desde la mirada de Buscape\u0301 (cohete) quien aspira a ser foto\u0301grafo profesional y que por una casualidad del destino la puerta de entrada a la concrecio\u0301n de su objetivo sera\u0301 el retrato de la cruda realidad de su comunidad. Rodeado de armas y narcotra\u0301fico, se va abriendo camino entre personajes que se transformaron en iconos de la consciencia colectiva cinematogra\u0301fica, como Ze\u0301 Pequen\u0303o, Bene\u0301 o Cenoura, quienes muestran un Brasil invisibilizado al turismo, inmerso en la violencia policial y el crimen organizado. La primera escena de la peli\u0301cula muestra una gallina escapando antes de ser atrapada para comerla, lo que se transformara\u0301 en una meta\u0301fora del alma de la trama de la peli\u0301cula:<\/p>\n<p dir=\"ltr\"><strong>\u201cSi huyes te encuentran y si te quedas te comen\u201d (Buscape\u0301).\u00a0<\/strong><\/p>\n<p dir=\"ltr\" style=\"text-align: justify;\"><strong>\u00abCIUDAD DE DIOS: LA LUCHA NO PARA\u00bb<\/strong>\u00a0es una serie Original de HBO, producida por O2 Filmes, inspirada en la obra de Paulo Lins. Los productores responsables del proyecto son Andrea Barata Ribeiro y Fernando Meirelles y como co-produtores Cris Abi y Gustavo Gontijo. Aly Muritiba firma la direcci\u00f3n general y se incorpora Bruno Costa como segundo director. El gui\u00f3n es de S\u00e9rgio Machado, Renata Di Carmo, Armando Pra\u00e7a, Estev\u00e3o Ribeiro, Rodrigo Felha y Muritiba. Por parte de Warner Bros. Discovery, la serie, cuenta con la producci\u00f3n ejecutiva de Mariano Cesar, Anouk Aaron y Monica Albuquerque.<\/p>\n<p dir=\"ltr\" style=\"text-align: justify;\">En el elenco de la producci\u00f3n, el p\u00fablico podr\u00e1 conocer a grandes actores que interpretaron personajes de renombre en la pel\u00edcula: Alexandre Rodrigues, Thiago Martins, Roberta Rodrigues, Sabrina Rosa, Kiko Marques y Edson Oliveira. Adem\u00e1s de estos, nuevos nombres forman parte de la trama, como Andr\u00e9ia Horta, Marcos Palmeira, Jefferson Brasil, Eli Ferreira, Luellem de Castro, Ot\u00e1vio Linhares, Rafael Lozano, Leandro Daniel, Luiz Bertazzo y nuevos talentos provenientes de comunidades de R\u00edo de Janeiro como Ciudad de Deus, Vidigal y Manguera.<\/p>","protected":false},"excerpt":{"rendered":"<p>Max\u00a0lanz\u00f3 el primer teaser de la serie original de HBO\u00a0CIUDAD DE DIOS: LA LUCHA NO PARA, producida por O2 Filmes. Programada para estrenarse en agosto de este a\u00f1o, la nueva producci\u00f3n nacional tendr\u00e1 seis episodios y se desarrollar\u00e1 dos d\u00e9cadas &#8230; <a title=\"MAX Lanza el primer teaser de \u2018Ciudad De Dios: la lucha no para\u2019\" class=\"read-more\" href=\"https:\/\/clientesbrandbits.click\/en\/max-lanza-el-primer-teaser-de-ciudad-de-dios-la-lucha-no-para\/\" aria-label=\"Read more about MAX Lanza el primer teaser de \u2018Ciudad De Dios: la lucha no para\u2019\">Read More<\/a><\/p>","protected":false},"author":3,"featured_media":1953,"comment_status":"closed","ping_status":"closed","sticky":false,"template":"","format":"standard","meta":{"_joinchat":[],"footnotes":""},"categories":[112,10],"tags":[161,159],"class_list":["post-1952","post","type-post","status-publish","format-standard","has-post-thumbnail","hentry","category-destacados","category-films","tag-ciudad-de-dios","tag-max","infinite-scroll-item"],"yoast_head":"<!-- This site is optimized with the Yoast SEO plugin v22.8 - https:\/\/yoast.com\/wordpress\/plugins\/seo\/ -->\n<title>MAX Lanza el primer teaser de \u2018Ciudad De Dios: la lucha no para\u2019 - Spanglish Cinema<\/title>\n<meta name=\"description\" content=\"Max\u00a0lanz\u00f3 el primer teaser de la serie original de HBO\u00a0CIUDAD DE DIOS: LA LUCHA NO PARA, producida por O2 Filmes. Programada para estrenarse en agosto de este a\u00f1o, la nueva producci\u00f3n nacional tendr\u00e1 seis episodios y se desarrollar\u00e1 dos d\u00e9cadas despu\u00e9s de la pel\u00edcula del mismo nombre, premiada internacionalmente.\" \/>\n<meta name=\"robots\" content=\"index, follow, max-snippet:-1, max-image-preview:large, max-video-preview:-1\" \/>\n<link rel=\"canonical\" href=\"https:\/\/clientesbrandbits.click\/en\/max-lanza-el-primer-teaser-de-ciudad-de-dios-la-lucha-no-para\/\" \/>\n<meta property=\"og:locale\" content=\"en_US\" \/>\n<meta property=\"og:type\" content=\"article\" \/>\n<meta property=\"og:title\" content=\"MAX Lanza el primer teaser de \u2018Ciudad De Dios: la lucha no para\u2019 - Spanglish Cinema\" \/>\n<meta property=\"og:description\" content=\"Max\u00a0lanz\u00f3 el primer teaser de la serie original de HBO\u00a0CIUDAD DE DIOS: LA LUCHA NO PARA, producida por O2 Filmes. Programada para estrenarse en agosto de este a\u00f1o, la nueva producci\u00f3n nacional tendr\u00e1 seis episodios y se desarrollar\u00e1 dos d\u00e9cadas despu\u00e9s de la pel\u00edcula del mismo nombre, premiada internacionalmente.\" \/>\n<meta property=\"og:url\" content=\"https:\/\/clientesbrandbits.click\/en\/max-lanza-el-primer-teaser-de-ciudad-de-dios-la-lucha-no-para\/\" \/>\n<meta property=\"og:site_name\" content=\"Spanglish Cinema\" \/>\n<meta property=\"article:published_time\" content=\"2024-06-24T18:51:09+00:00\" \/>\n<meta property=\"article:modified_time\" content=\"2024-06-24T22:16:20+00:00\" \/>\n<meta property=\"og:image\" content=\"https:\/\/clientesbrandbits.click\/wp-content\/uploads\/2024\/06\/Ciudad-de-Dios-La-lucha-no-para-la-nueva-serie-de-Max-y-HBO.jpg\" \/>\n\t<meta property=\"og:image:width\" content=\"1920\" \/>\n\t<meta property=\"og:image:height\" content=\"1080\" \/>\n\t<meta property=\"og:image:type\" content=\"image\/jpeg\" \/>\n<meta name=\"author\" content=\"Spanglish Cinema Team\" \/>\n<meta name=\"twitter:card\" content=\"summary_large_image\" \/>\n<meta name=\"twitter:label1\" content=\"Written by\" \/>\n\t<meta name=\"twitter:data1\" content=\"Spanglish Cinema Team\" \/>\n\t<meta name=\"twitter:label2\" content=\"Est. reading time\" \/>\n\t<meta name=\"twitter:data2\" content=\"3 minutes\" \/>\n<script type=\"application\/ld+json\" class=\"yoast-schema-graph\">{\"@context\":\"https:\/\/schema.org\",\"@graph\":[{\"@type\":\"Article\",\"@id\":\"https:\/\/clientesbrandbits.click\/max-lanza-el-primer-teaser-de-ciudad-de-dios-la-lucha-no-para\/#article\",\"isPartOf\":{\"@id\":\"https:\/\/clientesbrandbits.click\/max-lanza-el-primer-teaser-de-ciudad-de-dios-la-lucha-no-para\/\"},\"author\":{\"name\":\"Spanglish Cinema Team\",\"@id\":\"https:\/\/clientesbrandbits.click\/#\/schema\/person\/678f0477e0f075fdf24e58e342ca80f1\"},\"headline\":\"MAX Lanza el primer teaser de \u2018Ciudad De Dios: la lucha no para\u2019\",\"datePublished\":\"2024-06-24T18:51:09+00:00\",\"dateModified\":\"2024-06-24T22:16:20+00:00\",\"mainEntityOfPage\":{\"@id\":\"https:\/\/clientesbrandbits.click\/max-lanza-el-primer-teaser-de-ciudad-de-dios-la-lucha-no-para\/\"},\"wordCount\":557,\"publisher\":{\"@id\":\"https:\/\/clientesbrandbits.click\/#organization\"},\"image\":{\"@id\":\"https:\/\/clientesbrandbits.click\/max-lanza-el-primer-teaser-de-ciudad-de-dios-la-lucha-no-para\/#primaryimage\"},\"thumbnailUrl\":\"https:\/\/clientesbrandbits.click\/wp-content\/uploads\/2024\/06\/Ciudad-de-Dios-La-lucha-no-para-la-nueva-serie-de-Max-y-HBO.jpg\",\"keywords\":[\"Ciudad de Dios\",\"Max\"],\"articleSection\":[\"Destacados\",\"Films\"],\"inLanguage\":\"en-US\"},{\"@type\":\"WebPage\",\"@id\":\"https:\/\/clientesbrandbits.click\/max-lanza-el-primer-teaser-de-ciudad-de-dios-la-lucha-no-para\/\",\"url\":\"https:\/\/clientesbrandbits.click\/max-lanza-el-primer-teaser-de-ciudad-de-dios-la-lucha-no-para\/\",\"name\":\"MAX Lanza el primer teaser de \u2018Ciudad De Dios: la lucha no para\u2019 - Spanglish Cinema\",\"isPartOf\":{\"@id\":\"https:\/\/clientesbrandbits.click\/#website\"},\"primaryImageOfPage\":{\"@id\":\"https:\/\/clientesbrandbits.click\/max-lanza-el-primer-teaser-de-ciudad-de-dios-la-lucha-no-para\/#primaryimage\"},\"image\":{\"@id\":\"https:\/\/clientesbrandbits.click\/max-lanza-el-primer-teaser-de-ciudad-de-dios-la-lucha-no-para\/#primaryimage\"},\"thumbnailUrl\":\"https:\/\/clientesbrandbits.click\/wp-content\/uploads\/2024\/06\/Ciudad-de-Dios-La-lucha-no-para-la-nueva-serie-de-Max-y-HBO.jpg\",\"datePublished\":\"2024-06-24T18:51:09+00:00\",\"dateModified\":\"2024-06-24T22:16:20+00:00\",\"description\":\"Max\u00a0lanz\u00f3 el primer teaser de la serie original de HBO\u00a0CIUDAD DE DIOS: LA LUCHA NO PARA, producida por O2 Filmes. Programada para estrenarse en agosto de este a\u00f1o, la nueva producci\u00f3n nacional tendr\u00e1 seis episodios y se desarrollar\u00e1 dos d\u00e9cadas despu\u00e9s de la pel\u00edcula del mismo nombre, premiada internacionalmente.\",\"breadcrumb\":{\"@id\":\"https:\/\/clientesbrandbits.click\/max-lanza-el-primer-teaser-de-ciudad-de-dios-la-lucha-no-para\/#breadcrumb\"},\"inLanguage\":\"en-US\",\"potentialAction\":[{\"@type\":\"ReadAction\",\"target\":[\"https:\/\/clientesbrandbits.click\/max-lanza-el-primer-teaser-de-ciudad-de-dios-la-lucha-no-para\/\"]}]},{\"@type\":\"ImageObject\",\"inLanguage\":\"en-US\",\"@id\":\"https:\/\/clientesbrandbits.click\/max-lanza-el-primer-teaser-de-ciudad-de-dios-la-lucha-no-para\/#primaryimage\",\"url\":\"https:\/\/clientesbrandbits.click\/wp-content\/uploads\/2024\/06\/Ciudad-de-Dios-La-lucha-no-para-la-nueva-serie-de-Max-y-HBO.jpg\",\"contentUrl\":\"https:\/\/clientesbrandbits.click\/wp-content\/uploads\/2024\/06\/Ciudad-de-Dios-La-lucha-no-para-la-nueva-serie-de-Max-y-HBO.jpg\",\"width\":1920,\"height\":1080,\"caption\":\"CLX Icons, la revista del grupo empresarial CLX Group, y la m\u00e1s ic\u00f3nica de Venezuela\"},{\"@type\":\"BreadcrumbList\",\"@id\":\"https:\/\/clientesbrandbits.click\/max-lanza-el-primer-teaser-de-ciudad-de-dios-la-lucha-no-para\/#breadcrumb\",\"itemListElement\":[{\"@type\":\"ListItem\",\"position\":1,\"name\":\"Portada\",\"item\":\"https:\/\/clientesbrandbits.click\/\"},{\"@type\":\"ListItem\",\"position\":2,\"name\":\"MAX Lanza el primer teaser de \u2018Ciudad De Dios: la lucha no para\u2019\"}]},{\"@type\":\"WebSite\",\"@id\":\"https:\/\/clientesbrandbits.click\/#website\",\"url\":\"https:\/\/clientesbrandbits.click\/\",\"name\":\"Spanglish Cinema\",\"description\":\"\",\"publisher\":{\"@id\":\"https:\/\/clientesbrandbits.click\/#organization\"},\"potentialAction\":[{\"@type\":\"SearchAction\",\"target\":{\"@type\":\"EntryPoint\",\"urlTemplate\":\"https:\/\/clientesbrandbits.click\/?s={search_term_string}\"},\"query-input\":\"required name=search_term_string\"}],\"inLanguage\":\"en-US\"},{\"@type\":\"Organization\",\"@id\":\"https:\/\/clientesbrandbits.click\/#organization\",\"name\":\"Spanglish Cinema\",\"url\":\"https:\/\/clientesbrandbits.click\/\",\"logo\":{\"@type\":\"ImageObject\",\"inLanguage\":\"en-US\",\"@id\":\"https:\/\/clientesbrandbits.click\/#\/schema\/logo\/image\/\",\"url\":\"https:\/\/clientesbrandbits.click\/wp-content\/uploads\/2024\/03\/spanglish_cinema.png\",\"contentUrl\":\"https:\/\/clientesbrandbits.click\/wp-content\/uploads\/2024\/03\/spanglish_cinema.png\",\"width\":612,\"height\":225,\"caption\":\"Spanglish Cinema\"},\"image\":{\"@id\":\"https:\/\/clientesbrandbits.click\/#\/schema\/logo\/image\/\"}},{\"@type\":\"Person\",\"@id\":\"https:\/\/clientesbrandbits.click\/#\/schema\/person\/678f0477e0f075fdf24e58e342ca80f1\",\"name\":\"Spanglish Cinema Team\",\"image\":{\"@type\":\"ImageObject\",\"inLanguage\":\"en-US\",\"@id\":\"https:\/\/clientesbrandbits.click\/#\/schema\/person\/image\/\",\"url\":\"https:\/\/secure.gravatar.com\/avatar\/3eef20e32ea53867d5b6a361c9e8e2ee?s=96&d=mm&r=g\",\"contentUrl\":\"https:\/\/secure.gravatar.com\/avatar\/3eef20e32ea53867d5b6a361c9e8e2ee?s=96&d=mm&r=g\",\"caption\":\"Spanglish Cinema Team\"},\"url\":\"https:\/\/clientesbrandbits.click\/en\/author\/spanglish-cinema\/\"}]}<\/script>\n<!-- \/ Yoast SEO plugin. -->","yoast_head_json":{"title":"MAX Lanza el primer teaser de \u2018Ciudad De Dios: la lucha no para\u2019 - Spanglish Cinema","description":"Max\u00a0lanz\u00f3 el primer teaser de la serie original de HBO\u00a0CIUDAD DE DIOS: LA LUCHA NO PARA, producida por O2 Filmes. Programada para estrenarse en agosto de este a\u00f1o, la nueva producci\u00f3n nacional tendr\u00e1 seis episodios y se desarrollar\u00e1 dos d\u00e9cadas despu\u00e9s de la pel\u00edcula del mismo nombre, premiada internacionalmente.","robots":{"index":"index","follow":"follow","max-snippet":"max-snippet:-1","max-image-preview":"max-image-preview:large","max-video-preview":"max-video-preview:-1"},"canonical":"https:\/\/clientesbrandbits.click\/en\/max-lanza-el-primer-teaser-de-ciudad-de-dios-la-lucha-no-para\/","og_locale":"en_US","og_type":"article","og_title":"MAX Lanza el primer teaser de \u2018Ciudad De Dios: la lucha no para\u2019 - Spanglish Cinema","og_description":"Max\u00a0lanz\u00f3 el primer teaser de la serie original de HBO\u00a0CIUDAD DE DIOS: LA LUCHA NO PARA, producida por O2 Filmes. Programada para estrenarse en agosto de este a\u00f1o, la nueva producci\u00f3n nacional tendr\u00e1 seis episodios y se desarrollar\u00e1 dos d\u00e9cadas despu\u00e9s de la pel\u00edcula del mismo nombre, premiada internacionalmente.","og_url":"https:\/\/clientesbrandbits.click\/en\/max-lanza-el-primer-teaser-de-ciudad-de-dios-la-lucha-no-para\/","og_site_name":"Spanglish Cinema","article_published_time":"2024-06-24T18:51:09+00:00","article_modified_time":"2024-06-24T22:16:20+00:00","og_image":[{"width":1920,"height":1080,"url":"https:\/\/clientesbrandbits.click\/wp-content\/uploads\/2024\/06\/Ciudad-de-Dios-La-lucha-no-para-la-nueva-serie-de-Max-y-HBO.jpg","type":"image\/jpeg"}],"author":"Spanglish Cinema Team","twitter_card":"summary_large_image","twitter_misc":{"Written by":"Spanglish Cinema Team","Est. reading time":"3 minutes"},"schema":{"@context":"https:\/\/schema.org","@graph":[{"@type":"Article","@id":"https:\/\/clientesbrandbits.click\/max-lanza-el-primer-teaser-de-ciudad-de-dios-la-lucha-no-para\/#article","isPartOf":{"@id":"https:\/\/clientesbrandbits.click\/max-lanza-el-primer-teaser-de-ciudad-de-dios-la-lucha-no-para\/"},"author":{"name":"Spanglish Cinema Team","@id":"https:\/\/clientesbrandbits.click\/#\/schema\/person\/678f0477e0f075fdf24e58e342ca80f1"},"headline":"MAX Lanza el primer teaser de \u2018Ciudad De Dios: la lucha no para\u2019","datePublished":"2024-06-24T18:51:09+00:00","dateModified":"2024-06-24T22:16:20+00:00","mainEntityOfPage":{"@id":"https:\/\/clientesbrandbits.click\/max-lanza-el-primer-teaser-de-ciudad-de-dios-la-lucha-no-para\/"},"wordCount":557,"publisher":{"@id":"https:\/\/clientesbrandbits.click\/#organization"},"image":{"@id":"https:\/\/clientesbrandbits.click\/max-lanza-el-primer-teaser-de-ciudad-de-dios-la-lucha-no-para\/#primaryimage"},"thumbnailUrl":"https:\/\/clientesbrandbits.click\/wp-content\/uploads\/2024\/06\/Ciudad-de-Dios-La-lucha-no-para-la-nueva-serie-de-Max-y-HBO.jpg","keywords":["Ciudad de Dios","Max"],"articleSection":["Destacados","Films"],"inLanguage":"en-US"},{"@type":"WebPage","@id":"https:\/\/clientesbrandbits.click\/max-lanza-el-primer-teaser-de-ciudad-de-dios-la-lucha-no-para\/","url":"https:\/\/clientesbrandbits.click\/max-lanza-el-primer-teaser-de-ciudad-de-dios-la-lucha-no-para\/","name":"MAX Lanza el primer teaser de \u2018Ciudad De Dios: la lucha no para\u2019 - Spanglish Cinema","isPartOf":{"@id":"https:\/\/clientesbrandbits.click\/#website"},"primaryImageOfPage":{"@id":"https:\/\/clientesbrandbits.click\/max-lanza-el-primer-teaser-de-ciudad-de-dios-la-lucha-no-para\/#primaryimage"},"image":{"@id":"https:\/\/clientesbrandbits.click\/max-lanza-el-primer-teaser-de-ciudad-de-dios-la-lucha-no-para\/#primaryimage"},"thumbnailUrl":"https:\/\/clientesbrandbits.click\/wp-content\/uploads\/2024\/06\/Ciudad-de-Dios-La-lucha-no-para-la-nueva-serie-de-Max-y-HBO.jpg","datePublished":"2024-06-24T18:51:09+00:00","dateModified":"2024-06-24T22:16:20+00:00","description":"Max\u00a0lanz\u00f3 el primer teaser de la serie original de HBO\u00a0CIUDAD DE DIOS: LA LUCHA NO PARA, producida por O2 Filmes. Programada para estrenarse en agosto de este a\u00f1o, la nueva producci\u00f3n nacional tendr\u00e1 seis episodios y se desarrollar\u00e1 dos d\u00e9cadas despu\u00e9s de la pel\u00edcula del mismo nombre, premiada internacionalmente.","breadcrumb":{"@id":"https:\/\/clientesbrandbits.click\/max-lanza-el-primer-teaser-de-ciudad-de-dios-la-lucha-no-para\/#breadcrumb"},"inLanguage":"en-US","potentialAction":[{"@type":"ReadAction","target":["https:\/\/clientesbrandbits.click\/max-lanza-el-primer-teaser-de-ciudad-de-dios-la-lucha-no-para\/"]}]},{"@type":"ImageObject","inLanguage":"en-US","@id":"https:\/\/clientesbrandbits.click\/max-lanza-el-primer-teaser-de-ciudad-de-dios-la-lucha-no-para\/#primaryimage","url":"https:\/\/clientesbrandbits.click\/wp-content\/uploads\/2024\/06\/Ciudad-de-Dios-La-lucha-no-para-la-nueva-serie-de-Max-y-HBO.jpg","contentUrl":"https:\/\/clientesbrandbits.click\/wp-content\/uploads\/2024\/06\/Ciudad-de-Dios-La-lucha-no-para-la-nueva-serie-de-Max-y-HBO.jpg","width":1920,"height":1080,"caption":"CLX Icons, la revista del grupo empresarial CLX Group, y la m\u00e1s ic\u00f3nica de Venezuela"},{"@type":"BreadcrumbList","@id":"https:\/\/clientesbrandbits.click\/max-lanza-el-primer-teaser-de-ciudad-de-dios-la-lucha-no-para\/#breadcrumb","itemListElement":[{"@type":"ListItem","position":1,"name":"Portada","item":"https:\/\/clientesbrandbits.click\/"},{"@type":"ListItem","position":2,"name":"MAX Lanza el primer teaser de \u2018Ciudad De Dios: la lucha no para\u2019"}]},{"@type":"WebSite","@id":"https:\/\/clientesbrandbits.click\/#website","url":"https:\/\/clientesbrandbits.click\/","name":"Spanglish Cinema","description":"","publisher":{"@id":"https:\/\/clientesbrandbits.click\/#organization"},"potentialAction":[{"@type":"SearchAction","target":{"@type":"EntryPoint","urlTemplate":"https:\/\/clientesbrandbits.click\/?s={search_term_string}"},"query-input":"required name=search_term_string"}],"inLanguage":"en-US"},{"@type":"Organization","@id":"https:\/\/clientesbrandbits.click\/#organization","name":"Spanglish Cinema","url":"https:\/\/clientesbrandbits.click\/","logo":{"@type":"ImageObject","inLanguage":"en-US","@id":"https:\/\/clientesbrandbits.click\/#\/schema\/logo\/image\/","url":"https:\/\/clientesbrandbits.click\/wp-content\/uploads\/2024\/03\/spanglish_cinema.png","contentUrl":"https:\/\/clientesbrandbits.click\/wp-content\/uploads\/2024\/03\/spanglish_cinema.png","width":612,"height":225,"caption":"Spanglish Cinema"},"image":{"@id":"https:\/\/clientesbrandbits.click\/#\/schema\/logo\/image\/"}},{"@type":"Person","@id":"https:\/\/clientesbrandbits.click\/#\/schema\/person\/678f0477e0f075fdf24e58e342ca80f1","name":"Spanglish Cinema Team","image":{"@type":"ImageObject","inLanguage":"en-US","@id":"https:\/\/clientesbrandbits.click\/#\/schema\/person\/image\/","url":"https:\/\/secure.gravatar.com\/avatar\/3eef20e32ea53867d5b6a361c9e8e2ee?s=96&d=mm&r=g","contentUrl":"https:\/\/secure.gravatar.com\/avatar\/3eef20e32ea53867d5b6a361c9e8e2ee?s=96&d=mm&r=g","caption":"Spanglish Cinema Team"},"url":"https:\/\/clientesbrandbits.click\/en\/author\/spanglish-cinema\/"}]}},"_links":{"self":[{"href":"https:\/\/clientesbrandbits.click\/en\/wp-json\/wp\/v2\/posts\/1952"}],"collection":[{"href":"https:\/\/clientesbrandbits.click\/en\/wp-json\/wp\/v2\/posts"}],"about":[{"href":"https:\/\/clientesbrandbits.click\/en\/wp-json\/wp\/v2\/types\/post"}],"author":[{"embeddable":true,"href":"https:\/\/clientesbrandbits.click\/en\/wp-json\/wp\/v2\/users\/3"}],"replies":[{"embeddable":true,"href":"https:\/\/clientesbrandbits.click\/en\/wp-json\/wp\/v2\/comments?post=1952"}],"version-history":[{"count":2,"href":"https:\/\/clientesbrandbits.click\/en\/wp-json\/wp\/v2\/posts\/1952\/revisions"}],"predecessor-version":[{"id":1962,"href":"https:\/\/clientesbrandbits.click\/en\/wp-json\/wp\/v2\/posts\/1952\/revisions\/1962"}],"wp:featuredmedia":[{"embeddable":true,"href":"https:\/\/clientesbrandbits.click\/en\/wp-json\/wp\/v2\/media\/1953"}],"wp:attachment":[{"href":"https:\/\/clientesbrandbits.click\/en\/wp-json\/wp\/v2\/media?parent=1952"}],"wp:term":[{"taxonomy":"category","embeddable":true,"href":"https:\/\/clientesbrandbits.click\/en\/wp-json\/wp\/v2\/categories?post=1952"},{"taxonomy":"post_tag","embeddable":true,"href":"https:\/\/clientesbrandbits.click\/en\/wp-json\/wp\/v2\/tags?post=1952"}],"curies":[{"name":"wp","href":"https:\/\/api.w.org\/{rel}","templated":true}]}}