{"id":187,"date":"2024-03-06T13:44:55","date_gmt":"2024-03-06T16:44:55","guid":{"rendered":"https:\/\/clientesbrandbits.click\/?p=187"},"modified":"2024-03-26T05:31:30","modified_gmt":"2024-03-26T08:31:30","slug":"camino-al-oscar-entrevista-a-maite-alberdi-por-la-memoria-infinita","status":"publish","type":"post","link":"https:\/\/clientesbrandbits.click\/en\/camino-al-oscar-entrevista-a-maite-alberdi-por-la-memoria-infinita\/","title":{"rendered":"Road to Oscar: Interview with Maite Alberdi by \u201cMemory is Infinite\u201d"},"content":{"rendered":"<p style=\"text-align: justify;\">La realizadora chilena Maite Alberdi con su documental \u201cLa Memoria Infinita\u201d, va por el Oscar, y nos recibi\u00f3 en exclusiva en el Festival de Cine de Santa B\u00e1rbara.<\/p>\n<p style=\"text-align: justify;\">El Festival de Cine de Santa B\u00e1rbara (SBFF) premia a los mejores del a\u00f1o por su trayectoria o impacto de la pel\u00edcula en la industria. La documentalista chilena Maite Alberdi, fue invitada al \u201cPanel de Mujeres\u201d donde comparti\u00f3 los momentos m\u00e1s emotivos de la realizaci\u00f3n de este documental y sobre su relaci\u00f3n con sus protagonistas, Augusto y Paulina.<\/p>\n<p style=\"text-align: justify;\">\u201cLa Memoria Infinita\u201d es el segundo documental de su filmograf\u00eda que es nominado dentro de la categor\u00eda Mejor Documental en los premios de la academia. El primero fue \u201cEl Agente Topo\u201d, que estuvo en la n\u00f3mina final, pero que fue finalmente vencido por \u201cMi Maestro el Pulpo\u201d.<\/p>\n<p style=\"text-align: justify;\">Este documental cuenta la conmovedora historia de amor de Augusto y Paulina, que han estado juntos y enamorados hace m\u00e1s de 25 a\u00f1os. Hace 8 a\u00f1os sus vidas cambiaron para siempre con el diagn\u00f3stico de Alzheimer de Augusto. Con esta sinopsis el film ha recorrido salas de cine mundiales y tanto la cr\u00edtica como la audiencia, se han rendido ante esta historia de amor catalogada como una de las m\u00e1s lindas en la historia del s\u00e9ptimo arte.<\/p>\n<p style=\"text-align: justify;\"><strong>El viaje de esta historia<\/strong><\/p>\n<p style=\"text-align: justify;\">Desde el festival de Sundance 2023, todo cambi\u00f3 para su directora, el film fue premiado con el Grand Jury Price del cert\u00e1men y la carrera del documental desde all\u00ed, ha sido mete\u00f3rica.<\/p>\n<p style=\"text-align: justify;\">Hace aproximadamente un mes su pel\u00edcula fue seleccionada para competir por el premio m\u00e1ximo de la Academia, donde entre 167 largometrajes y siendo la \u00fanica de habla hispana obtuvo el lugar en la tan preciada lista final de las nominaciones a los Oscar. A su vez, fue el documental m\u00e1s vendido en cines y fue respaldado por MTV Docs y Paramount, lo que caus\u00f3 un salto en la carrera de la realizadora dentro de la industria norteamericana quien poco a poco se ha ido posicionando en este cerrado mercado.<\/p>\n<p style=\"text-align: justify;\"><strong>Maite Alberdi, la documentalista que rompe esquemas<\/strong><\/p>\n<p style=\"text-align: justify;\">Maite Alberdi (40), tiene cinco largometrajes en su filmograf\u00eda, dos de ellos han sido seleccionados para competir por los premios de la Academia, no solo haciendo a Chile so\u00f1ar, sino tambi\u00e9n al posicionar una pel\u00edcula latinoamericana en competencia en una categor\u00eda que tiende a ser m\u00e1s informativa y de dif\u00edcil acceso.<\/p>\n<p style=\"text-align: justify;\">La realizadora cumple el doble m\u00e9rito de mixturar el g\u00e9nero y siempre innovar a la hora de retratar a sus protagonistas. \u00bfC\u00f3mo olvidar que en medio de la pandemia su documental \u201cEl Agente Topo\u201d logr\u00f3 cautivar a la audiencia chilena haci\u00e9ndolo el documental m\u00e1s visto y llevando a su protagonista, Sergio Chamy, al estatus de celebridad?. Lo mismo ocurre con \u201cLa Memoria Infinita\u201d, si bien, Paulina y Augusto son figuras p\u00fablicas en Chile, hoy su historia rompe cualquier tipo de barreras geogr\u00e1ficas y se vuelve mundialmente conocida.<\/p>\n<p style=\"text-align: justify;\">Esa capacidad que tiene la documentalista de posicionar un g\u00e9nero que es m\u00e1s de nicho en una carrera \u201cde igual a igual\u201d con pel\u00edculas que van por otras categor\u00edas, en cuanto a cr\u00edticas positivas y recepci\u00f3n del p\u00fablico, es de un talento avasallador.<\/p>\n<p style=\"text-align: justify;\">Pudimos hablar con su directora, luego de haber ganado el premio Goya a Mejor Pel\u00edcula Iberoamericana y a tan solo semanas de caminar por la alfombra roja de los premios de la academia.<\/p>\n<p style=\"text-align: justify;\"><strong><img fetchpriority=\"high\" decoding=\"async\" class=\"aligncenter wp-image-189 size-large\" src=\"https:\/\/clientesbrandbits.click\/wp-content\/uploads\/2024\/03\/Memoria-Infinita-e1692972752176-1024x637.jpg\" alt=\"\" width=\"1024\" height=\"637\" srcset=\"https:\/\/clientesbrandbits.click\/wp-content\/uploads\/2024\/03\/Memoria-Infinita-e1692972752176-1024x637.jpg 1024w, https:\/\/clientesbrandbits.click\/wp-content\/uploads\/2024\/03\/Memoria-Infinita-e1692972752176-300x187.jpg 300w, https:\/\/clientesbrandbits.click\/wp-content\/uploads\/2024\/03\/Memoria-Infinita-e1692972752176-768x478.jpg 768w, https:\/\/clientesbrandbits.click\/wp-content\/uploads\/2024\/03\/Memoria-Infinita-e1692972752176.jpg 1061w\" sizes=\"(max-width: 1024px) 100vw, 1024px\" \/><\/strong><\/p>\n<p style=\"text-align: justify;\"><strong>La Exclusiva<\/strong><\/p>\n<p style=\"text-align: justify;\">En un estudio cercano al \u201cArlingthon Teather\u201d de Santa B\u00e1rbara, California, poco antes de entrar al Panel de Mujeres honradas por el Festival de Cine, Maite Alberdi se hizo un tiempo para hablar en exclusiva con nosotros.<\/p>\n<p style=\"text-align: justify;\">Luego de un a\u00f1o de giras de prensa, esta entrevista se erigi\u00f3 como parte de un cierre del viaje internacional de la pel\u00edcula y ya, abiertas las votaciones para los premios de la academia, es un momento de reflexi\u00f3n de todo lo pasado y lo ganado.<\/p>\n<p style=\"text-align: justify;\"><strong>Cin\u00e9filos:<\/strong> Maite, primero felicitaciones por el Goya y por la segunda nominaci\u00f3n al Oscar. \u00bfCu\u00e1n importantes son estos logros para ti y c\u00f3mo est\u00e1n ayudando a abrirte espacio en una industria tan cerrada y dif\u00edcil como es la estadounidense?<\/p>\n<p style=\"text-align: justify;\"><strong>Maite:<\/strong> Bueno, estos logros nunca dejan de sorprenderme y son el fruto de mucho trabajo. Creo que que a veces la gente dice \u201cuy, qu\u00e9 suerte que est\u00e9 nominada\u201d. Y s\u00ed, por supuesto es suerte, pero tambi\u00e9n es un equipo muy grande detr\u00e1s y ha sido un a\u00f1o de campa\u00f1a para ambas nominaciones y premios.<\/p>\n<p style=\"text-align: justify;\">Me lo tomo como un regalo. Yo creo que para para una cineasta latina, el Oscar no est\u00e1 como dentro de tus sue\u00f1os y eso es s\u00faper distinto a lo que pasa en Estados Unidos. Como que los directores ac\u00e1 sue\u00f1an, o sea, es como es parte de sus expectativas. Yo creo que que Latinoam\u00e9rica no est\u00e1 dentro de las expectativas que tenemos los cineastas, entonces me lo tomo con mucho agradecimiento, Creo que es un gran logro tambi\u00e9n porque rompemos una barrera del idioma que que es tan dif\u00edcil, sobre todo en la categor\u00eda que estamos con la Memoria Infinita, que estuvimos con el Agente Topo, que en general son pel\u00edculas en ingl\u00e9s. Entonces \u00bfc\u00f3mo entran estas pel\u00edculas? Y yo creo que ya estar ah\u00ed es un premio gigante tambi\u00e9n. Claro, lo tomo como t\u00fa dices, como una gran apertura a un mercado y a nuevas posibilidades laborales. Y tambi\u00e9n siempre digo es para m\u00ed es la posibilidad de seguir filmando. O sea, como esa es la implicancia de estos premios que uno puede seguir haciendo lo que le gusta porque es reconocido.<\/p>\n<p style=\"text-align: justify;\"><strong>C:<\/strong> Acaba de pasar el 14 de febrero el D\u00eda del Amor y se recomend\u00f3 la memoria infinita en diversos medios e idiomas. \u00bfC\u00f3mo te sientes al saber que la historia que retrataste trasciende la enfermedad del Alzheimer y se posiciona como una de las historias de amor m\u00e1s bonitas en la historia del cine?<\/p>\n<p style=\"text-align: justify;\"><strong>M:<\/strong> Si es que la memoria infinita no es una pel\u00edcula sobre el Alzheimer. El Alzheimer es solo un contexto, y siempre digo es como un desaf\u00edo que se plantea en esta relaci\u00f3n de pareja. Pero ante todo es una gran historia de amor. Yo, la veo y yo siento envidia por el buen amor, por la buena vida. Yo creo que esa es la sensaci\u00f3n que deja como una expectativa de de qu\u00e9 queremos en nuestras parejas, como si solo son una pel\u00edcula sobre el buen amor.<\/p>\n<p style=\"text-align: justify;\"><strong>C:<\/strong> La Memoria Infinita es un ejercicio tambi\u00e9n de reconstrucci\u00f3n de la memoria en s\u00ed misma y sigue construyendo memoria colectiva con todo lo que est\u00e1s logrando. \u00bfCu\u00e1les son las puertas que has visto abrirse en t\u00e9rminos profesionales y personales, desde el Festival de Sundance hasta pocas semanas antes de los premios de la Academia?<\/p>\n<p style=\"text-align: justify;\"><strong>M:<\/strong> No, yo creo que profesionales ante todo el acceso a muchas salas, a muchos pa\u00edses, c\u00f3mo La Memoria Infinita se ha estrenado en en m\u00e1s de 40 pa\u00edses, en salas y en streaming, entonces es una pel\u00edcula que se ha visto mucho, entonces es el acceso a distintos territorios, que yo creo que eso es especial y nuevo, sobre todo que ven\u00edamos de la pandemia y yo ven\u00eda de estrenar El Agente Topo en Pandemia, donde como que uno se hab\u00eda olvidado de las salas de cine. Entonces ahora tambi\u00e9n como cineasta es volver a entender que se abrieron las salas y que la gente quiere ver pel\u00edculas compartiendo en la sala, no solo en el streaming, como yo hab\u00eda pensado que iba a pasar.<\/p>\n<p style=\"text-align: justify;\"><strong>C:<\/strong> Y respecto a eso, porque tambi\u00e9n es una pel\u00edcula muy comunitaria. Augusto tuvo a Paulina para recordarle qui\u00e9n era. Ellos te tuvieron a ti para recordarles por siempre esta hermosa relaci\u00f3n. Y la audiencia tiene una pel\u00edcula para recordarnos que incluso en los momentos m\u00e1s dif\u00edciles de la vida puede haber una luz bonita. \u00bfCu\u00e1les son los aprendizajes que te llevas contigo en el proceso de haber hecho este filme?<\/p>\n<p style=\"text-align: justify;\"><strong>M:<\/strong> Uy, yo me llevo muchos aprendizajes de La Memoria Infinita. Yo creo que a ver, primero que existen otros tipos de memoria que yo creo que es lo que retrata la pel\u00edcula. Que siempre entendemos la memoria como una memoria racional, informativa, de contenido y en La Memoria Infinita, podemos ver a un hombre que cuando pierde la memoria siempre recuerda sus emociones, tanto el amor como el dolor, y que tenemos que entender y cuidar esas emociones porque son las que permanecen.<\/p>\n<p style=\"text-align: justify;\">Entonces, para m\u00ed es la permanencia de los sentimientos la pel\u00edcula. Y creo que esa fue una gran lecci\u00f3n, como entender que nos podemos comunicar y nos podemos mover desde esa memoria y sin valorar tanto la la memoria racional. Creo que eso es un super aprendizaje. Y el otro gran aprendizaje para m\u00ed es que tiene que ver con el amor tambi\u00e9n, que no hay una sola forma de ser pareja, que no hay una sola forma de vivir el amor. Que las parejas se reinventan, que el deseo puede continuar en momentos tan dif\u00edciles como tener Alzheimer. S\u00ed, creo que esas son como mis dos grandes lecciones.<\/p>\n<p style=\"text-align: justify;\"><strong>C:<\/strong> El Festival de Cine de Santa B\u00e1rbara se dedica a premiar las grandes trayectorias durante el a\u00f1o, como hacer un cierre antes de la premiaci\u00f3n de los Oscar. \u00bfC\u00f3mo te sientes por estar en un panel de mujeres hoy en el Festival de Cine de Santa B\u00e1rbara?<\/p>\n<p style=\"text-align: justify;\"><strong>M:<\/strong> Me siento muy contenta porque tambi\u00e9n lo estoy estos d\u00edas. Ya lo estoy tomando como cierre despu\u00e9s de un a\u00f1o de hablar de la pel\u00edcula, de compartir la pel\u00edcula, entonces como si es celebraci\u00f3n por el a\u00f1o. Y bueno, siempre es interesante escuchar tambi\u00e9n a otras profesionales de la industria,<\/p>\n<p style=\"text-align: justify;\"><strong>C:<\/strong> Para quienes no han visto todav\u00eda, porque nosotros conocemos a Paulina, conocimos a Augusto, para que quienes no conocen la pareja. \u00bfQu\u00e9 nos puedes contar un poco de La Memoria Infinita e invitarlos a quienes no la hayan visto todav\u00eda?<\/p>\n<p style=\"text-align: justify;\"><strong>M:<\/strong> A quienes no han visto la memoria infinita, yo los invito a verla sin miedo. No es una pel\u00edcula dram\u00e1tica, es una pel\u00edcula que uno se emociona pero que uno se emociona por la buena vida, por el buen amor y por ver una relaci\u00f3n excepcional que creo que se ven pocas en el cine. Como el amor. A veces no est\u00e1 tan de moda en las pel\u00edculas.<\/p>\n<p>*Publicado originalmente por Cin\u00e9filos<\/p>","protected":false},"excerpt":{"rendered":"<p>La realizadora chilena Maite Alberdi con su documental \u201cLa Memoria Infinita\u201d, va por el Oscar, y nos recibi\u00f3 en exclusiva en el Festival de Cine de Santa B\u00e1rbara. El Festival de Cine de Santa B\u00e1rbara (SBFF) premia a los mejores &#8230; <a title=\"Road to Oscar: Interview with Maite Alberdi by \u201cMemory is Infinite\u201d\" class=\"read-more\" href=\"https:\/\/clientesbrandbits.click\/en\/camino-al-oscar-entrevista-a-maite-alberdi-por-la-memoria-infinita\/\" aria-label=\"Read more about Camino al Oscar: Entrevista a Maite Alberdi por \u201cLa Memoria Infinita\u201d\">Read More<\/a><\/p>","protected":false},"author":2,"featured_media":676,"comment_status":"closed","ping_status":"closed","sticky":false,"template":"","format":"standard","meta":{"_joinchat":[],"footnotes":""},"categories":[13,14,12],"tags":[28,29],"class_list":["post-187","post","type-post","status-publish","format-standard","has-post-thumbnail","hentry","category-entrevistas","category-mujeres-en-la-industria","category-premios","tag-la-memoria-infinita","tag-maite-alberdi","infinite-scroll-item"],"yoast_head":"<!-- This site is optimized with the Yoast SEO plugin v22.8 - https:\/\/yoast.com\/wordpress\/plugins\/seo\/ -->\n<title>Camino al Oscar: Entrevista a Maite Alberdi por \u201cLa Memoria Infinita\u201d - Spanglish Cinema<\/title>\n<meta name=\"description\" content=\"La realizadora chilena Maite Alberdi con su documental \u201cLa Memoria Infinita\u201d, va por el Oscar, y nos recibi\u00f3 en exclusiva en el Festival de Cine de Santa B\u00e1rbara.\" \/>\n<meta name=\"robots\" content=\"index, follow, max-snippet:-1, max-image-preview:large, max-video-preview:-1\" \/>\n<link rel=\"canonical\" href=\"https:\/\/clientesbrandbits.click\/en\/camino-al-oscar-entrevista-a-maite-alberdi-por-la-memoria-infinita\/\" \/>\n<meta property=\"og:locale\" content=\"en_US\" \/>\n<meta property=\"og:type\" content=\"article\" \/>\n<meta property=\"og:title\" content=\"Camino al Oscar: Entrevista a Maite Alberdi por \u201cLa Memoria Infinita\u201d - Spanglish Cinema\" \/>\n<meta property=\"og:description\" content=\"La realizadora chilena Maite Alberdi con su documental \u201cLa Memoria Infinita\u201d, va por el Oscar, y nos recibi\u00f3 en exclusiva en el Festival de Cine de Santa B\u00e1rbara.\" \/>\n<meta property=\"og:url\" content=\"https:\/\/clientesbrandbits.click\/en\/camino-al-oscar-entrevista-a-maite-alberdi-por-la-memoria-infinita\/\" \/>\n<meta property=\"og:site_name\" content=\"Spanglish Cinema\" \/>\n<meta property=\"article:published_time\" content=\"2024-03-06T16:44:55+00:00\" \/>\n<meta property=\"article:modified_time\" content=\"2024-03-26T08:31:30+00:00\" \/>\n<meta property=\"og:image\" content=\"https:\/\/clientesbrandbits.click\/wp-content\/uploads\/2024\/03\/maite-alberdi-apjpg-974x547-1.jpg\" \/>\n\t<meta property=\"og:image:width\" content=\"974\" \/>\n\t<meta property=\"og:image:height\" content=\"547\" \/>\n\t<meta property=\"og:image:type\" content=\"image\/jpeg\" \/>\n<meta name=\"author\" content=\"Francisca Romero\" \/>\n<meta name=\"twitter:card\" content=\"summary_large_image\" \/>\n<meta name=\"twitter:label1\" content=\"Written by\" \/>\n\t<meta name=\"twitter:data1\" content=\"Francisca Romero\" \/>\n\t<meta name=\"twitter:label2\" content=\"Est. reading time\" \/>\n\t<meta name=\"twitter:data2\" content=\"9 minutes\" \/>\n<script type=\"application\/ld+json\" class=\"yoast-schema-graph\">{\"@context\":\"https:\/\/schema.org\",\"@graph\":[{\"@type\":\"Article\",\"@id\":\"https:\/\/clientesbrandbits.click\/camino-al-oscar-entrevista-a-maite-alberdi-por-la-memoria-infinita\/#article\",\"isPartOf\":{\"@id\":\"https:\/\/clientesbrandbits.click\/camino-al-oscar-entrevista-a-maite-alberdi-por-la-memoria-infinita\/\"},\"author\":{\"name\":\"Francisca Romero\",\"@id\":\"https:\/\/clientesbrandbits.click\/#\/schema\/person\/fedc39f5790928deafca5719b3588db2\"},\"headline\":\"Camino al Oscar: Entrevista a Maite Alberdi por \u201cLa Memoria Infinita\u201d\",\"datePublished\":\"2024-03-06T16:44:55+00:00\",\"dateModified\":\"2024-03-26T08:31:30+00:00\",\"mainEntityOfPage\":{\"@id\":\"https:\/\/clientesbrandbits.click\/camino-al-oscar-entrevista-a-maite-alberdi-por-la-memoria-infinita\/\"},\"wordCount\":1855,\"publisher\":{\"@id\":\"https:\/\/clientesbrandbits.click\/#organization\"},\"image\":{\"@id\":\"https:\/\/clientesbrandbits.click\/camino-al-oscar-entrevista-a-maite-alberdi-por-la-memoria-infinita\/#primaryimage\"},\"thumbnailUrl\":\"https:\/\/clientesbrandbits.click\/wp-content\/uploads\/2024\/03\/maite-alberdi-apjpg-974x547-1.jpg\",\"keywords\":[\"La Memoria Infinita\",\"Maite Alberdi\"],\"articleSection\":[\"Entrevistas\",\"Mujeres en la Industria\",\"Premios\"],\"inLanguage\":\"en-US\"},{\"@type\":\"WebPage\",\"@id\":\"https:\/\/clientesbrandbits.click\/camino-al-oscar-entrevista-a-maite-alberdi-por-la-memoria-infinita\/\",\"url\":\"https:\/\/clientesbrandbits.click\/camino-al-oscar-entrevista-a-maite-alberdi-por-la-memoria-infinita\/\",\"name\":\"Camino al Oscar: Entrevista a Maite Alberdi por \u201cLa Memoria Infinita\u201d - Spanglish Cinema\",\"isPartOf\":{\"@id\":\"https:\/\/clientesbrandbits.click\/#website\"},\"primaryImageOfPage\":{\"@id\":\"https:\/\/clientesbrandbits.click\/camino-al-oscar-entrevista-a-maite-alberdi-por-la-memoria-infinita\/#primaryimage\"},\"image\":{\"@id\":\"https:\/\/clientesbrandbits.click\/camino-al-oscar-entrevista-a-maite-alberdi-por-la-memoria-infinita\/#primaryimage\"},\"thumbnailUrl\":\"https:\/\/clientesbrandbits.click\/wp-content\/uploads\/2024\/03\/maite-alberdi-apjpg-974x547-1.jpg\",\"datePublished\":\"2024-03-06T16:44:55+00:00\",\"dateModified\":\"2024-03-26T08:31:30+00:00\",\"description\":\"La realizadora chilena Maite Alberdi con su documental \u201cLa Memoria Infinita\u201d, va por el Oscar, y nos recibi\u00f3 en exclusiva en el Festival de Cine de Santa B\u00e1rbara.\",\"breadcrumb\":{\"@id\":\"https:\/\/clientesbrandbits.click\/camino-al-oscar-entrevista-a-maite-alberdi-por-la-memoria-infinita\/#breadcrumb\"},\"inLanguage\":\"en-US\",\"potentialAction\":[{\"@type\":\"ReadAction\",\"target\":[\"https:\/\/clientesbrandbits.click\/camino-al-oscar-entrevista-a-maite-alberdi-por-la-memoria-infinita\/\"]}]},{\"@type\":\"ImageObject\",\"inLanguage\":\"en-US\",\"@id\":\"https:\/\/clientesbrandbits.click\/camino-al-oscar-entrevista-a-maite-alberdi-por-la-memoria-infinita\/#primaryimage\",\"url\":\"https:\/\/clientesbrandbits.click\/wp-content\/uploads\/2024\/03\/maite-alberdi-apjpg-974x547-1.jpg\",\"contentUrl\":\"https:\/\/clientesbrandbits.click\/wp-content\/uploads\/2024\/03\/maite-alberdi-apjpg-974x547-1.jpg\",\"width\":974,\"height\":547},{\"@type\":\"BreadcrumbList\",\"@id\":\"https:\/\/clientesbrandbits.click\/camino-al-oscar-entrevista-a-maite-alberdi-por-la-memoria-infinita\/#breadcrumb\",\"itemListElement\":[{\"@type\":\"ListItem\",\"position\":1,\"name\":\"Portada\",\"item\":\"https:\/\/clientesbrandbits.click\/\"},{\"@type\":\"ListItem\",\"position\":2,\"name\":\"Camino al Oscar: Entrevista a Maite Alberdi por \u201cLa Memoria Infinita\u201d\"}]},{\"@type\":\"WebSite\",\"@id\":\"https:\/\/clientesbrandbits.click\/#website\",\"url\":\"https:\/\/clientesbrandbits.click\/\",\"name\":\"Spanglish Cinema\",\"description\":\"\",\"publisher\":{\"@id\":\"https:\/\/clientesbrandbits.click\/#organization\"},\"potentialAction\":[{\"@type\":\"SearchAction\",\"target\":{\"@type\":\"EntryPoint\",\"urlTemplate\":\"https:\/\/clientesbrandbits.click\/?s={search_term_string}\"},\"query-input\":\"required name=search_term_string\"}],\"inLanguage\":\"en-US\"},{\"@type\":\"Organization\",\"@id\":\"https:\/\/clientesbrandbits.click\/#organization\",\"name\":\"Spanglish Cinema\",\"url\":\"https:\/\/clientesbrandbits.click\/\",\"logo\":{\"@type\":\"ImageObject\",\"inLanguage\":\"en-US\",\"@id\":\"https:\/\/clientesbrandbits.click\/#\/schema\/logo\/image\/\",\"url\":\"https:\/\/clientesbrandbits.click\/wp-content\/uploads\/2024\/03\/spanglish_cinema.png\",\"contentUrl\":\"https:\/\/clientesbrandbits.click\/wp-content\/uploads\/2024\/03\/spanglish_cinema.png\",\"width\":612,\"height\":225,\"caption\":\"Spanglish Cinema\"},\"image\":{\"@id\":\"https:\/\/clientesbrandbits.click\/#\/schema\/logo\/image\/\"}},{\"@type\":\"Person\",\"@id\":\"https:\/\/clientesbrandbits.click\/#\/schema\/person\/fedc39f5790928deafca5719b3588db2\",\"name\":\"Francisca Romero\",\"image\":{\"@type\":\"ImageObject\",\"inLanguage\":\"en-US\",\"@id\":\"https:\/\/clientesbrandbits.click\/#\/schema\/person\/image\/\",\"url\":\"https:\/\/secure.gravatar.com\/avatar\/59bbcac6a15502dc7740d8ba94724e62?s=96&d=mm&r=g\",\"contentUrl\":\"https:\/\/secure.gravatar.com\/avatar\/59bbcac6a15502dc7740d8ba94724e62?s=96&d=mm&r=g\",\"caption\":\"Francisca Romero\"},\"url\":\"https:\/\/clientesbrandbits.click\/en\/author\/francisca-romero\/\"}]}<\/script>\n<!-- \/ Yoast SEO plugin. -->","yoast_head_json":{"title":"Camino al Oscar: Entrevista a Maite Alberdi por \u201cLa Memoria Infinita\u201d - Spanglish Cinema","description":"La realizadora chilena Maite Alberdi con su documental \u201cLa Memoria Infinita\u201d, va por el Oscar, y nos recibi\u00f3 en exclusiva en el Festival de Cine de Santa B\u00e1rbara.","robots":{"index":"index","follow":"follow","max-snippet":"max-snippet:-1","max-image-preview":"max-image-preview:large","max-video-preview":"max-video-preview:-1"},"canonical":"https:\/\/clientesbrandbits.click\/en\/camino-al-oscar-entrevista-a-maite-alberdi-por-la-memoria-infinita\/","og_locale":"en_US","og_type":"article","og_title":"Camino al Oscar: Entrevista a Maite Alberdi por \u201cLa Memoria Infinita\u201d - Spanglish Cinema","og_description":"La realizadora chilena Maite Alberdi con su documental \u201cLa Memoria Infinita\u201d, va por el Oscar, y nos recibi\u00f3 en exclusiva en el Festival de Cine de Santa B\u00e1rbara.","og_url":"https:\/\/clientesbrandbits.click\/en\/camino-al-oscar-entrevista-a-maite-alberdi-por-la-memoria-infinita\/","og_site_name":"Spanglish Cinema","article_published_time":"2024-03-06T16:44:55+00:00","article_modified_time":"2024-03-26T08:31:30+00:00","og_image":[{"width":974,"height":547,"url":"https:\/\/clientesbrandbits.click\/wp-content\/uploads\/2024\/03\/maite-alberdi-apjpg-974x547-1.jpg","type":"image\/jpeg"}],"author":"Francisca Romero","twitter_card":"summary_large_image","twitter_misc":{"Written by":"Francisca Romero","Est. reading time":"9 minutes"},"schema":{"@context":"https:\/\/schema.org","@graph":[{"@type":"Article","@id":"https:\/\/clientesbrandbits.click\/camino-al-oscar-entrevista-a-maite-alberdi-por-la-memoria-infinita\/#article","isPartOf":{"@id":"https:\/\/clientesbrandbits.click\/camino-al-oscar-entrevista-a-maite-alberdi-por-la-memoria-infinita\/"},"author":{"name":"Francisca Romero","@id":"https:\/\/clientesbrandbits.click\/#\/schema\/person\/fedc39f5790928deafca5719b3588db2"},"headline":"Camino al Oscar: Entrevista a Maite Alberdi por \u201cLa Memoria Infinita\u201d","datePublished":"2024-03-06T16:44:55+00:00","dateModified":"2024-03-26T08:31:30+00:00","mainEntityOfPage":{"@id":"https:\/\/clientesbrandbits.click\/camino-al-oscar-entrevista-a-maite-alberdi-por-la-memoria-infinita\/"},"wordCount":1855,"publisher":{"@id":"https:\/\/clientesbrandbits.click\/#organization"},"image":{"@id":"https:\/\/clientesbrandbits.click\/camino-al-oscar-entrevista-a-maite-alberdi-por-la-memoria-infinita\/#primaryimage"},"thumbnailUrl":"https:\/\/clientesbrandbits.click\/wp-content\/uploads\/2024\/03\/maite-alberdi-apjpg-974x547-1.jpg","keywords":["La Memoria Infinita","Maite Alberdi"],"articleSection":["Entrevistas","Mujeres en la Industria","Premios"],"inLanguage":"en-US"},{"@type":"WebPage","@id":"https:\/\/clientesbrandbits.click\/camino-al-oscar-entrevista-a-maite-alberdi-por-la-memoria-infinita\/","url":"https:\/\/clientesbrandbits.click\/camino-al-oscar-entrevista-a-maite-alberdi-por-la-memoria-infinita\/","name":"Camino al Oscar: Entrevista a Maite Alberdi por \u201cLa Memoria Infinita\u201d - Spanglish Cinema","isPartOf":{"@id":"https:\/\/clientesbrandbits.click\/#website"},"primaryImageOfPage":{"@id":"https:\/\/clientesbrandbits.click\/camino-al-oscar-entrevista-a-maite-alberdi-por-la-memoria-infinita\/#primaryimage"},"image":{"@id":"https:\/\/clientesbrandbits.click\/camino-al-oscar-entrevista-a-maite-alberdi-por-la-memoria-infinita\/#primaryimage"},"thumbnailUrl":"https:\/\/clientesbrandbits.click\/wp-content\/uploads\/2024\/03\/maite-alberdi-apjpg-974x547-1.jpg","datePublished":"2024-03-06T16:44:55+00:00","dateModified":"2024-03-26T08:31:30+00:00","description":"La realizadora chilena Maite Alberdi con su documental \u201cLa Memoria Infinita\u201d, va por el Oscar, y nos recibi\u00f3 en exclusiva en el Festival de Cine de Santa B\u00e1rbara.","breadcrumb":{"@id":"https:\/\/clientesbrandbits.click\/camino-al-oscar-entrevista-a-maite-alberdi-por-la-memoria-infinita\/#breadcrumb"},"inLanguage":"en-US","potentialAction":[{"@type":"ReadAction","target":["https:\/\/clientesbrandbits.click\/camino-al-oscar-entrevista-a-maite-alberdi-por-la-memoria-infinita\/"]}]},{"@type":"ImageObject","inLanguage":"en-US","@id":"https:\/\/clientesbrandbits.click\/camino-al-oscar-entrevista-a-maite-alberdi-por-la-memoria-infinita\/#primaryimage","url":"https:\/\/clientesbrandbits.click\/wp-content\/uploads\/2024\/03\/maite-alberdi-apjpg-974x547-1.jpg","contentUrl":"https:\/\/clientesbrandbits.click\/wp-content\/uploads\/2024\/03\/maite-alberdi-apjpg-974x547-1.jpg","width":974,"height":547},{"@type":"BreadcrumbList","@id":"https:\/\/clientesbrandbits.click\/camino-al-oscar-entrevista-a-maite-alberdi-por-la-memoria-infinita\/#breadcrumb","itemListElement":[{"@type":"ListItem","position":1,"name":"Portada","item":"https:\/\/clientesbrandbits.click\/"},{"@type":"ListItem","position":2,"name":"Camino al Oscar: Entrevista a Maite Alberdi por \u201cLa Memoria Infinita\u201d"}]},{"@type":"WebSite","@id":"https:\/\/clientesbrandbits.click\/#website","url":"https:\/\/clientesbrandbits.click\/","name":"Spanglish Cinema","description":"","publisher":{"@id":"https:\/\/clientesbrandbits.click\/#organization"},"potentialAction":[{"@type":"SearchAction","target":{"@type":"EntryPoint","urlTemplate":"https:\/\/clientesbrandbits.click\/?s={search_term_string}"},"query-input":"required name=search_term_string"}],"inLanguage":"en-US"},{"@type":"Organization","@id":"https:\/\/clientesbrandbits.click\/#organization","name":"Spanglish Cinema","url":"https:\/\/clientesbrandbits.click\/","logo":{"@type":"ImageObject","inLanguage":"en-US","@id":"https:\/\/clientesbrandbits.click\/#\/schema\/logo\/image\/","url":"https:\/\/clientesbrandbits.click\/wp-content\/uploads\/2024\/03\/spanglish_cinema.png","contentUrl":"https:\/\/clientesbrandbits.click\/wp-content\/uploads\/2024\/03\/spanglish_cinema.png","width":612,"height":225,"caption":"Spanglish Cinema"},"image":{"@id":"https:\/\/clientesbrandbits.click\/#\/schema\/logo\/image\/"}},{"@type":"Person","@id":"https:\/\/clientesbrandbits.click\/#\/schema\/person\/fedc39f5790928deafca5719b3588db2","name":"Francisca Romero","image":{"@type":"ImageObject","inLanguage":"en-US","@id":"https:\/\/clientesbrandbits.click\/#\/schema\/person\/image\/","url":"https:\/\/secure.gravatar.com\/avatar\/59bbcac6a15502dc7740d8ba94724e62?s=96&d=mm&r=g","contentUrl":"https:\/\/secure.gravatar.com\/avatar\/59bbcac6a15502dc7740d8ba94724e62?s=96&d=mm&r=g","caption":"Francisca Romero"},"url":"https:\/\/clientesbrandbits.click\/en\/author\/francisca-romero\/"}]}},"_links":{"self":[{"href":"https:\/\/clientesbrandbits.click\/en\/wp-json\/wp\/v2\/posts\/187"}],"collection":[{"href":"https:\/\/clientesbrandbits.click\/en\/wp-json\/wp\/v2\/posts"}],"about":[{"href":"https:\/\/clientesbrandbits.click\/en\/wp-json\/wp\/v2\/types\/post"}],"author":[{"embeddable":true,"href":"https:\/\/clientesbrandbits.click\/en\/wp-json\/wp\/v2\/users\/2"}],"replies":[{"embeddable":true,"href":"https:\/\/clientesbrandbits.click\/en\/wp-json\/wp\/v2\/comments?post=187"}],"version-history":[{"count":3,"href":"https:\/\/clientesbrandbits.click\/en\/wp-json\/wp\/v2\/posts\/187\/revisions"}],"predecessor-version":[{"id":677,"href":"https:\/\/clientesbrandbits.click\/en\/wp-json\/wp\/v2\/posts\/187\/revisions\/677"}],"wp:featuredmedia":[{"embeddable":true,"href":"https:\/\/clientesbrandbits.click\/en\/wp-json\/wp\/v2\/media\/676"}],"wp:attachment":[{"href":"https:\/\/clientesbrandbits.click\/en\/wp-json\/wp\/v2\/media?parent=187"}],"wp:term":[{"taxonomy":"category","embeddable":true,"href":"https:\/\/clientesbrandbits.click\/en\/wp-json\/wp\/v2\/categories?post=187"},{"taxonomy":"post_tag","embeddable":true,"href":"https:\/\/clientesbrandbits.click\/en\/wp-json\/wp\/v2\/tags?post=187"}],"curies":[{"name":"wp","href":"https:\/\/api.w.org\/{rel}","templated":true}]}}