{"id":1862,"date":"2024-06-16T09:25:53","date_gmt":"2024-06-16T13:25:53","guid":{"rendered":"https:\/\/clientesbrandbits.click\/?p=1862"},"modified":"2024-06-17T16:26:24","modified_gmt":"2024-06-17T20:26:24","slug":"cineteca-nacional-exhibira-ogu-y-mampato-en-rapa-nui","status":"publish","type":"post","link":"https:\/\/clientesbrandbits.click\/en\/cineteca-nacional-exhibira-ogu-y-mampato-en-rapa-nui\/","title":{"rendered":"Cineteca Nacional exhibir\u00e1 \u00abOgu y Mampato en Rapa Nui\u00bb"},"content":{"rendered":"<p style=\"text-align: justify;\">Para estas\u00a0<strong>vacaciones de invierno<\/strong>\u00a0el Centro Cultural La Moneda ha preparado panoramas entretenidos pensados en los ni\u00f1os, los adolescentes y las familias. Desde el 22 de junio hasta el 7 de julio hay una serie de actividades (algunas requieren inscripci\u00f3n previa), que incluyen\u00a0<strong>talleres\u00a0<\/strong>de: fanzines (25 y 28 de junio y 2 y 5 de julio, a las 16:00 horas), animales imaginarios (27 de junio, a las 12:00), marcadores de libros (27 de junio y 4 de julio, a las 16:00) y creaci\u00f3n en yeso: escultura experimental (30 de junio y 6 de julio, a las 12:00).<\/p>\n<p style=\"text-align: justify;\">El 29 de junio, al mediod\u00eda, en el Hall Central, la agrupaci\u00f3n folcl\u00f3rica Senderos de El Monte ejecutar\u00e1 la\u00a0<strong>Cantata: Una Ronda para Gabriela<\/strong>, en honor a la poeta, maestra, pensadora y defensora de la educaci\u00f3n p\u00fablica\u00a0<strong>Gabriela Mistral<\/strong>. La obra, a cargo de 30 ni\u00f1os, ni\u00f1as y adolescentes hace un recorrido por la vida de la\u00a0<strong>Premio Nobel<\/strong>\u00a0chilena, a trav\u00e9s de peque\u00f1os relatos y poemas musicalizados por profesores del conjunto.\u00a0Ese mismo d\u00eda y el 7 de julio, a las 16:00 horas, en el Espacio Lector tendr\u00e1 lugar un\u00a0<strong>Cuentacuentos + Creaci\u00f3n de librillo animado<\/strong>. En tanto, la\u00a0<strong>Biblioteca Libre<\/strong>, que es itinerante y cuenta con m\u00e1s de mil 300 t\u00edtulos, se instalar\u00e1 con una\u00a0<strong>Casita de libros<\/strong>, o sea, un espacio para que los lectores de todas las edades intercambien textos, el 28, 29 y 30 de junio, desde las 10:00 hasta las 18:00 horas (nivel -3).<\/p>\n<p style=\"text-align: justify;\">La\u00a0<strong>Cineteca Nacional<\/strong>\u00a0proyecta cuatro pel\u00edculas, desde el 22 hasta el 30 de junio:\u00a0<strong>Og\u00fa y Mampato en Rapa Nu<\/strong>i (22 y 28),\u00a0<strong>Papelucho y el marciano\u00a0<\/strong>(23 y 29);\u00a0<strong>Selkirk, el verdadero Robison Crusoe<\/strong>\u00a0(25 y 30) y\u00a0<strong>31 Minutos, la pel\u00edcula\u00a0<\/strong>(26). Todas las funciones son en el Microcine, a las 15:00 horas. Gratis.<\/p>\n<p style=\"text-align: justify;\">En cuanto a las exposiciones, en la Galer\u00eda Cero, del nivel -1, contin\u00faa\u00a0<strong>\u00a1Ni\u00f1as y ni\u00f1os tenemos derechos!<\/strong>: una interpretaci\u00f3n libre de la Convenci\u00f3n de los Derechos del Ni\u00f1o con dibujos de animales y paisajes coloridos. (Para recorrerla, habr\u00e1\u00a0<strong>\u201cChiqui Tour\u201d<\/strong>, el 26, 29 y 30 de junio, y el 3, 6 y 7 de julio). El 25 de junio, tambi\u00e9n en el -1 (Galer\u00eda del Patrimonio) se inaugura\u00a0<strong>Qhapaq \u00d1an\/Camino del Inca. Nudos y encuentros<\/strong>, una mirada contempor\u00e1nea al famoso camino que la UNESCO declar\u00f3 Patrimonio de la Humanidad, hace diez a\u00f1os. A su vez,\u00a0<strong>Naturaleza y geograf\u00eda de Chile a trav\u00e9s del dise\u00f1o<\/strong>, con m\u00e1s de 60 obras inspiradas en paisajes y materiales del norte, centro y sur del pa\u00eds, puede visitarse hasta el 18 de agosto en la Galer\u00eda del Dise\u00f1o (nivel -2). Y las fechas para ver\u00a0<strong>Idearios de la mujer y el territorio: fot\u00f3grafas de Chile y M\u00e9xico<\/strong>\u00a0acaban de extenderse hasta el 28 de julio, en la Galer\u00eda de Fotograf\u00eda (nivel -3).<\/p>\n<p><img fetchpriority=\"high\" decoding=\"async\" class=\"wp-image-1865 size-large alignright\" src=\"https:\/\/clientesbrandbits.click\/wp-content\/uploads\/2024\/06\/img-1024x576.jpg\" alt=\"\" width=\"1024\" height=\"576\" srcset=\"https:\/\/clientesbrandbits.click\/wp-content\/uploads\/2024\/06\/img-1024x576.jpg 1024w, https:\/\/clientesbrandbits.click\/wp-content\/uploads\/2024\/06\/img-300x169.jpg 300w, https:\/\/clientesbrandbits.click\/wp-content\/uploads\/2024\/06\/img-768x432.jpg 768w, https:\/\/clientesbrandbits.click\/wp-content\/uploads\/2024\/06\/img-18x10.jpg 18w, https:\/\/clientesbrandbits.click\/wp-content\/uploads\/2024\/06\/img.jpg 1280w\" sizes=\"(max-width: 1024px) 100vw, 1024px\" \/><\/p>","protected":false},"excerpt":{"rendered":"<p>Para estas\u00a0vacaciones de invierno\u00a0el Centro Cultural La Moneda ha preparado panoramas entretenidos pensados en los ni\u00f1os, los adolescentes y las familias. Desde el 22 de junio hasta el 7 de julio hay una serie de actividades (algunas requieren inscripci\u00f3n previa), &#8230; <a title=\"Cineteca Nacional exhibir\u00e1 \u00abOgu y Mampato en Rapa Nui\u00bb\" class=\"read-more\" href=\"https:\/\/clientesbrandbits.click\/en\/cineteca-nacional-exhibira-ogu-y-mampato-en-rapa-nui\/\" aria-label=\"Read more about Cineteca Nacional exhibir\u00e1 \u00abOgu y Mampato en Rapa Nui\u00bb\">Read More<\/a><\/p>","protected":false},"author":5,"featured_media":1864,"comment_status":"closed","ping_status":"closed","sticky":false,"template":"","format":"standard","meta":{"_joinchat":[],"footnotes":""},"categories":[10],"tags":[],"class_list":["post-1862","post","type-post","status-publish","format-standard","has-post-thumbnail","hentry","category-films","infinite-scroll-item"],"yoast_head":"<!-- This site is optimized with the Yoast SEO plugin v22.8 - https:\/\/yoast.com\/wordpress\/plugins\/seo\/ -->\n<title>Cineteca Nacional exhibir\u00e1 &quot;Ogu y Mampato en Rapa Nui&quot; - Spanglish Cinema<\/title>\n<meta name=\"description\" content=\"Para estas\u00a0vacaciones de invierno\u00a0el Centro Cultural La Moneda ha preparado panoramas entretenidos pensados en los ni\u00f1os, los adolescentes y las familias. Desde el 22 de junio hasta el 7 de julio hay una serie de actividades (algunas requieren inscripci\u00f3n previa), que incluyen\u00a0talleres\u00a0de: fanzines (25 y 28 de junio y 2 y 5 de julio, a las 16:00 horas), animales imaginarios (27 de junio, a las 12:00), marcadores de libros (27 de junio y 4 de julio, a las 16:00) y creaci\u00f3n en yeso: escultura experimental (30 de junio y 6 de julio, a las 12:00).\" \/>\n<meta name=\"robots\" content=\"index, follow, max-snippet:-1, max-image-preview:large, max-video-preview:-1\" \/>\n<link rel=\"canonical\" href=\"https:\/\/clientesbrandbits.click\/en\/cineteca-nacional-exhibira-ogu-y-mampato-en-rapa-nui\/\" \/>\n<meta property=\"og:locale\" content=\"en_US\" \/>\n<meta property=\"og:type\" content=\"article\" \/>\n<meta property=\"og:title\" content=\"Cineteca Nacional exhibir\u00e1 &quot;Ogu y Mampato en Rapa Nui&quot; - Spanglish Cinema\" \/>\n<meta property=\"og:description\" content=\"Para estas\u00a0vacaciones de invierno\u00a0el Centro Cultural La Moneda ha preparado panoramas entretenidos pensados en los ni\u00f1os, los adolescentes y las familias. Desde el 22 de junio hasta el 7 de julio hay una serie de actividades (algunas requieren inscripci\u00f3n previa), que incluyen\u00a0talleres\u00a0de: fanzines (25 y 28 de junio y 2 y 5 de julio, a las 16:00 horas), animales imaginarios (27 de junio, a las 12:00), marcadores de libros (27 de junio y 4 de julio, a las 16:00) y creaci\u00f3n en yeso: escultura experimental (30 de junio y 6 de julio, a las 12:00).\" \/>\n<meta property=\"og:url\" content=\"https:\/\/clientesbrandbits.click\/en\/cineteca-nacional-exhibira-ogu-y-mampato-en-rapa-nui\/\" \/>\n<meta property=\"og:site_name\" content=\"Spanglish Cinema\" \/>\n<meta property=\"article:published_time\" content=\"2024-06-16T13:25:53+00:00\" \/>\n<meta property=\"article:modified_time\" content=\"2024-06-17T20:26:24+00:00\" \/>\n<meta property=\"og:image\" content=\"https:\/\/clientesbrandbits.click\/wp-content\/uploads\/2024\/06\/unnamed-7-1-e1718655608699.jpg\" \/>\n\t<meta property=\"og:image:width\" content=\"1228\" \/>\n\t<meta property=\"og:image:height\" content=\"740\" \/>\n\t<meta property=\"og:image:type\" content=\"image\/jpeg\" \/>\n<meta name=\"author\" content=\"Elizabeth Salazar\" \/>\n<meta name=\"twitter:card\" content=\"summary_large_image\" \/>\n<meta name=\"twitter:label1\" content=\"Written by\" \/>\n\t<meta name=\"twitter:data1\" content=\"Elizabeth Salazar\" \/>\n\t<meta name=\"twitter:label2\" content=\"Est. reading time\" \/>\n\t<meta name=\"twitter:data2\" content=\"3 minutes\" \/>\n<script type=\"application\/ld+json\" class=\"yoast-schema-graph\">{\"@context\":\"https:\/\/schema.org\",\"@graph\":[{\"@type\":\"Article\",\"@id\":\"https:\/\/clientesbrandbits.click\/cineteca-nacional-exhibira-ogu-y-mampato-en-rapa-nui\/#article\",\"isPartOf\":{\"@id\":\"https:\/\/clientesbrandbits.click\/cineteca-nacional-exhibira-ogu-y-mampato-en-rapa-nui\/\"},\"author\":{\"name\":\"Elizabeth Salazar\",\"@id\":\"https:\/\/clientesbrandbits.click\/#\/schema\/person\/3582a766d1bd629325b8cb5e303f4963\"},\"headline\":\"Cineteca Nacional exhibir\u00e1 \u00abOgu y Mampato en Rapa Nui\u00bb\",\"datePublished\":\"2024-06-16T13:25:53+00:00\",\"dateModified\":\"2024-06-17T20:26:24+00:00\",\"mainEntityOfPage\":{\"@id\":\"https:\/\/clientesbrandbits.click\/cineteca-nacional-exhibira-ogu-y-mampato-en-rapa-nui\/\"},\"wordCount\":476,\"publisher\":{\"@id\":\"https:\/\/clientesbrandbits.click\/#organization\"},\"image\":{\"@id\":\"https:\/\/clientesbrandbits.click\/cineteca-nacional-exhibira-ogu-y-mampato-en-rapa-nui\/#primaryimage\"},\"thumbnailUrl\":\"https:\/\/clientesbrandbits.click\/wp-content\/uploads\/2024\/06\/unnamed-7-1-e1718655608699.jpg\",\"articleSection\":[\"Films\"],\"inLanguage\":\"en-US\"},{\"@type\":\"WebPage\",\"@id\":\"https:\/\/clientesbrandbits.click\/cineteca-nacional-exhibira-ogu-y-mampato-en-rapa-nui\/\",\"url\":\"https:\/\/clientesbrandbits.click\/cineteca-nacional-exhibira-ogu-y-mampato-en-rapa-nui\/\",\"name\":\"Cineteca Nacional exhibir\u00e1 \\\"Ogu y Mampato en Rapa Nui\\\" - Spanglish Cinema\",\"isPartOf\":{\"@id\":\"https:\/\/clientesbrandbits.click\/#website\"},\"primaryImageOfPage\":{\"@id\":\"https:\/\/clientesbrandbits.click\/cineteca-nacional-exhibira-ogu-y-mampato-en-rapa-nui\/#primaryimage\"},\"image\":{\"@id\":\"https:\/\/clientesbrandbits.click\/cineteca-nacional-exhibira-ogu-y-mampato-en-rapa-nui\/#primaryimage\"},\"thumbnailUrl\":\"https:\/\/clientesbrandbits.click\/wp-content\/uploads\/2024\/06\/unnamed-7-1-e1718655608699.jpg\",\"datePublished\":\"2024-06-16T13:25:53+00:00\",\"dateModified\":\"2024-06-17T20:26:24+00:00\",\"description\":\"Para estas\u00a0vacaciones de invierno\u00a0el Centro Cultural La Moneda ha preparado panoramas entretenidos pensados en los ni\u00f1os, los adolescentes y las familias. Desde el 22 de junio hasta el 7 de julio hay una serie de actividades (algunas requieren inscripci\u00f3n previa), que incluyen\u00a0talleres\u00a0de: fanzines (25 y 28 de junio y 2 y 5 de julio, a las 16:00 horas), animales imaginarios (27 de junio, a las 12:00), marcadores de libros (27 de junio y 4 de julio, a las 16:00) y creaci\u00f3n en yeso: escultura experimental (30 de junio y 6 de julio, a las 12:00).\",\"breadcrumb\":{\"@id\":\"https:\/\/clientesbrandbits.click\/cineteca-nacional-exhibira-ogu-y-mampato-en-rapa-nui\/#breadcrumb\"},\"inLanguage\":\"en-US\",\"potentialAction\":[{\"@type\":\"ReadAction\",\"target\":[\"https:\/\/clientesbrandbits.click\/cineteca-nacional-exhibira-ogu-y-mampato-en-rapa-nui\/\"]}]},{\"@type\":\"ImageObject\",\"inLanguage\":\"en-US\",\"@id\":\"https:\/\/clientesbrandbits.click\/cineteca-nacional-exhibira-ogu-y-mampato-en-rapa-nui\/#primaryimage\",\"url\":\"https:\/\/clientesbrandbits.click\/wp-content\/uploads\/2024\/06\/unnamed-7-1-e1718655608699.jpg\",\"contentUrl\":\"https:\/\/clientesbrandbits.click\/wp-content\/uploads\/2024\/06\/unnamed-7-1-e1718655608699.jpg\",\"width\":1228,\"height\":740},{\"@type\":\"BreadcrumbList\",\"@id\":\"https:\/\/clientesbrandbits.click\/cineteca-nacional-exhibira-ogu-y-mampato-en-rapa-nui\/#breadcrumb\",\"itemListElement\":[{\"@type\":\"ListItem\",\"position\":1,\"name\":\"Portada\",\"item\":\"https:\/\/clientesbrandbits.click\/\"},{\"@type\":\"ListItem\",\"position\":2,\"name\":\"Cineteca Nacional exhibir\u00e1 &#8220;Ogu y Mampato en Rapa Nui&#8221;\"}]},{\"@type\":\"WebSite\",\"@id\":\"https:\/\/clientesbrandbits.click\/#website\",\"url\":\"https:\/\/clientesbrandbits.click\/\",\"name\":\"Spanglish Cinema\",\"description\":\"\",\"publisher\":{\"@id\":\"https:\/\/clientesbrandbits.click\/#organization\"},\"potentialAction\":[{\"@type\":\"SearchAction\",\"target\":{\"@type\":\"EntryPoint\",\"urlTemplate\":\"https:\/\/clientesbrandbits.click\/?s={search_term_string}\"},\"query-input\":\"required name=search_term_string\"}],\"inLanguage\":\"en-US\"},{\"@type\":\"Organization\",\"@id\":\"https:\/\/clientesbrandbits.click\/#organization\",\"name\":\"Spanglish Cinema\",\"url\":\"https:\/\/clientesbrandbits.click\/\",\"logo\":{\"@type\":\"ImageObject\",\"inLanguage\":\"en-US\",\"@id\":\"https:\/\/clientesbrandbits.click\/#\/schema\/logo\/image\/\",\"url\":\"https:\/\/clientesbrandbits.click\/wp-content\/uploads\/2024\/03\/spanglish_cinema.png\",\"contentUrl\":\"https:\/\/clientesbrandbits.click\/wp-content\/uploads\/2024\/03\/spanglish_cinema.png\",\"width\":612,\"height\":225,\"caption\":\"Spanglish Cinema\"},\"image\":{\"@id\":\"https:\/\/clientesbrandbits.click\/#\/schema\/logo\/image\/\"}},{\"@type\":\"Person\",\"@id\":\"https:\/\/clientesbrandbits.click\/#\/schema\/person\/3582a766d1bd629325b8cb5e303f4963\",\"name\":\"Elizabeth Salazar\",\"image\":{\"@type\":\"ImageObject\",\"inLanguage\":\"en-US\",\"@id\":\"https:\/\/clientesbrandbits.click\/#\/schema\/person\/image\/\",\"url\":\"https:\/\/secure.gravatar.com\/avatar\/ddf69a5ddae2a61929dd4e305eb31658?s=96&d=mm&r=g\",\"contentUrl\":\"https:\/\/secure.gravatar.com\/avatar\/ddf69a5ddae2a61929dd4e305eb31658?s=96&d=mm&r=g\",\"caption\":\"Elizabeth Salazar\"},\"url\":\"https:\/\/clientesbrandbits.click\/en\/author\/elizabeth-salazar\/\"}]}<\/script>\n<!-- \/ Yoast SEO plugin. -->","yoast_head_json":{"title":"Cineteca Nacional exhibir\u00e1 \"Ogu y Mampato en Rapa Nui\" - Spanglish Cinema","description":"Para estas\u00a0vacaciones de invierno\u00a0el Centro Cultural La Moneda ha preparado panoramas entretenidos pensados en los ni\u00f1os, los adolescentes y las familias. Desde el 22 de junio hasta el 7 de julio hay una serie de actividades (algunas requieren inscripci\u00f3n previa), que incluyen\u00a0talleres\u00a0de: fanzines (25 y 28 de junio y 2 y 5 de julio, a las 16:00 horas), animales imaginarios (27 de junio, a las 12:00), marcadores de libros (27 de junio y 4 de julio, a las 16:00) y creaci\u00f3n en yeso: escultura experimental (30 de junio y 6 de julio, a las 12:00).","robots":{"index":"index","follow":"follow","max-snippet":"max-snippet:-1","max-image-preview":"max-image-preview:large","max-video-preview":"max-video-preview:-1"},"canonical":"https:\/\/clientesbrandbits.click\/en\/cineteca-nacional-exhibira-ogu-y-mampato-en-rapa-nui\/","og_locale":"en_US","og_type":"article","og_title":"Cineteca Nacional exhibir\u00e1 \"Ogu y Mampato en Rapa Nui\" - Spanglish Cinema","og_description":"Para estas\u00a0vacaciones de invierno\u00a0el Centro Cultural La Moneda ha preparado panoramas entretenidos pensados en los ni\u00f1os, los adolescentes y las familias. Desde el 22 de junio hasta el 7 de julio hay una serie de actividades (algunas requieren inscripci\u00f3n previa), que incluyen\u00a0talleres\u00a0de: fanzines (25 y 28 de junio y 2 y 5 de julio, a las 16:00 horas), animales imaginarios (27 de junio, a las 12:00), marcadores de libros (27 de junio y 4 de julio, a las 16:00) y creaci\u00f3n en yeso: escultura experimental (30 de junio y 6 de julio, a las 12:00).","og_url":"https:\/\/clientesbrandbits.click\/en\/cineteca-nacional-exhibira-ogu-y-mampato-en-rapa-nui\/","og_site_name":"Spanglish Cinema","article_published_time":"2024-06-16T13:25:53+00:00","article_modified_time":"2024-06-17T20:26:24+00:00","og_image":[{"width":1228,"height":740,"url":"https:\/\/clientesbrandbits.click\/wp-content\/uploads\/2024\/06\/unnamed-7-1-e1718655608699.jpg","type":"image\/jpeg"}],"author":"Elizabeth Salazar","twitter_card":"summary_large_image","twitter_misc":{"Written by":"Elizabeth Salazar","Est. reading time":"3 minutes"},"schema":{"@context":"https:\/\/schema.org","@graph":[{"@type":"Article","@id":"https:\/\/clientesbrandbits.click\/cineteca-nacional-exhibira-ogu-y-mampato-en-rapa-nui\/#article","isPartOf":{"@id":"https:\/\/clientesbrandbits.click\/cineteca-nacional-exhibira-ogu-y-mampato-en-rapa-nui\/"},"author":{"name":"Elizabeth Salazar","@id":"https:\/\/clientesbrandbits.click\/#\/schema\/person\/3582a766d1bd629325b8cb5e303f4963"},"headline":"Cineteca Nacional exhibir\u00e1 \u00abOgu y Mampato en Rapa Nui\u00bb","datePublished":"2024-06-16T13:25:53+00:00","dateModified":"2024-06-17T20:26:24+00:00","mainEntityOfPage":{"@id":"https:\/\/clientesbrandbits.click\/cineteca-nacional-exhibira-ogu-y-mampato-en-rapa-nui\/"},"wordCount":476,"publisher":{"@id":"https:\/\/clientesbrandbits.click\/#organization"},"image":{"@id":"https:\/\/clientesbrandbits.click\/cineteca-nacional-exhibira-ogu-y-mampato-en-rapa-nui\/#primaryimage"},"thumbnailUrl":"https:\/\/clientesbrandbits.click\/wp-content\/uploads\/2024\/06\/unnamed-7-1-e1718655608699.jpg","articleSection":["Films"],"inLanguage":"en-US"},{"@type":"WebPage","@id":"https:\/\/clientesbrandbits.click\/cineteca-nacional-exhibira-ogu-y-mampato-en-rapa-nui\/","url":"https:\/\/clientesbrandbits.click\/cineteca-nacional-exhibira-ogu-y-mampato-en-rapa-nui\/","name":"Cineteca Nacional exhibir\u00e1 \"Ogu y Mampato en Rapa Nui\" - Spanglish Cinema","isPartOf":{"@id":"https:\/\/clientesbrandbits.click\/#website"},"primaryImageOfPage":{"@id":"https:\/\/clientesbrandbits.click\/cineteca-nacional-exhibira-ogu-y-mampato-en-rapa-nui\/#primaryimage"},"image":{"@id":"https:\/\/clientesbrandbits.click\/cineteca-nacional-exhibira-ogu-y-mampato-en-rapa-nui\/#primaryimage"},"thumbnailUrl":"https:\/\/clientesbrandbits.click\/wp-content\/uploads\/2024\/06\/unnamed-7-1-e1718655608699.jpg","datePublished":"2024-06-16T13:25:53+00:00","dateModified":"2024-06-17T20:26:24+00:00","description":"Para estas\u00a0vacaciones de invierno\u00a0el Centro Cultural La Moneda ha preparado panoramas entretenidos pensados en los ni\u00f1os, los adolescentes y las familias. Desde el 22 de junio hasta el 7 de julio hay una serie de actividades (algunas requieren inscripci\u00f3n previa), que incluyen\u00a0talleres\u00a0de: fanzines (25 y 28 de junio y 2 y 5 de julio, a las 16:00 horas), animales imaginarios (27 de junio, a las 12:00), marcadores de libros (27 de junio y 4 de julio, a las 16:00) y creaci\u00f3n en yeso: escultura experimental (30 de junio y 6 de julio, a las 12:00).","breadcrumb":{"@id":"https:\/\/clientesbrandbits.click\/cineteca-nacional-exhibira-ogu-y-mampato-en-rapa-nui\/#breadcrumb"},"inLanguage":"en-US","potentialAction":[{"@type":"ReadAction","target":["https:\/\/clientesbrandbits.click\/cineteca-nacional-exhibira-ogu-y-mampato-en-rapa-nui\/"]}]},{"@type":"ImageObject","inLanguage":"en-US","@id":"https:\/\/clientesbrandbits.click\/cineteca-nacional-exhibira-ogu-y-mampato-en-rapa-nui\/#primaryimage","url":"https:\/\/clientesbrandbits.click\/wp-content\/uploads\/2024\/06\/unnamed-7-1-e1718655608699.jpg","contentUrl":"https:\/\/clientesbrandbits.click\/wp-content\/uploads\/2024\/06\/unnamed-7-1-e1718655608699.jpg","width":1228,"height":740},{"@type":"BreadcrumbList","@id":"https:\/\/clientesbrandbits.click\/cineteca-nacional-exhibira-ogu-y-mampato-en-rapa-nui\/#breadcrumb","itemListElement":[{"@type":"ListItem","position":1,"name":"Portada","item":"https:\/\/clientesbrandbits.click\/"},{"@type":"ListItem","position":2,"name":"Cineteca Nacional exhibir\u00e1 &#8220;Ogu y Mampato en Rapa Nui&#8221;"}]},{"@type":"WebSite","@id":"https:\/\/clientesbrandbits.click\/#website","url":"https:\/\/clientesbrandbits.click\/","name":"Spanglish Cinema","description":"","publisher":{"@id":"https:\/\/clientesbrandbits.click\/#organization"},"potentialAction":[{"@type":"SearchAction","target":{"@type":"EntryPoint","urlTemplate":"https:\/\/clientesbrandbits.click\/?s={search_term_string}"},"query-input":"required name=search_term_string"}],"inLanguage":"en-US"},{"@type":"Organization","@id":"https:\/\/clientesbrandbits.click\/#organization","name":"Spanglish Cinema","url":"https:\/\/clientesbrandbits.click\/","logo":{"@type":"ImageObject","inLanguage":"en-US","@id":"https:\/\/clientesbrandbits.click\/#\/schema\/logo\/image\/","url":"https:\/\/clientesbrandbits.click\/wp-content\/uploads\/2024\/03\/spanglish_cinema.png","contentUrl":"https:\/\/clientesbrandbits.click\/wp-content\/uploads\/2024\/03\/spanglish_cinema.png","width":612,"height":225,"caption":"Spanglish Cinema"},"image":{"@id":"https:\/\/clientesbrandbits.click\/#\/schema\/logo\/image\/"}},{"@type":"Person","@id":"https:\/\/clientesbrandbits.click\/#\/schema\/person\/3582a766d1bd629325b8cb5e303f4963","name":"Elizabeth Salazar","image":{"@type":"ImageObject","inLanguage":"en-US","@id":"https:\/\/clientesbrandbits.click\/#\/schema\/person\/image\/","url":"https:\/\/secure.gravatar.com\/avatar\/ddf69a5ddae2a61929dd4e305eb31658?s=96&d=mm&r=g","contentUrl":"https:\/\/secure.gravatar.com\/avatar\/ddf69a5ddae2a61929dd4e305eb31658?s=96&d=mm&r=g","caption":"Elizabeth Salazar"},"url":"https:\/\/clientesbrandbits.click\/en\/author\/elizabeth-salazar\/"}]}},"_links":{"self":[{"href":"https:\/\/clientesbrandbits.click\/en\/wp-json\/wp\/v2\/posts\/1862"}],"collection":[{"href":"https:\/\/clientesbrandbits.click\/en\/wp-json\/wp\/v2\/posts"}],"about":[{"href":"https:\/\/clientesbrandbits.click\/en\/wp-json\/wp\/v2\/types\/post"}],"author":[{"embeddable":true,"href":"https:\/\/clientesbrandbits.click\/en\/wp-json\/wp\/v2\/users\/5"}],"replies":[{"embeddable":true,"href":"https:\/\/clientesbrandbits.click\/en\/wp-json\/wp\/v2\/comments?post=1862"}],"version-history":[{"count":3,"href":"https:\/\/clientesbrandbits.click\/en\/wp-json\/wp\/v2\/posts\/1862\/revisions"}],"predecessor-version":[{"id":1868,"href":"https:\/\/clientesbrandbits.click\/en\/wp-json\/wp\/v2\/posts\/1862\/revisions\/1868"}],"wp:featuredmedia":[{"embeddable":true,"href":"https:\/\/clientesbrandbits.click\/en\/wp-json\/wp\/v2\/media\/1864"}],"wp:attachment":[{"href":"https:\/\/clientesbrandbits.click\/en\/wp-json\/wp\/v2\/media?parent=1862"}],"wp:term":[{"taxonomy":"category","embeddable":true,"href":"https:\/\/clientesbrandbits.click\/en\/wp-json\/wp\/v2\/categories?post=1862"},{"taxonomy":"post_tag","embeddable":true,"href":"https:\/\/clientesbrandbits.click\/en\/wp-json\/wp\/v2\/tags?post=1862"}],"curies":[{"name":"wp","href":"https:\/\/api.w.org\/{rel}","templated":true}]}}