{"id":1846,"date":"2024-06-17T08:05:03","date_gmt":"2024-06-17T12:05:03","guid":{"rendered":"https:\/\/clientesbrandbits.click\/?p=1846"},"modified":"2024-06-17T13:42:16","modified_gmt":"2024-06-17T17:42:16","slug":"que-es-la-de-niro-con-del-festival-de-cine-de-tribeca","status":"publish","type":"post","link":"https:\/\/clientesbrandbits.click\/en\/que-es-la-de-niro-con-del-festival-de-cine-de-tribeca\/","title":{"rendered":"\u00bfQu\u00e9 es la \u00abDe Niro Con\u00bb del Festival de Cine de Tribeca?"},"content":{"rendered":"<p>Este a\u00f1o se celebr\u00f3 la \u00abDe Niro Con\u00bb en el Festival de Cine de Tribeca y te contamos de qu\u00e9 se trata y todo lo que pas\u00f3.<\/p>\n<p><strong>El Festival de Cine de Tribeca<\/strong><\/p>\n<p style=\"text-align: justify;\">El Festival de Cine de Tribeca nace de una iniciativa del actor Robert De Niro, quien el a\u00f1o 2001 despu\u00e9s de lo ocurrido con las torres gemelas, decide, junto a la productora Jane Rosenthal, crear un espacio para reconstruir el tejido social a trav\u00e9s del s\u00e9ptimo arte y brindar una plataforma para directores emergentes que quisieran mostrar su trabajo.<\/p>\n<p><strong>La \u00abDe Niro Con\u00bb<\/strong><\/p>\n<p style=\"text-align: justify;\">Una convenci\u00f3n dedicada a Robert De Niro, as\u00ed es, un homenaje a su fundador que lleva por nombre la <strong>\u201cDe Niro Con\u00bb<\/strong> y que consiste en tenerlo a \u00e9l como foco principal, mostrar sus pel\u00edculas, realizar conversatorios con \u00e9l y otros artistas e invitar al p\u00fablico a acceder a charlas que la mayor parte del tiempo no se dan, complementado por la exhibici\u00f3n de algunos de los \u00edtems personales del actor.<\/p>\n<p style=\"text-align: justify;\">Este a\u00f1o es a\u00fan m\u00e1s especial porque es el a\u00f1o en que el actor <strong>cumple 80 a\u00f1os y su festival celebr\u00f3 en grande.<\/strong><\/p>\n<p><img fetchpriority=\"high\" decoding=\"async\" class=\"aligncenter wp-image-1847\" src=\"https:\/\/clientesbrandbits.click\/wp-content\/uploads\/2024\/06\/Niro-696x392-1.jpg\" alt=\"\" width=\"808\" height=\"455\" srcset=\"https:\/\/clientesbrandbits.click\/wp-content\/uploads\/2024\/06\/Niro-696x392-1.jpg 696w, https:\/\/clientesbrandbits.click\/wp-content\/uploads\/2024\/06\/Niro-696x392-1-300x169.jpg 300w, https:\/\/clientesbrandbits.click\/wp-content\/uploads\/2024\/06\/Niro-696x392-1-18x10.jpg 18w\" sizes=\"(max-width: 808px) 100vw, 808px\" \/><\/p>\n<p style=\"text-align: justify;\">Realizaron un line-up que no escatim\u00f3 en recursos y grandes figuras para recordar su trayectoria e historia en la disciplina artistica de la gran pantalla.\u00a0 <strong>Esto incluy\u00f3 la muestra de 13 pel\u00edculas del archivo personal del actor<\/strong>, como:\u00a0 \u201cA Bronx Tale: The Original One Man Show\u201d, con la introducci\u00f3n de Chazz Palminteri; \u201cJackie Brown\u201d, con una conversaci\u00f3n con el director Quentin Tarantino y Robert De\u2009Niro; \u201cAnalyze This\u201d, con conversaci\u00f3n con el actor Billy Crystal, Robert De Niro y moderado por Whoopi Goldberg; y \u201cTaxi Driver\u201d y \u201cThe Silver Lightning Playbook\u201d con la presentaci\u00f3n de David O. Russell entre otros films a presentar y actividades.<\/p>\n<p><strong>Los Participantes<\/strong><\/p>\n<p style=\"text-align: justify;\">Billy Cristal, Quentin Tarantino, Uma Thurman, Steven Spielberg, Judd Appatow, Steve Buschemi, fueron algunos de los realizadores y actores que estuvieron presentes en esta pasada edici\u00f3n que se celebr\u00f3 este fin de semana en Nueva York ya cerrando lo que ha sido un certamen lleno de s\u00e9ptimo arte y nuevos proyectos presentados a la audiencia y a la cr\u00edtica.<\/p>\n<p style=\"text-align: justify;\">Recordemos que la semana pasada ya fueron premiadas las categor\u00edas m\u00e1s importantes del Festival donde destaca la \u00f3pera prima de Nicholas Colia <strong>\u201cGriffin in Summer\u201d<\/strong> que se queda con la Mejor Pel\u00edcula y <strong>\u201cEl Aroma del Pasto Reci\u00e9n Cortado\u201d<\/strong> de Celina Murga que se queda con Mejor Guion de Pel\u00edcula Internacional. Puedes revisar <a href=\"https:\/\/clientesbrandbits.click\/en\/los-primeros-ganadores-del-festival-de-cine-de-tribeca\/\">todos los ganadores<\/a> en nuestro especial de Tribeca.<\/p>","protected":false},"excerpt":{"rendered":"<p>Este a\u00f1o se celebr\u00f3 la \u00abDe Niro Con\u00bb en el Festival de Cine de Tribeca y te contamos de qu\u00e9 se trata y todo lo que pas\u00f3. El Festival de Cine de Tribeca El Festival de Cine de Tribeca nace &#8230; <a title=\"\u00bfQu\u00e9 es la \u00abDe Niro Con\u00bb del Festival de Cine de Tribeca?\" class=\"read-more\" href=\"https:\/\/clientesbrandbits.click\/en\/que-es-la-de-niro-con-del-festival-de-cine-de-tribeca\/\" aria-label=\"Read more about \u00bfQu\u00e9 es la \u00abDe Niro Con\u00bb del Festival de Cine de Tribeca?\">Read More<\/a><\/p>","protected":false},"author":2,"featured_media":1848,"comment_status":"closed","ping_status":"closed","sticky":false,"template":"","format":"standard","meta":{"_joinchat":[],"footnotes":""},"categories":[112,11],"tags":[100,146],"class_list":["post-1846","post","type-post","status-publish","format-standard","has-post-thumbnail","hentry","category-destacados","category-festivales-de-cine","tag-festival-de-cine-de-tribeca","tag-tribeca","infinite-scroll-item"],"yoast_head":"<!-- This site is optimized with the Yoast SEO plugin v22.8 - https:\/\/yoast.com\/wordpress\/plugins\/seo\/ -->\n<title>\u00bfQu\u00e9 es la &quot;De Niro Con&quot; del Festival de Cine de Tribeca? - Spanglish Cinema<\/title>\n<meta name=\"description\" content=\"El festival de Cine de Tribeca nace de una iniciativa del actor Robert De Niro, quien el a\u00f1o 2001 despu\u00e9s de lo ocurrido con las torres gemelas, decide, junto a la productora Jane Rosenthal, crear un espacio para reconstruir el tejido social a trav\u00e9s del s\u00e9ptimo arte y brindar una plataforma para directores emergentes que quisieran mostrar su trabajo.\" \/>\n<meta name=\"robots\" content=\"index, follow, max-snippet:-1, max-image-preview:large, max-video-preview:-1\" \/>\n<link rel=\"canonical\" href=\"https:\/\/clientesbrandbits.click\/en\/que-es-la-de-niro-con-del-festival-de-cine-de-tribeca\/\" \/>\n<meta property=\"og:locale\" content=\"en_US\" \/>\n<meta property=\"og:type\" content=\"article\" \/>\n<meta property=\"og:title\" content=\"\u00bfQu\u00e9 es la &quot;De Niro Con&quot; del Festival de Cine de Tribeca? - Spanglish Cinema\" \/>\n<meta property=\"og:description\" content=\"El festival de Cine de Tribeca nace de una iniciativa del actor Robert De Niro, quien el a\u00f1o 2001 despu\u00e9s de lo ocurrido con las torres gemelas, decide, junto a la productora Jane Rosenthal, crear un espacio para reconstruir el tejido social a trav\u00e9s del s\u00e9ptimo arte y brindar una plataforma para directores emergentes que quisieran mostrar su trabajo.\" \/>\n<meta property=\"og:url\" content=\"https:\/\/clientesbrandbits.click\/en\/que-es-la-de-niro-con-del-festival-de-cine-de-tribeca\/\" \/>\n<meta property=\"og:site_name\" content=\"Spanglish Cinema\" \/>\n<meta property=\"article:published_time\" content=\"2024-06-17T12:05:03+00:00\" \/>\n<meta property=\"article:modified_time\" content=\"2024-06-17T17:42:16+00:00\" \/>\n<meta property=\"og:image\" content=\"https:\/\/clientesbrandbits.click\/wp-content\/uploads\/2024\/06\/Robert-de-Niro-Martini.jpg\" \/>\n\t<meta property=\"og:image:width\" content=\"1200\" \/>\n\t<meta property=\"og:image:height\" content=\"675\" \/>\n\t<meta property=\"og:image:type\" content=\"image\/jpeg\" \/>\n<meta name=\"author\" content=\"Francisca Romero\" \/>\n<meta name=\"twitter:card\" content=\"summary_large_image\" \/>\n<meta name=\"twitter:label1\" content=\"Written by\" \/>\n\t<meta name=\"twitter:data1\" content=\"Francisca Romero\" \/>\n\t<meta name=\"twitter:label2\" content=\"Est. reading time\" \/>\n\t<meta name=\"twitter:data2\" content=\"3 minutes\" \/>\n<script type=\"application\/ld+json\" class=\"yoast-schema-graph\">{\"@context\":\"https:\/\/schema.org\",\"@graph\":[{\"@type\":\"Article\",\"@id\":\"https:\/\/clientesbrandbits.click\/que-es-la-de-niro-con-del-festival-de-cine-de-tribeca\/#article\",\"isPartOf\":{\"@id\":\"https:\/\/clientesbrandbits.click\/que-es-la-de-niro-con-del-festival-de-cine-de-tribeca\/\"},\"author\":{\"name\":\"Francisca Romero\",\"@id\":\"https:\/\/clientesbrandbits.click\/#\/schema\/person\/fedc39f5790928deafca5719b3588db2\"},\"headline\":\"\u00bfQu\u00e9 es la \u00abDe Niro Con\u00bb del Festival de Cine de Tribeca?\",\"datePublished\":\"2024-06-17T12:05:03+00:00\",\"dateModified\":\"2024-06-17T17:42:16+00:00\",\"mainEntityOfPage\":{\"@id\":\"https:\/\/clientesbrandbits.click\/que-es-la-de-niro-con-del-festival-de-cine-de-tribeca\/\"},\"wordCount\":453,\"publisher\":{\"@id\":\"https:\/\/clientesbrandbits.click\/#organization\"},\"image\":{\"@id\":\"https:\/\/clientesbrandbits.click\/que-es-la-de-niro-con-del-festival-de-cine-de-tribeca\/#primaryimage\"},\"thumbnailUrl\":\"https:\/\/clientesbrandbits.click\/wp-content\/uploads\/2024\/06\/Robert-de-Niro-Martini.jpg\",\"keywords\":[\"festival de cine de tribeca\",\"Tribeca\"],\"articleSection\":[\"Destacados\",\"Festivales de Cine\"],\"inLanguage\":\"en-US\"},{\"@type\":\"WebPage\",\"@id\":\"https:\/\/clientesbrandbits.click\/que-es-la-de-niro-con-del-festival-de-cine-de-tribeca\/\",\"url\":\"https:\/\/clientesbrandbits.click\/que-es-la-de-niro-con-del-festival-de-cine-de-tribeca\/\",\"name\":\"\u00bfQu\u00e9 es la \\\"De Niro Con\\\" del Festival de Cine de Tribeca? - Spanglish Cinema\",\"isPartOf\":{\"@id\":\"https:\/\/clientesbrandbits.click\/#website\"},\"primaryImageOfPage\":{\"@id\":\"https:\/\/clientesbrandbits.click\/que-es-la-de-niro-con-del-festival-de-cine-de-tribeca\/#primaryimage\"},\"image\":{\"@id\":\"https:\/\/clientesbrandbits.click\/que-es-la-de-niro-con-del-festival-de-cine-de-tribeca\/#primaryimage\"},\"thumbnailUrl\":\"https:\/\/clientesbrandbits.click\/wp-content\/uploads\/2024\/06\/Robert-de-Niro-Martini.jpg\",\"datePublished\":\"2024-06-17T12:05:03+00:00\",\"dateModified\":\"2024-06-17T17:42:16+00:00\",\"description\":\"El festival de Cine de Tribeca nace de una iniciativa del actor Robert De Niro, quien el a\u00f1o 2001 despu\u00e9s de lo ocurrido con las torres gemelas, decide, junto a la productora Jane Rosenthal, crear un espacio para reconstruir el tejido social a trav\u00e9s del s\u00e9ptimo arte y brindar una plataforma para directores emergentes que quisieran mostrar su trabajo.\",\"breadcrumb\":{\"@id\":\"https:\/\/clientesbrandbits.click\/que-es-la-de-niro-con-del-festival-de-cine-de-tribeca\/#breadcrumb\"},\"inLanguage\":\"en-US\",\"potentialAction\":[{\"@type\":\"ReadAction\",\"target\":[\"https:\/\/clientesbrandbits.click\/que-es-la-de-niro-con-del-festival-de-cine-de-tribeca\/\"]}]},{\"@type\":\"ImageObject\",\"inLanguage\":\"en-US\",\"@id\":\"https:\/\/clientesbrandbits.click\/que-es-la-de-niro-con-del-festival-de-cine-de-tribeca\/#primaryimage\",\"url\":\"https:\/\/clientesbrandbits.click\/wp-content\/uploads\/2024\/06\/Robert-de-Niro-Martini.jpg\",\"contentUrl\":\"https:\/\/clientesbrandbits.click\/wp-content\/uploads\/2024\/06\/Robert-de-Niro-Martini.jpg\",\"width\":1200,\"height\":675},{\"@type\":\"BreadcrumbList\",\"@id\":\"https:\/\/clientesbrandbits.click\/que-es-la-de-niro-con-del-festival-de-cine-de-tribeca\/#breadcrumb\",\"itemListElement\":[{\"@type\":\"ListItem\",\"position\":1,\"name\":\"Portada\",\"item\":\"https:\/\/clientesbrandbits.click\/\"},{\"@type\":\"ListItem\",\"position\":2,\"name\":\"\u00bfQu\u00e9 es la &#8220;De Niro Con&#8221; del Festival de Cine de Tribeca?\"}]},{\"@type\":\"WebSite\",\"@id\":\"https:\/\/clientesbrandbits.click\/#website\",\"url\":\"https:\/\/clientesbrandbits.click\/\",\"name\":\"Spanglish Cinema\",\"description\":\"\",\"publisher\":{\"@id\":\"https:\/\/clientesbrandbits.click\/#organization\"},\"potentialAction\":[{\"@type\":\"SearchAction\",\"target\":{\"@type\":\"EntryPoint\",\"urlTemplate\":\"https:\/\/clientesbrandbits.click\/?s={search_term_string}\"},\"query-input\":\"required name=search_term_string\"}],\"inLanguage\":\"en-US\"},{\"@type\":\"Organization\",\"@id\":\"https:\/\/clientesbrandbits.click\/#organization\",\"name\":\"Spanglish Cinema\",\"url\":\"https:\/\/clientesbrandbits.click\/\",\"logo\":{\"@type\":\"ImageObject\",\"inLanguage\":\"en-US\",\"@id\":\"https:\/\/clientesbrandbits.click\/#\/schema\/logo\/image\/\",\"url\":\"https:\/\/clientesbrandbits.click\/wp-content\/uploads\/2024\/03\/spanglish_cinema.png\",\"contentUrl\":\"https:\/\/clientesbrandbits.click\/wp-content\/uploads\/2024\/03\/spanglish_cinema.png\",\"width\":612,\"height\":225,\"caption\":\"Spanglish Cinema\"},\"image\":{\"@id\":\"https:\/\/clientesbrandbits.click\/#\/schema\/logo\/image\/\"}},{\"@type\":\"Person\",\"@id\":\"https:\/\/clientesbrandbits.click\/#\/schema\/person\/fedc39f5790928deafca5719b3588db2\",\"name\":\"Francisca Romero\",\"image\":{\"@type\":\"ImageObject\",\"inLanguage\":\"en-US\",\"@id\":\"https:\/\/clientesbrandbits.click\/#\/schema\/person\/image\/\",\"url\":\"https:\/\/secure.gravatar.com\/avatar\/59bbcac6a15502dc7740d8ba94724e62?s=96&d=mm&r=g\",\"contentUrl\":\"https:\/\/secure.gravatar.com\/avatar\/59bbcac6a15502dc7740d8ba94724e62?s=96&d=mm&r=g\",\"caption\":\"Francisca Romero\"},\"url\":\"https:\/\/clientesbrandbits.click\/en\/author\/francisca-romero\/\"}]}<\/script>\n<!-- \/ Yoast SEO plugin. -->","yoast_head_json":{"title":"\u00bfQu\u00e9 es la \"De Niro Con\" del Festival de Cine de Tribeca? - Spanglish Cinema","description":"El festival de Cine de Tribeca nace de una iniciativa del actor Robert De Niro, quien el a\u00f1o 2001 despu\u00e9s de lo ocurrido con las torres gemelas, decide, junto a la productora Jane Rosenthal, crear un espacio para reconstruir el tejido social a trav\u00e9s del s\u00e9ptimo arte y brindar una plataforma para directores emergentes que quisieran mostrar su trabajo.","robots":{"index":"index","follow":"follow","max-snippet":"max-snippet:-1","max-image-preview":"max-image-preview:large","max-video-preview":"max-video-preview:-1"},"canonical":"https:\/\/clientesbrandbits.click\/en\/que-es-la-de-niro-con-del-festival-de-cine-de-tribeca\/","og_locale":"en_US","og_type":"article","og_title":"\u00bfQu\u00e9 es la \"De Niro Con\" del Festival de Cine de Tribeca? - Spanglish Cinema","og_description":"El festival de Cine de Tribeca nace de una iniciativa del actor Robert De Niro, quien el a\u00f1o 2001 despu\u00e9s de lo ocurrido con las torres gemelas, decide, junto a la productora Jane Rosenthal, crear un espacio para reconstruir el tejido social a trav\u00e9s del s\u00e9ptimo arte y brindar una plataforma para directores emergentes que quisieran mostrar su trabajo.","og_url":"https:\/\/clientesbrandbits.click\/en\/que-es-la-de-niro-con-del-festival-de-cine-de-tribeca\/","og_site_name":"Spanglish Cinema","article_published_time":"2024-06-17T12:05:03+00:00","article_modified_time":"2024-06-17T17:42:16+00:00","og_image":[{"width":1200,"height":675,"url":"https:\/\/clientesbrandbits.click\/wp-content\/uploads\/2024\/06\/Robert-de-Niro-Martini.jpg","type":"image\/jpeg"}],"author":"Francisca Romero","twitter_card":"summary_large_image","twitter_misc":{"Written by":"Francisca Romero","Est. reading time":"3 minutes"},"schema":{"@context":"https:\/\/schema.org","@graph":[{"@type":"Article","@id":"https:\/\/clientesbrandbits.click\/que-es-la-de-niro-con-del-festival-de-cine-de-tribeca\/#article","isPartOf":{"@id":"https:\/\/clientesbrandbits.click\/que-es-la-de-niro-con-del-festival-de-cine-de-tribeca\/"},"author":{"name":"Francisca Romero","@id":"https:\/\/clientesbrandbits.click\/#\/schema\/person\/fedc39f5790928deafca5719b3588db2"},"headline":"\u00bfQu\u00e9 es la \u00abDe Niro Con\u00bb del Festival de Cine de Tribeca?","datePublished":"2024-06-17T12:05:03+00:00","dateModified":"2024-06-17T17:42:16+00:00","mainEntityOfPage":{"@id":"https:\/\/clientesbrandbits.click\/que-es-la-de-niro-con-del-festival-de-cine-de-tribeca\/"},"wordCount":453,"publisher":{"@id":"https:\/\/clientesbrandbits.click\/#organization"},"image":{"@id":"https:\/\/clientesbrandbits.click\/que-es-la-de-niro-con-del-festival-de-cine-de-tribeca\/#primaryimage"},"thumbnailUrl":"https:\/\/clientesbrandbits.click\/wp-content\/uploads\/2024\/06\/Robert-de-Niro-Martini.jpg","keywords":["festival de cine de tribeca","Tribeca"],"articleSection":["Destacados","Festivales de Cine"],"inLanguage":"en-US"},{"@type":"WebPage","@id":"https:\/\/clientesbrandbits.click\/que-es-la-de-niro-con-del-festival-de-cine-de-tribeca\/","url":"https:\/\/clientesbrandbits.click\/que-es-la-de-niro-con-del-festival-de-cine-de-tribeca\/","name":"\u00bfQu\u00e9 es la \"De Niro Con\" del Festival de Cine de Tribeca? - Spanglish Cinema","isPartOf":{"@id":"https:\/\/clientesbrandbits.click\/#website"},"primaryImageOfPage":{"@id":"https:\/\/clientesbrandbits.click\/que-es-la-de-niro-con-del-festival-de-cine-de-tribeca\/#primaryimage"},"image":{"@id":"https:\/\/clientesbrandbits.click\/que-es-la-de-niro-con-del-festival-de-cine-de-tribeca\/#primaryimage"},"thumbnailUrl":"https:\/\/clientesbrandbits.click\/wp-content\/uploads\/2024\/06\/Robert-de-Niro-Martini.jpg","datePublished":"2024-06-17T12:05:03+00:00","dateModified":"2024-06-17T17:42:16+00:00","description":"El festival de Cine de Tribeca nace de una iniciativa del actor Robert De Niro, quien el a\u00f1o 2001 despu\u00e9s de lo ocurrido con las torres gemelas, decide, junto a la productora Jane Rosenthal, crear un espacio para reconstruir el tejido social a trav\u00e9s del s\u00e9ptimo arte y brindar una plataforma para directores emergentes que quisieran mostrar su trabajo.","breadcrumb":{"@id":"https:\/\/clientesbrandbits.click\/que-es-la-de-niro-con-del-festival-de-cine-de-tribeca\/#breadcrumb"},"inLanguage":"en-US","potentialAction":[{"@type":"ReadAction","target":["https:\/\/clientesbrandbits.click\/que-es-la-de-niro-con-del-festival-de-cine-de-tribeca\/"]}]},{"@type":"ImageObject","inLanguage":"en-US","@id":"https:\/\/clientesbrandbits.click\/que-es-la-de-niro-con-del-festival-de-cine-de-tribeca\/#primaryimage","url":"https:\/\/clientesbrandbits.click\/wp-content\/uploads\/2024\/06\/Robert-de-Niro-Martini.jpg","contentUrl":"https:\/\/clientesbrandbits.click\/wp-content\/uploads\/2024\/06\/Robert-de-Niro-Martini.jpg","width":1200,"height":675},{"@type":"BreadcrumbList","@id":"https:\/\/clientesbrandbits.click\/que-es-la-de-niro-con-del-festival-de-cine-de-tribeca\/#breadcrumb","itemListElement":[{"@type":"ListItem","position":1,"name":"Portada","item":"https:\/\/clientesbrandbits.click\/"},{"@type":"ListItem","position":2,"name":"\u00bfQu\u00e9 es la &#8220;De Niro Con&#8221; del Festival de Cine de Tribeca?"}]},{"@type":"WebSite","@id":"https:\/\/clientesbrandbits.click\/#website","url":"https:\/\/clientesbrandbits.click\/","name":"Spanglish Cinema","description":"","publisher":{"@id":"https:\/\/clientesbrandbits.click\/#organization"},"potentialAction":[{"@type":"SearchAction","target":{"@type":"EntryPoint","urlTemplate":"https:\/\/clientesbrandbits.click\/?s={search_term_string}"},"query-input":"required name=search_term_string"}],"inLanguage":"en-US"},{"@type":"Organization","@id":"https:\/\/clientesbrandbits.click\/#organization","name":"Spanglish Cinema","url":"https:\/\/clientesbrandbits.click\/","logo":{"@type":"ImageObject","inLanguage":"en-US","@id":"https:\/\/clientesbrandbits.click\/#\/schema\/logo\/image\/","url":"https:\/\/clientesbrandbits.click\/wp-content\/uploads\/2024\/03\/spanglish_cinema.png","contentUrl":"https:\/\/clientesbrandbits.click\/wp-content\/uploads\/2024\/03\/spanglish_cinema.png","width":612,"height":225,"caption":"Spanglish Cinema"},"image":{"@id":"https:\/\/clientesbrandbits.click\/#\/schema\/logo\/image\/"}},{"@type":"Person","@id":"https:\/\/clientesbrandbits.click\/#\/schema\/person\/fedc39f5790928deafca5719b3588db2","name":"Francisca Romero","image":{"@type":"ImageObject","inLanguage":"en-US","@id":"https:\/\/clientesbrandbits.click\/#\/schema\/person\/image\/","url":"https:\/\/secure.gravatar.com\/avatar\/59bbcac6a15502dc7740d8ba94724e62?s=96&d=mm&r=g","contentUrl":"https:\/\/secure.gravatar.com\/avatar\/59bbcac6a15502dc7740d8ba94724e62?s=96&d=mm&r=g","caption":"Francisca Romero"},"url":"https:\/\/clientesbrandbits.click\/en\/author\/francisca-romero\/"}]}},"_links":{"self":[{"href":"https:\/\/clientesbrandbits.click\/en\/wp-json\/wp\/v2\/posts\/1846"}],"collection":[{"href":"https:\/\/clientesbrandbits.click\/en\/wp-json\/wp\/v2\/posts"}],"about":[{"href":"https:\/\/clientesbrandbits.click\/en\/wp-json\/wp\/v2\/types\/post"}],"author":[{"embeddable":true,"href":"https:\/\/clientesbrandbits.click\/en\/wp-json\/wp\/v2\/users\/2"}],"replies":[{"embeddable":true,"href":"https:\/\/clientesbrandbits.click\/en\/wp-json\/wp\/v2\/comments?post=1846"}],"version-history":[{"count":5,"href":"https:\/\/clientesbrandbits.click\/en\/wp-json\/wp\/v2\/posts\/1846\/revisions"}],"predecessor-version":[{"id":1860,"href":"https:\/\/clientesbrandbits.click\/en\/wp-json\/wp\/v2\/posts\/1846\/revisions\/1860"}],"wp:featuredmedia":[{"embeddable":true,"href":"https:\/\/clientesbrandbits.click\/en\/wp-json\/wp\/v2\/media\/1848"}],"wp:attachment":[{"href":"https:\/\/clientesbrandbits.click\/en\/wp-json\/wp\/v2\/media?parent=1846"}],"wp:term":[{"taxonomy":"category","embeddable":true,"href":"https:\/\/clientesbrandbits.click\/en\/wp-json\/wp\/v2\/categories?post=1846"},{"taxonomy":"post_tag","embeddable":true,"href":"https:\/\/clientesbrandbits.click\/en\/wp-json\/wp\/v2\/tags?post=1846"}],"curies":[{"name":"wp","href":"https:\/\/api.w.org\/{rel}","templated":true}]}}