{"id":1804,"date":"2024-06-12T16:38:48","date_gmt":"2024-06-12T20:38:48","guid":{"rendered":"https:\/\/clientesbrandbits.click\/?p=1804"},"modified":"2024-06-12T16:50:52","modified_gmt":"2024-06-12T20:50:52","slug":"festival-de-cine-europeo-estrenara-mas-de-20-aclamadas-peliculas-de-ficcion","status":"publish","type":"post","link":"https:\/\/clientesbrandbits.click\/en\/festival-de-cine-europeo-estrenara-mas-de-20-aclamadas-peliculas-de-ficcion\/","title":{"rendered":"Festival de Cine Europeo estrenar\u00e1 m\u00e1s de 20 aclamadas pel\u00edculas de ficci\u00f3n"},"content":{"rendered":"<p style=\"text-align: justify;\">Una verdadera muestra de lo m\u00e1s interesante de Europa es lo que est\u00e1 mostrando el Festival de Cine Europeo entre el 5 y el 16 de junio en salas de Santiago y regiones. La programaci\u00f3n incluye 30 pel\u00edculas de 15 pa\u00edses, tanto documentales como ficci\u00f3n. Todas las funciones son gratuitas.<\/p>\n<p style=\"text-align: justify;\">En esta \u00faltima categor\u00eda, la muestra contar\u00e1 con filmes aclamados internacionalmente como <strong>\u201cLa Chimera\u201d<\/strong>, de Alice Rohrwacher, una de las obras cinematogr\u00e1ficas m\u00e1s aplaudidas en el \u00faltimo a\u00f1o, adem\u00e1s de comedias, dramas y muestras de ciencia ficci\u00f3n. Un programa imperdible para los amantes de las historias bien contadas.<\/p>\n<p style=\"text-align: justify;\">Este a\u00f1o, el Festival de Cine Europeo ha establecido una alianza con la Red de Salas de Cine de Chile, quienes exhibir\u00e1n la programaci\u00f3n a trav\u00e9s de sus sedes a lo largo de todo el pa\u00eds. El evento es una actividad coordinada por la Delegaci\u00f3n de la Uni\u00f3n Europea en Chile, en conjunto con los centros culturales europeos y pa\u00edses europeos participantes. Auspicia Ministerio de las Culturas, las Artes y el Patrimonio.<\/p>\n<p><strong>Fantas\u00edas sobre nuestro tiempos\u00a0<\/strong><\/p>\n<p style=\"text-align: justify;\">Entre las pel\u00edculas en exhibici\u00f3n, hay dos que retratan fantas\u00edas sobre un mundo posible. Una de ellas es <strong>\u201cHyperland\u201d<\/strong> (Mario Sixtus, Alemania), la que narra un futuro en el que las redes sociales han tomado el control absoluto. Todo lo que hace cada persona es visto por el resto del mundo, y es alojado en un sistema de valoraci\u00f3n; quien cuenta con el favor de las masas es premiado con privilegios.<\/p>\n<p style=\"text-align: justify;\">De fantas\u00eda se alimenta tambi\u00e9n <strong>\u201cFrankie Five Star\u201d<\/strong> (Birgit M\u00f6ller, Alemania), centrada en Frankie, quien trabaja en una botiller\u00eda, comparte un departamento con su mejor amiga Katja, e idealiza a su vecino, que parece inalcanzable. Cuando se encuentra en situaciones extra\u00f1as o inc\u00f3modas, toma el ascensor y se registra en un hotel fant\u00e1stico que solo existe en su mente. Ella comparte este espacio imaginario con un grupo ecl\u00e9ctico de personajes. Es una comedia rom\u00e1ntica, con toques de fant\u00e1stico, acerca de la b\u00fasqueda de uno mismo.<\/p>\n<p><strong>Para los ni\u00f1os\u00a0<\/strong><\/p>\n<p style=\"text-align: justify;\">Pensando en un p\u00fablico amplio, el Festival de Cine Europeo considera tambi\u00e9n a la audiencia infantil. Este a\u00f1o se ver\u00e1n cuatro pel\u00edculas para disfrutar en familia. Una es \u201cDiary of Paulina P\u201d (Neven Hitrec, Croacia), centrada en una fuerte, emotiva e ingeniosa ni\u00f1a, a la que seguimos en sus aventuras en clases y en casa, as\u00ed como todos los problemas que supera con \u00e9xito durante un a\u00f1o escolar. Tambi\u00e9n se exhibir\u00e1 la animada \u201cTadeo Jones 3\u201d (Enrique Gato, Espa\u00f1a), tercera parte de la saga. A Tadeo le encantar\u00eda que sus colegas arque\u00f3logos le aceptasen como a uno m\u00e1s, pero siempre acaba li\u00e1ndola: destroza un sarc\u00f3fago y desata un conjuro que pone en peligro la vida de sus amigos, Momia, Jeff y Belzoni. Por su parte, la animada \u201cPetit Nicolas, \u00bfqu\u00e9 esperamos para ser felices?\u201d (Amandine Fredon y Benjamin Massoubre, Francia) se centra en un ni\u00f1o travieso que tiene una infancia alegre, llena de juegos, diversi\u00f3n, bromas, aprendizaje, complicidad, peleas y castigos. \u201cUn verano de sorpresas\u201d (Stefan Westerwelle, Alemania), en tanto, es una adaptaci\u00f3n del libro infantil hom\u00f3nimo de Martin Muser. Finn tiene 10 a\u00f1os, y sus padres est\u00e1n separados. Para celebrar su cumplea\u00f1os, supuestamente debe viajar a Berl\u00edn a visitar a su mam\u00e1 y al nuevo novio de ella. Eso s\u00ed, el viaje ser\u00e1 en tren y por primera vez lo har\u00e1 completamente solo.<\/p>\n<p><strong>Dramas intensos y conmovedores<\/strong><\/p>\n<p style=\"text-align: justify;\">Los amantes de los dramas emocionales tendr\u00e1n tambi\u00e9n una oferta contundente. \u00a0<strong>\u201cA Blue Flower\u201d<\/strong> (Zrinko Ogresta, Croacia) cuenta la historia Mirjana, una mujer de mediana edad que trabaja en una f\u00e1brica de hilos. En v\u00edsperas de su vig\u00e9simo aniversario laboral, cuando recibir\u00e1 un premio en una modesta celebraci\u00f3n, sus interacciones con sus seres queridos ilustran partes de su vida: la que qued\u00f3 atr\u00e1s, la que est\u00e1 viviendo y la que est\u00e1 por llegar. <strong>\u201cEl hombre sin culpa\u201d<\/strong> (Ivan Gergolet, Eslovenia) sigue a una viuda de cincuenta a\u00f1os que trabaja en un hospital y se entera de que el antiguo empleador de su marido, responsable de alguna manera de su muerte, ha sido hospitalizado debido a un derrame cerebral. <strong>\u201cApostratos\u201d<\/strong> (Zacharias Mavroeidis, Grecia) se centra en un fracasado hombre de negocios de 30 y tantos a\u00f1os se muda a la casa de su abuelo, difunto veterano de la Segunda Guerra Mundial. Su b\u00fasqueda por estar a la altura de su legado redefinir\u00e1 tanto al h\u00e9roe familiar como a \u00e9l mismo.<\/p>\n<p style=\"text-align: justify;\"><strong>\u201cLa Chimera\u201d<\/strong> (Alice Rohrwacher, Italia\/Francia\/Suiza) demuestra el intenso talento de la directora de \u201cLazzaro felice\u201d, ahora mostrando un viaje de aventuras entre los vivos y los muertos, entre bosques y ciudades, entre fiestas y soledades, donde se desarrollan los destinos entrelazados de varios personajes, todos en busca de la Quimera.<\/p>\n<p style=\"text-align: justify;\"><strong>\u201cCoboram La Prima\u201d<\/strong> (Tedy Necula, Rumania) se ambienta en un metro que se atasca entre estaciones la ma\u00f1ana despu\u00e9s del tr\u00e1gico incendio del club Colectivo. <strong>\u201cLaissez-moi\u201d<\/strong> (Maxime Rappaz, Suiza) tiene como protagonista a Claudine, quien todos los martes acude a un hotel de monta\u00f1a para relacionarse con hombres de paso. Cuando uno de ellos decide prolongar su estancia por ella, la vida cotidiana de Claudine da un vuelco y se encuentra so\u00f1ando con otra vida.<\/p>\n<p style=\"text-align: justify;\">Entre los dramas hay tambi\u00e9n pel\u00edculas que se hacen cargo del estado del mundo. <strong>\u201cAd\u00fa\u201d<\/strong> (Salvador Calvo, Espa\u00f1a), por su parte, aborda la inmigraci\u00f3n a trav\u00e9s del viaje de un ni\u00f1o de seis a\u00f1os y su hermana mayor, provenientes de Camer\u00fan, que esperan para colarse en las bodegas de un avi\u00f3n. No demasiado lejos, un activista medioambiental contempla la terrible imagen de un elefante, muerto y sin colmillos. Miles de kil\u00f3metros al norte, en Melilla, un grupo de guardias civiles se prepara para enfrentarse a un gran n\u00famero de subsaharianos que ha iniciado el asalto a la valla. Tres historias unidas por un tema central.<\/p>\n<p style=\"text-align: justify;\"><strong>\u201cAny Day Now\u201d<\/strong> (Hamy Ramezan, Finlandia) tambi\u00e9n muestra su preocupaci\u00f3n por los migrantes, en este caso, una familia de refugiados en los bosques finlandeses. \u00a0<strong>\u201cRaiva\u201d<\/strong> (Se\u0301rgio Tre\u0301faut, Portugal) est\u00e1 ambientada en el Alentejo de los a\u00f1os 50, la pel\u00edcula retrata la lucha y la opresi\u00f3n sufrida por los campesinos, mostrando un intenso drama social y humano. La historia se centra en la vida de Palma, un campesino que, tras la muerte de su familia a manos de los terratenientes, decide tomar justicia por su mano. Raiva es una obra que combina la belleza del paisaje con la crudeza de las injusticias sociales, ofreciendo una mirada cr\u00edtica y emotiva hacia el pasado rural de Portugal. \u201cPacifiction\u201d (Albert Serra, Francia) En la isla de Tahit\u00ed, en la Polinesia Francesa, el Alto Comisario de la Rep\u00fablica, De Roller, representante del Estado franc\u00e9s, es un hombre calculador de modales impecables. Tanto en las recepciones oficiales como en los establecimientos ilegales, no deja de tomar el pulso a una poblaci\u00f3n local cuya ira puede despertarse en cualquier momento.<\/p>\n<p style=\"text-align: justify;\"><strong>\u201cLumumba\u201d<\/strong> (Raoul Peck, Haiti, Congo RD, B\u00e9lgica) es un biopic que narra la verdadera historia de la llegada al poder y el brutal asesinato de Patrice Lumumba, el l\u00edder del Congo independiente antes vilipendiado y m\u00e1s tarde redimido.<\/p>\n<p style=\"text-align: justify;\">Aunque tiene matices de comedia, <strong>\u201cComedy Queen\u201d<\/strong> (Sanna Lenken, Suecia) es un drama que trata sobre Sasha, de 13 a\u00f1os. Ella sufre una pena inconmensurable, pero est\u00e1 decidida a salvarse a ella y a su padre de la pena y dolor. Su plan es hacer re\u00edr a todos de nuevo y quiere convertirse en comediante, una reina de la comedia.<\/p>\n<p><iframe title=\"Spot 26\u00b0 Festival de Cine Europeo\" width=\"1200\" height=\"675\" src=\"https:\/\/www.youtube.com\/embed\/SoeytPnOIko?feature=oembed\" frameborder=\"0\" allow=\"accelerometer; autoplay; clipboard-write; encrypted-media; gyroscope; picture-in-picture; web-share\" referrerpolicy=\"strict-origin-when-cross-origin\" allowfullscreen><\/iframe><\/p>\n<p>&nbsp;<\/p>","protected":false},"excerpt":{"rendered":"<p>Una verdadera muestra de lo m\u00e1s interesante de Europa es lo que est\u00e1 mostrando el Festival de Cine Europeo entre el 5 y el 16 de junio en salas de Santiago y regiones. La programaci\u00f3n incluye 30 pel\u00edculas de 15 &#8230; <a title=\"Festival de Cine Europeo estrenar\u00e1 m\u00e1s de 20 aclamadas pel\u00edculas de ficci\u00f3n\" class=\"read-more\" href=\"https:\/\/clientesbrandbits.click\/en\/festival-de-cine-europeo-estrenara-mas-de-20-aclamadas-peliculas-de-ficcion\/\" aria-label=\"Read more about Festival de Cine Europeo estrenar\u00e1 m\u00e1s de 20 aclamadas pel\u00edculas de ficci\u00f3n\">Read More<\/a><\/p>","protected":false},"author":5,"featured_media":1805,"comment_status":"closed","ping_status":"closed","sticky":false,"template":"","format":"standard","meta":{"_joinchat":[],"footnotes":""},"categories":[112,11],"tags":[147],"class_list":["post-1804","post","type-post","status-publish","format-standard","has-post-thumbnail","hentry","category-destacados","category-festivales-de-cine","tag-festival-de-cine-europeo","infinite-scroll-item"],"yoast_head":"<!-- This site is optimized with the Yoast SEO plugin v22.8 - https:\/\/yoast.com\/wordpress\/plugins\/seo\/ -->\n<title>Festival de Cine Europeo estrenar\u00e1 m\u00e1s de 20 aclamadas pel\u00edculas de ficci\u00f3n - Spanglish Cinema<\/title>\n<meta name=\"description\" content=\"Una verdadera muestra de lo m\u00e1s interesante de Europa es lo que ofrecer\u00e1 el Festival de Cine Europeo entre el 5 y el 16 de junio en salas de Santiago y regiones. La programaci\u00f3n incluye 30 pel\u00edculas de 15 pa\u00edses, tanto documentales como ficci\u00f3n. Todas las funciones son gratuitas.\" \/>\n<meta name=\"robots\" content=\"index, follow, max-snippet:-1, max-image-preview:large, max-video-preview:-1\" \/>\n<link rel=\"canonical\" href=\"https:\/\/clientesbrandbits.click\/en\/festival-de-cine-europeo-estrenara-mas-de-20-aclamadas-peliculas-de-ficcion\/\" \/>\n<meta property=\"og:locale\" content=\"en_US\" \/>\n<meta property=\"og:type\" content=\"article\" \/>\n<meta property=\"og:title\" content=\"Festival de Cine Europeo estrenar\u00e1 m\u00e1s de 20 aclamadas pel\u00edculas de ficci\u00f3n - Spanglish Cinema\" \/>\n<meta property=\"og:description\" content=\"Una verdadera muestra de lo m\u00e1s interesante de Europa es lo que ofrecer\u00e1 el Festival de Cine Europeo entre el 5 y el 16 de junio en salas de Santiago y regiones. La programaci\u00f3n incluye 30 pel\u00edculas de 15 pa\u00edses, tanto documentales como ficci\u00f3n. Todas las funciones son gratuitas.\" \/>\n<meta property=\"og:url\" content=\"https:\/\/clientesbrandbits.click\/en\/festival-de-cine-europeo-estrenara-mas-de-20-aclamadas-peliculas-de-ficcion\/\" \/>\n<meta property=\"og:site_name\" content=\"Spanglish Cinema\" \/>\n<meta property=\"article:published_time\" content=\"2024-06-12T20:38:48+00:00\" \/>\n<meta property=\"article:modified_time\" content=\"2024-06-12T20:50:52+00:00\" \/>\n<meta property=\"og:image\" content=\"https:\/\/clientesbrandbits.click\/wp-content\/uploads\/2024\/06\/la-chimera.jpg\" \/>\n\t<meta property=\"og:image:width\" content=\"1200\" \/>\n\t<meta property=\"og:image:height\" content=\"630\" \/>\n\t<meta property=\"og:image:type\" content=\"image\/jpeg\" \/>\n<meta name=\"author\" content=\"Elizabeth Salazar\" \/>\n<meta name=\"twitter:card\" content=\"summary_large_image\" \/>\n<meta name=\"twitter:label1\" content=\"Written by\" \/>\n\t<meta name=\"twitter:data1\" content=\"Elizabeth Salazar\" \/>\n\t<meta name=\"twitter:label2\" content=\"Est. reading time\" \/>\n\t<meta name=\"twitter:data2\" content=\"6 minutes\" \/>\n<script type=\"application\/ld+json\" class=\"yoast-schema-graph\">{\"@context\":\"https:\/\/schema.org\",\"@graph\":[{\"@type\":\"Article\",\"@id\":\"https:\/\/clientesbrandbits.click\/festival-de-cine-europeo-estrenara-mas-de-20-aclamadas-peliculas-de-ficcion\/#article\",\"isPartOf\":{\"@id\":\"https:\/\/clientesbrandbits.click\/festival-de-cine-europeo-estrenara-mas-de-20-aclamadas-peliculas-de-ficcion\/\"},\"author\":{\"name\":\"Elizabeth Salazar\",\"@id\":\"https:\/\/clientesbrandbits.click\/#\/schema\/person\/3582a766d1bd629325b8cb5e303f4963\"},\"headline\":\"Festival de Cine Europeo estrenar\u00e1 m\u00e1s de 20 aclamadas pel\u00edculas de ficci\u00f3n\",\"datePublished\":\"2024-06-12T20:38:48+00:00\",\"dateModified\":\"2024-06-12T20:50:52+00:00\",\"mainEntityOfPage\":{\"@id\":\"https:\/\/clientesbrandbits.click\/festival-de-cine-europeo-estrenara-mas-de-20-aclamadas-peliculas-de-ficcion\/\"},\"wordCount\":1346,\"publisher\":{\"@id\":\"https:\/\/clientesbrandbits.click\/#organization\"},\"image\":{\"@id\":\"https:\/\/clientesbrandbits.click\/festival-de-cine-europeo-estrenara-mas-de-20-aclamadas-peliculas-de-ficcion\/#primaryimage\"},\"thumbnailUrl\":\"https:\/\/clientesbrandbits.click\/wp-content\/uploads\/2024\/06\/la-chimera.jpg\",\"keywords\":[\"Festival de Cine Europeo\"],\"articleSection\":[\"Destacados\",\"Festivales de Cine\"],\"inLanguage\":\"en-US\"},{\"@type\":\"WebPage\",\"@id\":\"https:\/\/clientesbrandbits.click\/festival-de-cine-europeo-estrenara-mas-de-20-aclamadas-peliculas-de-ficcion\/\",\"url\":\"https:\/\/clientesbrandbits.click\/festival-de-cine-europeo-estrenara-mas-de-20-aclamadas-peliculas-de-ficcion\/\",\"name\":\"Festival de Cine Europeo estrenar\u00e1 m\u00e1s de 20 aclamadas pel\u00edculas de ficci\u00f3n - Spanglish Cinema\",\"isPartOf\":{\"@id\":\"https:\/\/clientesbrandbits.click\/#website\"},\"primaryImageOfPage\":{\"@id\":\"https:\/\/clientesbrandbits.click\/festival-de-cine-europeo-estrenara-mas-de-20-aclamadas-peliculas-de-ficcion\/#primaryimage\"},\"image\":{\"@id\":\"https:\/\/clientesbrandbits.click\/festival-de-cine-europeo-estrenara-mas-de-20-aclamadas-peliculas-de-ficcion\/#primaryimage\"},\"thumbnailUrl\":\"https:\/\/clientesbrandbits.click\/wp-content\/uploads\/2024\/06\/la-chimera.jpg\",\"datePublished\":\"2024-06-12T20:38:48+00:00\",\"dateModified\":\"2024-06-12T20:50:52+00:00\",\"description\":\"Una verdadera muestra de lo m\u00e1s interesante de Europa es lo que ofrecer\u00e1 el Festival de Cine Europeo entre el 5 y el 16 de junio en salas de Santiago y regiones. La programaci\u00f3n incluye 30 pel\u00edculas de 15 pa\u00edses, tanto documentales como ficci\u00f3n. Todas las funciones son gratuitas.\",\"breadcrumb\":{\"@id\":\"https:\/\/clientesbrandbits.click\/festival-de-cine-europeo-estrenara-mas-de-20-aclamadas-peliculas-de-ficcion\/#breadcrumb\"},\"inLanguage\":\"en-US\",\"potentialAction\":[{\"@type\":\"ReadAction\",\"target\":[\"https:\/\/clientesbrandbits.click\/festival-de-cine-europeo-estrenara-mas-de-20-aclamadas-peliculas-de-ficcion\/\"]}]},{\"@type\":\"ImageObject\",\"inLanguage\":\"en-US\",\"@id\":\"https:\/\/clientesbrandbits.click\/festival-de-cine-europeo-estrenara-mas-de-20-aclamadas-peliculas-de-ficcion\/#primaryimage\",\"url\":\"https:\/\/clientesbrandbits.click\/wp-content\/uploads\/2024\/06\/la-chimera.jpg\",\"contentUrl\":\"https:\/\/clientesbrandbits.click\/wp-content\/uploads\/2024\/06\/la-chimera.jpg\",\"width\":1200,\"height\":630},{\"@type\":\"BreadcrumbList\",\"@id\":\"https:\/\/clientesbrandbits.click\/festival-de-cine-europeo-estrenara-mas-de-20-aclamadas-peliculas-de-ficcion\/#breadcrumb\",\"itemListElement\":[{\"@type\":\"ListItem\",\"position\":1,\"name\":\"Portada\",\"item\":\"https:\/\/clientesbrandbits.click\/\"},{\"@type\":\"ListItem\",\"position\":2,\"name\":\"Festival de Cine Europeo estrenar\u00e1 m\u00e1s de 20 aclamadas pel\u00edculas de ficci\u00f3n\"}]},{\"@type\":\"WebSite\",\"@id\":\"https:\/\/clientesbrandbits.click\/#website\",\"url\":\"https:\/\/clientesbrandbits.click\/\",\"name\":\"Spanglish Cinema\",\"description\":\"\",\"publisher\":{\"@id\":\"https:\/\/clientesbrandbits.click\/#organization\"},\"potentialAction\":[{\"@type\":\"SearchAction\",\"target\":{\"@type\":\"EntryPoint\",\"urlTemplate\":\"https:\/\/clientesbrandbits.click\/?s={search_term_string}\"},\"query-input\":\"required name=search_term_string\"}],\"inLanguage\":\"en-US\"},{\"@type\":\"Organization\",\"@id\":\"https:\/\/clientesbrandbits.click\/#organization\",\"name\":\"Spanglish Cinema\",\"url\":\"https:\/\/clientesbrandbits.click\/\",\"logo\":{\"@type\":\"ImageObject\",\"inLanguage\":\"en-US\",\"@id\":\"https:\/\/clientesbrandbits.click\/#\/schema\/logo\/image\/\",\"url\":\"https:\/\/clientesbrandbits.click\/wp-content\/uploads\/2024\/03\/spanglish_cinema.png\",\"contentUrl\":\"https:\/\/clientesbrandbits.click\/wp-content\/uploads\/2024\/03\/spanglish_cinema.png\",\"width\":612,\"height\":225,\"caption\":\"Spanglish Cinema\"},\"image\":{\"@id\":\"https:\/\/clientesbrandbits.click\/#\/schema\/logo\/image\/\"}},{\"@type\":\"Person\",\"@id\":\"https:\/\/clientesbrandbits.click\/#\/schema\/person\/3582a766d1bd629325b8cb5e303f4963\",\"name\":\"Elizabeth Salazar\",\"image\":{\"@type\":\"ImageObject\",\"inLanguage\":\"en-US\",\"@id\":\"https:\/\/clientesbrandbits.click\/#\/schema\/person\/image\/\",\"url\":\"https:\/\/secure.gravatar.com\/avatar\/ddf69a5ddae2a61929dd4e305eb31658?s=96&d=mm&r=g\",\"contentUrl\":\"https:\/\/secure.gravatar.com\/avatar\/ddf69a5ddae2a61929dd4e305eb31658?s=96&d=mm&r=g\",\"caption\":\"Elizabeth Salazar\"},\"url\":\"https:\/\/clientesbrandbits.click\/en\/author\/elizabeth-salazar\/\"}]}<\/script>\n<!-- \/ Yoast SEO plugin. -->","yoast_head_json":{"title":"Festival de Cine Europeo estrenar\u00e1 m\u00e1s de 20 aclamadas pel\u00edculas de ficci\u00f3n - Spanglish Cinema","description":"Una verdadera muestra de lo m\u00e1s interesante de Europa es lo que ofrecer\u00e1 el Festival de Cine Europeo entre el 5 y el 16 de junio en salas de Santiago y regiones. La programaci\u00f3n incluye 30 pel\u00edculas de 15 pa\u00edses, tanto documentales como ficci\u00f3n. Todas las funciones son gratuitas.","robots":{"index":"index","follow":"follow","max-snippet":"max-snippet:-1","max-image-preview":"max-image-preview:large","max-video-preview":"max-video-preview:-1"},"canonical":"https:\/\/clientesbrandbits.click\/en\/festival-de-cine-europeo-estrenara-mas-de-20-aclamadas-peliculas-de-ficcion\/","og_locale":"en_US","og_type":"article","og_title":"Festival de Cine Europeo estrenar\u00e1 m\u00e1s de 20 aclamadas pel\u00edculas de ficci\u00f3n - Spanglish Cinema","og_description":"Una verdadera muestra de lo m\u00e1s interesante de Europa es lo que ofrecer\u00e1 el Festival de Cine Europeo entre el 5 y el 16 de junio en salas de Santiago y regiones. La programaci\u00f3n incluye 30 pel\u00edculas de 15 pa\u00edses, tanto documentales como ficci\u00f3n. Todas las funciones son gratuitas.","og_url":"https:\/\/clientesbrandbits.click\/en\/festival-de-cine-europeo-estrenara-mas-de-20-aclamadas-peliculas-de-ficcion\/","og_site_name":"Spanglish Cinema","article_published_time":"2024-06-12T20:38:48+00:00","article_modified_time":"2024-06-12T20:50:52+00:00","og_image":[{"width":1200,"height":630,"url":"https:\/\/clientesbrandbits.click\/wp-content\/uploads\/2024\/06\/la-chimera.jpg","type":"image\/jpeg"}],"author":"Elizabeth Salazar","twitter_card":"summary_large_image","twitter_misc":{"Written by":"Elizabeth Salazar","Est. reading time":"6 minutes"},"schema":{"@context":"https:\/\/schema.org","@graph":[{"@type":"Article","@id":"https:\/\/clientesbrandbits.click\/festival-de-cine-europeo-estrenara-mas-de-20-aclamadas-peliculas-de-ficcion\/#article","isPartOf":{"@id":"https:\/\/clientesbrandbits.click\/festival-de-cine-europeo-estrenara-mas-de-20-aclamadas-peliculas-de-ficcion\/"},"author":{"name":"Elizabeth Salazar","@id":"https:\/\/clientesbrandbits.click\/#\/schema\/person\/3582a766d1bd629325b8cb5e303f4963"},"headline":"Festival de Cine Europeo estrenar\u00e1 m\u00e1s de 20 aclamadas pel\u00edculas de ficci\u00f3n","datePublished":"2024-06-12T20:38:48+00:00","dateModified":"2024-06-12T20:50:52+00:00","mainEntityOfPage":{"@id":"https:\/\/clientesbrandbits.click\/festival-de-cine-europeo-estrenara-mas-de-20-aclamadas-peliculas-de-ficcion\/"},"wordCount":1346,"publisher":{"@id":"https:\/\/clientesbrandbits.click\/#organization"},"image":{"@id":"https:\/\/clientesbrandbits.click\/festival-de-cine-europeo-estrenara-mas-de-20-aclamadas-peliculas-de-ficcion\/#primaryimage"},"thumbnailUrl":"https:\/\/clientesbrandbits.click\/wp-content\/uploads\/2024\/06\/la-chimera.jpg","keywords":["Festival de Cine Europeo"],"articleSection":["Destacados","Festivales de Cine"],"inLanguage":"en-US"},{"@type":"WebPage","@id":"https:\/\/clientesbrandbits.click\/festival-de-cine-europeo-estrenara-mas-de-20-aclamadas-peliculas-de-ficcion\/","url":"https:\/\/clientesbrandbits.click\/festival-de-cine-europeo-estrenara-mas-de-20-aclamadas-peliculas-de-ficcion\/","name":"Festival de Cine Europeo estrenar\u00e1 m\u00e1s de 20 aclamadas pel\u00edculas de ficci\u00f3n - Spanglish Cinema","isPartOf":{"@id":"https:\/\/clientesbrandbits.click\/#website"},"primaryImageOfPage":{"@id":"https:\/\/clientesbrandbits.click\/festival-de-cine-europeo-estrenara-mas-de-20-aclamadas-peliculas-de-ficcion\/#primaryimage"},"image":{"@id":"https:\/\/clientesbrandbits.click\/festival-de-cine-europeo-estrenara-mas-de-20-aclamadas-peliculas-de-ficcion\/#primaryimage"},"thumbnailUrl":"https:\/\/clientesbrandbits.click\/wp-content\/uploads\/2024\/06\/la-chimera.jpg","datePublished":"2024-06-12T20:38:48+00:00","dateModified":"2024-06-12T20:50:52+00:00","description":"Una verdadera muestra de lo m\u00e1s interesante de Europa es lo que ofrecer\u00e1 el Festival de Cine Europeo entre el 5 y el 16 de junio en salas de Santiago y regiones. La programaci\u00f3n incluye 30 pel\u00edculas de 15 pa\u00edses, tanto documentales como ficci\u00f3n. Todas las funciones son gratuitas.","breadcrumb":{"@id":"https:\/\/clientesbrandbits.click\/festival-de-cine-europeo-estrenara-mas-de-20-aclamadas-peliculas-de-ficcion\/#breadcrumb"},"inLanguage":"en-US","potentialAction":[{"@type":"ReadAction","target":["https:\/\/clientesbrandbits.click\/festival-de-cine-europeo-estrenara-mas-de-20-aclamadas-peliculas-de-ficcion\/"]}]},{"@type":"ImageObject","inLanguage":"en-US","@id":"https:\/\/clientesbrandbits.click\/festival-de-cine-europeo-estrenara-mas-de-20-aclamadas-peliculas-de-ficcion\/#primaryimage","url":"https:\/\/clientesbrandbits.click\/wp-content\/uploads\/2024\/06\/la-chimera.jpg","contentUrl":"https:\/\/clientesbrandbits.click\/wp-content\/uploads\/2024\/06\/la-chimera.jpg","width":1200,"height":630},{"@type":"BreadcrumbList","@id":"https:\/\/clientesbrandbits.click\/festival-de-cine-europeo-estrenara-mas-de-20-aclamadas-peliculas-de-ficcion\/#breadcrumb","itemListElement":[{"@type":"ListItem","position":1,"name":"Portada","item":"https:\/\/clientesbrandbits.click\/"},{"@type":"ListItem","position":2,"name":"Festival de Cine Europeo estrenar\u00e1 m\u00e1s de 20 aclamadas pel\u00edculas de ficci\u00f3n"}]},{"@type":"WebSite","@id":"https:\/\/clientesbrandbits.click\/#website","url":"https:\/\/clientesbrandbits.click\/","name":"Spanglish Cinema","description":"","publisher":{"@id":"https:\/\/clientesbrandbits.click\/#organization"},"potentialAction":[{"@type":"SearchAction","target":{"@type":"EntryPoint","urlTemplate":"https:\/\/clientesbrandbits.click\/?s={search_term_string}"},"query-input":"required name=search_term_string"}],"inLanguage":"en-US"},{"@type":"Organization","@id":"https:\/\/clientesbrandbits.click\/#organization","name":"Spanglish Cinema","url":"https:\/\/clientesbrandbits.click\/","logo":{"@type":"ImageObject","inLanguage":"en-US","@id":"https:\/\/clientesbrandbits.click\/#\/schema\/logo\/image\/","url":"https:\/\/clientesbrandbits.click\/wp-content\/uploads\/2024\/03\/spanglish_cinema.png","contentUrl":"https:\/\/clientesbrandbits.click\/wp-content\/uploads\/2024\/03\/spanglish_cinema.png","width":612,"height":225,"caption":"Spanglish Cinema"},"image":{"@id":"https:\/\/clientesbrandbits.click\/#\/schema\/logo\/image\/"}},{"@type":"Person","@id":"https:\/\/clientesbrandbits.click\/#\/schema\/person\/3582a766d1bd629325b8cb5e303f4963","name":"Elizabeth Salazar","image":{"@type":"ImageObject","inLanguage":"en-US","@id":"https:\/\/clientesbrandbits.click\/#\/schema\/person\/image\/","url":"https:\/\/secure.gravatar.com\/avatar\/ddf69a5ddae2a61929dd4e305eb31658?s=96&d=mm&r=g","contentUrl":"https:\/\/secure.gravatar.com\/avatar\/ddf69a5ddae2a61929dd4e305eb31658?s=96&d=mm&r=g","caption":"Elizabeth Salazar"},"url":"https:\/\/clientesbrandbits.click\/en\/author\/elizabeth-salazar\/"}]}},"_links":{"self":[{"href":"https:\/\/clientesbrandbits.click\/en\/wp-json\/wp\/v2\/posts\/1804"}],"collection":[{"href":"https:\/\/clientesbrandbits.click\/en\/wp-json\/wp\/v2\/posts"}],"about":[{"href":"https:\/\/clientesbrandbits.click\/en\/wp-json\/wp\/v2\/types\/post"}],"author":[{"embeddable":true,"href":"https:\/\/clientesbrandbits.click\/en\/wp-json\/wp\/v2\/users\/5"}],"replies":[{"embeddable":true,"href":"https:\/\/clientesbrandbits.click\/en\/wp-json\/wp\/v2\/comments?post=1804"}],"version-history":[{"count":6,"href":"https:\/\/clientesbrandbits.click\/en\/wp-json\/wp\/v2\/posts\/1804\/revisions"}],"predecessor-version":[{"id":1811,"href":"https:\/\/clientesbrandbits.click\/en\/wp-json\/wp\/v2\/posts\/1804\/revisions\/1811"}],"wp:featuredmedia":[{"embeddable":true,"href":"https:\/\/clientesbrandbits.click\/en\/wp-json\/wp\/v2\/media\/1805"}],"wp:attachment":[{"href":"https:\/\/clientesbrandbits.click\/en\/wp-json\/wp\/v2\/media?parent=1804"}],"wp:term":[{"taxonomy":"category","embeddable":true,"href":"https:\/\/clientesbrandbits.click\/en\/wp-json\/wp\/v2\/categories?post=1804"},{"taxonomy":"post_tag","embeddable":true,"href":"https:\/\/clientesbrandbits.click\/en\/wp-json\/wp\/v2\/tags?post=1804"}],"curies":[{"name":"wp","href":"https:\/\/api.w.org\/{rel}","templated":true}]}}