{"id":1780,"date":"2024-06-09T02:34:50","date_gmt":"2024-06-09T06:34:50","guid":{"rendered":"https:\/\/clientesbrandbits.click\/?p=1780"},"modified":"2024-06-11T15:47:12","modified_gmt":"2024-06-11T19:47:12","slug":"el-festival-de-cine-europeo-estrena-werner-herzog-radical-dreamer-con-conversatorio","status":"publish","type":"post","link":"https:\/\/clientesbrandbits.click\/en\/el-festival-de-cine-europeo-estrena-werner-herzog-radical-dreamer-con-conversatorio\/","title":{"rendered":"El Festival de Cine Europeo estrena \u201cWerner Herzog: Radical Dreamer\u201d con conversatorio"},"content":{"rendered":"<p style=\"text-align: justify;\">Desde sus comienzos, el cineasta alem\u00e1n Werner Herzog ha asombrado con pel\u00edculas innovadoras y provocativas que abordan la relaci\u00f3n del ser humano con una naturaleza deslumbrante e implacable. \u00a0<\/p>\r\n<p style=\"text-align: justify;\">Un retrato de su vida y obra es lo que presenta \u201cWerner Herzog: Radical Dreamer\u201d, documental del alem\u00e1n Thomas von Steinaecker que forma parte del Festival de Cine Europeo que se realizar\u00e1 a lo largo del pa\u00eds.<\/p>\r\n<p style=\"text-align: justify;\">En el marco del evento, el s\u00e1bado 15 de junio, a las 19:30 horas, se proyectar\u00e1 el documental en la sala Insomnia de Valpara\u00edso (Condell 1585). La funci\u00f3n, con entrada liberada, ser\u00e1 acompa\u00f1ada de un interesante conversatorio entre Bruno Cuneo, destacado poeta, te\u00f3rico del arte y acad\u00e9mico del Instituto de Arte PUCV, y el cineasta Ignacio Ag\u00fcero. Ambos comentar\u00e1n el documental y, por supuesto, la extensa obra del gran Werner Herzog.<\/p>\r\n<p style=\"text-align: justify;\">El Festival de Cine Europeo se realizar\u00e1 del 5 al 16 de junio con entrada liberada, ofreciendo una experiencia cinematogr\u00e1fica \u00fanica para todos los amantes del cine en Chile. Este a\u00f1o \u2013con una expansi\u00f3n que va desde Arica a Punta Arenas\u2013, el evento ha establecido una alianza con la Red de Salas de Cine de Chile, quienes exhibir\u00e1n la programaci\u00f3n a trav\u00e9s de sus sedes a lo largo de todo el pa\u00eds.<\/p>\r\n<p style=\"text-align: justify;\">El evento es una actividad coordinada por la Delegaci\u00f3n de la Uni\u00f3n Europea en Chile, en conjunto con las embajadas y los centros culturales europeos participantes. Auspicia Ministerio de las Culturas, las Artes y el Patrimonio.<\/p>\r\n<p style=\"text-align: justify;\"><strong>Thomas von Steinaecker: \u201cHe decidido perseguir el enigma Herzog\u201d<\/strong> \u201cWerner Herzog: Radical Dreamer\u201d llegar\u00e1 a Chile despu\u00e9s de su aclamado paso por festivales como el de Telluride, la Viennale, el IDFA y el CPH:DOX, entre muchos otros.<\/p>\r\n<p style=\"text-align: justify;\">La c\u00e1mara de Thomas von Steinaecker sigue al cineasta y su entorno m\u00e1s cercano, incluida su mujer, analizan su carrera desde sus inicios en el cine. Junto a ellos, Nicole Kidman, Christian Bale y Robert Pattinson repasan sus trabajos con \u00e9l, Wim Wenders relata c\u00f3mo el director le ayud\u00f3 a llegar a un p\u00fablico m\u00e1s amplio y la ganadora del Oscar Chloe Zhao habla de su admiraci\u00f3n por \u00e9l. Estos son algunos de los rostros que acompa\u00f1an a Werner Herzog en un recorrido emocional y anal\u00edtico por su obra.<\/p>\r\n\r\n<p><strong>Informaci\u00f3n de Cartelera<\/strong>\u00a026\u00b0 Festival de Cine Europeo Del 5 al 16 de junio Santiago y regiones Gratuito<\/p>\r\n\r\n\r\n\r\n<p>&nbsp;<\/p>\r\n<p><iframe title=\"Spot 26\u00b0 Festival de Cine Europeo\" width=\"1200\" height=\"675\" src=\"https:\/\/www.youtube.com\/embed\/SoeytPnOIko?feature=oembed\" frameborder=\"0\" allow=\"accelerometer; autoplay; clipboard-write; encrypted-media; gyroscope; picture-in-picture; web-share\" referrerpolicy=\"strict-origin-when-cross-origin\" allowfullscreen><\/iframe><\/p>","protected":false},"excerpt":{"rendered":"<p>Desde sus comienzos, el cineasta alem\u00e1n Werner Herzog ha asombrado con pel\u00edculas innovadoras y provocativas que abordan la relaci\u00f3n del ser humano con una naturaleza deslumbrante e implacable. \u00a0 Un retrato de su vida y obra es lo que presenta &#8230; <a title=\"El Festival de Cine Europeo estrena \u201cWerner Herzog: Radical Dreamer\u201d con conversatorio\" class=\"read-more\" href=\"https:\/\/clientesbrandbits.click\/en\/el-festival-de-cine-europeo-estrena-werner-herzog-radical-dreamer-con-conversatorio\/\" aria-label=\"Read more about El Festival de Cine Europeo estrena \u201cWerner Herzog: Radical Dreamer\u201d con conversatorio\">Read More<\/a><\/p>","protected":false},"author":5,"featured_media":1782,"comment_status":"closed","ping_status":"closed","sticky":false,"template":"","format":"standard","meta":{"_joinchat":[],"footnotes":""},"categories":[11],"tags":[],"class_list":["post-1780","post","type-post","status-publish","format-standard","has-post-thumbnail","hentry","category-festivales-de-cine","infinite-scroll-item"],"yoast_head":"<!-- This site is optimized with the Yoast SEO plugin v22.8 - https:\/\/yoast.com\/wordpress\/plugins\/seo\/ -->\n<title>El Festival de Cine Europeo estrena \u201cWerner Herzog: Radical Dreamer\u201d con conversatorio - Spanglish Cinema<\/title>\n<meta name=\"robots\" content=\"index, follow, max-snippet:-1, max-image-preview:large, max-video-preview:-1\" \/>\n<link rel=\"canonical\" href=\"https:\/\/clientesbrandbits.click\/en\/el-festival-de-cine-europeo-estrena-werner-herzog-radical-dreamer-con-conversatorio\/\" \/>\n<meta property=\"og:locale\" content=\"en_US\" \/>\n<meta property=\"og:type\" content=\"article\" \/>\n<meta property=\"og:title\" content=\"El Festival de Cine Europeo estrena \u201cWerner Herzog: Radical Dreamer\u201d con conversatorio - Spanglish Cinema\" \/>\n<meta property=\"og:description\" content=\"Desde sus comienzos, el cineasta alem\u00e1n Werner Herzog ha asombrado con pel\u00edculas innovadoras y provocativas que abordan la relaci\u00f3n del ser humano con una naturaleza deslumbrante e implacable. \u00a0 Un retrato de su vida y obra es lo que presenta ... Leer M\u00e1s\" \/>\n<meta property=\"og:url\" content=\"https:\/\/clientesbrandbits.click\/en\/el-festival-de-cine-europeo-estrena-werner-herzog-radical-dreamer-con-conversatorio\/\" \/>\n<meta property=\"og:site_name\" content=\"Spanglish Cinema\" \/>\n<meta property=\"article:published_time\" content=\"2024-06-09T06:34:50+00:00\" \/>\n<meta property=\"article:modified_time\" content=\"2024-06-11T19:47:12+00:00\" \/>\n<meta property=\"og:image\" content=\"https:\/\/clientesbrandbits.click\/wp-content\/uploads\/2024\/06\/Werner-Herzog-Radical-Dreamer-002.jpg\" \/>\n\t<meta property=\"og:image:width\" content=\"1000\" \/>\n\t<meta property=\"og:image:height\" content=\"564\" \/>\n\t<meta property=\"og:image:type\" content=\"image\/jpeg\" \/>\n<meta name=\"author\" content=\"Elizabeth Salazar\" \/>\n<meta name=\"twitter:card\" content=\"summary_large_image\" \/>\n<meta name=\"twitter:label1\" content=\"Written by\" \/>\n\t<meta name=\"twitter:data1\" content=\"Elizabeth Salazar\" \/>\n\t<meta name=\"twitter:label2\" content=\"Est. reading time\" \/>\n\t<meta name=\"twitter:data2\" content=\"2 minutes\" \/>\n<script type=\"application\/ld+json\" class=\"yoast-schema-graph\">{\"@context\":\"https:\/\/schema.org\",\"@graph\":[{\"@type\":\"Article\",\"@id\":\"https:\/\/clientesbrandbits.click\/el-festival-de-cine-europeo-estrena-werner-herzog-radical-dreamer-con-conversatorio\/#article\",\"isPartOf\":{\"@id\":\"https:\/\/clientesbrandbits.click\/el-festival-de-cine-europeo-estrena-werner-herzog-radical-dreamer-con-conversatorio\/\"},\"author\":{\"name\":\"Elizabeth Salazar\",\"@id\":\"https:\/\/clientesbrandbits.click\/#\/schema\/person\/3582a766d1bd629325b8cb5e303f4963\"},\"headline\":\"El Festival de Cine Europeo estrena \u201cWerner Herzog: Radical Dreamer\u201d con conversatorio\",\"datePublished\":\"2024-06-09T06:34:50+00:00\",\"dateModified\":\"2024-06-11T19:47:12+00:00\",\"mainEntityOfPage\":{\"@id\":\"https:\/\/clientesbrandbits.click\/el-festival-de-cine-europeo-estrena-werner-herzog-radical-dreamer-con-conversatorio\/\"},\"wordCount\":432,\"publisher\":{\"@id\":\"https:\/\/clientesbrandbits.click\/#organization\"},\"image\":{\"@id\":\"https:\/\/clientesbrandbits.click\/el-festival-de-cine-europeo-estrena-werner-herzog-radical-dreamer-con-conversatorio\/#primaryimage\"},\"thumbnailUrl\":\"https:\/\/clientesbrandbits.click\/wp-content\/uploads\/2024\/06\/Werner-Herzog-Radical-Dreamer-002.jpg\",\"articleSection\":[\"Festivales de Cine\"],\"inLanguage\":\"en-US\"},{\"@type\":\"WebPage\",\"@id\":\"https:\/\/clientesbrandbits.click\/el-festival-de-cine-europeo-estrena-werner-herzog-radical-dreamer-con-conversatorio\/\",\"url\":\"https:\/\/clientesbrandbits.click\/el-festival-de-cine-europeo-estrena-werner-herzog-radical-dreamer-con-conversatorio\/\",\"name\":\"El Festival de Cine Europeo estrena \u201cWerner Herzog: Radical Dreamer\u201d con conversatorio - Spanglish Cinema\",\"isPartOf\":{\"@id\":\"https:\/\/clientesbrandbits.click\/#website\"},\"primaryImageOfPage\":{\"@id\":\"https:\/\/clientesbrandbits.click\/el-festival-de-cine-europeo-estrena-werner-herzog-radical-dreamer-con-conversatorio\/#primaryimage\"},\"image\":{\"@id\":\"https:\/\/clientesbrandbits.click\/el-festival-de-cine-europeo-estrena-werner-herzog-radical-dreamer-con-conversatorio\/#primaryimage\"},\"thumbnailUrl\":\"https:\/\/clientesbrandbits.click\/wp-content\/uploads\/2024\/06\/Werner-Herzog-Radical-Dreamer-002.jpg\",\"datePublished\":\"2024-06-09T06:34:50+00:00\",\"dateModified\":\"2024-06-11T19:47:12+00:00\",\"breadcrumb\":{\"@id\":\"https:\/\/clientesbrandbits.click\/el-festival-de-cine-europeo-estrena-werner-herzog-radical-dreamer-con-conversatorio\/#breadcrumb\"},\"inLanguage\":\"en-US\",\"potentialAction\":[{\"@type\":\"ReadAction\",\"target\":[\"https:\/\/clientesbrandbits.click\/el-festival-de-cine-europeo-estrena-werner-herzog-radical-dreamer-con-conversatorio\/\"]}]},{\"@type\":\"ImageObject\",\"inLanguage\":\"en-US\",\"@id\":\"https:\/\/clientesbrandbits.click\/el-festival-de-cine-europeo-estrena-werner-herzog-radical-dreamer-con-conversatorio\/#primaryimage\",\"url\":\"https:\/\/clientesbrandbits.click\/wp-content\/uploads\/2024\/06\/Werner-Herzog-Radical-Dreamer-002.jpg\",\"contentUrl\":\"https:\/\/clientesbrandbits.click\/wp-content\/uploads\/2024\/06\/Werner-Herzog-Radical-Dreamer-002.jpg\",\"width\":1000,\"height\":564},{\"@type\":\"BreadcrumbList\",\"@id\":\"https:\/\/clientesbrandbits.click\/el-festival-de-cine-europeo-estrena-werner-herzog-radical-dreamer-con-conversatorio\/#breadcrumb\",\"itemListElement\":[{\"@type\":\"ListItem\",\"position\":1,\"name\":\"Portada\",\"item\":\"https:\/\/clientesbrandbits.click\/\"},{\"@type\":\"ListItem\",\"position\":2,\"name\":\"El Festival de Cine Europeo estrena \u201cWerner Herzog: Radical Dreamer\u201d con conversatorio\"}]},{\"@type\":\"WebSite\",\"@id\":\"https:\/\/clientesbrandbits.click\/#website\",\"url\":\"https:\/\/clientesbrandbits.click\/\",\"name\":\"Spanglish Cinema\",\"description\":\"\",\"publisher\":{\"@id\":\"https:\/\/clientesbrandbits.click\/#organization\"},\"potentialAction\":[{\"@type\":\"SearchAction\",\"target\":{\"@type\":\"EntryPoint\",\"urlTemplate\":\"https:\/\/clientesbrandbits.click\/?s={search_term_string}\"},\"query-input\":\"required name=search_term_string\"}],\"inLanguage\":\"en-US\"},{\"@type\":\"Organization\",\"@id\":\"https:\/\/clientesbrandbits.click\/#organization\",\"name\":\"Spanglish Cinema\",\"url\":\"https:\/\/clientesbrandbits.click\/\",\"logo\":{\"@type\":\"ImageObject\",\"inLanguage\":\"en-US\",\"@id\":\"https:\/\/clientesbrandbits.click\/#\/schema\/logo\/image\/\",\"url\":\"https:\/\/clientesbrandbits.click\/wp-content\/uploads\/2024\/03\/spanglish_cinema.png\",\"contentUrl\":\"https:\/\/clientesbrandbits.click\/wp-content\/uploads\/2024\/03\/spanglish_cinema.png\",\"width\":612,\"height\":225,\"caption\":\"Spanglish Cinema\"},\"image\":{\"@id\":\"https:\/\/clientesbrandbits.click\/#\/schema\/logo\/image\/\"}},{\"@type\":\"Person\",\"@id\":\"https:\/\/clientesbrandbits.click\/#\/schema\/person\/3582a766d1bd629325b8cb5e303f4963\",\"name\":\"Elizabeth Salazar\",\"image\":{\"@type\":\"ImageObject\",\"inLanguage\":\"en-US\",\"@id\":\"https:\/\/clientesbrandbits.click\/#\/schema\/person\/image\/\",\"url\":\"https:\/\/secure.gravatar.com\/avatar\/ddf69a5ddae2a61929dd4e305eb31658?s=96&d=mm&r=g\",\"contentUrl\":\"https:\/\/secure.gravatar.com\/avatar\/ddf69a5ddae2a61929dd4e305eb31658?s=96&d=mm&r=g\",\"caption\":\"Elizabeth Salazar\"},\"url\":\"https:\/\/clientesbrandbits.click\/en\/author\/elizabeth-salazar\/\"}]}<\/script>\n<!-- \/ Yoast SEO plugin. -->","yoast_head_json":{"title":"El Festival de Cine Europeo estrena \u201cWerner Herzog: Radical Dreamer\u201d con conversatorio - Spanglish Cinema","robots":{"index":"index","follow":"follow","max-snippet":"max-snippet:-1","max-image-preview":"max-image-preview:large","max-video-preview":"max-video-preview:-1"},"canonical":"https:\/\/clientesbrandbits.click\/en\/el-festival-de-cine-europeo-estrena-werner-herzog-radical-dreamer-con-conversatorio\/","og_locale":"en_US","og_type":"article","og_title":"El Festival de Cine Europeo estrena \u201cWerner Herzog: Radical Dreamer\u201d con conversatorio - Spanglish Cinema","og_description":"Desde sus comienzos, el cineasta alem\u00e1n Werner Herzog ha asombrado con pel\u00edculas innovadoras y provocativas que abordan la relaci\u00f3n del ser humano con una naturaleza deslumbrante e implacable. \u00a0 Un retrato de su vida y obra es lo que presenta ... Leer M\u00e1s","og_url":"https:\/\/clientesbrandbits.click\/en\/el-festival-de-cine-europeo-estrena-werner-herzog-radical-dreamer-con-conversatorio\/","og_site_name":"Spanglish Cinema","article_published_time":"2024-06-09T06:34:50+00:00","article_modified_time":"2024-06-11T19:47:12+00:00","og_image":[{"width":1000,"height":564,"url":"https:\/\/clientesbrandbits.click\/wp-content\/uploads\/2024\/06\/Werner-Herzog-Radical-Dreamer-002.jpg","type":"image\/jpeg"}],"author":"Elizabeth Salazar","twitter_card":"summary_large_image","twitter_misc":{"Written by":"Elizabeth Salazar","Est. reading time":"2 minutes"},"schema":{"@context":"https:\/\/schema.org","@graph":[{"@type":"Article","@id":"https:\/\/clientesbrandbits.click\/el-festival-de-cine-europeo-estrena-werner-herzog-radical-dreamer-con-conversatorio\/#article","isPartOf":{"@id":"https:\/\/clientesbrandbits.click\/el-festival-de-cine-europeo-estrena-werner-herzog-radical-dreamer-con-conversatorio\/"},"author":{"name":"Elizabeth Salazar","@id":"https:\/\/clientesbrandbits.click\/#\/schema\/person\/3582a766d1bd629325b8cb5e303f4963"},"headline":"El Festival de Cine Europeo estrena \u201cWerner Herzog: Radical Dreamer\u201d con conversatorio","datePublished":"2024-06-09T06:34:50+00:00","dateModified":"2024-06-11T19:47:12+00:00","mainEntityOfPage":{"@id":"https:\/\/clientesbrandbits.click\/el-festival-de-cine-europeo-estrena-werner-herzog-radical-dreamer-con-conversatorio\/"},"wordCount":432,"publisher":{"@id":"https:\/\/clientesbrandbits.click\/#organization"},"image":{"@id":"https:\/\/clientesbrandbits.click\/el-festival-de-cine-europeo-estrena-werner-herzog-radical-dreamer-con-conversatorio\/#primaryimage"},"thumbnailUrl":"https:\/\/clientesbrandbits.click\/wp-content\/uploads\/2024\/06\/Werner-Herzog-Radical-Dreamer-002.jpg","articleSection":["Festivales de Cine"],"inLanguage":"en-US"},{"@type":"WebPage","@id":"https:\/\/clientesbrandbits.click\/el-festival-de-cine-europeo-estrena-werner-herzog-radical-dreamer-con-conversatorio\/","url":"https:\/\/clientesbrandbits.click\/el-festival-de-cine-europeo-estrena-werner-herzog-radical-dreamer-con-conversatorio\/","name":"El Festival de Cine Europeo estrena \u201cWerner Herzog: Radical Dreamer\u201d con conversatorio - Spanglish Cinema","isPartOf":{"@id":"https:\/\/clientesbrandbits.click\/#website"},"primaryImageOfPage":{"@id":"https:\/\/clientesbrandbits.click\/el-festival-de-cine-europeo-estrena-werner-herzog-radical-dreamer-con-conversatorio\/#primaryimage"},"image":{"@id":"https:\/\/clientesbrandbits.click\/el-festival-de-cine-europeo-estrena-werner-herzog-radical-dreamer-con-conversatorio\/#primaryimage"},"thumbnailUrl":"https:\/\/clientesbrandbits.click\/wp-content\/uploads\/2024\/06\/Werner-Herzog-Radical-Dreamer-002.jpg","datePublished":"2024-06-09T06:34:50+00:00","dateModified":"2024-06-11T19:47:12+00:00","breadcrumb":{"@id":"https:\/\/clientesbrandbits.click\/el-festival-de-cine-europeo-estrena-werner-herzog-radical-dreamer-con-conversatorio\/#breadcrumb"},"inLanguage":"en-US","potentialAction":[{"@type":"ReadAction","target":["https:\/\/clientesbrandbits.click\/el-festival-de-cine-europeo-estrena-werner-herzog-radical-dreamer-con-conversatorio\/"]}]},{"@type":"ImageObject","inLanguage":"en-US","@id":"https:\/\/clientesbrandbits.click\/el-festival-de-cine-europeo-estrena-werner-herzog-radical-dreamer-con-conversatorio\/#primaryimage","url":"https:\/\/clientesbrandbits.click\/wp-content\/uploads\/2024\/06\/Werner-Herzog-Radical-Dreamer-002.jpg","contentUrl":"https:\/\/clientesbrandbits.click\/wp-content\/uploads\/2024\/06\/Werner-Herzog-Radical-Dreamer-002.jpg","width":1000,"height":564},{"@type":"BreadcrumbList","@id":"https:\/\/clientesbrandbits.click\/el-festival-de-cine-europeo-estrena-werner-herzog-radical-dreamer-con-conversatorio\/#breadcrumb","itemListElement":[{"@type":"ListItem","position":1,"name":"Portada","item":"https:\/\/clientesbrandbits.click\/"},{"@type":"ListItem","position":2,"name":"El Festival de Cine Europeo estrena \u201cWerner Herzog: Radical Dreamer\u201d con conversatorio"}]},{"@type":"WebSite","@id":"https:\/\/clientesbrandbits.click\/#website","url":"https:\/\/clientesbrandbits.click\/","name":"Spanglish Cinema","description":"","publisher":{"@id":"https:\/\/clientesbrandbits.click\/#organization"},"potentialAction":[{"@type":"SearchAction","target":{"@type":"EntryPoint","urlTemplate":"https:\/\/clientesbrandbits.click\/?s={search_term_string}"},"query-input":"required name=search_term_string"}],"inLanguage":"en-US"},{"@type":"Organization","@id":"https:\/\/clientesbrandbits.click\/#organization","name":"Spanglish Cinema","url":"https:\/\/clientesbrandbits.click\/","logo":{"@type":"ImageObject","inLanguage":"en-US","@id":"https:\/\/clientesbrandbits.click\/#\/schema\/logo\/image\/","url":"https:\/\/clientesbrandbits.click\/wp-content\/uploads\/2024\/03\/spanglish_cinema.png","contentUrl":"https:\/\/clientesbrandbits.click\/wp-content\/uploads\/2024\/03\/spanglish_cinema.png","width":612,"height":225,"caption":"Spanglish Cinema"},"image":{"@id":"https:\/\/clientesbrandbits.click\/#\/schema\/logo\/image\/"}},{"@type":"Person","@id":"https:\/\/clientesbrandbits.click\/#\/schema\/person\/3582a766d1bd629325b8cb5e303f4963","name":"Elizabeth Salazar","image":{"@type":"ImageObject","inLanguage":"en-US","@id":"https:\/\/clientesbrandbits.click\/#\/schema\/person\/image\/","url":"https:\/\/secure.gravatar.com\/avatar\/ddf69a5ddae2a61929dd4e305eb31658?s=96&d=mm&r=g","contentUrl":"https:\/\/secure.gravatar.com\/avatar\/ddf69a5ddae2a61929dd4e305eb31658?s=96&d=mm&r=g","caption":"Elizabeth Salazar"},"url":"https:\/\/clientesbrandbits.click\/en\/author\/elizabeth-salazar\/"}]}},"_links":{"self":[{"href":"https:\/\/clientesbrandbits.click\/en\/wp-json\/wp\/v2\/posts\/1780"}],"collection":[{"href":"https:\/\/clientesbrandbits.click\/en\/wp-json\/wp\/v2\/posts"}],"about":[{"href":"https:\/\/clientesbrandbits.click\/en\/wp-json\/wp\/v2\/types\/post"}],"author":[{"embeddable":true,"href":"https:\/\/clientesbrandbits.click\/en\/wp-json\/wp\/v2\/users\/5"}],"replies":[{"embeddable":true,"href":"https:\/\/clientesbrandbits.click\/en\/wp-json\/wp\/v2\/comments?post=1780"}],"version-history":[{"count":5,"href":"https:\/\/clientesbrandbits.click\/en\/wp-json\/wp\/v2\/posts\/1780\/revisions"}],"predecessor-version":[{"id":1794,"href":"https:\/\/clientesbrandbits.click\/en\/wp-json\/wp\/v2\/posts\/1780\/revisions\/1794"}],"wp:featuredmedia":[{"embeddable":true,"href":"https:\/\/clientesbrandbits.click\/en\/wp-json\/wp\/v2\/media\/1782"}],"wp:attachment":[{"href":"https:\/\/clientesbrandbits.click\/en\/wp-json\/wp\/v2\/media?parent=1780"}],"wp:term":[{"taxonomy":"category","embeddable":true,"href":"https:\/\/clientesbrandbits.click\/en\/wp-json\/wp\/v2\/categories?post=1780"},{"taxonomy":"post_tag","embeddable":true,"href":"https:\/\/clientesbrandbits.click\/en\/wp-json\/wp\/v2\/tags?post=1780"}],"curies":[{"name":"wp","href":"https:\/\/api.w.org\/{rel}","templated":true}]}}