{"id":1775,"date":"2024-06-11T17:58:37","date_gmt":"2024-06-11T21:58:37","guid":{"rendered":"https:\/\/clientesbrandbits.click\/?p=1775"},"modified":"2024-06-11T17:58:37","modified_gmt":"2024-06-11T21:58:37","slug":"se-estrena-documental-el-que-baila-pasa-con-registros-del-estallido-social","status":"publish","type":"post","link":"https:\/\/clientesbrandbits.click\/en\/se-estrena-documental-el-que-baila-pasa-con-registros-del-estallido-social\/","title":{"rendered":"Se estrena documental \u00abEl que baila pasa\u00bb con registros del estallido social"},"content":{"rendered":"<p style=\"text-align: justify;\">Un ser del m\u00e1s all\u00e1 vuelve a Chile durante 2019 encarnado en un trabajador que sue\u00f1a con un estallido social. Ese es el particular punto de partida de \u201cEl que baila pasa\u201d, un estallido viral, pel\u00edcula documental que acompa\u00f1a el viaje de un fantasma que recorre la naci\u00f3n e intenta comprenderlo a trav\u00e9s de los celulares de las personas que graban lo que sucede a su alrededor.<\/p>\n<p style=\"text-align: justify;\">Premiada como Mejor Largometraje Nacional en FICValdivia y en FICVi\u00f1a, la pel\u00edcula dirigida por Carlos Araya D\u00edaz y coproducida por Mar\u00eda Paz Gonz\u00e1lez, ser\u00e1 distribuida por Miradoc a lo largo del pa\u00eds.<\/p>\n<p style=\"text-align: justify;\">\u201cDurante las primeras semanas del estallido, internet se satur\u00f3 de videos hechos con celulares y me lanc\u00e9 a recolectar ese material de forma impulsiva, sin saber muy bien para qu\u00e9\u201d, detalla Carlos Araya D\u00edaz, director, guionista, montajista y co-productor del largometraje. \u201cMe di cuenta que estaba juntando un registro popular muy diverso con diferentes motivaciones y objetivos. Aparec\u00eda la violencia policial, la \u00e9pica, pero tambi\u00e9n se colaban otros registros menos mediatizados que fueron cobrando mucha importancia para la pel\u00edcula; ternura, humor y delirio\u201d, se\u00f1ala.<\/p>\n<p>El film se basa en el contexto de lo acontecido en Chile, en el a\u00f1o 2018, denominado como el estallido social del pa\u00eds, donde por la subida de la locomoci\u00f3n m\u00e1s 30 pesos, se entabl\u00f3 una crisis social que demostr\u00f3 que solo era la punta del iceberg de lo que se ven\u00eda. Comenzaron los estudiantes, pero se extendi\u00f3 a distontes sectores y generaciones de la sociedad, es en ese ambiente tambi\u00e9n donde se comienzan a desarrollar las primeras paradas de tr\u00e1nsito que ped\u00edan un baile para poder continuar su camino y as\u00ed se gener\u00f3 el registro de \u00abEl que Baila Pasa: un estallido viral\u00bb<\/p>\n<p>La pel\u00edcula, que recientemente fue estrenada internacionalmente en el Festival de Jenjou en Corea, estar\u00e1 disponible a trav\u00e9s del programa Miradoc en salas de Arica a Punta Arenas a partir del 13 de junio.<\/p>\n<p><iframe title=\"Trailer - El que baila pasa: un estallido viral\" width=\"1200\" height=\"675\" src=\"https:\/\/www.youtube.com\/embed\/fikCcVKLSvs?feature=oembed\" frameborder=\"0\" allow=\"accelerometer; autoplay; clipboard-write; encrypted-media; gyroscope; picture-in-picture; web-share\" referrerpolicy=\"strict-origin-when-cross-origin\" allowfullscreen><\/iframe><\/p>","protected":false},"excerpt":{"rendered":"<p>Un ser del m\u00e1s all\u00e1 vuelve a Chile durante 2019 encarnado en un trabajador que sue\u00f1a con un estallido social. Ese es el particular punto de partida de \u201cEl que baila pasa\u201d, un estallido viral, pel\u00edcula documental que acompa\u00f1a el &#8230; <a title=\"Se estrena documental \u00abEl que baila pasa\u00bb con registros del estallido social\" class=\"read-more\" href=\"https:\/\/clientesbrandbits.click\/en\/se-estrena-documental-el-que-baila-pasa-con-registros-del-estallido-social\/\" aria-label=\"Read more about Se estrena documental \u00abEl que baila pasa\u00bb con registros del estallido social\">Read More<\/a><\/p>","protected":false},"author":5,"featured_media":1776,"comment_status":"closed","ping_status":"closed","sticky":false,"template":"","format":"standard","meta":{"_joinchat":[],"footnotes":""},"categories":[10],"tags":[],"class_list":["post-1775","post","type-post","status-publish","format-standard","has-post-thumbnail","hentry","category-films","infinite-scroll-item"],"yoast_head":"<!-- This site is optimized with the Yoast SEO plugin v22.8 - https:\/\/yoast.com\/wordpress\/plugins\/seo\/ -->\n<title>Se estrena documental &quot;El que baila pasa&quot; con registros del estallido social - Spanglish Cinema<\/title>\n<meta name=\"description\" content=\"Un ser del m\u00e1s all\u00e1 vuelve a Chile durante 2019 encarnado en un trabajador que sue\u00f1a con un estallido social. Ese es el particular punto de partida de \u201cEl que baila pasa\u201d, un estallido viral, pel\u00edcula documental que acompa\u00f1a el viaje de un fantasma que recorre la naci\u00f3n e intenta comprenderlo a trav\u00e9s de los celulares de las personas que graban lo que sucede a su alrededor.\" \/>\n<meta name=\"robots\" content=\"index, follow, max-snippet:-1, max-image-preview:large, max-video-preview:-1\" \/>\n<link rel=\"canonical\" href=\"https:\/\/clientesbrandbits.click\/en\/se-estrena-documental-el-que-baila-pasa-con-registros-del-estallido-social\/\" \/>\n<meta property=\"og:locale\" content=\"en_US\" \/>\n<meta property=\"og:type\" content=\"article\" \/>\n<meta property=\"og:title\" content=\"Se estrena documental &quot;El que baila pasa&quot; con registros del estallido social - Spanglish Cinema\" \/>\n<meta property=\"og:description\" content=\"Un ser del m\u00e1s all\u00e1 vuelve a Chile durante 2019 encarnado en un trabajador que sue\u00f1a con un estallido social. Ese es el particular punto de partida de \u201cEl que baila pasa\u201d, un estallido viral, pel\u00edcula documental que acompa\u00f1a el viaje de un fantasma que recorre la naci\u00f3n e intenta comprenderlo a trav\u00e9s de los celulares de las personas que graban lo que sucede a su alrededor.\" \/>\n<meta property=\"og:url\" content=\"https:\/\/clientesbrandbits.click\/en\/se-estrena-documental-el-que-baila-pasa-con-registros-del-estallido-social\/\" \/>\n<meta property=\"og:site_name\" content=\"Spanglish Cinema\" \/>\n<meta property=\"article:published_time\" content=\"2024-06-11T21:58:37+00:00\" \/>\n<meta property=\"og:image\" content=\"https:\/\/clientesbrandbits.click\/wp-content\/uploads\/2024\/06\/calle-1024x683-1.jpg\" \/>\n\t<meta property=\"og:image:width\" content=\"1024\" \/>\n\t<meta property=\"og:image:height\" content=\"683\" \/>\n\t<meta property=\"og:image:type\" content=\"image\/jpeg\" \/>\n<meta name=\"author\" content=\"Elizabeth Salazar\" \/>\n<meta name=\"twitter:card\" content=\"summary_large_image\" \/>\n<meta name=\"twitter:label1\" content=\"Written by\" \/>\n\t<meta name=\"twitter:data1\" content=\"Elizabeth Salazar\" \/>\n\t<meta name=\"twitter:label2\" content=\"Est. reading time\" \/>\n\t<meta name=\"twitter:data2\" content=\"2 minutes\" \/>\n<script type=\"application\/ld+json\" class=\"yoast-schema-graph\">{\"@context\":\"https:\/\/schema.org\",\"@graph\":[{\"@type\":\"Article\",\"@id\":\"https:\/\/clientesbrandbits.click\/se-estrena-documental-el-que-baila-pasa-con-registros-del-estallido-social\/#article\",\"isPartOf\":{\"@id\":\"https:\/\/clientesbrandbits.click\/se-estrena-documental-el-que-baila-pasa-con-registros-del-estallido-social\/\"},\"author\":{\"name\":\"Elizabeth Salazar\",\"@id\":\"https:\/\/clientesbrandbits.click\/#\/schema\/person\/3582a766d1bd629325b8cb5e303f4963\"},\"headline\":\"Se estrena documental \u00abEl que baila pasa\u00bb con registros del estallido social\",\"datePublished\":\"2024-06-11T21:58:37+00:00\",\"dateModified\":\"2024-06-11T21:58:37+00:00\",\"mainEntityOfPage\":{\"@id\":\"https:\/\/clientesbrandbits.click\/se-estrena-documental-el-que-baila-pasa-con-registros-del-estallido-social\/\"},\"wordCount\":368,\"publisher\":{\"@id\":\"https:\/\/clientesbrandbits.click\/#organization\"},\"image\":{\"@id\":\"https:\/\/clientesbrandbits.click\/se-estrena-documental-el-que-baila-pasa-con-registros-del-estallido-social\/#primaryimage\"},\"thumbnailUrl\":\"https:\/\/clientesbrandbits.click\/wp-content\/uploads\/2024\/06\/calle-1024x683-1.jpg\",\"articleSection\":[\"Films\"],\"inLanguage\":\"en-US\"},{\"@type\":\"WebPage\",\"@id\":\"https:\/\/clientesbrandbits.click\/se-estrena-documental-el-que-baila-pasa-con-registros-del-estallido-social\/\",\"url\":\"https:\/\/clientesbrandbits.click\/se-estrena-documental-el-que-baila-pasa-con-registros-del-estallido-social\/\",\"name\":\"Se estrena documental \\\"El que baila pasa\\\" con registros del estallido social - Spanglish Cinema\",\"isPartOf\":{\"@id\":\"https:\/\/clientesbrandbits.click\/#website\"},\"primaryImageOfPage\":{\"@id\":\"https:\/\/clientesbrandbits.click\/se-estrena-documental-el-que-baila-pasa-con-registros-del-estallido-social\/#primaryimage\"},\"image\":{\"@id\":\"https:\/\/clientesbrandbits.click\/se-estrena-documental-el-que-baila-pasa-con-registros-del-estallido-social\/#primaryimage\"},\"thumbnailUrl\":\"https:\/\/clientesbrandbits.click\/wp-content\/uploads\/2024\/06\/calle-1024x683-1.jpg\",\"datePublished\":\"2024-06-11T21:58:37+00:00\",\"dateModified\":\"2024-06-11T21:58:37+00:00\",\"description\":\"Un ser del m\u00e1s all\u00e1 vuelve a Chile durante 2019 encarnado en un trabajador que sue\u00f1a con un estallido social. Ese es el particular punto de partida de \u201cEl que baila pasa\u201d, un estallido viral, pel\u00edcula documental que acompa\u00f1a el viaje de un fantasma que recorre la naci\u00f3n e intenta comprenderlo a trav\u00e9s de los celulares de las personas que graban lo que sucede a su alrededor.\",\"breadcrumb\":{\"@id\":\"https:\/\/clientesbrandbits.click\/se-estrena-documental-el-que-baila-pasa-con-registros-del-estallido-social\/#breadcrumb\"},\"inLanguage\":\"en-US\",\"potentialAction\":[{\"@type\":\"ReadAction\",\"target\":[\"https:\/\/clientesbrandbits.click\/se-estrena-documental-el-que-baila-pasa-con-registros-del-estallido-social\/\"]}]},{\"@type\":\"ImageObject\",\"inLanguage\":\"en-US\",\"@id\":\"https:\/\/clientesbrandbits.click\/se-estrena-documental-el-que-baila-pasa-con-registros-del-estallido-social\/#primaryimage\",\"url\":\"https:\/\/clientesbrandbits.click\/wp-content\/uploads\/2024\/06\/calle-1024x683-1.jpg\",\"contentUrl\":\"https:\/\/clientesbrandbits.click\/wp-content\/uploads\/2024\/06\/calle-1024x683-1.jpg\",\"width\":1024,\"height\":683},{\"@type\":\"BreadcrumbList\",\"@id\":\"https:\/\/clientesbrandbits.click\/se-estrena-documental-el-que-baila-pasa-con-registros-del-estallido-social\/#breadcrumb\",\"itemListElement\":[{\"@type\":\"ListItem\",\"position\":1,\"name\":\"Portada\",\"item\":\"https:\/\/clientesbrandbits.click\/\"},{\"@type\":\"ListItem\",\"position\":2,\"name\":\"Se estrena documental &#8220;El que baila pasa&#8221; con registros del estallido social\"}]},{\"@type\":\"WebSite\",\"@id\":\"https:\/\/clientesbrandbits.click\/#website\",\"url\":\"https:\/\/clientesbrandbits.click\/\",\"name\":\"Spanglish Cinema\",\"description\":\"\",\"publisher\":{\"@id\":\"https:\/\/clientesbrandbits.click\/#organization\"},\"potentialAction\":[{\"@type\":\"SearchAction\",\"target\":{\"@type\":\"EntryPoint\",\"urlTemplate\":\"https:\/\/clientesbrandbits.click\/?s={search_term_string}\"},\"query-input\":\"required name=search_term_string\"}],\"inLanguage\":\"en-US\"},{\"@type\":\"Organization\",\"@id\":\"https:\/\/clientesbrandbits.click\/#organization\",\"name\":\"Spanglish Cinema\",\"url\":\"https:\/\/clientesbrandbits.click\/\",\"logo\":{\"@type\":\"ImageObject\",\"inLanguage\":\"en-US\",\"@id\":\"https:\/\/clientesbrandbits.click\/#\/schema\/logo\/image\/\",\"url\":\"https:\/\/clientesbrandbits.click\/wp-content\/uploads\/2024\/03\/spanglish_cinema.png\",\"contentUrl\":\"https:\/\/clientesbrandbits.click\/wp-content\/uploads\/2024\/03\/spanglish_cinema.png\",\"width\":612,\"height\":225,\"caption\":\"Spanglish Cinema\"},\"image\":{\"@id\":\"https:\/\/clientesbrandbits.click\/#\/schema\/logo\/image\/\"}},{\"@type\":\"Person\",\"@id\":\"https:\/\/clientesbrandbits.click\/#\/schema\/person\/3582a766d1bd629325b8cb5e303f4963\",\"name\":\"Elizabeth Salazar\",\"image\":{\"@type\":\"ImageObject\",\"inLanguage\":\"en-US\",\"@id\":\"https:\/\/clientesbrandbits.click\/#\/schema\/person\/image\/\",\"url\":\"https:\/\/secure.gravatar.com\/avatar\/ddf69a5ddae2a61929dd4e305eb31658?s=96&d=mm&r=g\",\"contentUrl\":\"https:\/\/secure.gravatar.com\/avatar\/ddf69a5ddae2a61929dd4e305eb31658?s=96&d=mm&r=g\",\"caption\":\"Elizabeth Salazar\"},\"url\":\"https:\/\/clientesbrandbits.click\/en\/author\/elizabeth-salazar\/\"}]}<\/script>\n<!-- \/ Yoast SEO plugin. -->","yoast_head_json":{"title":"Se estrena documental \"El que baila pasa\" con registros del estallido social - Spanglish Cinema","description":"Un ser del m\u00e1s all\u00e1 vuelve a Chile durante 2019 encarnado en un trabajador que sue\u00f1a con un estallido social. Ese es el particular punto de partida de \u201cEl que baila pasa\u201d, un estallido viral, pel\u00edcula documental que acompa\u00f1a el viaje de un fantasma que recorre la naci\u00f3n e intenta comprenderlo a trav\u00e9s de los celulares de las personas que graban lo que sucede a su alrededor.","robots":{"index":"index","follow":"follow","max-snippet":"max-snippet:-1","max-image-preview":"max-image-preview:large","max-video-preview":"max-video-preview:-1"},"canonical":"https:\/\/clientesbrandbits.click\/en\/se-estrena-documental-el-que-baila-pasa-con-registros-del-estallido-social\/","og_locale":"en_US","og_type":"article","og_title":"Se estrena documental \"El que baila pasa\" con registros del estallido social - Spanglish Cinema","og_description":"Un ser del m\u00e1s all\u00e1 vuelve a Chile durante 2019 encarnado en un trabajador que sue\u00f1a con un estallido social. Ese es el particular punto de partida de \u201cEl que baila pasa\u201d, un estallido viral, pel\u00edcula documental que acompa\u00f1a el viaje de un fantasma que recorre la naci\u00f3n e intenta comprenderlo a trav\u00e9s de los celulares de las personas que graban lo que sucede a su alrededor.","og_url":"https:\/\/clientesbrandbits.click\/en\/se-estrena-documental-el-que-baila-pasa-con-registros-del-estallido-social\/","og_site_name":"Spanglish Cinema","article_published_time":"2024-06-11T21:58:37+00:00","og_image":[{"width":1024,"height":683,"url":"https:\/\/clientesbrandbits.click\/wp-content\/uploads\/2024\/06\/calle-1024x683-1.jpg","type":"image\/jpeg"}],"author":"Elizabeth Salazar","twitter_card":"summary_large_image","twitter_misc":{"Written by":"Elizabeth Salazar","Est. reading time":"2 minutes"},"schema":{"@context":"https:\/\/schema.org","@graph":[{"@type":"Article","@id":"https:\/\/clientesbrandbits.click\/se-estrena-documental-el-que-baila-pasa-con-registros-del-estallido-social\/#article","isPartOf":{"@id":"https:\/\/clientesbrandbits.click\/se-estrena-documental-el-que-baila-pasa-con-registros-del-estallido-social\/"},"author":{"name":"Elizabeth Salazar","@id":"https:\/\/clientesbrandbits.click\/#\/schema\/person\/3582a766d1bd629325b8cb5e303f4963"},"headline":"Se estrena documental \u00abEl que baila pasa\u00bb con registros del estallido social","datePublished":"2024-06-11T21:58:37+00:00","dateModified":"2024-06-11T21:58:37+00:00","mainEntityOfPage":{"@id":"https:\/\/clientesbrandbits.click\/se-estrena-documental-el-que-baila-pasa-con-registros-del-estallido-social\/"},"wordCount":368,"publisher":{"@id":"https:\/\/clientesbrandbits.click\/#organization"},"image":{"@id":"https:\/\/clientesbrandbits.click\/se-estrena-documental-el-que-baila-pasa-con-registros-del-estallido-social\/#primaryimage"},"thumbnailUrl":"https:\/\/clientesbrandbits.click\/wp-content\/uploads\/2024\/06\/calle-1024x683-1.jpg","articleSection":["Films"],"inLanguage":"en-US"},{"@type":"WebPage","@id":"https:\/\/clientesbrandbits.click\/se-estrena-documental-el-que-baila-pasa-con-registros-del-estallido-social\/","url":"https:\/\/clientesbrandbits.click\/se-estrena-documental-el-que-baila-pasa-con-registros-del-estallido-social\/","name":"Se estrena documental \"El que baila pasa\" con registros del estallido social - Spanglish Cinema","isPartOf":{"@id":"https:\/\/clientesbrandbits.click\/#website"},"primaryImageOfPage":{"@id":"https:\/\/clientesbrandbits.click\/se-estrena-documental-el-que-baila-pasa-con-registros-del-estallido-social\/#primaryimage"},"image":{"@id":"https:\/\/clientesbrandbits.click\/se-estrena-documental-el-que-baila-pasa-con-registros-del-estallido-social\/#primaryimage"},"thumbnailUrl":"https:\/\/clientesbrandbits.click\/wp-content\/uploads\/2024\/06\/calle-1024x683-1.jpg","datePublished":"2024-06-11T21:58:37+00:00","dateModified":"2024-06-11T21:58:37+00:00","description":"Un ser del m\u00e1s all\u00e1 vuelve a Chile durante 2019 encarnado en un trabajador que sue\u00f1a con un estallido social. Ese es el particular punto de partida de \u201cEl que baila pasa\u201d, un estallido viral, pel\u00edcula documental que acompa\u00f1a el viaje de un fantasma que recorre la naci\u00f3n e intenta comprenderlo a trav\u00e9s de los celulares de las personas que graban lo que sucede a su alrededor.","breadcrumb":{"@id":"https:\/\/clientesbrandbits.click\/se-estrena-documental-el-que-baila-pasa-con-registros-del-estallido-social\/#breadcrumb"},"inLanguage":"en-US","potentialAction":[{"@type":"ReadAction","target":["https:\/\/clientesbrandbits.click\/se-estrena-documental-el-que-baila-pasa-con-registros-del-estallido-social\/"]}]},{"@type":"ImageObject","inLanguage":"en-US","@id":"https:\/\/clientesbrandbits.click\/se-estrena-documental-el-que-baila-pasa-con-registros-del-estallido-social\/#primaryimage","url":"https:\/\/clientesbrandbits.click\/wp-content\/uploads\/2024\/06\/calle-1024x683-1.jpg","contentUrl":"https:\/\/clientesbrandbits.click\/wp-content\/uploads\/2024\/06\/calle-1024x683-1.jpg","width":1024,"height":683},{"@type":"BreadcrumbList","@id":"https:\/\/clientesbrandbits.click\/se-estrena-documental-el-que-baila-pasa-con-registros-del-estallido-social\/#breadcrumb","itemListElement":[{"@type":"ListItem","position":1,"name":"Portada","item":"https:\/\/clientesbrandbits.click\/"},{"@type":"ListItem","position":2,"name":"Se estrena documental &#8220;El que baila pasa&#8221; con registros del estallido social"}]},{"@type":"WebSite","@id":"https:\/\/clientesbrandbits.click\/#website","url":"https:\/\/clientesbrandbits.click\/","name":"Spanglish Cinema","description":"","publisher":{"@id":"https:\/\/clientesbrandbits.click\/#organization"},"potentialAction":[{"@type":"SearchAction","target":{"@type":"EntryPoint","urlTemplate":"https:\/\/clientesbrandbits.click\/?s={search_term_string}"},"query-input":"required name=search_term_string"}],"inLanguage":"en-US"},{"@type":"Organization","@id":"https:\/\/clientesbrandbits.click\/#organization","name":"Spanglish Cinema","url":"https:\/\/clientesbrandbits.click\/","logo":{"@type":"ImageObject","inLanguage":"en-US","@id":"https:\/\/clientesbrandbits.click\/#\/schema\/logo\/image\/","url":"https:\/\/clientesbrandbits.click\/wp-content\/uploads\/2024\/03\/spanglish_cinema.png","contentUrl":"https:\/\/clientesbrandbits.click\/wp-content\/uploads\/2024\/03\/spanglish_cinema.png","width":612,"height":225,"caption":"Spanglish Cinema"},"image":{"@id":"https:\/\/clientesbrandbits.click\/#\/schema\/logo\/image\/"}},{"@type":"Person","@id":"https:\/\/clientesbrandbits.click\/#\/schema\/person\/3582a766d1bd629325b8cb5e303f4963","name":"Elizabeth Salazar","image":{"@type":"ImageObject","inLanguage":"en-US","@id":"https:\/\/clientesbrandbits.click\/#\/schema\/person\/image\/","url":"https:\/\/secure.gravatar.com\/avatar\/ddf69a5ddae2a61929dd4e305eb31658?s=96&d=mm&r=g","contentUrl":"https:\/\/secure.gravatar.com\/avatar\/ddf69a5ddae2a61929dd4e305eb31658?s=96&d=mm&r=g","caption":"Elizabeth Salazar"},"url":"https:\/\/clientesbrandbits.click\/en\/author\/elizabeth-salazar\/"}]}},"_links":{"self":[{"href":"https:\/\/clientesbrandbits.click\/en\/wp-json\/wp\/v2\/posts\/1775"}],"collection":[{"href":"https:\/\/clientesbrandbits.click\/en\/wp-json\/wp\/v2\/posts"}],"about":[{"href":"https:\/\/clientesbrandbits.click\/en\/wp-json\/wp\/v2\/types\/post"}],"author":[{"embeddable":true,"href":"https:\/\/clientesbrandbits.click\/en\/wp-json\/wp\/v2\/users\/5"}],"replies":[{"embeddable":true,"href":"https:\/\/clientesbrandbits.click\/en\/wp-json\/wp\/v2\/comments?post=1775"}],"version-history":[{"count":3,"href":"https:\/\/clientesbrandbits.click\/en\/wp-json\/wp\/v2\/posts\/1775\/revisions"}],"predecessor-version":[{"id":1796,"href":"https:\/\/clientesbrandbits.click\/en\/wp-json\/wp\/v2\/posts\/1775\/revisions\/1796"}],"wp:featuredmedia":[{"embeddable":true,"href":"https:\/\/clientesbrandbits.click\/en\/wp-json\/wp\/v2\/media\/1776"}],"wp:attachment":[{"href":"https:\/\/clientesbrandbits.click\/en\/wp-json\/wp\/v2\/media?parent=1775"}],"wp:term":[{"taxonomy":"category","embeddable":true,"href":"https:\/\/clientesbrandbits.click\/en\/wp-json\/wp\/v2\/categories?post=1775"},{"taxonomy":"post_tag","embeddable":true,"href":"https:\/\/clientesbrandbits.click\/en\/wp-json\/wp\/v2\/tags?post=1775"}],"curies":[{"name":"wp","href":"https:\/\/api.w.org\/{rel}","templated":true}]}}