{"id":1765,"date":"2024-06-10T11:50:29","date_gmt":"2024-06-10T15:50:29","guid":{"rendered":"https:\/\/clientesbrandbits.click\/?p=1765"},"modified":"2024-06-27T11:57:04","modified_gmt":"2024-06-27T15:57:04","slug":"dualidades-que-brotan-en-el-aroma-del-pasto-recien-cortado","status":"publish","type":"post","link":"https:\/\/clientesbrandbits.click\/en\/dualidades-que-brotan-en-el-aroma-del-pasto-recien-cortado\/","title":{"rendered":"Dualities that Emerge in \"The Scent of Freshly Cut Grass\""},"content":{"rendered":"<p style=\"text-align: justify;\">\"The Scent of Freshly Cut Grass\" arrived at the Tribeca Film Festival, a drama that closely observes the sprouts of gender roles in our society. The film is directed by Argentine filmmaker Celina Murga (\"Ana and the Others\"), who also wrote the screenplay alongside Juan Villegas and Luc\u00eda Osorio.<\/p>\n<p style=\"text-align: justify;\"><strong>International Narrative Competition, Tribeca Film Festival<\/strong><\/p>\n<p style=\"text-align: justify;\"><strong> \"The Scent of Freshly Cut Grass\"<\/strong><strong>\u00a0<\/strong><\/p>\n<p style=\"text-align: justify;\">The director takes us into a faculty of environmental sciences. Here begins to germinate a story that mirrors itself between two professors who will never meet but walk the same paths tinged with existential crises. These two professors are Natalia (Marina de Tavira) and Pablo (Joaqu\u00edn Furriel), who teach about different types of soils. The director takes advantage of daylight to show us that these characters feel alive in that space and frames them in a way that makes them appear vast because teaching is still the only nutrient they have left. Where everything seems dead is in their homes. Both characters are shown as distant from their partners, distracted, and apathetic. The director frames them in a claustrophobic way to lock us into their supposed thoughts.<\/p>\n<p style=\"text-align: justify;\">Every movement, every dialogue, every silence is meticulously crafted and projects the idea that we are never alone in this world; there is always someone else going through the same thing. But when these two professors decide to plant their desires, the viewer must pay attention to the subtleties the director presents about how the same situations are not equal for men and women, especially when it comes to roles that require a 'supposed ethics and morality' like teaching, which involve a base of power dynamics.<\/p>\n<p style=\"text-align: justify;\">While the director takes advantage of the staging and floods it with green, a color present in almost every shot, symbolizing oxygen and life, like nature. These professors decide to clear their weeds by becoming sexually and emotionally involved with one of their students. Both are overwhelmed by the differences and weariness of their marriages, the pressures of motherhood and fatherhood.<\/p>\n<p style=\"text-align: justify;\">Natalia has two daughters and Pablo two sons. They decide to pursue self-discovery and connection with their students in their research teams. In Pablo's case, with a younger student, Luciana (Ver\u00f3nica Gerez), and in Natalia's case, with a younger student, Gonzalo (Emanuel Parga). From there, the director uses the twin narratives to draw fine lines about some differences that may still permeate societal role expectations. It seems to chase questions that still remain unanswered: Is there still fertile ground for patriarchy to continue?<\/p>\n<p style=\"text-align: justify;\">Murga proposes a slow and melancholic montage that eliminates any melodrama, tension, and sugary dialogues. Instead, she chooses to create sequences where silence and gazes abound and details characters who are introspective, reflective, and searching to water their roots. A story that parallels two different stems but finds them in the same cultural space, inviting through subtleties to continue deconstructing patriarchal roots and advancing as a society.<\/p>\n<p style=\"text-align: justify;\">For the director, <em>'cinema is anything but a conclusion,' <\/em>\u00a0as Jean Claude Carriere says, and so is \"The Scent of Freshly Cut Grass.\" It is a seed in fertile soil that reveals the only truth and invites reflection on how to transcend dichotomies.<\/p>\n<p style=\"text-align: justify;\">Finally, outside of the film, \"The Scent of Freshly Cut Grass\" is a co-production between five countries: Argentina, Uruguay, Germany, Mexico, and the United States. It also has a special mentorship, being executive produced by none other than Martin Scorsese, the director who has mentored the filmmaker during her formative years in New York. From there, a bond has flourished that today has them presenting a film at the Tribeca Film Festival.<\/p>","protected":false},"excerpt":{"rendered":"<p>Lleg\u00f3 al Festival de Tribeca \u2018El aroma del pasto reci\u00e9n cortado\u2019 un drama que observa con atenci\u00f3n los brotes de los roles de g\u00e9nero en nuestra sociedad. La pel\u00edcula est\u00e1 dirigida por la cineasta argentina Celina Murga (Ana y los &#8230; <a title=\"Dualities that Emerge in &quot;The Scent of Freshly Cut Grass&quot;\" class=\"read-more\" href=\"https:\/\/clientesbrandbits.click\/en\/dualidades-que-brotan-en-el-aroma-del-pasto-recien-cortado\/\" aria-label=\"Read more about Dualidades que brotan en \u00abEl aroma del pasto reci\u00e9n cortado\u00bb\">Read More<\/a><\/p>","protected":false},"author":4,"featured_media":1768,"comment_status":"closed","ping_status":"closed","sticky":false,"template":"","format":"standard","meta":{"_joinchat":[],"footnotes":""},"categories":[112,11],"tags":[149,164,150,100,146],"class_list":["post-1765","post","type-post","status-publish","format-standard","has-post-thumbnail","hentry","category-destacados","category-festivales-de-cine","tag-argentina","tag-destacados","tag-el-aromadel-pasto-recien-cortado","tag-festival-de-cine-de-tribeca","tag-tribeca","infinite-scroll-item"],"yoast_head":"<!-- This site is optimized with the Yoast SEO plugin v22.8 - https:\/\/yoast.com\/wordpress\/plugins\/seo\/ -->\n<title>Dualidades que brotan en &quot;El aroma del pasto reci\u00e9n cortado&quot; - Spanglish Cinema<\/title>\n<meta name=\"description\" content=\"Lleg\u00f3 al Festival de Tribeca \u2018El aroma del pasto reci\u00e9n cortado\u2019 un drama que observa con atenci\u00f3n los brotes de los roles de g\u00e9nero en nuestra sociedad. La pel\u00edcula est\u00e1 dirigida por la cineasta argentina Celina Murga (Ana y los Otros) y adem\u00e1s escribi\u00f3 el gui\u00f3n junto a Juan Villegas y Luc\u00eda Osorio.\" \/>\n<meta name=\"robots\" content=\"index, follow, max-snippet:-1, max-image-preview:large, max-video-preview:-1\" \/>\n<link rel=\"canonical\" href=\"https:\/\/clientesbrandbits.click\/en\/dualidades-que-brotan-en-el-aroma-del-pasto-recien-cortado\/\" \/>\n<meta property=\"og:locale\" content=\"en_US\" \/>\n<meta property=\"og:type\" content=\"article\" \/>\n<meta property=\"og:title\" content=\"Dualidades que brotan en &quot;El aroma del pasto reci\u00e9n cortado&quot; - Spanglish Cinema\" \/>\n<meta property=\"og:description\" content=\"Lleg\u00f3 al Festival de Tribeca \u2018El aroma del pasto reci\u00e9n cortado\u2019 un drama que observa con atenci\u00f3n los brotes de los roles de g\u00e9nero en nuestra sociedad. La pel\u00edcula est\u00e1 dirigida por la cineasta argentina Celina Murga (Ana y los Otros) y adem\u00e1s escribi\u00f3 el gui\u00f3n junto a Juan Villegas y Luc\u00eda Osorio.\" \/>\n<meta property=\"og:url\" content=\"https:\/\/clientesbrandbits.click\/en\/dualidades-que-brotan-en-el-aroma-del-pasto-recien-cortado\/\" \/>\n<meta property=\"og:site_name\" content=\"Spanglish Cinema\" \/>\n<meta property=\"article:published_time\" content=\"2024-06-10T15:50:29+00:00\" \/>\n<meta property=\"article:modified_time\" content=\"2024-06-27T15:57:04+00:00\" \/>\n<meta property=\"og:image\" content=\"https:\/\/clientesbrandbits.click\/wp-content\/uploads\/2024\/06\/freshlycutgrassthumb-1717604862682.png\" \/>\n\t<meta property=\"og:image:width\" content=\"1280\" \/>\n\t<meta property=\"og:image:height\" content=\"720\" \/>\n\t<meta property=\"og:image:type\" content=\"image\/png\" \/>\n<meta name=\"author\" content=\"Mery Linares\" \/>\n<meta name=\"twitter:card\" content=\"summary_large_image\" \/>\n<meta name=\"twitter:label1\" content=\"Written by\" \/>\n\t<meta name=\"twitter:data1\" content=\"Mery Linares\" \/>\n\t<meta name=\"twitter:label2\" content=\"Est. reading time\" \/>\n\t<meta name=\"twitter:data2\" content=\"4 minutes\" \/>\n<script type=\"application\/ld+json\" class=\"yoast-schema-graph\">{\"@context\":\"https:\/\/schema.org\",\"@graph\":[{\"@type\":\"Article\",\"@id\":\"https:\/\/clientesbrandbits.click\/dualidades-que-brotan-en-el-aroma-del-pasto-recien-cortado\/#article\",\"isPartOf\":{\"@id\":\"https:\/\/clientesbrandbits.click\/dualidades-que-brotan-en-el-aroma-del-pasto-recien-cortado\/\"},\"author\":{\"name\":\"Mery Linares\",\"@id\":\"https:\/\/clientesbrandbits.click\/#\/schema\/person\/0d8086d91083c464c71a3ac2294f508b\"},\"headline\":\"Dualidades que brotan en \u00abEl aroma del pasto reci\u00e9n cortado\u00bb\",\"datePublished\":\"2024-06-10T15:50:29+00:00\",\"dateModified\":\"2024-06-27T15:57:04+00:00\",\"mainEntityOfPage\":{\"@id\":\"https:\/\/clientesbrandbits.click\/dualidades-que-brotan-en-el-aroma-del-pasto-recien-cortado\/\"},\"wordCount\":733,\"publisher\":{\"@id\":\"https:\/\/clientesbrandbits.click\/#organization\"},\"image\":{\"@id\":\"https:\/\/clientesbrandbits.click\/dualidades-que-brotan-en-el-aroma-del-pasto-recien-cortado\/#primaryimage\"},\"thumbnailUrl\":\"https:\/\/clientesbrandbits.click\/wp-content\/uploads\/2024\/06\/freshlycutgrassthumb-1717604862682.png\",\"keywords\":[\"Argentina\",\"Destacados\",\"El aromadel pasto recien cortado\",\"festival de cine de tribeca\",\"Tribeca\"],\"articleSection\":[\"Destacados\",\"Festivales de Cine\"],\"inLanguage\":\"en-US\"},{\"@type\":\"WebPage\",\"@id\":\"https:\/\/clientesbrandbits.click\/dualidades-que-brotan-en-el-aroma-del-pasto-recien-cortado\/\",\"url\":\"https:\/\/clientesbrandbits.click\/dualidades-que-brotan-en-el-aroma-del-pasto-recien-cortado\/\",\"name\":\"Dualidades que brotan en \\\"El aroma del pasto reci\u00e9n cortado\\\" - Spanglish Cinema\",\"isPartOf\":{\"@id\":\"https:\/\/clientesbrandbits.click\/#website\"},\"primaryImageOfPage\":{\"@id\":\"https:\/\/clientesbrandbits.click\/dualidades-que-brotan-en-el-aroma-del-pasto-recien-cortado\/#primaryimage\"},\"image\":{\"@id\":\"https:\/\/clientesbrandbits.click\/dualidades-que-brotan-en-el-aroma-del-pasto-recien-cortado\/#primaryimage\"},\"thumbnailUrl\":\"https:\/\/clientesbrandbits.click\/wp-content\/uploads\/2024\/06\/freshlycutgrassthumb-1717604862682.png\",\"datePublished\":\"2024-06-10T15:50:29+00:00\",\"dateModified\":\"2024-06-27T15:57:04+00:00\",\"description\":\"Lleg\u00f3 al Festival de Tribeca \u2018El aroma del pasto reci\u00e9n cortado\u2019 un drama que observa con atenci\u00f3n los brotes de los roles de g\u00e9nero en nuestra sociedad. La pel\u00edcula est\u00e1 dirigida por la cineasta argentina Celina Murga (Ana y los Otros) y adem\u00e1s escribi\u00f3 el gui\u00f3n junto a Juan Villegas y Luc\u00eda Osorio.\",\"breadcrumb\":{\"@id\":\"https:\/\/clientesbrandbits.click\/dualidades-que-brotan-en-el-aroma-del-pasto-recien-cortado\/#breadcrumb\"},\"inLanguage\":\"en-US\",\"potentialAction\":[{\"@type\":\"ReadAction\",\"target\":[\"https:\/\/clientesbrandbits.click\/dualidades-que-brotan-en-el-aroma-del-pasto-recien-cortado\/\"]}]},{\"@type\":\"ImageObject\",\"inLanguage\":\"en-US\",\"@id\":\"https:\/\/clientesbrandbits.click\/dualidades-que-brotan-en-el-aroma-del-pasto-recien-cortado\/#primaryimage\",\"url\":\"https:\/\/clientesbrandbits.click\/wp-content\/uploads\/2024\/06\/freshlycutgrassthumb-1717604862682.png\",\"contentUrl\":\"https:\/\/clientesbrandbits.click\/wp-content\/uploads\/2024\/06\/freshlycutgrassthumb-1717604862682.png\",\"width\":1280,\"height\":720},{\"@type\":\"BreadcrumbList\",\"@id\":\"https:\/\/clientesbrandbits.click\/dualidades-que-brotan-en-el-aroma-del-pasto-recien-cortado\/#breadcrumb\",\"itemListElement\":[{\"@type\":\"ListItem\",\"position\":1,\"name\":\"Portada\",\"item\":\"https:\/\/clientesbrandbits.click\/\"},{\"@type\":\"ListItem\",\"position\":2,\"name\":\"Dualidades que brotan en &#8220;El aroma del pasto reci\u00e9n cortado&#8221;\"}]},{\"@type\":\"WebSite\",\"@id\":\"https:\/\/clientesbrandbits.click\/#website\",\"url\":\"https:\/\/clientesbrandbits.click\/\",\"name\":\"Spanglish Cinema\",\"description\":\"\",\"publisher\":{\"@id\":\"https:\/\/clientesbrandbits.click\/#organization\"},\"potentialAction\":[{\"@type\":\"SearchAction\",\"target\":{\"@type\":\"EntryPoint\",\"urlTemplate\":\"https:\/\/clientesbrandbits.click\/?s={search_term_string}\"},\"query-input\":\"required name=search_term_string\"}],\"inLanguage\":\"en-US\"},{\"@type\":\"Organization\",\"@id\":\"https:\/\/clientesbrandbits.click\/#organization\",\"name\":\"Spanglish Cinema\",\"url\":\"https:\/\/clientesbrandbits.click\/\",\"logo\":{\"@type\":\"ImageObject\",\"inLanguage\":\"en-US\",\"@id\":\"https:\/\/clientesbrandbits.click\/#\/schema\/logo\/image\/\",\"url\":\"https:\/\/clientesbrandbits.click\/wp-content\/uploads\/2024\/03\/spanglish_cinema.png\",\"contentUrl\":\"https:\/\/clientesbrandbits.click\/wp-content\/uploads\/2024\/03\/spanglish_cinema.png\",\"width\":612,\"height\":225,\"caption\":\"Spanglish Cinema\"},\"image\":{\"@id\":\"https:\/\/clientesbrandbits.click\/#\/schema\/logo\/image\/\"}},{\"@type\":\"Person\",\"@id\":\"https:\/\/clientesbrandbits.click\/#\/schema\/person\/0d8086d91083c464c71a3ac2294f508b\",\"name\":\"Mery Linares\",\"image\":{\"@type\":\"ImageObject\",\"inLanguage\":\"en-US\",\"@id\":\"https:\/\/clientesbrandbits.click\/#\/schema\/person\/image\/\",\"url\":\"https:\/\/secure.gravatar.com\/avatar\/c2c478fe4bca383b05d541cf087a8cfb?s=96&d=mm&r=g\",\"contentUrl\":\"https:\/\/secure.gravatar.com\/avatar\/c2c478fe4bca383b05d541cf087a8cfb?s=96&d=mm&r=g\",\"caption\":\"Mery Linares\"},\"url\":\"https:\/\/clientesbrandbits.click\/en\/author\/mery-linares\/\"}]}<\/script>\n<!-- \/ Yoast SEO plugin. -->","yoast_head_json":{"title":"Dualidades que brotan en \"El aroma del pasto reci\u00e9n cortado\" - Spanglish Cinema","description":"Lleg\u00f3 al Festival de Tribeca \u2018El aroma del pasto reci\u00e9n cortado\u2019 un drama que observa con atenci\u00f3n los brotes de los roles de g\u00e9nero en nuestra sociedad. La pel\u00edcula est\u00e1 dirigida por la cineasta argentina Celina Murga (Ana y los Otros) y adem\u00e1s escribi\u00f3 el gui\u00f3n junto a Juan Villegas y Luc\u00eda Osorio.","robots":{"index":"index","follow":"follow","max-snippet":"max-snippet:-1","max-image-preview":"max-image-preview:large","max-video-preview":"max-video-preview:-1"},"canonical":"https:\/\/clientesbrandbits.click\/en\/dualidades-que-brotan-en-el-aroma-del-pasto-recien-cortado\/","og_locale":"en_US","og_type":"article","og_title":"Dualidades que brotan en \"El aroma del pasto reci\u00e9n cortado\" - Spanglish Cinema","og_description":"Lleg\u00f3 al Festival de Tribeca \u2018El aroma del pasto reci\u00e9n cortado\u2019 un drama que observa con atenci\u00f3n los brotes de los roles de g\u00e9nero en nuestra sociedad. La pel\u00edcula est\u00e1 dirigida por la cineasta argentina Celina Murga (Ana y los Otros) y adem\u00e1s escribi\u00f3 el gui\u00f3n junto a Juan Villegas y Luc\u00eda Osorio.","og_url":"https:\/\/clientesbrandbits.click\/en\/dualidades-que-brotan-en-el-aroma-del-pasto-recien-cortado\/","og_site_name":"Spanglish Cinema","article_published_time":"2024-06-10T15:50:29+00:00","article_modified_time":"2024-06-27T15:57:04+00:00","og_image":[{"width":1280,"height":720,"url":"https:\/\/clientesbrandbits.click\/wp-content\/uploads\/2024\/06\/freshlycutgrassthumb-1717604862682.png","type":"image\/png"}],"author":"Mery Linares","twitter_card":"summary_large_image","twitter_misc":{"Written by":"Mery Linares","Est. reading time":"4 minutes"},"schema":{"@context":"https:\/\/schema.org","@graph":[{"@type":"Article","@id":"https:\/\/clientesbrandbits.click\/dualidades-que-brotan-en-el-aroma-del-pasto-recien-cortado\/#article","isPartOf":{"@id":"https:\/\/clientesbrandbits.click\/dualidades-que-brotan-en-el-aroma-del-pasto-recien-cortado\/"},"author":{"name":"Mery Linares","@id":"https:\/\/clientesbrandbits.click\/#\/schema\/person\/0d8086d91083c464c71a3ac2294f508b"},"headline":"Dualidades que brotan en \u00abEl aroma del pasto reci\u00e9n cortado\u00bb","datePublished":"2024-06-10T15:50:29+00:00","dateModified":"2024-06-27T15:57:04+00:00","mainEntityOfPage":{"@id":"https:\/\/clientesbrandbits.click\/dualidades-que-brotan-en-el-aroma-del-pasto-recien-cortado\/"},"wordCount":733,"publisher":{"@id":"https:\/\/clientesbrandbits.click\/#organization"},"image":{"@id":"https:\/\/clientesbrandbits.click\/dualidades-que-brotan-en-el-aroma-del-pasto-recien-cortado\/#primaryimage"},"thumbnailUrl":"https:\/\/clientesbrandbits.click\/wp-content\/uploads\/2024\/06\/freshlycutgrassthumb-1717604862682.png","keywords":["Argentina","Destacados","El aromadel pasto recien cortado","festival de cine de tribeca","Tribeca"],"articleSection":["Destacados","Festivales de Cine"],"inLanguage":"en-US"},{"@type":"WebPage","@id":"https:\/\/clientesbrandbits.click\/dualidades-que-brotan-en-el-aroma-del-pasto-recien-cortado\/","url":"https:\/\/clientesbrandbits.click\/dualidades-que-brotan-en-el-aroma-del-pasto-recien-cortado\/","name":"Dualidades que brotan en \"El aroma del pasto reci\u00e9n cortado\" - Spanglish Cinema","isPartOf":{"@id":"https:\/\/clientesbrandbits.click\/#website"},"primaryImageOfPage":{"@id":"https:\/\/clientesbrandbits.click\/dualidades-que-brotan-en-el-aroma-del-pasto-recien-cortado\/#primaryimage"},"image":{"@id":"https:\/\/clientesbrandbits.click\/dualidades-que-brotan-en-el-aroma-del-pasto-recien-cortado\/#primaryimage"},"thumbnailUrl":"https:\/\/clientesbrandbits.click\/wp-content\/uploads\/2024\/06\/freshlycutgrassthumb-1717604862682.png","datePublished":"2024-06-10T15:50:29+00:00","dateModified":"2024-06-27T15:57:04+00:00","description":"Lleg\u00f3 al Festival de Tribeca \u2018El aroma del pasto reci\u00e9n cortado\u2019 un drama que observa con atenci\u00f3n los brotes de los roles de g\u00e9nero en nuestra sociedad. La pel\u00edcula est\u00e1 dirigida por la cineasta argentina Celina Murga (Ana y los Otros) y adem\u00e1s escribi\u00f3 el gui\u00f3n junto a Juan Villegas y Luc\u00eda Osorio.","breadcrumb":{"@id":"https:\/\/clientesbrandbits.click\/dualidades-que-brotan-en-el-aroma-del-pasto-recien-cortado\/#breadcrumb"},"inLanguage":"en-US","potentialAction":[{"@type":"ReadAction","target":["https:\/\/clientesbrandbits.click\/dualidades-que-brotan-en-el-aroma-del-pasto-recien-cortado\/"]}]},{"@type":"ImageObject","inLanguage":"en-US","@id":"https:\/\/clientesbrandbits.click\/dualidades-que-brotan-en-el-aroma-del-pasto-recien-cortado\/#primaryimage","url":"https:\/\/clientesbrandbits.click\/wp-content\/uploads\/2024\/06\/freshlycutgrassthumb-1717604862682.png","contentUrl":"https:\/\/clientesbrandbits.click\/wp-content\/uploads\/2024\/06\/freshlycutgrassthumb-1717604862682.png","width":1280,"height":720},{"@type":"BreadcrumbList","@id":"https:\/\/clientesbrandbits.click\/dualidades-que-brotan-en-el-aroma-del-pasto-recien-cortado\/#breadcrumb","itemListElement":[{"@type":"ListItem","position":1,"name":"Portada","item":"https:\/\/clientesbrandbits.click\/"},{"@type":"ListItem","position":2,"name":"Dualidades que brotan en &#8220;El aroma del pasto reci\u00e9n cortado&#8221;"}]},{"@type":"WebSite","@id":"https:\/\/clientesbrandbits.click\/#website","url":"https:\/\/clientesbrandbits.click\/","name":"Spanglish Cinema","description":"","publisher":{"@id":"https:\/\/clientesbrandbits.click\/#organization"},"potentialAction":[{"@type":"SearchAction","target":{"@type":"EntryPoint","urlTemplate":"https:\/\/clientesbrandbits.click\/?s={search_term_string}"},"query-input":"required name=search_term_string"}],"inLanguage":"en-US"},{"@type":"Organization","@id":"https:\/\/clientesbrandbits.click\/#organization","name":"Spanglish Cinema","url":"https:\/\/clientesbrandbits.click\/","logo":{"@type":"ImageObject","inLanguage":"en-US","@id":"https:\/\/clientesbrandbits.click\/#\/schema\/logo\/image\/","url":"https:\/\/clientesbrandbits.click\/wp-content\/uploads\/2024\/03\/spanglish_cinema.png","contentUrl":"https:\/\/clientesbrandbits.click\/wp-content\/uploads\/2024\/03\/spanglish_cinema.png","width":612,"height":225,"caption":"Spanglish Cinema"},"image":{"@id":"https:\/\/clientesbrandbits.click\/#\/schema\/logo\/image\/"}},{"@type":"Person","@id":"https:\/\/clientesbrandbits.click\/#\/schema\/person\/0d8086d91083c464c71a3ac2294f508b","name":"Mery Linares","image":{"@type":"ImageObject","inLanguage":"en-US","@id":"https:\/\/clientesbrandbits.click\/#\/schema\/person\/image\/","url":"https:\/\/secure.gravatar.com\/avatar\/c2c478fe4bca383b05d541cf087a8cfb?s=96&d=mm&r=g","contentUrl":"https:\/\/secure.gravatar.com\/avatar\/c2c478fe4bca383b05d541cf087a8cfb?s=96&d=mm&r=g","caption":"Mery Linares"},"url":"https:\/\/clientesbrandbits.click\/en\/author\/mery-linares\/"}]}},"_links":{"self":[{"href":"https:\/\/clientesbrandbits.click\/en\/wp-json\/wp\/v2\/posts\/1765"}],"collection":[{"href":"https:\/\/clientesbrandbits.click\/en\/wp-json\/wp\/v2\/posts"}],"about":[{"href":"https:\/\/clientesbrandbits.click\/en\/wp-json\/wp\/v2\/types\/post"}],"author":[{"embeddable":true,"href":"https:\/\/clientesbrandbits.click\/en\/wp-json\/wp\/v2\/users\/4"}],"replies":[{"embeddable":true,"href":"https:\/\/clientesbrandbits.click\/en\/wp-json\/wp\/v2\/comments?post=1765"}],"version-history":[{"count":1,"href":"https:\/\/clientesbrandbits.click\/en\/wp-json\/wp\/v2\/posts\/1765\/revisions"}],"predecessor-version":[{"id":1767,"href":"https:\/\/clientesbrandbits.click\/en\/wp-json\/wp\/v2\/posts\/1765\/revisions\/1767"}],"wp:featuredmedia":[{"embeddable":true,"href":"https:\/\/clientesbrandbits.click\/en\/wp-json\/wp\/v2\/media\/1768"}],"wp:attachment":[{"href":"https:\/\/clientesbrandbits.click\/en\/wp-json\/wp\/v2\/media?parent=1765"}],"wp:term":[{"taxonomy":"category","embeddable":true,"href":"https:\/\/clientesbrandbits.click\/en\/wp-json\/wp\/v2\/categories?post=1765"},{"taxonomy":"post_tag","embeddable":true,"href":"https:\/\/clientesbrandbits.click\/en\/wp-json\/wp\/v2\/tags?post=1765"}],"curies":[{"name":"wp","href":"https:\/\/api.w.org\/{rel}","templated":true}]}}