{"id":1747,"date":"2024-06-08T13:08:23","date_gmt":"2024-06-08T17:08:23","guid":{"rendered":"https:\/\/clientesbrandbits.click\/?p=1747"},"modified":"2024-06-08T13:09:11","modified_gmt":"2024-06-08T17:09:11","slug":"la-cineteca-nacional-exhibira-clasicos-del-cine-de-los-90","status":"publish","type":"post","link":"https:\/\/clientesbrandbits.click\/en\/la-cineteca-nacional-exhibira-clasicos-del-cine-de-los-90\/","title":{"rendered":"La Cineteca Nacional exhibir\u00e1 cl\u00e1sicos del cine de los 90"},"content":{"rendered":"<p style=\"text-align: justify;\">La historia de dos mundos, en apariencia, irreconciliables, el de Gonzalo Infante (Mat\u00edas Quer) y Pedro Machuca (Ariel Mateluna), en los d\u00edas previos al golpe de 1973, vuelve a la\u00a0<strong>Cineteca Nacional<\/strong>, en junio.\u00a0<strong>Machuca<\/strong>\u00a0(2004), el filme de Andr\u00e9s Wood, que narra la historia de dos ni\u00f1os de once a\u00f1os \u2013uno proveniente de una familia pudiente y el otro, de una poblaci\u00f3n pr\u00f3xima\u2014 que son compa\u00f1eros en un colegio cat\u00f3lico de integraci\u00f3n social, a cargo del padre McEnroe (Ernesto Malbr\u00e1n), corona la programaci\u00f3n del\u00a0<strong>Mes de la Red de Salas de Cine.<\/strong><\/p>\n<p>\u201cEs un mes importante para Cineteca, dado que forma parte de la Red, que es una plataforma important\u00edsima para difundir no s\u00f3lo el cine chileno, sino el cine internacional de calidad\u201d, dice\u00a0<strong>Marcelo Morales, director de la Cineteca Nacional<\/strong>. \u201cLa pel\u00edcula cerrar\u00e1 todas las actividades adjuntas con una funci\u00f3n especial, el 26 de junio, por los 20 a\u00f1os desde su estreno. Sobre Machuca, ya podemos decir que es un cl\u00e1sico del cine chileno, no s\u00f3lo porque es una gran pel\u00edcula, sino porque forma parte del inconsciente colectivo. Sus im\u00e1genes forman parte de la cultura popular\u00bb, agrega.<\/p>\n<p>Adem\u00e1s de Machuca, se exhibir\u00e1 la uruguaya\u00a0<strong>Whisky<\/strong>, otra pel\u00edcula entra\u00f1able \u2013de Juan Pablo Rebella y Pablo Stoll- de la que se conmemoran dos d\u00e9cadas. Esta invita al espectador a repensar su propia vida, a trav\u00e9s de la historia de personajes que languidecen en la rutina, v\u00edctimas quiz\u00e1 de su propia soledad.<\/p>\n<p>A ambos filmes se suman un festival de<strong>\u00a0Cine Europeo\u00a0<\/strong>\u2013hasta el 13 de junio-\u00a0<strong>y El D\u00eda M\u00e1s Corto<\/strong>, un adelanto de Cortos en Grande, que se desarrollar\u00e1 en noviembre, realizados en colaboraci\u00f3n con la Uni\u00f3n Europea y la Fundaci\u00f3n Viart, respectivamente.\u00a0<strong>El<\/strong>\u00a0<strong>D\u00eda m\u00e1s corto<\/strong>, que se realizar\u00e1 a las 16 horas, el 21 de junio, obviamente da la bienvenida al solsticio de invierno. Esta iniciativa, de la que participa tambi\u00e9n Balmaceda Arte Joven, busca promover el talento joven en dicho formato.<\/p>\n<p>Paralelamente, los &#8217;90 vuelven en grande con un ciclo dedicado a tres cl\u00e1sicos, los d\u00edas s\u00e1bados:\u00a0<strong>Las v\u00edrgenes suicidas<\/strong>\u00a0(8 y 15), que marc\u00f3 el debut como directora de Sofia Coppola, en 1999, y tambi\u00e9n, de ese a\u00f1o,\u00a0<strong>Matrix<\/strong>\u00a0(16, 23 y 30), que podr\u00e1 verse en una versi\u00f3n recientemente remasterizada, con su famosa escena de la \u201cpastilla roja o azul\u201dincluida. Y\u00a0<strong>Pulp Fiction<\/strong>, el film de Quentin Tarantino, de cuyo sensacional estreno se cumplen 30 a\u00f1os (s\u00e1bado 22 y 29). Todos, a las 16 horas.<\/p>\n<p>Cintas de\u00a0<strong>Pedro Almod\u00f3var<\/strong>\u00a0(Todo sobre mi madre, 1999),\u00a0<strong>Alejandro Amen\u00e1bar\u00a0<\/strong>(Abre los ojos, 1997)\u00a0<strong>David Lynch<\/strong>\u00a0(Carretera perdida, 1997) y\u00a0<strong>Agn\u00e8s Varda\u00a0<\/strong>(Las cien y una noches, 1995), entre otros directores, llevar\u00e1n igualmente de vuelta al p\u00fablico al Cine de los &#8217;90.<\/p>\n<p>La funci\u00f3n especial de\u00a0<strong>Machuca<\/strong>\u00a0\u2013filme ganador de festivales de Filadelfia, Bogot\u00e1 y Valdivia, y nominado a los Goya como Mejor Pel\u00edcula de Habla Hispana, en 2005\u2013, contar\u00e1 con un conversatorio con Ariel Mateluna y Andr\u00e9s Wood. Un motivo m\u00e1s para volver a ver esta cinta, ambientada en d\u00edas de agitaci\u00f3n social.<\/p>\n<p><strong>Cartelera completa en:\u00a0<a href=\"http:\/\/www.cinetecanacional.cl\/\" target=\"_blank\" rel=\"noopener\" data-saferedirecturl=\"https:\/\/www.google.com\/url?q=http:\/\/www.cinetecanacional.cl&amp;source=gmail&amp;ust=1717880398898000&amp;usg=AOvVaw1aJHk-N5X7bZBWGQ9l6C4f\">www.cinetecanacional.cl<\/a><\/strong><\/p>\n<p><img fetchpriority=\"high\" decoding=\"async\" class=\"wp-image-1749 size-large aligncenter\" src=\"https:\/\/clientesbrandbits.click\/wp-content\/uploads\/2024\/06\/unnamed-9-1024x683.jpg\" alt=\"\" width=\"1024\" height=\"683\" \/><\/p>","protected":false},"excerpt":{"rendered":"<p>La historia de dos mundos, en apariencia, irreconciliables, el de Gonzalo Infante (Mat\u00edas Quer) y Pedro Machuca (Ariel Mateluna), en los d\u00edas previos al golpe de 1973, vuelve a la\u00a0Cineteca Nacional, en junio.\u00a0Machuca\u00a0(2004), el filme de Andr\u00e9s Wood, que narra &#8230; <a title=\"La Cineteca Nacional exhibir\u00e1 cl\u00e1sicos del cine de los 90\" class=\"read-more\" href=\"https:\/\/clientesbrandbits.click\/en\/la-cineteca-nacional-exhibira-clasicos-del-cine-de-los-90\/\" aria-label=\"Read more about La Cineteca Nacional exhibir\u00e1 cl\u00e1sicos del cine de los 90\">Read More<\/a><\/p>","protected":false},"author":5,"featured_media":1748,"comment_status":"closed","ping_status":"closed","sticky":false,"template":"","format":"standard","meta":{"_joinchat":[],"footnotes":""},"categories":[112,10],"tags":[118],"class_list":["post-1747","post","type-post","status-publish","format-standard","has-post-thumbnail","hentry","category-destacados","category-films","tag-cineteca-nacional","infinite-scroll-item"],"yoast_head":"<!-- This site is optimized with the Yoast SEO plugin v22.8 - https:\/\/yoast.com\/wordpress\/plugins\/seo\/ -->\n<title>La Cineteca Nacional exhibir\u00e1 cl\u00e1sicos del cine de los 90 - Spanglish Cinema<\/title>\n<meta name=\"description\" content=\"La historia de dos mundos, en apariencia, irreconciliables, el de Gonzalo Infante (Mat\u00edas Quer) y Pedro Machuca (Ariel Mateluna), en los d\u00edas previos al golpe de 1973, vuelve a la\u00a0Cineteca Nacional, en junio.\u00a0Machuca\u00a0(2004), el filme de Andr\u00e9s Wood, que narra la historia de dos ni\u00f1os de once a\u00f1os \u2013uno proveniente de una familia pudiente y el otro, de una poblaci\u00f3n pr\u00f3xima\u2014 que son compa\u00f1eros en un colegio cat\u00f3lico de integraci\u00f3n social, a cargo del padre McEnroe (Ernesto Malbr\u00e1n), corona la programaci\u00f3n del\u00a0Mes de la Red de Salas de Cine.\" \/>\n<meta name=\"robots\" content=\"index, follow, max-snippet:-1, max-image-preview:large, max-video-preview:-1\" \/>\n<link rel=\"canonical\" href=\"https:\/\/clientesbrandbits.click\/en\/la-cineteca-nacional-exhibira-clasicos-del-cine-de-los-90\/\" \/>\n<meta property=\"og:locale\" content=\"en_US\" \/>\n<meta property=\"og:type\" content=\"article\" \/>\n<meta property=\"og:title\" content=\"La Cineteca Nacional exhibir\u00e1 cl\u00e1sicos del cine de los 90 - Spanglish Cinema\" \/>\n<meta property=\"og:description\" content=\"La historia de dos mundos, en apariencia, irreconciliables, el de Gonzalo Infante (Mat\u00edas Quer) y Pedro Machuca (Ariel Mateluna), en los d\u00edas previos al golpe de 1973, vuelve a la\u00a0Cineteca Nacional, en junio.\u00a0Machuca\u00a0(2004), el filme de Andr\u00e9s Wood, que narra la historia de dos ni\u00f1os de once a\u00f1os \u2013uno proveniente de una familia pudiente y el otro, de una poblaci\u00f3n pr\u00f3xima\u2014 que son compa\u00f1eros en un colegio cat\u00f3lico de integraci\u00f3n social, a cargo del padre McEnroe (Ernesto Malbr\u00e1n), corona la programaci\u00f3n del\u00a0Mes de la Red de Salas de Cine.\" \/>\n<meta property=\"og:url\" content=\"https:\/\/clientesbrandbits.click\/en\/la-cineteca-nacional-exhibira-clasicos-del-cine-de-los-90\/\" \/>\n<meta property=\"og:site_name\" content=\"Spanglish Cinema\" \/>\n<meta property=\"article:published_time\" content=\"2024-06-08T17:08:23+00:00\" \/>\n<meta property=\"article:modified_time\" content=\"2024-06-08T17:09:11+00:00\" \/>\n<meta property=\"og:image\" content=\"https:\/\/clientesbrandbits.click\/wp-content\/uploads\/2024\/06\/unnamed-10-e1717798747411.jpg\" \/>\n\t<meta property=\"og:image:width\" content=\"1020\" \/>\n\t<meta property=\"og:image:height\" content=\"670\" \/>\n\t<meta property=\"og:image:type\" content=\"image\/jpeg\" \/>\n<meta name=\"author\" content=\"Elizabeth Salazar\" \/>\n<meta name=\"twitter:card\" content=\"summary_large_image\" \/>\n<meta name=\"twitter:label1\" content=\"Written by\" \/>\n\t<meta name=\"twitter:data1\" content=\"Elizabeth Salazar\" \/>\n\t<meta name=\"twitter:label2\" content=\"Est. reading time\" \/>\n\t<meta name=\"twitter:data2\" content=\"3 minutes\" \/>\n<script type=\"application\/ld+json\" class=\"yoast-schema-graph\">{\"@context\":\"https:\/\/schema.org\",\"@graph\":[{\"@type\":\"Article\",\"@id\":\"https:\/\/clientesbrandbits.click\/la-cineteca-nacional-exhibira-clasicos-del-cine-de-los-90\/#article\",\"isPartOf\":{\"@id\":\"https:\/\/clientesbrandbits.click\/la-cineteca-nacional-exhibira-clasicos-del-cine-de-los-90\/\"},\"author\":{\"name\":\"Elizabeth Salazar\",\"@id\":\"https:\/\/clientesbrandbits.click\/#\/schema\/person\/3582a766d1bd629325b8cb5e303f4963\"},\"headline\":\"La Cineteca Nacional exhibir\u00e1 cl\u00e1sicos del cine de los 90\",\"datePublished\":\"2024-06-08T17:08:23+00:00\",\"dateModified\":\"2024-06-08T17:09:11+00:00\",\"mainEntityOfPage\":{\"@id\":\"https:\/\/clientesbrandbits.click\/la-cineteca-nacional-exhibira-clasicos-del-cine-de-los-90\/\"},\"wordCount\":554,\"publisher\":{\"@id\":\"https:\/\/clientesbrandbits.click\/#organization\"},\"image\":{\"@id\":\"https:\/\/clientesbrandbits.click\/la-cineteca-nacional-exhibira-clasicos-del-cine-de-los-90\/#primaryimage\"},\"thumbnailUrl\":\"https:\/\/clientesbrandbits.click\/wp-content\/uploads\/2024\/06\/unnamed-10-e1717798747411.jpg\",\"keywords\":[\"Cineteca Nacional\"],\"articleSection\":[\"Destacados\",\"Films\"],\"inLanguage\":\"en-US\"},{\"@type\":\"WebPage\",\"@id\":\"https:\/\/clientesbrandbits.click\/la-cineteca-nacional-exhibira-clasicos-del-cine-de-los-90\/\",\"url\":\"https:\/\/clientesbrandbits.click\/la-cineteca-nacional-exhibira-clasicos-del-cine-de-los-90\/\",\"name\":\"La Cineteca Nacional exhibir\u00e1 cl\u00e1sicos del cine de los 90 - Spanglish Cinema\",\"isPartOf\":{\"@id\":\"https:\/\/clientesbrandbits.click\/#website\"},\"primaryImageOfPage\":{\"@id\":\"https:\/\/clientesbrandbits.click\/la-cineteca-nacional-exhibira-clasicos-del-cine-de-los-90\/#primaryimage\"},\"image\":{\"@id\":\"https:\/\/clientesbrandbits.click\/la-cineteca-nacional-exhibira-clasicos-del-cine-de-los-90\/#primaryimage\"},\"thumbnailUrl\":\"https:\/\/clientesbrandbits.click\/wp-content\/uploads\/2024\/06\/unnamed-10-e1717798747411.jpg\",\"datePublished\":\"2024-06-08T17:08:23+00:00\",\"dateModified\":\"2024-06-08T17:09:11+00:00\",\"description\":\"La historia de dos mundos, en apariencia, irreconciliables, el de Gonzalo Infante (Mat\u00edas Quer) y Pedro Machuca (Ariel Mateluna), en los d\u00edas previos al golpe de 1973, vuelve a la\u00a0Cineteca Nacional, en junio.\u00a0Machuca\u00a0(2004), el filme de Andr\u00e9s Wood, que narra la historia de dos ni\u00f1os de once a\u00f1os \u2013uno proveniente de una familia pudiente y el otro, de una poblaci\u00f3n pr\u00f3xima\u2014 que son compa\u00f1eros en un colegio cat\u00f3lico de integraci\u00f3n social, a cargo del padre McEnroe (Ernesto Malbr\u00e1n), corona la programaci\u00f3n del\u00a0Mes de la Red de Salas de Cine.\",\"breadcrumb\":{\"@id\":\"https:\/\/clientesbrandbits.click\/la-cineteca-nacional-exhibira-clasicos-del-cine-de-los-90\/#breadcrumb\"},\"inLanguage\":\"en-US\",\"potentialAction\":[{\"@type\":\"ReadAction\",\"target\":[\"https:\/\/clientesbrandbits.click\/la-cineteca-nacional-exhibira-clasicos-del-cine-de-los-90\/\"]}]},{\"@type\":\"ImageObject\",\"inLanguage\":\"en-US\",\"@id\":\"https:\/\/clientesbrandbits.click\/la-cineteca-nacional-exhibira-clasicos-del-cine-de-los-90\/#primaryimage\",\"url\":\"https:\/\/clientesbrandbits.click\/wp-content\/uploads\/2024\/06\/unnamed-10-e1717798747411.jpg\",\"contentUrl\":\"https:\/\/clientesbrandbits.click\/wp-content\/uploads\/2024\/06\/unnamed-10-e1717798747411.jpg\",\"width\":1020,\"height\":670},{\"@type\":\"BreadcrumbList\",\"@id\":\"https:\/\/clientesbrandbits.click\/la-cineteca-nacional-exhibira-clasicos-del-cine-de-los-90\/#breadcrumb\",\"itemListElement\":[{\"@type\":\"ListItem\",\"position\":1,\"name\":\"Portada\",\"item\":\"https:\/\/clientesbrandbits.click\/\"},{\"@type\":\"ListItem\",\"position\":2,\"name\":\"La Cineteca Nacional exhibir\u00e1 cl\u00e1sicos del cine de los 90\"}]},{\"@type\":\"WebSite\",\"@id\":\"https:\/\/clientesbrandbits.click\/#website\",\"url\":\"https:\/\/clientesbrandbits.click\/\",\"name\":\"Spanglish Cinema\",\"description\":\"\",\"publisher\":{\"@id\":\"https:\/\/clientesbrandbits.click\/#organization\"},\"potentialAction\":[{\"@type\":\"SearchAction\",\"target\":{\"@type\":\"EntryPoint\",\"urlTemplate\":\"https:\/\/clientesbrandbits.click\/?s={search_term_string}\"},\"query-input\":\"required name=search_term_string\"}],\"inLanguage\":\"en-US\"},{\"@type\":\"Organization\",\"@id\":\"https:\/\/clientesbrandbits.click\/#organization\",\"name\":\"Spanglish Cinema\",\"url\":\"https:\/\/clientesbrandbits.click\/\",\"logo\":{\"@type\":\"ImageObject\",\"inLanguage\":\"en-US\",\"@id\":\"https:\/\/clientesbrandbits.click\/#\/schema\/logo\/image\/\",\"url\":\"https:\/\/clientesbrandbits.click\/wp-content\/uploads\/2024\/03\/spanglish_cinema.png\",\"contentUrl\":\"https:\/\/clientesbrandbits.click\/wp-content\/uploads\/2024\/03\/spanglish_cinema.png\",\"width\":612,\"height\":225,\"caption\":\"Spanglish Cinema\"},\"image\":{\"@id\":\"https:\/\/clientesbrandbits.click\/#\/schema\/logo\/image\/\"}},{\"@type\":\"Person\",\"@id\":\"https:\/\/clientesbrandbits.click\/#\/schema\/person\/3582a766d1bd629325b8cb5e303f4963\",\"name\":\"Elizabeth Salazar\",\"image\":{\"@type\":\"ImageObject\",\"inLanguage\":\"en-US\",\"@id\":\"https:\/\/clientesbrandbits.click\/#\/schema\/person\/image\/\",\"url\":\"https:\/\/secure.gravatar.com\/avatar\/ddf69a5ddae2a61929dd4e305eb31658?s=96&d=mm&r=g\",\"contentUrl\":\"https:\/\/secure.gravatar.com\/avatar\/ddf69a5ddae2a61929dd4e305eb31658?s=96&d=mm&r=g\",\"caption\":\"Elizabeth Salazar\"},\"url\":\"https:\/\/clientesbrandbits.click\/en\/author\/elizabeth-salazar\/\"}]}<\/script>\n<!-- \/ Yoast SEO plugin. -->","yoast_head_json":{"title":"La Cineteca Nacional exhibir\u00e1 cl\u00e1sicos del cine de los 90 - Spanglish Cinema","description":"La historia de dos mundos, en apariencia, irreconciliables, el de Gonzalo Infante (Mat\u00edas Quer) y Pedro Machuca (Ariel Mateluna), en los d\u00edas previos al golpe de 1973, vuelve a la\u00a0Cineteca Nacional, en junio.\u00a0Machuca\u00a0(2004), el filme de Andr\u00e9s Wood, que narra la historia de dos ni\u00f1os de once a\u00f1os \u2013uno proveniente de una familia pudiente y el otro, de una poblaci\u00f3n pr\u00f3xima\u2014 que son compa\u00f1eros en un colegio cat\u00f3lico de integraci\u00f3n social, a cargo del padre McEnroe (Ernesto Malbr\u00e1n), corona la programaci\u00f3n del\u00a0Mes de la Red de Salas de Cine.","robots":{"index":"index","follow":"follow","max-snippet":"max-snippet:-1","max-image-preview":"max-image-preview:large","max-video-preview":"max-video-preview:-1"},"canonical":"https:\/\/clientesbrandbits.click\/en\/la-cineteca-nacional-exhibira-clasicos-del-cine-de-los-90\/","og_locale":"en_US","og_type":"article","og_title":"La Cineteca Nacional exhibir\u00e1 cl\u00e1sicos del cine de los 90 - Spanglish Cinema","og_description":"La historia de dos mundos, en apariencia, irreconciliables, el de Gonzalo Infante (Mat\u00edas Quer) y Pedro Machuca (Ariel Mateluna), en los d\u00edas previos al golpe de 1973, vuelve a la\u00a0Cineteca Nacional, en junio.\u00a0Machuca\u00a0(2004), el filme de Andr\u00e9s Wood, que narra la historia de dos ni\u00f1os de once a\u00f1os \u2013uno proveniente de una familia pudiente y el otro, de una poblaci\u00f3n pr\u00f3xima\u2014 que son compa\u00f1eros en un colegio cat\u00f3lico de integraci\u00f3n social, a cargo del padre McEnroe (Ernesto Malbr\u00e1n), corona la programaci\u00f3n del\u00a0Mes de la Red de Salas de Cine.","og_url":"https:\/\/clientesbrandbits.click\/en\/la-cineteca-nacional-exhibira-clasicos-del-cine-de-los-90\/","og_site_name":"Spanglish Cinema","article_published_time":"2024-06-08T17:08:23+00:00","article_modified_time":"2024-06-08T17:09:11+00:00","og_image":[{"width":1020,"height":670,"url":"https:\/\/clientesbrandbits.click\/wp-content\/uploads\/2024\/06\/unnamed-10-e1717798747411.jpg","type":"image\/jpeg"}],"author":"Elizabeth Salazar","twitter_card":"summary_large_image","twitter_misc":{"Written by":"Elizabeth Salazar","Est. reading time":"3 minutes"},"schema":{"@context":"https:\/\/schema.org","@graph":[{"@type":"Article","@id":"https:\/\/clientesbrandbits.click\/la-cineteca-nacional-exhibira-clasicos-del-cine-de-los-90\/#article","isPartOf":{"@id":"https:\/\/clientesbrandbits.click\/la-cineteca-nacional-exhibira-clasicos-del-cine-de-los-90\/"},"author":{"name":"Elizabeth Salazar","@id":"https:\/\/clientesbrandbits.click\/#\/schema\/person\/3582a766d1bd629325b8cb5e303f4963"},"headline":"La Cineteca Nacional exhibir\u00e1 cl\u00e1sicos del cine de los 90","datePublished":"2024-06-08T17:08:23+00:00","dateModified":"2024-06-08T17:09:11+00:00","mainEntityOfPage":{"@id":"https:\/\/clientesbrandbits.click\/la-cineteca-nacional-exhibira-clasicos-del-cine-de-los-90\/"},"wordCount":554,"publisher":{"@id":"https:\/\/clientesbrandbits.click\/#organization"},"image":{"@id":"https:\/\/clientesbrandbits.click\/la-cineteca-nacional-exhibira-clasicos-del-cine-de-los-90\/#primaryimage"},"thumbnailUrl":"https:\/\/clientesbrandbits.click\/wp-content\/uploads\/2024\/06\/unnamed-10-e1717798747411.jpg","keywords":["Cineteca Nacional"],"articleSection":["Destacados","Films"],"inLanguage":"en-US"},{"@type":"WebPage","@id":"https:\/\/clientesbrandbits.click\/la-cineteca-nacional-exhibira-clasicos-del-cine-de-los-90\/","url":"https:\/\/clientesbrandbits.click\/la-cineteca-nacional-exhibira-clasicos-del-cine-de-los-90\/","name":"La Cineteca Nacional exhibir\u00e1 cl\u00e1sicos del cine de los 90 - Spanglish Cinema","isPartOf":{"@id":"https:\/\/clientesbrandbits.click\/#website"},"primaryImageOfPage":{"@id":"https:\/\/clientesbrandbits.click\/la-cineteca-nacional-exhibira-clasicos-del-cine-de-los-90\/#primaryimage"},"image":{"@id":"https:\/\/clientesbrandbits.click\/la-cineteca-nacional-exhibira-clasicos-del-cine-de-los-90\/#primaryimage"},"thumbnailUrl":"https:\/\/clientesbrandbits.click\/wp-content\/uploads\/2024\/06\/unnamed-10-e1717798747411.jpg","datePublished":"2024-06-08T17:08:23+00:00","dateModified":"2024-06-08T17:09:11+00:00","description":"La historia de dos mundos, en apariencia, irreconciliables, el de Gonzalo Infante (Mat\u00edas Quer) y Pedro Machuca (Ariel Mateluna), en los d\u00edas previos al golpe de 1973, vuelve a la\u00a0Cineteca Nacional, en junio.\u00a0Machuca\u00a0(2004), el filme de Andr\u00e9s Wood, que narra la historia de dos ni\u00f1os de once a\u00f1os \u2013uno proveniente de una familia pudiente y el otro, de una poblaci\u00f3n pr\u00f3xima\u2014 que son compa\u00f1eros en un colegio cat\u00f3lico de integraci\u00f3n social, a cargo del padre McEnroe (Ernesto Malbr\u00e1n), corona la programaci\u00f3n del\u00a0Mes de la Red de Salas de Cine.","breadcrumb":{"@id":"https:\/\/clientesbrandbits.click\/la-cineteca-nacional-exhibira-clasicos-del-cine-de-los-90\/#breadcrumb"},"inLanguage":"en-US","potentialAction":[{"@type":"ReadAction","target":["https:\/\/clientesbrandbits.click\/la-cineteca-nacional-exhibira-clasicos-del-cine-de-los-90\/"]}]},{"@type":"ImageObject","inLanguage":"en-US","@id":"https:\/\/clientesbrandbits.click\/la-cineteca-nacional-exhibira-clasicos-del-cine-de-los-90\/#primaryimage","url":"https:\/\/clientesbrandbits.click\/wp-content\/uploads\/2024\/06\/unnamed-10-e1717798747411.jpg","contentUrl":"https:\/\/clientesbrandbits.click\/wp-content\/uploads\/2024\/06\/unnamed-10-e1717798747411.jpg","width":1020,"height":670},{"@type":"BreadcrumbList","@id":"https:\/\/clientesbrandbits.click\/la-cineteca-nacional-exhibira-clasicos-del-cine-de-los-90\/#breadcrumb","itemListElement":[{"@type":"ListItem","position":1,"name":"Portada","item":"https:\/\/clientesbrandbits.click\/"},{"@type":"ListItem","position":2,"name":"La Cineteca Nacional exhibir\u00e1 cl\u00e1sicos del cine de los 90"}]},{"@type":"WebSite","@id":"https:\/\/clientesbrandbits.click\/#website","url":"https:\/\/clientesbrandbits.click\/","name":"Spanglish Cinema","description":"","publisher":{"@id":"https:\/\/clientesbrandbits.click\/#organization"},"potentialAction":[{"@type":"SearchAction","target":{"@type":"EntryPoint","urlTemplate":"https:\/\/clientesbrandbits.click\/?s={search_term_string}"},"query-input":"required name=search_term_string"}],"inLanguage":"en-US"},{"@type":"Organization","@id":"https:\/\/clientesbrandbits.click\/#organization","name":"Spanglish Cinema","url":"https:\/\/clientesbrandbits.click\/","logo":{"@type":"ImageObject","inLanguage":"en-US","@id":"https:\/\/clientesbrandbits.click\/#\/schema\/logo\/image\/","url":"https:\/\/clientesbrandbits.click\/wp-content\/uploads\/2024\/03\/spanglish_cinema.png","contentUrl":"https:\/\/clientesbrandbits.click\/wp-content\/uploads\/2024\/03\/spanglish_cinema.png","width":612,"height":225,"caption":"Spanglish Cinema"},"image":{"@id":"https:\/\/clientesbrandbits.click\/#\/schema\/logo\/image\/"}},{"@type":"Person","@id":"https:\/\/clientesbrandbits.click\/#\/schema\/person\/3582a766d1bd629325b8cb5e303f4963","name":"Elizabeth Salazar","image":{"@type":"ImageObject","inLanguage":"en-US","@id":"https:\/\/clientesbrandbits.click\/#\/schema\/person\/image\/","url":"https:\/\/secure.gravatar.com\/avatar\/ddf69a5ddae2a61929dd4e305eb31658?s=96&d=mm&r=g","contentUrl":"https:\/\/secure.gravatar.com\/avatar\/ddf69a5ddae2a61929dd4e305eb31658?s=96&d=mm&r=g","caption":"Elizabeth Salazar"},"url":"https:\/\/clientesbrandbits.click\/en\/author\/elizabeth-salazar\/"}]}},"_links":{"self":[{"href":"https:\/\/clientesbrandbits.click\/en\/wp-json\/wp\/v2\/posts\/1747"}],"collection":[{"href":"https:\/\/clientesbrandbits.click\/en\/wp-json\/wp\/v2\/posts"}],"about":[{"href":"https:\/\/clientesbrandbits.click\/en\/wp-json\/wp\/v2\/types\/post"}],"author":[{"embeddable":true,"href":"https:\/\/clientesbrandbits.click\/en\/wp-json\/wp\/v2\/users\/5"}],"replies":[{"embeddable":true,"href":"https:\/\/clientesbrandbits.click\/en\/wp-json\/wp\/v2\/comments?post=1747"}],"version-history":[{"count":2,"href":"https:\/\/clientesbrandbits.click\/en\/wp-json\/wp\/v2\/posts\/1747\/revisions"}],"predecessor-version":[{"id":1753,"href":"https:\/\/clientesbrandbits.click\/en\/wp-json\/wp\/v2\/posts\/1747\/revisions\/1753"}],"wp:featuredmedia":[{"embeddable":true,"href":"https:\/\/clientesbrandbits.click\/en\/wp-json\/wp\/v2\/media\/1748"}],"wp:attachment":[{"href":"https:\/\/clientesbrandbits.click\/en\/wp-json\/wp\/v2\/media?parent=1747"}],"wp:term":[{"taxonomy":"category","embeddable":true,"href":"https:\/\/clientesbrandbits.click\/en\/wp-json\/wp\/v2\/categories?post=1747"},{"taxonomy":"post_tag","embeddable":true,"href":"https:\/\/clientesbrandbits.click\/en\/wp-json\/wp\/v2\/tags?post=1747"}],"curies":[{"name":"wp","href":"https:\/\/api.w.org\/{rel}","templated":true}]}}