{"id":1691,"date":"2024-06-03T15:42:02","date_gmt":"2024-06-03T19:42:02","guid":{"rendered":"https:\/\/clientesbrandbits.click\/?p=1691"},"modified":"2024-06-05T15:44:35","modified_gmt":"2024-06-05T19:44:35","slug":"director-de-los-delincuentes-rodrigo-moreno-estara-en-la-catedra-de-raul-ruiz","status":"publish","type":"post","link":"https:\/\/clientesbrandbits.click\/en\/director-de-los-delincuentes-rodrigo-moreno-estara-en-la-catedra-de-raul-ruiz\/","title":{"rendered":"Director of &#034;criminals&#034; Rodrigo Moreno will be in the Chair by Ra\u00fal Ruiz"},"content":{"rendered":"<p style=\"text-align: justify;\">Desde que debut\u00f3 con \u201cEl custodio\u201d en el a\u00f1o 2006, Rodrigo Moreno ha sido apuntado como uno de los cineastas m\u00e1s interesantes del Nuevo Cine Argentino. Desde esa aparici\u00f3n hasta su \u00faltima pel\u00edcula, la aclamada \u201cLos delincuentes\u201d, pasaron tres largometrajes (\u201cUn mundo misterioso\u201d, \u201cReimon\u201d y \u201cUna ciudad de provincia\u201d), ejercicios libres de creatividad en los que las fronteras entre ficci\u00f3n y realidad se difuminan.<\/p>\n<p style=\"text-align: justify;\">Con estos antecedentes, y un entusiasmo por su \u00faltima obra (estrenada en Cannes 2023), Moreno llegar\u00e1 a Santiago para participar en la C\u00e1tedra Ra\u00fal Ruiz de la facultad de la Carrera de Cine y Realizaci\u00f3n Audiovisual de la Universidad Diego Portales (Vergara 240).<\/p>\n<p style=\"text-align: justify;\">La c\u00e1tedra Ruiz es un lugar de encuentro que genera di\u00e1logos gatillados por la obra y el pensamiento de Ra\u00fal R\u00faiz. La directora de la C\u00e1tedra es Dominga Sotomayor, cineasta y docente de la Carrera de cine y realizaci\u00f3n audiovisual UDP. \u00a0A trav\u00e9s de conversaciones con las voces m\u00e1s relevantes del cine actual, se busca expandir la reflexi\u00f3n sobre las posibilidades del lenguaje del cine y acercar a estudiantes y al p\u00fablico general la obra de autores \u00fanicos e influyentes del cine contempor\u00e1neo.<\/p>\n<p style=\"text-align: justify;\">La primera actividad ser\u00e1 el mi\u00e9rcoles 12 de junio, a las 15:00 horas en el estudio de televisi\u00f3n UDP. Consistir\u00e1 en la proyecci\u00f3n de \u201cLos delincuentes\u201d con un posterior Q&amp;A con Rodrigo Moreno.<\/p>\n<p style=\"text-align: justify;\">El jueves 13, a las 11:30 horas, se llevar\u00e1 a cabo la C\u00e1tedra Ra\u00fal Ruiz. El invitado ofrecer\u00e1 la charla \u201cApuntes sobre el dificil\u00edsimo arte de dirigir pel\u00edculas\u201d junto con una conversaci\u00f3n con Dominga Sotomayor. El encuentro, abierto al p\u00fablico, ser\u00e1 grabado.<\/p>\n<p style=\"text-align: justify;\">Por \u00faltimo, el viernes 14 a las 19:30 horas, se proyectar\u00e1 \u201cEl custodio\u201d en el Centro de Cine y Creaci\u00f3n CCC (Raul\u00ed 571) con la presencia de Moreno. Es con venta de entradas en CCC y gratuito para los alumnos de la UDP. Esta actividad se realizar\u00e1 en el marco de la campa\u00f1a \u201cYo apoyo al cine argentino\u201d, en solidaridad con la industria trasandina que padece los recortes presupuestarios del nuevo gobierno.<\/p>\n<p><img fetchpriority=\"high\" decoding=\"async\" class=\"aligncenter wp-image-1693 size-full\" src=\"https:\/\/clientesbrandbits.click\/wp-content\/uploads\/2024\/06\/img_44534.jpg\" alt=\"\" width=\"1000\" height=\"666\" srcset=\"https:\/\/clientesbrandbits.click\/wp-content\/uploads\/2024\/06\/img_44534.jpg 1000w, https:\/\/clientesbrandbits.click\/wp-content\/uploads\/2024\/06\/img_44534-300x200.jpg 300w, https:\/\/clientesbrandbits.click\/wp-content\/uploads\/2024\/06\/img_44534-768x511.jpg 768w\" sizes=\"(max-width: 1000px) 100vw, 1000px\" \/><\/p>","protected":false},"excerpt":{"rendered":"<p>Desde que debut\u00f3 con \u201cEl custodio\u201d en el a\u00f1o 2006, Rodrigo Moreno ha sido apuntado como uno de los cineastas m\u00e1s interesantes del Nuevo Cine Argentino. Desde esa aparici\u00f3n hasta su \u00faltima pel\u00edcula, la aclamada \u201cLos delincuentes\u201d, pasaron tres largometrajes &#8230; <a title=\"Director of &#034;criminals&#034; Rodrigo Moreno will be in the Chair by Ra\u00fal Ruiz\" class=\"read-more\" href=\"https:\/\/clientesbrandbits.click\/en\/director-de-los-delincuentes-rodrigo-moreno-estara-en-la-catedra-de-raul-ruiz\/\" aria-label=\"Read more about Director de \u00abLos delincuentes\u00bb Rodrigo Moreno estar\u00e1 en la C\u00e1tedra de Ra\u00fal Ruiz\">Read More<\/a><\/p>","protected":false},"author":5,"featured_media":1692,"comment_status":"closed","ping_status":"closed","sticky":false,"template":"","format":"standard","meta":{"_joinchat":[],"footnotes":""},"categories":[10],"tags":[],"class_list":["post-1691","post","type-post","status-publish","format-standard","has-post-thumbnail","hentry","category-films","infinite-scroll-item"],"yoast_head":"<!-- This site is optimized with the Yoast SEO plugin v22.8 - https:\/\/yoast.com\/wordpress\/plugins\/seo\/ -->\n<title>Director de &quot;Los delincuentes&quot; Rodrigo Moreno estar\u00e1 en la C\u00e1tedra de Ra\u00fal Ruiz - Spanglish Cinema<\/title>\n<meta name=\"description\" content=\"Desde que debut\u00f3 con \u201cEl custodio\u201d en el a\u00f1o 2006, Rodrigo Moreno ha sido apuntado como uno de los cineastas m\u00e1s interesantes del Nuevo Cine Argentino. Desde esa aparici\u00f3n hasta su \u00faltima pel\u00edcula, la aclamada \u201cLos delincuentes\u201d, pasaron tres largometrajes (\u201cUn mundo misterioso\u201d, \u201cReimon\u201d y \u201cUna ciudad de provincia\u201d), ejercicios libres de creatividad en los que las fronteras entre ficci\u00f3n y realidad se difuminan.\" \/>\n<meta name=\"robots\" content=\"index, follow, max-snippet:-1, max-image-preview:large, max-video-preview:-1\" \/>\n<link rel=\"canonical\" href=\"https:\/\/clientesbrandbits.click\/en\/director-de-los-delincuentes-rodrigo-moreno-estara-en-la-catedra-de-raul-ruiz\/\" \/>\n<meta property=\"og:locale\" content=\"en_US\" \/>\n<meta property=\"og:type\" content=\"article\" \/>\n<meta property=\"og:title\" content=\"Director de &quot;Los delincuentes&quot; Rodrigo Moreno estar\u00e1 en la C\u00e1tedra de Ra\u00fal Ruiz - Spanglish Cinema\" \/>\n<meta property=\"og:description\" content=\"Desde que debut\u00f3 con \u201cEl custodio\u201d en el a\u00f1o 2006, Rodrigo Moreno ha sido apuntado como uno de los cineastas m\u00e1s interesantes del Nuevo Cine Argentino. Desde esa aparici\u00f3n hasta su \u00faltima pel\u00edcula, la aclamada \u201cLos delincuentes\u201d, pasaron tres largometrajes (\u201cUn mundo misterioso\u201d, \u201cReimon\u201d y \u201cUna ciudad de provincia\u201d), ejercicios libres de creatividad en los que las fronteras entre ficci\u00f3n y realidad se difuminan.\" \/>\n<meta property=\"og:url\" content=\"https:\/\/clientesbrandbits.click\/en\/director-de-los-delincuentes-rodrigo-moreno-estara-en-la-catedra-de-raul-ruiz\/\" \/>\n<meta property=\"og:site_name\" content=\"Spanglish Cinema\" \/>\n<meta property=\"article:published_time\" content=\"2024-06-03T19:42:02+00:00\" \/>\n<meta property=\"article:modified_time\" content=\"2024-06-05T19:44:35+00:00\" \/>\n<meta property=\"og:image\" content=\"https:\/\/clientesbrandbits.click\/wp-content\/uploads\/2024\/06\/LosDelincuentesMUBI1.jpg\" \/>\n\t<meta property=\"og:image:width\" content=\"1280\" \/>\n\t<meta property=\"og:image:height\" content=\"720\" \/>\n\t<meta property=\"og:image:type\" content=\"image\/jpeg\" \/>\n<meta name=\"author\" content=\"Elizabeth Salazar\" \/>\n<meta name=\"twitter:card\" content=\"summary_large_image\" \/>\n<meta name=\"twitter:label1\" content=\"Written by\" \/>\n\t<meta name=\"twitter:data1\" content=\"Elizabeth Salazar\" \/>\n\t<meta name=\"twitter:label2\" content=\"Est. reading time\" \/>\n\t<meta name=\"twitter:data2\" content=\"2 minutes\" \/>\n<script type=\"application\/ld+json\" class=\"yoast-schema-graph\">{\"@context\":\"https:\/\/schema.org\",\"@graph\":[{\"@type\":\"Article\",\"@id\":\"https:\/\/clientesbrandbits.click\/director-de-los-delincuentes-rodrigo-moreno-estara-en-la-catedra-de-raul-ruiz\/#article\",\"isPartOf\":{\"@id\":\"https:\/\/clientesbrandbits.click\/director-de-los-delincuentes-rodrigo-moreno-estara-en-la-catedra-de-raul-ruiz\/\"},\"author\":{\"name\":\"Elizabeth Salazar\",\"@id\":\"https:\/\/clientesbrandbits.click\/#\/schema\/person\/3582a766d1bd629325b8cb5e303f4963\"},\"headline\":\"Director de \u00abLos delincuentes\u00bb Rodrigo Moreno estar\u00e1 en la C\u00e1tedra de Ra\u00fal Ruiz\",\"datePublished\":\"2024-06-03T19:42:02+00:00\",\"dateModified\":\"2024-06-05T19:44:35+00:00\",\"mainEntityOfPage\":{\"@id\":\"https:\/\/clientesbrandbits.click\/director-de-los-delincuentes-rodrigo-moreno-estara-en-la-catedra-de-raul-ruiz\/\"},\"wordCount\":374,\"publisher\":{\"@id\":\"https:\/\/clientesbrandbits.click\/#organization\"},\"image\":{\"@id\":\"https:\/\/clientesbrandbits.click\/director-de-los-delincuentes-rodrigo-moreno-estara-en-la-catedra-de-raul-ruiz\/#primaryimage\"},\"thumbnailUrl\":\"https:\/\/clientesbrandbits.click\/wp-content\/uploads\/2024\/06\/LosDelincuentesMUBI1.jpg\",\"articleSection\":[\"Films\"],\"inLanguage\":\"en-US\"},{\"@type\":\"WebPage\",\"@id\":\"https:\/\/clientesbrandbits.click\/director-de-los-delincuentes-rodrigo-moreno-estara-en-la-catedra-de-raul-ruiz\/\",\"url\":\"https:\/\/clientesbrandbits.click\/director-de-los-delincuentes-rodrigo-moreno-estara-en-la-catedra-de-raul-ruiz\/\",\"name\":\"Director de \\\"Los delincuentes\\\" Rodrigo Moreno estar\u00e1 en la C\u00e1tedra de Ra\u00fal Ruiz - Spanglish Cinema\",\"isPartOf\":{\"@id\":\"https:\/\/clientesbrandbits.click\/#website\"},\"primaryImageOfPage\":{\"@id\":\"https:\/\/clientesbrandbits.click\/director-de-los-delincuentes-rodrigo-moreno-estara-en-la-catedra-de-raul-ruiz\/#primaryimage\"},\"image\":{\"@id\":\"https:\/\/clientesbrandbits.click\/director-de-los-delincuentes-rodrigo-moreno-estara-en-la-catedra-de-raul-ruiz\/#primaryimage\"},\"thumbnailUrl\":\"https:\/\/clientesbrandbits.click\/wp-content\/uploads\/2024\/06\/LosDelincuentesMUBI1.jpg\",\"datePublished\":\"2024-06-03T19:42:02+00:00\",\"dateModified\":\"2024-06-05T19:44:35+00:00\",\"description\":\"Desde que debut\u00f3 con \u201cEl custodio\u201d en el a\u00f1o 2006, Rodrigo Moreno ha sido apuntado como uno de los cineastas m\u00e1s interesantes del Nuevo Cine Argentino. Desde esa aparici\u00f3n hasta su \u00faltima pel\u00edcula, la aclamada \u201cLos delincuentes\u201d, pasaron tres largometrajes (\u201cUn mundo misterioso\u201d, \u201cReimon\u201d y \u201cUna ciudad de provincia\u201d), ejercicios libres de creatividad en los que las fronteras entre ficci\u00f3n y realidad se difuminan.\",\"breadcrumb\":{\"@id\":\"https:\/\/clientesbrandbits.click\/director-de-los-delincuentes-rodrigo-moreno-estara-en-la-catedra-de-raul-ruiz\/#breadcrumb\"},\"inLanguage\":\"en-US\",\"potentialAction\":[{\"@type\":\"ReadAction\",\"target\":[\"https:\/\/clientesbrandbits.click\/director-de-los-delincuentes-rodrigo-moreno-estara-en-la-catedra-de-raul-ruiz\/\"]}]},{\"@type\":\"ImageObject\",\"inLanguage\":\"en-US\",\"@id\":\"https:\/\/clientesbrandbits.click\/director-de-los-delincuentes-rodrigo-moreno-estara-en-la-catedra-de-raul-ruiz\/#primaryimage\",\"url\":\"https:\/\/clientesbrandbits.click\/wp-content\/uploads\/2024\/06\/LosDelincuentesMUBI1.jpg\",\"contentUrl\":\"https:\/\/clientesbrandbits.click\/wp-content\/uploads\/2024\/06\/LosDelincuentesMUBI1.jpg\",\"width\":1280,\"height\":720},{\"@type\":\"BreadcrumbList\",\"@id\":\"https:\/\/clientesbrandbits.click\/director-de-los-delincuentes-rodrigo-moreno-estara-en-la-catedra-de-raul-ruiz\/#breadcrumb\",\"itemListElement\":[{\"@type\":\"ListItem\",\"position\":1,\"name\":\"Portada\",\"item\":\"https:\/\/clientesbrandbits.click\/\"},{\"@type\":\"ListItem\",\"position\":2,\"name\":\"Director de &#8220;Los delincuentes&#8221; Rodrigo Moreno estar\u00e1 en la C\u00e1tedra de Ra\u00fal Ruiz\"}]},{\"@type\":\"WebSite\",\"@id\":\"https:\/\/clientesbrandbits.click\/#website\",\"url\":\"https:\/\/clientesbrandbits.click\/\",\"name\":\"Spanglish Cinema\",\"description\":\"\",\"publisher\":{\"@id\":\"https:\/\/clientesbrandbits.click\/#organization\"},\"potentialAction\":[{\"@type\":\"SearchAction\",\"target\":{\"@type\":\"EntryPoint\",\"urlTemplate\":\"https:\/\/clientesbrandbits.click\/?s={search_term_string}\"},\"query-input\":\"required name=search_term_string\"}],\"inLanguage\":\"en-US\"},{\"@type\":\"Organization\",\"@id\":\"https:\/\/clientesbrandbits.click\/#organization\",\"name\":\"Spanglish Cinema\",\"url\":\"https:\/\/clientesbrandbits.click\/\",\"logo\":{\"@type\":\"ImageObject\",\"inLanguage\":\"en-US\",\"@id\":\"https:\/\/clientesbrandbits.click\/#\/schema\/logo\/image\/\",\"url\":\"https:\/\/clientesbrandbits.click\/wp-content\/uploads\/2024\/03\/spanglish_cinema.png\",\"contentUrl\":\"https:\/\/clientesbrandbits.click\/wp-content\/uploads\/2024\/03\/spanglish_cinema.png\",\"width\":612,\"height\":225,\"caption\":\"Spanglish Cinema\"},\"image\":{\"@id\":\"https:\/\/clientesbrandbits.click\/#\/schema\/logo\/image\/\"}},{\"@type\":\"Person\",\"@id\":\"https:\/\/clientesbrandbits.click\/#\/schema\/person\/3582a766d1bd629325b8cb5e303f4963\",\"name\":\"Elizabeth Salazar\",\"image\":{\"@type\":\"ImageObject\",\"inLanguage\":\"en-US\",\"@id\":\"https:\/\/clientesbrandbits.click\/#\/schema\/person\/image\/\",\"url\":\"https:\/\/secure.gravatar.com\/avatar\/ddf69a5ddae2a61929dd4e305eb31658?s=96&d=mm&r=g\",\"contentUrl\":\"https:\/\/secure.gravatar.com\/avatar\/ddf69a5ddae2a61929dd4e305eb31658?s=96&d=mm&r=g\",\"caption\":\"Elizabeth Salazar\"},\"url\":\"https:\/\/clientesbrandbits.click\/en\/author\/elizabeth-salazar\/\"}]}<\/script>\n<!-- \/ Yoast SEO plugin. -->","yoast_head_json":{"title":"Director de \"Los delincuentes\" Rodrigo Moreno estar\u00e1 en la C\u00e1tedra de Ra\u00fal Ruiz - Spanglish Cinema","description":"Desde que debut\u00f3 con \u201cEl custodio\u201d en el a\u00f1o 2006, Rodrigo Moreno ha sido apuntado como uno de los cineastas m\u00e1s interesantes del Nuevo Cine Argentino. Desde esa aparici\u00f3n hasta su \u00faltima pel\u00edcula, la aclamada \u201cLos delincuentes\u201d, pasaron tres largometrajes (\u201cUn mundo misterioso\u201d, \u201cReimon\u201d y \u201cUna ciudad de provincia\u201d), ejercicios libres de creatividad en los que las fronteras entre ficci\u00f3n y realidad se difuminan.","robots":{"index":"index","follow":"follow","max-snippet":"max-snippet:-1","max-image-preview":"max-image-preview:large","max-video-preview":"max-video-preview:-1"},"canonical":"https:\/\/clientesbrandbits.click\/en\/director-de-los-delincuentes-rodrigo-moreno-estara-en-la-catedra-de-raul-ruiz\/","og_locale":"en_US","og_type":"article","og_title":"Director de \"Los delincuentes\" Rodrigo Moreno estar\u00e1 en la C\u00e1tedra de Ra\u00fal Ruiz - Spanglish Cinema","og_description":"Desde que debut\u00f3 con \u201cEl custodio\u201d en el a\u00f1o 2006, Rodrigo Moreno ha sido apuntado como uno de los cineastas m\u00e1s interesantes del Nuevo Cine Argentino. Desde esa aparici\u00f3n hasta su \u00faltima pel\u00edcula, la aclamada \u201cLos delincuentes\u201d, pasaron tres largometrajes (\u201cUn mundo misterioso\u201d, \u201cReimon\u201d y \u201cUna ciudad de provincia\u201d), ejercicios libres de creatividad en los que las fronteras entre ficci\u00f3n y realidad se difuminan.","og_url":"https:\/\/clientesbrandbits.click\/en\/director-de-los-delincuentes-rodrigo-moreno-estara-en-la-catedra-de-raul-ruiz\/","og_site_name":"Spanglish Cinema","article_published_time":"2024-06-03T19:42:02+00:00","article_modified_time":"2024-06-05T19:44:35+00:00","og_image":[{"width":1280,"height":720,"url":"https:\/\/clientesbrandbits.click\/wp-content\/uploads\/2024\/06\/LosDelincuentesMUBI1.jpg","type":"image\/jpeg"}],"author":"Elizabeth Salazar","twitter_card":"summary_large_image","twitter_misc":{"Written by":"Elizabeth Salazar","Est. reading time":"2 minutes"},"schema":{"@context":"https:\/\/schema.org","@graph":[{"@type":"Article","@id":"https:\/\/clientesbrandbits.click\/director-de-los-delincuentes-rodrigo-moreno-estara-en-la-catedra-de-raul-ruiz\/#article","isPartOf":{"@id":"https:\/\/clientesbrandbits.click\/director-de-los-delincuentes-rodrigo-moreno-estara-en-la-catedra-de-raul-ruiz\/"},"author":{"name":"Elizabeth Salazar","@id":"https:\/\/clientesbrandbits.click\/#\/schema\/person\/3582a766d1bd629325b8cb5e303f4963"},"headline":"Director de \u00abLos delincuentes\u00bb Rodrigo Moreno estar\u00e1 en la C\u00e1tedra de Ra\u00fal Ruiz","datePublished":"2024-06-03T19:42:02+00:00","dateModified":"2024-06-05T19:44:35+00:00","mainEntityOfPage":{"@id":"https:\/\/clientesbrandbits.click\/director-de-los-delincuentes-rodrigo-moreno-estara-en-la-catedra-de-raul-ruiz\/"},"wordCount":374,"publisher":{"@id":"https:\/\/clientesbrandbits.click\/#organization"},"image":{"@id":"https:\/\/clientesbrandbits.click\/director-de-los-delincuentes-rodrigo-moreno-estara-en-la-catedra-de-raul-ruiz\/#primaryimage"},"thumbnailUrl":"https:\/\/clientesbrandbits.click\/wp-content\/uploads\/2024\/06\/LosDelincuentesMUBI1.jpg","articleSection":["Films"],"inLanguage":"en-US"},{"@type":"WebPage","@id":"https:\/\/clientesbrandbits.click\/director-de-los-delincuentes-rodrigo-moreno-estara-en-la-catedra-de-raul-ruiz\/","url":"https:\/\/clientesbrandbits.click\/director-de-los-delincuentes-rodrigo-moreno-estara-en-la-catedra-de-raul-ruiz\/","name":"Director de \"Los delincuentes\" Rodrigo Moreno estar\u00e1 en la C\u00e1tedra de Ra\u00fal Ruiz - Spanglish Cinema","isPartOf":{"@id":"https:\/\/clientesbrandbits.click\/#website"},"primaryImageOfPage":{"@id":"https:\/\/clientesbrandbits.click\/director-de-los-delincuentes-rodrigo-moreno-estara-en-la-catedra-de-raul-ruiz\/#primaryimage"},"image":{"@id":"https:\/\/clientesbrandbits.click\/director-de-los-delincuentes-rodrigo-moreno-estara-en-la-catedra-de-raul-ruiz\/#primaryimage"},"thumbnailUrl":"https:\/\/clientesbrandbits.click\/wp-content\/uploads\/2024\/06\/LosDelincuentesMUBI1.jpg","datePublished":"2024-06-03T19:42:02+00:00","dateModified":"2024-06-05T19:44:35+00:00","description":"Desde que debut\u00f3 con \u201cEl custodio\u201d en el a\u00f1o 2006, Rodrigo Moreno ha sido apuntado como uno de los cineastas m\u00e1s interesantes del Nuevo Cine Argentino. Desde esa aparici\u00f3n hasta su \u00faltima pel\u00edcula, la aclamada \u201cLos delincuentes\u201d, pasaron tres largometrajes (\u201cUn mundo misterioso\u201d, \u201cReimon\u201d y \u201cUna ciudad de provincia\u201d), ejercicios libres de creatividad en los que las fronteras entre ficci\u00f3n y realidad se difuminan.","breadcrumb":{"@id":"https:\/\/clientesbrandbits.click\/director-de-los-delincuentes-rodrigo-moreno-estara-en-la-catedra-de-raul-ruiz\/#breadcrumb"},"inLanguage":"en-US","potentialAction":[{"@type":"ReadAction","target":["https:\/\/clientesbrandbits.click\/director-de-los-delincuentes-rodrigo-moreno-estara-en-la-catedra-de-raul-ruiz\/"]}]},{"@type":"ImageObject","inLanguage":"en-US","@id":"https:\/\/clientesbrandbits.click\/director-de-los-delincuentes-rodrigo-moreno-estara-en-la-catedra-de-raul-ruiz\/#primaryimage","url":"https:\/\/clientesbrandbits.click\/wp-content\/uploads\/2024\/06\/LosDelincuentesMUBI1.jpg","contentUrl":"https:\/\/clientesbrandbits.click\/wp-content\/uploads\/2024\/06\/LosDelincuentesMUBI1.jpg","width":1280,"height":720},{"@type":"BreadcrumbList","@id":"https:\/\/clientesbrandbits.click\/director-de-los-delincuentes-rodrigo-moreno-estara-en-la-catedra-de-raul-ruiz\/#breadcrumb","itemListElement":[{"@type":"ListItem","position":1,"name":"Portada","item":"https:\/\/clientesbrandbits.click\/"},{"@type":"ListItem","position":2,"name":"Director de &#8220;Los delincuentes&#8221; Rodrigo Moreno estar\u00e1 en la C\u00e1tedra de Ra\u00fal Ruiz"}]},{"@type":"WebSite","@id":"https:\/\/clientesbrandbits.click\/#website","url":"https:\/\/clientesbrandbits.click\/","name":"Spanglish Cinema","description":"","publisher":{"@id":"https:\/\/clientesbrandbits.click\/#organization"},"potentialAction":[{"@type":"SearchAction","target":{"@type":"EntryPoint","urlTemplate":"https:\/\/clientesbrandbits.click\/?s={search_term_string}"},"query-input":"required name=search_term_string"}],"inLanguage":"en-US"},{"@type":"Organization","@id":"https:\/\/clientesbrandbits.click\/#organization","name":"Spanglish Cinema","url":"https:\/\/clientesbrandbits.click\/","logo":{"@type":"ImageObject","inLanguage":"en-US","@id":"https:\/\/clientesbrandbits.click\/#\/schema\/logo\/image\/","url":"https:\/\/clientesbrandbits.click\/wp-content\/uploads\/2024\/03\/spanglish_cinema.png","contentUrl":"https:\/\/clientesbrandbits.click\/wp-content\/uploads\/2024\/03\/spanglish_cinema.png","width":612,"height":225,"caption":"Spanglish Cinema"},"image":{"@id":"https:\/\/clientesbrandbits.click\/#\/schema\/logo\/image\/"}},{"@type":"Person","@id":"https:\/\/clientesbrandbits.click\/#\/schema\/person\/3582a766d1bd629325b8cb5e303f4963","name":"Elizabeth Salazar","image":{"@type":"ImageObject","inLanguage":"en-US","@id":"https:\/\/clientesbrandbits.click\/#\/schema\/person\/image\/","url":"https:\/\/secure.gravatar.com\/avatar\/ddf69a5ddae2a61929dd4e305eb31658?s=96&d=mm&r=g","contentUrl":"https:\/\/secure.gravatar.com\/avatar\/ddf69a5ddae2a61929dd4e305eb31658?s=96&d=mm&r=g","caption":"Elizabeth Salazar"},"url":"https:\/\/clientesbrandbits.click\/en\/author\/elizabeth-salazar\/"}]}},"_links":{"self":[{"href":"https:\/\/clientesbrandbits.click\/en\/wp-json\/wp\/v2\/posts\/1691"}],"collection":[{"href":"https:\/\/clientesbrandbits.click\/en\/wp-json\/wp\/v2\/posts"}],"about":[{"href":"https:\/\/clientesbrandbits.click\/en\/wp-json\/wp\/v2\/types\/post"}],"author":[{"embeddable":true,"href":"https:\/\/clientesbrandbits.click\/en\/wp-json\/wp\/v2\/users\/5"}],"replies":[{"embeddable":true,"href":"https:\/\/clientesbrandbits.click\/en\/wp-json\/wp\/v2\/comments?post=1691"}],"version-history":[{"count":4,"href":"https:\/\/clientesbrandbits.click\/en\/wp-json\/wp\/v2\/posts\/1691\/revisions"}],"predecessor-version":[{"id":1707,"href":"https:\/\/clientesbrandbits.click\/en\/wp-json\/wp\/v2\/posts\/1691\/revisions\/1707"}],"wp:featuredmedia":[{"embeddable":true,"href":"https:\/\/clientesbrandbits.click\/en\/wp-json\/wp\/v2\/media\/1692"}],"wp:attachment":[{"href":"https:\/\/clientesbrandbits.click\/en\/wp-json\/wp\/v2\/media?parent=1691"}],"wp:term":[{"taxonomy":"category","embeddable":true,"href":"https:\/\/clientesbrandbits.click\/en\/wp-json\/wp\/v2\/categories?post=1691"},{"taxonomy":"post_tag","embeddable":true,"href":"https:\/\/clientesbrandbits.click\/en\/wp-json\/wp\/v2\/tags?post=1691"}],"curies":[{"name":"wp","href":"https:\/\/api.w.org\/{rel}","templated":true}]}}