{"id":1553,"date":"2024-05-28T18:26:08","date_gmt":"2024-05-28T22:26:08","guid":{"rendered":"https:\/\/clientesbrandbits.click\/?p=1553"},"modified":"2024-05-28T18:26:08","modified_gmt":"2024-05-28T22:26:08","slug":"pelicula-la-vida-de-jagna-con-pinturas-animadas-se-estrena-el-6-de-junio","status":"publish","type":"post","link":"https:\/\/clientesbrandbits.click\/en\/pelicula-la-vida-de-jagna-con-pinturas-animadas-se-estrena-el-6-de-junio\/","title":{"rendered":"Pel\u00edcula \u00abLa vida de Jagna\u00bb con pinturas animadas se estrena el 6 de junio"},"content":{"rendered":"<p style=\"text-align: justify;\">Llega a la cartelera nacional <strong>La vida de Jagna<\/strong>\u00a0(<em>Ch\u0142opi<\/em>) es una nueva producci\u00f3n de los creadores de <em>Loving Vincent<\/em>, la animaci\u00f3n nominada al Oscar que en 2018, se convertir\u00eda en hit global con 42 millones de d\u00f3lares recaudados en todo el mundo. Nuevamente utilizaron la t\u00e9cnica animada hecha en base a cuadros pintados al \u00f3leo, la que sorprende por su belleza y originalidad. \u00a1Verla en el cine es una experiencia visual inigualable!<\/p>\n<p style=\"text-align: justify;\">En esta ocasi\u00f3n, los animadores polacos DK Welchman y Hugh Welchman trabajaron durante 10 a\u00f1os en una historia ambientada en una villa en Polonia a fines del siglo XIX, donde vive la joven Jagna, una mujer que a pesar de la jovialidad e \u00edmpetu por vivir que representa, vive oprimida por un sistema patriarcal que la obliga a casarse con un hombre mayor al que no desea. La pel\u00edcula seguir\u00e1 su trayecto a lo largo de las cuatro estaciones del a\u00f1o, revelando c\u00f3mo su esp\u00edritu libre comienza a emanciparse de las reglas impuestas.<\/p>\n<p style=\"text-align: justify;\">Si bien m\u00e1s de 100 artistas provenientes de Polonia, Serbia, Lituania y Ucrania pintaron y animaron\u00a0<strong>La vida de Jagna<\/strong>, todos los personajes de la pel\u00edcula fueron interpretados previamente por actores, que trabajaron en sets especialmente construidos para simular las locaciones reales, o en su defecto mediante cromas que luego se sustituyeron por pinturas para ser animadas digitalmente.<\/p>\n<p style=\"text-align: justify;\">\u201cDespu\u00e9s de a\u00f1os de trabajar en una pel\u00edcula sobre Vincent van Gogh, sent\u00ed la necesidad de contar una historia sobre mujeres: mostrar sus luchas, su pasi\u00f3n y su fuerza.\u00a0<strong>La vida de Jagna <\/strong>es una expresi\u00f3n de fe en la libertad del individuo, pero al mismo tiempo simboliza la tragedia y el rechazo que esa persona puede encontrar en una peque\u00f1a comunidad\u201d, declar\u00f3 su co-directora DK Welchman.<\/p>\n<p style=\"text-align: justify;\"><strong>La vida de Jagna<\/strong>\u00a0llega este 6 de Junio a cines locales.<\/p>\n<p><iframe title=\"La Vida de Jagna - Trailer Oficial (LAT)\" width=\"1200\" height=\"675\" src=\"https:\/\/www.youtube.com\/embed\/6cHl6Tp44q8?feature=oembed\" frameborder=\"0\" allow=\"accelerometer; autoplay; clipboard-write; encrypted-media; gyroscope; picture-in-picture; web-share\" referrerpolicy=\"strict-origin-when-cross-origin\" allowfullscreen><\/iframe><\/p>","protected":false},"excerpt":{"rendered":"<p>Llega a la cartelera nacional La vida de Jagna\u00a0(Ch\u0142opi) es una nueva producci\u00f3n de los creadores de Loving Vincent, la animaci\u00f3n nominada al Oscar que en 2018, se convertir\u00eda en hit global con 42 millones de d\u00f3lares recaudados en todo &#8230; <a title=\"Pel\u00edcula \u00abLa vida de Jagna\u00bb con pinturas animadas se estrena el 6 de junio\" class=\"read-more\" href=\"https:\/\/clientesbrandbits.click\/en\/pelicula-la-vida-de-jagna-con-pinturas-animadas-se-estrena-el-6-de-junio\/\" aria-label=\"Read more about Pel\u00edcula \u00abLa vida de Jagna\u00bb con pinturas animadas se estrena el 6 de junio\">Read More<\/a><\/p>","protected":false},"author":5,"featured_media":1554,"comment_status":"closed","ping_status":"closed","sticky":false,"template":"","format":"standard","meta":{"_joinchat":[],"footnotes":""},"categories":[10],"tags":[77],"class_list":["post-1553","post","type-post","status-publish","format-standard","has-post-thumbnail","hentry","category-films","tag-cinetopia","infinite-scroll-item"],"yoast_head":"<!-- This site is optimized with the Yoast SEO plugin v22.8 - https:\/\/yoast.com\/wordpress\/plugins\/seo\/ -->\n<title>Pel\u00edcula &quot;La vida de Jagna&quot; con pinturas animadas se estrena el 6 de junio - Spanglish Cinema<\/title>\n<meta name=\"description\" content=\"Llega a la cartelera nacional La vida de Jagna\u00a0(Ch\u0142opi) es una nueva producci\u00f3n de los creadores de Loving Vincent, la animaci\u00f3n nominada al Oscar que en 2018, se convertir\u00eda en hit global con 42 millones de d\u00f3lares recaudados en todo el mundo. Nuevamente utilizaron la t\u00e9cnica animada hecha en base a cuadros pintados al \u00f3leo, la que sorprende por su belleza y originalidad. \u00a1Verla en el cine es una experiencia visual inigualable!\" \/>\n<meta name=\"robots\" content=\"index, follow, max-snippet:-1, max-image-preview:large, max-video-preview:-1\" \/>\n<link rel=\"canonical\" href=\"https:\/\/clientesbrandbits.click\/en\/pelicula-la-vida-de-jagna-con-pinturas-animadas-se-estrena-el-6-de-junio\/\" \/>\n<meta property=\"og:locale\" content=\"en_US\" \/>\n<meta property=\"og:type\" content=\"article\" \/>\n<meta property=\"og:title\" content=\"Pel\u00edcula &quot;La vida de Jagna&quot; con pinturas animadas se estrena el 6 de junio - Spanglish Cinema\" \/>\n<meta property=\"og:description\" content=\"Llega a la cartelera nacional La vida de Jagna\u00a0(Ch\u0142opi) es una nueva producci\u00f3n de los creadores de Loving Vincent, la animaci\u00f3n nominada al Oscar que en 2018, se convertir\u00eda en hit global con 42 millones de d\u00f3lares recaudados en todo el mundo. Nuevamente utilizaron la t\u00e9cnica animada hecha en base a cuadros pintados al \u00f3leo, la que sorprende por su belleza y originalidad. \u00a1Verla en el cine es una experiencia visual inigualable!\" \/>\n<meta property=\"og:url\" content=\"https:\/\/clientesbrandbits.click\/en\/pelicula-la-vida-de-jagna-con-pinturas-animadas-se-estrena-el-6-de-junio\/\" \/>\n<meta property=\"og:site_name\" content=\"Spanglish Cinema\" \/>\n<meta property=\"article:published_time\" content=\"2024-05-28T22:26:08+00:00\" \/>\n<meta property=\"og:image\" content=\"https:\/\/clientesbrandbits.click\/wp-content\/uploads\/2024\/05\/1598361397392.jpg\" \/>\n\t<meta property=\"og:image:width\" content=\"1000\" \/>\n\t<meta property=\"og:image:height\" content=\"562\" \/>\n\t<meta property=\"og:image:type\" content=\"image\/jpeg\" \/>\n<meta name=\"author\" content=\"Elizabeth Salazar\" \/>\n<meta name=\"twitter:card\" content=\"summary_large_image\" \/>\n<meta name=\"twitter:label1\" content=\"Written by\" \/>\n\t<meta name=\"twitter:data1\" content=\"Elizabeth Salazar\" \/>\n\t<meta name=\"twitter:label2\" content=\"Est. reading time\" \/>\n\t<meta name=\"twitter:data2\" content=\"2 minutes\" \/>\n<script type=\"application\/ld+json\" class=\"yoast-schema-graph\">{\"@context\":\"https:\/\/schema.org\",\"@graph\":[{\"@type\":\"Article\",\"@id\":\"https:\/\/clientesbrandbits.click\/pelicula-la-vida-de-jagna-con-pinturas-animadas-se-estrena-el-6-de-junio\/#article\",\"isPartOf\":{\"@id\":\"https:\/\/clientesbrandbits.click\/pelicula-la-vida-de-jagna-con-pinturas-animadas-se-estrena-el-6-de-junio\/\"},\"author\":{\"name\":\"Elizabeth Salazar\",\"@id\":\"https:\/\/clientesbrandbits.click\/#\/schema\/person\/3582a766d1bd629325b8cb5e303f4963\"},\"headline\":\"Pel\u00edcula \u00abLa vida de Jagna\u00bb con pinturas animadas se estrena el 6 de junio\",\"datePublished\":\"2024-05-28T22:26:08+00:00\",\"dateModified\":\"2024-05-28T22:26:08+00:00\",\"mainEntityOfPage\":{\"@id\":\"https:\/\/clientesbrandbits.click\/pelicula-la-vida-de-jagna-con-pinturas-animadas-se-estrena-el-6-de-junio\/\"},\"wordCount\":340,\"publisher\":{\"@id\":\"https:\/\/clientesbrandbits.click\/#organization\"},\"image\":{\"@id\":\"https:\/\/clientesbrandbits.click\/pelicula-la-vida-de-jagna-con-pinturas-animadas-se-estrena-el-6-de-junio\/#primaryimage\"},\"thumbnailUrl\":\"https:\/\/clientesbrandbits.click\/wp-content\/uploads\/2024\/05\/1598361397392.jpg\",\"keywords\":[\"cinetopia\"],\"articleSection\":[\"Films\"],\"inLanguage\":\"en-US\"},{\"@type\":\"WebPage\",\"@id\":\"https:\/\/clientesbrandbits.click\/pelicula-la-vida-de-jagna-con-pinturas-animadas-se-estrena-el-6-de-junio\/\",\"url\":\"https:\/\/clientesbrandbits.click\/pelicula-la-vida-de-jagna-con-pinturas-animadas-se-estrena-el-6-de-junio\/\",\"name\":\"Pel\u00edcula \\\"La vida de Jagna\\\" con pinturas animadas se estrena el 6 de junio - Spanglish Cinema\",\"isPartOf\":{\"@id\":\"https:\/\/clientesbrandbits.click\/#website\"},\"primaryImageOfPage\":{\"@id\":\"https:\/\/clientesbrandbits.click\/pelicula-la-vida-de-jagna-con-pinturas-animadas-se-estrena-el-6-de-junio\/#primaryimage\"},\"image\":{\"@id\":\"https:\/\/clientesbrandbits.click\/pelicula-la-vida-de-jagna-con-pinturas-animadas-se-estrena-el-6-de-junio\/#primaryimage\"},\"thumbnailUrl\":\"https:\/\/clientesbrandbits.click\/wp-content\/uploads\/2024\/05\/1598361397392.jpg\",\"datePublished\":\"2024-05-28T22:26:08+00:00\",\"dateModified\":\"2024-05-28T22:26:08+00:00\",\"description\":\"Llega a la cartelera nacional La vida de Jagna\u00a0(Ch\u0142opi) es una nueva producci\u00f3n de los creadores de Loving Vincent, la animaci\u00f3n nominada al Oscar que en 2018, se convertir\u00eda en hit global con 42 millones de d\u00f3lares recaudados en todo el mundo. Nuevamente utilizaron la t\u00e9cnica animada hecha en base a cuadros pintados al \u00f3leo, la que sorprende por su belleza y originalidad. \u00a1Verla en el cine es una experiencia visual inigualable!\",\"breadcrumb\":{\"@id\":\"https:\/\/clientesbrandbits.click\/pelicula-la-vida-de-jagna-con-pinturas-animadas-se-estrena-el-6-de-junio\/#breadcrumb\"},\"inLanguage\":\"en-US\",\"potentialAction\":[{\"@type\":\"ReadAction\",\"target\":[\"https:\/\/clientesbrandbits.click\/pelicula-la-vida-de-jagna-con-pinturas-animadas-se-estrena-el-6-de-junio\/\"]}]},{\"@type\":\"ImageObject\",\"inLanguage\":\"en-US\",\"@id\":\"https:\/\/clientesbrandbits.click\/pelicula-la-vida-de-jagna-con-pinturas-animadas-se-estrena-el-6-de-junio\/#primaryimage\",\"url\":\"https:\/\/clientesbrandbits.click\/wp-content\/uploads\/2024\/05\/1598361397392.jpg\",\"contentUrl\":\"https:\/\/clientesbrandbits.click\/wp-content\/uploads\/2024\/05\/1598361397392.jpg\",\"width\":1000,\"height\":562},{\"@type\":\"BreadcrumbList\",\"@id\":\"https:\/\/clientesbrandbits.click\/pelicula-la-vida-de-jagna-con-pinturas-animadas-se-estrena-el-6-de-junio\/#breadcrumb\",\"itemListElement\":[{\"@type\":\"ListItem\",\"position\":1,\"name\":\"Portada\",\"item\":\"https:\/\/clientesbrandbits.click\/\"},{\"@type\":\"ListItem\",\"position\":2,\"name\":\"Pel\u00edcula &#8220;La vida de Jagna&#8221; con pinturas animadas se estrena el 6 de junio\"}]},{\"@type\":\"WebSite\",\"@id\":\"https:\/\/clientesbrandbits.click\/#website\",\"url\":\"https:\/\/clientesbrandbits.click\/\",\"name\":\"Spanglish Cinema\",\"description\":\"\",\"publisher\":{\"@id\":\"https:\/\/clientesbrandbits.click\/#organization\"},\"potentialAction\":[{\"@type\":\"SearchAction\",\"target\":{\"@type\":\"EntryPoint\",\"urlTemplate\":\"https:\/\/clientesbrandbits.click\/?s={search_term_string}\"},\"query-input\":\"required name=search_term_string\"}],\"inLanguage\":\"en-US\"},{\"@type\":\"Organization\",\"@id\":\"https:\/\/clientesbrandbits.click\/#organization\",\"name\":\"Spanglish Cinema\",\"url\":\"https:\/\/clientesbrandbits.click\/\",\"logo\":{\"@type\":\"ImageObject\",\"inLanguage\":\"en-US\",\"@id\":\"https:\/\/clientesbrandbits.click\/#\/schema\/logo\/image\/\",\"url\":\"https:\/\/clientesbrandbits.click\/wp-content\/uploads\/2024\/03\/spanglish_cinema.png\",\"contentUrl\":\"https:\/\/clientesbrandbits.click\/wp-content\/uploads\/2024\/03\/spanglish_cinema.png\",\"width\":612,\"height\":225,\"caption\":\"Spanglish Cinema\"},\"image\":{\"@id\":\"https:\/\/clientesbrandbits.click\/#\/schema\/logo\/image\/\"}},{\"@type\":\"Person\",\"@id\":\"https:\/\/clientesbrandbits.click\/#\/schema\/person\/3582a766d1bd629325b8cb5e303f4963\",\"name\":\"Elizabeth Salazar\",\"image\":{\"@type\":\"ImageObject\",\"inLanguage\":\"en-US\",\"@id\":\"https:\/\/clientesbrandbits.click\/#\/schema\/person\/image\/\",\"url\":\"https:\/\/secure.gravatar.com\/avatar\/ddf69a5ddae2a61929dd4e305eb31658?s=96&d=mm&r=g\",\"contentUrl\":\"https:\/\/secure.gravatar.com\/avatar\/ddf69a5ddae2a61929dd4e305eb31658?s=96&d=mm&r=g\",\"caption\":\"Elizabeth Salazar\"},\"url\":\"https:\/\/clientesbrandbits.click\/en\/author\/elizabeth-salazar\/\"}]}<\/script>\n<!-- \/ Yoast SEO plugin. -->","yoast_head_json":{"title":"Pel\u00edcula \"La vida de Jagna\" con pinturas animadas se estrena el 6 de junio - Spanglish Cinema","description":"Llega a la cartelera nacional La vida de Jagna\u00a0(Ch\u0142opi) es una nueva producci\u00f3n de los creadores de Loving Vincent, la animaci\u00f3n nominada al Oscar que en 2018, se convertir\u00eda en hit global con 42 millones de d\u00f3lares recaudados en todo el mundo. Nuevamente utilizaron la t\u00e9cnica animada hecha en base a cuadros pintados al \u00f3leo, la que sorprende por su belleza y originalidad. \u00a1Verla en el cine es una experiencia visual inigualable!","robots":{"index":"index","follow":"follow","max-snippet":"max-snippet:-1","max-image-preview":"max-image-preview:large","max-video-preview":"max-video-preview:-1"},"canonical":"https:\/\/clientesbrandbits.click\/en\/pelicula-la-vida-de-jagna-con-pinturas-animadas-se-estrena-el-6-de-junio\/","og_locale":"en_US","og_type":"article","og_title":"Pel\u00edcula \"La vida de Jagna\" con pinturas animadas se estrena el 6 de junio - Spanglish Cinema","og_description":"Llega a la cartelera nacional La vida de Jagna\u00a0(Ch\u0142opi) es una nueva producci\u00f3n de los creadores de Loving Vincent, la animaci\u00f3n nominada al Oscar que en 2018, se convertir\u00eda en hit global con 42 millones de d\u00f3lares recaudados en todo el mundo. Nuevamente utilizaron la t\u00e9cnica animada hecha en base a cuadros pintados al \u00f3leo, la que sorprende por su belleza y originalidad. \u00a1Verla en el cine es una experiencia visual inigualable!","og_url":"https:\/\/clientesbrandbits.click\/en\/pelicula-la-vida-de-jagna-con-pinturas-animadas-se-estrena-el-6-de-junio\/","og_site_name":"Spanglish Cinema","article_published_time":"2024-05-28T22:26:08+00:00","og_image":[{"width":1000,"height":562,"url":"https:\/\/clientesbrandbits.click\/wp-content\/uploads\/2024\/05\/1598361397392.jpg","type":"image\/jpeg"}],"author":"Elizabeth Salazar","twitter_card":"summary_large_image","twitter_misc":{"Written by":"Elizabeth Salazar","Est. reading time":"2 minutes"},"schema":{"@context":"https:\/\/schema.org","@graph":[{"@type":"Article","@id":"https:\/\/clientesbrandbits.click\/pelicula-la-vida-de-jagna-con-pinturas-animadas-se-estrena-el-6-de-junio\/#article","isPartOf":{"@id":"https:\/\/clientesbrandbits.click\/pelicula-la-vida-de-jagna-con-pinturas-animadas-se-estrena-el-6-de-junio\/"},"author":{"name":"Elizabeth Salazar","@id":"https:\/\/clientesbrandbits.click\/#\/schema\/person\/3582a766d1bd629325b8cb5e303f4963"},"headline":"Pel\u00edcula \u00abLa vida de Jagna\u00bb con pinturas animadas se estrena el 6 de junio","datePublished":"2024-05-28T22:26:08+00:00","dateModified":"2024-05-28T22:26:08+00:00","mainEntityOfPage":{"@id":"https:\/\/clientesbrandbits.click\/pelicula-la-vida-de-jagna-con-pinturas-animadas-se-estrena-el-6-de-junio\/"},"wordCount":340,"publisher":{"@id":"https:\/\/clientesbrandbits.click\/#organization"},"image":{"@id":"https:\/\/clientesbrandbits.click\/pelicula-la-vida-de-jagna-con-pinturas-animadas-se-estrena-el-6-de-junio\/#primaryimage"},"thumbnailUrl":"https:\/\/clientesbrandbits.click\/wp-content\/uploads\/2024\/05\/1598361397392.jpg","keywords":["cinetopia"],"articleSection":["Films"],"inLanguage":"en-US"},{"@type":"WebPage","@id":"https:\/\/clientesbrandbits.click\/pelicula-la-vida-de-jagna-con-pinturas-animadas-se-estrena-el-6-de-junio\/","url":"https:\/\/clientesbrandbits.click\/pelicula-la-vida-de-jagna-con-pinturas-animadas-se-estrena-el-6-de-junio\/","name":"Pel\u00edcula \"La vida de Jagna\" con pinturas animadas se estrena el 6 de junio - Spanglish Cinema","isPartOf":{"@id":"https:\/\/clientesbrandbits.click\/#website"},"primaryImageOfPage":{"@id":"https:\/\/clientesbrandbits.click\/pelicula-la-vida-de-jagna-con-pinturas-animadas-se-estrena-el-6-de-junio\/#primaryimage"},"image":{"@id":"https:\/\/clientesbrandbits.click\/pelicula-la-vida-de-jagna-con-pinturas-animadas-se-estrena-el-6-de-junio\/#primaryimage"},"thumbnailUrl":"https:\/\/clientesbrandbits.click\/wp-content\/uploads\/2024\/05\/1598361397392.jpg","datePublished":"2024-05-28T22:26:08+00:00","dateModified":"2024-05-28T22:26:08+00:00","description":"Llega a la cartelera nacional La vida de Jagna\u00a0(Ch\u0142opi) es una nueva producci\u00f3n de los creadores de Loving Vincent, la animaci\u00f3n nominada al Oscar que en 2018, se convertir\u00eda en hit global con 42 millones de d\u00f3lares recaudados en todo el mundo. Nuevamente utilizaron la t\u00e9cnica animada hecha en base a cuadros pintados al \u00f3leo, la que sorprende por su belleza y originalidad. \u00a1Verla en el cine es una experiencia visual inigualable!","breadcrumb":{"@id":"https:\/\/clientesbrandbits.click\/pelicula-la-vida-de-jagna-con-pinturas-animadas-se-estrena-el-6-de-junio\/#breadcrumb"},"inLanguage":"en-US","potentialAction":[{"@type":"ReadAction","target":["https:\/\/clientesbrandbits.click\/pelicula-la-vida-de-jagna-con-pinturas-animadas-se-estrena-el-6-de-junio\/"]}]},{"@type":"ImageObject","inLanguage":"en-US","@id":"https:\/\/clientesbrandbits.click\/pelicula-la-vida-de-jagna-con-pinturas-animadas-se-estrena-el-6-de-junio\/#primaryimage","url":"https:\/\/clientesbrandbits.click\/wp-content\/uploads\/2024\/05\/1598361397392.jpg","contentUrl":"https:\/\/clientesbrandbits.click\/wp-content\/uploads\/2024\/05\/1598361397392.jpg","width":1000,"height":562},{"@type":"BreadcrumbList","@id":"https:\/\/clientesbrandbits.click\/pelicula-la-vida-de-jagna-con-pinturas-animadas-se-estrena-el-6-de-junio\/#breadcrumb","itemListElement":[{"@type":"ListItem","position":1,"name":"Portada","item":"https:\/\/clientesbrandbits.click\/"},{"@type":"ListItem","position":2,"name":"Pel\u00edcula &#8220;La vida de Jagna&#8221; con pinturas animadas se estrena el 6 de junio"}]},{"@type":"WebSite","@id":"https:\/\/clientesbrandbits.click\/#website","url":"https:\/\/clientesbrandbits.click\/","name":"Spanglish Cinema","description":"","publisher":{"@id":"https:\/\/clientesbrandbits.click\/#organization"},"potentialAction":[{"@type":"SearchAction","target":{"@type":"EntryPoint","urlTemplate":"https:\/\/clientesbrandbits.click\/?s={search_term_string}"},"query-input":"required name=search_term_string"}],"inLanguage":"en-US"},{"@type":"Organization","@id":"https:\/\/clientesbrandbits.click\/#organization","name":"Spanglish Cinema","url":"https:\/\/clientesbrandbits.click\/","logo":{"@type":"ImageObject","inLanguage":"en-US","@id":"https:\/\/clientesbrandbits.click\/#\/schema\/logo\/image\/","url":"https:\/\/clientesbrandbits.click\/wp-content\/uploads\/2024\/03\/spanglish_cinema.png","contentUrl":"https:\/\/clientesbrandbits.click\/wp-content\/uploads\/2024\/03\/spanglish_cinema.png","width":612,"height":225,"caption":"Spanglish Cinema"},"image":{"@id":"https:\/\/clientesbrandbits.click\/#\/schema\/logo\/image\/"}},{"@type":"Person","@id":"https:\/\/clientesbrandbits.click\/#\/schema\/person\/3582a766d1bd629325b8cb5e303f4963","name":"Elizabeth Salazar","image":{"@type":"ImageObject","inLanguage":"en-US","@id":"https:\/\/clientesbrandbits.click\/#\/schema\/person\/image\/","url":"https:\/\/secure.gravatar.com\/avatar\/ddf69a5ddae2a61929dd4e305eb31658?s=96&d=mm&r=g","contentUrl":"https:\/\/secure.gravatar.com\/avatar\/ddf69a5ddae2a61929dd4e305eb31658?s=96&d=mm&r=g","caption":"Elizabeth Salazar"},"url":"https:\/\/clientesbrandbits.click\/en\/author\/elizabeth-salazar\/"}]}},"_links":{"self":[{"href":"https:\/\/clientesbrandbits.click\/en\/wp-json\/wp\/v2\/posts\/1553"}],"collection":[{"href":"https:\/\/clientesbrandbits.click\/en\/wp-json\/wp\/v2\/posts"}],"about":[{"href":"https:\/\/clientesbrandbits.click\/en\/wp-json\/wp\/v2\/types\/post"}],"author":[{"embeddable":true,"href":"https:\/\/clientesbrandbits.click\/en\/wp-json\/wp\/v2\/users\/5"}],"replies":[{"embeddable":true,"href":"https:\/\/clientesbrandbits.click\/en\/wp-json\/wp\/v2\/comments?post=1553"}],"version-history":[{"count":3,"href":"https:\/\/clientesbrandbits.click\/en\/wp-json\/wp\/v2\/posts\/1553\/revisions"}],"predecessor-version":[{"id":1557,"href":"https:\/\/clientesbrandbits.click\/en\/wp-json\/wp\/v2\/posts\/1553\/revisions\/1557"}],"wp:featuredmedia":[{"embeddable":true,"href":"https:\/\/clientesbrandbits.click\/en\/wp-json\/wp\/v2\/media\/1554"}],"wp:attachment":[{"href":"https:\/\/clientesbrandbits.click\/en\/wp-json\/wp\/v2\/media?parent=1553"}],"wp:term":[{"taxonomy":"category","embeddable":true,"href":"https:\/\/clientesbrandbits.click\/en\/wp-json\/wp\/v2\/categories?post=1553"},{"taxonomy":"post_tag","embeddable":true,"href":"https:\/\/clientesbrandbits.click\/en\/wp-json\/wp\/v2\/tags?post=1553"}],"curies":[{"name":"wp","href":"https:\/\/api.w.org\/{rel}","templated":true}]}}