{"id":1423,"date":"2024-05-19T01:41:17","date_gmt":"2024-05-19T05:41:17","guid":{"rendered":"https:\/\/clientesbrandbits.click\/?p=1423"},"modified":"2024-05-20T01:41:56","modified_gmt":"2024-05-20T05:41:56","slug":"cannes-dia-6-most-people-die-on-sunday-iair-said-y-su-catartica-opera-prima","status":"publish","type":"post","link":"https:\/\/clientesbrandbits.click\/en\/cannes-dia-6-most-people-die-on-sunday-iair-said-y-su-catartica-opera-prima\/","title":{"rendered":"Cannes D\u00eda 6: \u201cMost People Die on Sunday\u201d, Iair Said y su cat\u00e1rtica opera prima."},"content":{"rendered":"<p>Iair Said estuvo por primera vez en el Festival de Cannes en el a\u00f1o 2015 con un cortometraje llamado \u201cPresente Imperfecto\u201d, esta vez llega con su primer largometraje llamado \u201cMost People Die on Sunday\u201d.<\/p>\n<p>Con un elenco de lujo, que incluye a las aclamadas actrices Antonia Zegers (El Club) y la gran Rita Cortese (Relatos Salvajes), el director y protagonista Iair Said narra la historia de David que llega a Argentina, luego de un a\u00f1o en Europa, debe enfrentarse a la realidad de su padre en coma y la disyuntiva de desconectarlo o no. Con todo lo que conlleva. Esta premisa naci\u00f3 desde la misma experiencia del director con la muerte de su padre y se transform\u00f3 en una necesidad realizar algo creativo para poder superar la pena que ten\u00eda a dentro.<\/p>\n<p><img fetchpriority=\"high\" decoding=\"async\" class=\"aligncenter wp-image-1425 size-large\" src=\"https:\/\/clientesbrandbits.click\/wp-content\/uploads\/2024\/05\/Iair-1024x575.jpg\" alt=\"\" width=\"1024\" height=\"575\" srcset=\"https:\/\/clientesbrandbits.click\/wp-content\/uploads\/2024\/05\/Iair-1024x575.jpg 1024w, https:\/\/clientesbrandbits.click\/wp-content\/uploads\/2024\/05\/Iair-300x169.jpg 300w, https:\/\/clientesbrandbits.click\/wp-content\/uploads\/2024\/05\/Iair-768x432.jpg 768w, https:\/\/clientesbrandbits.click\/wp-content\/uploads\/2024\/05\/Iair-1536x863.jpg 1536w, https:\/\/clientesbrandbits.click\/wp-content\/uploads\/2024\/05\/Iair-18x10.jpg 18w, https:\/\/clientesbrandbits.click\/wp-content\/uploads\/2024\/05\/Iair.jpg 1600w\" sizes=\"(max-width: 1024px) 100vw, 1024px\" \/><\/p>\n<p><strong>\u00bfDe qu\u00e9 va \u201cMost People Die on Sunday\u201d?<\/strong><\/p>\n<p>David vuelve a su pa\u00eds por la muerte de su t\u00edo (que es, en primera instancia, la primera muerte por la que David se devuelve a su pa\u00eds). Esto, es la antesala a prever lo que pasar\u00e1 cuando sea el momento de su padre. La familia del protagonista y \u00e9l son jud\u00edos y parte de lo que se muestra en pantalla son las tradiciones que tienen luego de la muerte de un ser querido. Son d\u00edas de duelo, siete para ser m\u00e1s exactos.<\/p>\n<p>David, est\u00e1 sumido en ese contexto de dolor y confusi\u00f3n, lo que hace parecer que intenta lidiar con todo esto a trav\u00e9s del sexo casual y las pastillas, es inmaduro o, mejor dicho, por sobre todo evasivo, y eso hace pensar que nada le importa en el presente y menos se ve en el pensar en un futuro cercano.<\/p>\n<p>Pero los duelos constantes y extendidos, esos que son en vida, donde ves a la persona consumirse en su enfermedad y que pasan desapercibidos como duelo porque b\u00e1sicamente no es aceptado en esta sociedad llevar un duelo tan largo, son capaces de transformar a quien los vive y quienes se quedan en vida para procesarlo. Y as\u00ed pasa un poco con David.<\/p>\n<p>Es ah\u00ed uno de los puntos m\u00e1s interesantes de la pel\u00edcula, lo que viene antes de la muerte y despu\u00e9s de ella, que no solo se basa en la emoci\u00f3n, sino en c\u00f3mo debes reconstruirte para seguir transitando en vida con ese dolor, que se transforma en pagos econ\u00f3micos por lo sucedido, caos familiar, por qui\u00e9n se queda con las cosas, o reacciones que jam\u00e1s pensaste podr\u00edan salir de alg\u00fan comensal en la cena post-mortem.<\/p>\n<p>La escena en que la familia de David est\u00e1 haciendo el rito de la cena conmemorativa de la muerte de su t\u00edo es una maravilla, ca\u00f3tica, de dulce y agraz, emocionalidad y detallismo puro. El realizador logra sumir al espectador en su estado cat\u00e1rtico de shock, logra conectar con la audiencia en un dolor tan \u00fanico que te hace sentir solo en este mundo, sin darte cuenta de que hay muchos viviendo esta situaci\u00f3n y este es un plus en el film, las conversaciones que vienen despu\u00e9s y la empat\u00eda de la gente que ha vivido la muerte de un ser querido, que definitivamente te separa de quienes no.<\/p>\n<p>La pel\u00edcula, que est\u00e1 en la<strong> selecci\u00f3n ACID del festival<\/strong>, ha tenido buena recepci\u00f3n y el realizador sabe lo que significa para un realizador latinoamericano estar en estos espacios de reconocimiento mundial.<\/p>","protected":false},"excerpt":{"rendered":"<p>Iair Said estuvo por primera vez en el Festival de Cannes en el a\u00f1o 2015 con un cortometraje llamado \u201cPresente Imperfecto\u201d, esta vez llega con su primer largometraje llamado \u201cMost People Die on Sunday\u201d. Con un elenco de lujo, que &#8230; <a title=\"Cannes D\u00eda 6: \u201cMost People Die on Sunday\u201d, Iair Said y su cat\u00e1rtica opera prima.\" class=\"read-more\" href=\"https:\/\/clientesbrandbits.click\/en\/cannes-dia-6-most-people-die-on-sunday-iair-said-y-su-catartica-opera-prima\/\" aria-label=\"Read more about Cannes D\u00eda 6: \u201cMost People Die on Sunday\u201d, Iair Said y su cat\u00e1rtica opera prima.\">Read More<\/a><\/p>","protected":false},"author":2,"featured_media":1424,"comment_status":"closed","ping_status":"closed","sticky":false,"template":"","format":"standard","meta":{"_joinchat":[],"footnotes":""},"categories":[11,10],"tags":[33],"class_list":["post-1423","post","type-post","status-publish","format-standard","has-post-thumbnail","hentry","category-festivales-de-cine","category-films","tag-festival-de-cannes","infinite-scroll-item"],"yoast_head":"<!-- This site is optimized with the Yoast SEO plugin v22.8 - https:\/\/yoast.com\/wordpress\/plugins\/seo\/ -->\n<title>Cannes D\u00eda 6: \u201cMost People Die on Sunday\u201d, Iair Said y su cat\u00e1rtica opera prima. - Spanglish Cinema<\/title>\n<meta name=\"description\" content=\"Iair Said estuvo por primera vez en el Festival de Cannes en el a\u00f1o 2015 con un cortometraje llamado \u201cPresente Imperfecto\u201d, esta vez llega con su primer largometraje llamado \u201cMost People Die on Sunday\u201d.\" \/>\n<meta name=\"robots\" content=\"index, follow, max-snippet:-1, max-image-preview:large, max-video-preview:-1\" \/>\n<link rel=\"canonical\" href=\"https:\/\/clientesbrandbits.click\/en\/cannes-dia-6-most-people-die-on-sunday-iair-said-y-su-catartica-opera-prima\/\" \/>\n<meta property=\"og:locale\" content=\"en_US\" \/>\n<meta property=\"og:type\" content=\"article\" \/>\n<meta property=\"og:title\" content=\"Cannes D\u00eda 6: \u201cMost People Die on Sunday\u201d, Iair Said y su cat\u00e1rtica opera prima. - Spanglish Cinema\" \/>\n<meta property=\"og:description\" content=\"Iair Said estuvo por primera vez en el Festival de Cannes en el a\u00f1o 2015 con un cortometraje llamado \u201cPresente Imperfecto\u201d, esta vez llega con su primer largometraje llamado \u201cMost People Die on Sunday\u201d.\" \/>\n<meta property=\"og:url\" content=\"https:\/\/clientesbrandbits.click\/en\/cannes-dia-6-most-people-die-on-sunday-iair-said-y-su-catartica-opera-prima\/\" \/>\n<meta property=\"og:site_name\" content=\"Spanglish Cinema\" \/>\n<meta property=\"article:published_time\" content=\"2024-05-19T05:41:17+00:00\" \/>\n<meta property=\"article:modified_time\" content=\"2024-05-20T05:41:56+00:00\" \/>\n<meta property=\"og:image\" content=\"https:\/\/clientesbrandbits.click\/wp-content\/uploads\/2024\/05\/Most-people.jpg\" \/>\n\t<meta property=\"og:image:width\" content=\"1280\" \/>\n\t<meta property=\"og:image:height\" content=\"720\" \/>\n\t<meta property=\"og:image:type\" content=\"image\/jpeg\" \/>\n<meta name=\"author\" content=\"Francisca Romero\" \/>\n<meta name=\"twitter:card\" content=\"summary_large_image\" \/>\n<meta name=\"twitter:label1\" content=\"Written by\" \/>\n\t<meta name=\"twitter:data1\" content=\"Francisca Romero\" \/>\n\t<meta name=\"twitter:label2\" content=\"Est. reading time\" \/>\n\t<meta name=\"twitter:data2\" content=\"3 minutes\" \/>\n<script type=\"application\/ld+json\" class=\"yoast-schema-graph\">{\"@context\":\"https:\/\/schema.org\",\"@graph\":[{\"@type\":\"Article\",\"@id\":\"https:\/\/clientesbrandbits.click\/cannes-dia-6-most-people-die-on-sunday-iair-said-y-su-catartica-opera-prima\/#article\",\"isPartOf\":{\"@id\":\"https:\/\/clientesbrandbits.click\/cannes-dia-6-most-people-die-on-sunday-iair-said-y-su-catartica-opera-prima\/\"},\"author\":{\"name\":\"Francisca Romero\",\"@id\":\"https:\/\/clientesbrandbits.click\/#\/schema\/person\/fedc39f5790928deafca5719b3588db2\"},\"headline\":\"Cannes D\u00eda 6: \u201cMost People Die on Sunday\u201d, Iair Said y su cat\u00e1rtica opera prima.\",\"datePublished\":\"2024-05-19T05:41:17+00:00\",\"dateModified\":\"2024-05-20T05:41:56+00:00\",\"mainEntityOfPage\":{\"@id\":\"https:\/\/clientesbrandbits.click\/cannes-dia-6-most-people-die-on-sunday-iair-said-y-su-catartica-opera-prima\/\"},\"wordCount\":606,\"publisher\":{\"@id\":\"https:\/\/clientesbrandbits.click\/#organization\"},\"image\":{\"@id\":\"https:\/\/clientesbrandbits.click\/cannes-dia-6-most-people-die-on-sunday-iair-said-y-su-catartica-opera-prima\/#primaryimage\"},\"thumbnailUrl\":\"https:\/\/clientesbrandbits.click\/wp-content\/uploads\/2024\/05\/Most-people.jpg\",\"keywords\":[\"festival de cannes\"],\"articleSection\":[\"Festivales de Cine\",\"Films\"],\"inLanguage\":\"en-US\"},{\"@type\":\"WebPage\",\"@id\":\"https:\/\/clientesbrandbits.click\/cannes-dia-6-most-people-die-on-sunday-iair-said-y-su-catartica-opera-prima\/\",\"url\":\"https:\/\/clientesbrandbits.click\/cannes-dia-6-most-people-die-on-sunday-iair-said-y-su-catartica-opera-prima\/\",\"name\":\"Cannes D\u00eda 6: \u201cMost People Die on Sunday\u201d, Iair Said y su cat\u00e1rtica opera prima. - Spanglish Cinema\",\"isPartOf\":{\"@id\":\"https:\/\/clientesbrandbits.click\/#website\"},\"primaryImageOfPage\":{\"@id\":\"https:\/\/clientesbrandbits.click\/cannes-dia-6-most-people-die-on-sunday-iair-said-y-su-catartica-opera-prima\/#primaryimage\"},\"image\":{\"@id\":\"https:\/\/clientesbrandbits.click\/cannes-dia-6-most-people-die-on-sunday-iair-said-y-su-catartica-opera-prima\/#primaryimage\"},\"thumbnailUrl\":\"https:\/\/clientesbrandbits.click\/wp-content\/uploads\/2024\/05\/Most-people.jpg\",\"datePublished\":\"2024-05-19T05:41:17+00:00\",\"dateModified\":\"2024-05-20T05:41:56+00:00\",\"description\":\"Iair Said estuvo por primera vez en el Festival de Cannes en el a\u00f1o 2015 con un cortometraje llamado \u201cPresente Imperfecto\u201d, esta vez llega con su primer largometraje llamado \u201cMost People Die on Sunday\u201d.\",\"breadcrumb\":{\"@id\":\"https:\/\/clientesbrandbits.click\/cannes-dia-6-most-people-die-on-sunday-iair-said-y-su-catartica-opera-prima\/#breadcrumb\"},\"inLanguage\":\"en-US\",\"potentialAction\":[{\"@type\":\"ReadAction\",\"target\":[\"https:\/\/clientesbrandbits.click\/cannes-dia-6-most-people-die-on-sunday-iair-said-y-su-catartica-opera-prima\/\"]}]},{\"@type\":\"ImageObject\",\"inLanguage\":\"en-US\",\"@id\":\"https:\/\/clientesbrandbits.click\/cannes-dia-6-most-people-die-on-sunday-iair-said-y-su-catartica-opera-prima\/#primaryimage\",\"url\":\"https:\/\/clientesbrandbits.click\/wp-content\/uploads\/2024\/05\/Most-people.jpg\",\"contentUrl\":\"https:\/\/clientesbrandbits.click\/wp-content\/uploads\/2024\/05\/Most-people.jpg\",\"width\":1280,\"height\":720},{\"@type\":\"BreadcrumbList\",\"@id\":\"https:\/\/clientesbrandbits.click\/cannes-dia-6-most-people-die-on-sunday-iair-said-y-su-catartica-opera-prima\/#breadcrumb\",\"itemListElement\":[{\"@type\":\"ListItem\",\"position\":1,\"name\":\"Portada\",\"item\":\"https:\/\/clientesbrandbits.click\/\"},{\"@type\":\"ListItem\",\"position\":2,\"name\":\"Cannes D\u00eda 6: \u201cMost People Die on Sunday\u201d, Iair Said y su cat\u00e1rtica opera prima.\"}]},{\"@type\":\"WebSite\",\"@id\":\"https:\/\/clientesbrandbits.click\/#website\",\"url\":\"https:\/\/clientesbrandbits.click\/\",\"name\":\"Spanglish Cinema\",\"description\":\"\",\"publisher\":{\"@id\":\"https:\/\/clientesbrandbits.click\/#organization\"},\"potentialAction\":[{\"@type\":\"SearchAction\",\"target\":{\"@type\":\"EntryPoint\",\"urlTemplate\":\"https:\/\/clientesbrandbits.click\/?s={search_term_string}\"},\"query-input\":\"required name=search_term_string\"}],\"inLanguage\":\"en-US\"},{\"@type\":\"Organization\",\"@id\":\"https:\/\/clientesbrandbits.click\/#organization\",\"name\":\"Spanglish Cinema\",\"url\":\"https:\/\/clientesbrandbits.click\/\",\"logo\":{\"@type\":\"ImageObject\",\"inLanguage\":\"en-US\",\"@id\":\"https:\/\/clientesbrandbits.click\/#\/schema\/logo\/image\/\",\"url\":\"https:\/\/clientesbrandbits.click\/wp-content\/uploads\/2024\/03\/spanglish_cinema.png\",\"contentUrl\":\"https:\/\/clientesbrandbits.click\/wp-content\/uploads\/2024\/03\/spanglish_cinema.png\",\"width\":612,\"height\":225,\"caption\":\"Spanglish Cinema\"},\"image\":{\"@id\":\"https:\/\/clientesbrandbits.click\/#\/schema\/logo\/image\/\"}},{\"@type\":\"Person\",\"@id\":\"https:\/\/clientesbrandbits.click\/#\/schema\/person\/fedc39f5790928deafca5719b3588db2\",\"name\":\"Francisca Romero\",\"image\":{\"@type\":\"ImageObject\",\"inLanguage\":\"en-US\",\"@id\":\"https:\/\/clientesbrandbits.click\/#\/schema\/person\/image\/\",\"url\":\"https:\/\/secure.gravatar.com\/avatar\/59bbcac6a15502dc7740d8ba94724e62?s=96&d=mm&r=g\",\"contentUrl\":\"https:\/\/secure.gravatar.com\/avatar\/59bbcac6a15502dc7740d8ba94724e62?s=96&d=mm&r=g\",\"caption\":\"Francisca Romero\"},\"url\":\"https:\/\/clientesbrandbits.click\/en\/author\/francisca-romero\/\"}]}<\/script>\n<!-- \/ Yoast SEO plugin. -->","yoast_head_json":{"title":"Cannes D\u00eda 6: \u201cMost People Die on Sunday\u201d, Iair Said y su cat\u00e1rtica opera prima. - Spanglish Cinema","description":"Iair Said estuvo por primera vez en el Festival de Cannes en el a\u00f1o 2015 con un cortometraje llamado \u201cPresente Imperfecto\u201d, esta vez llega con su primer largometraje llamado \u201cMost People Die on Sunday\u201d.","robots":{"index":"index","follow":"follow","max-snippet":"max-snippet:-1","max-image-preview":"max-image-preview:large","max-video-preview":"max-video-preview:-1"},"canonical":"https:\/\/clientesbrandbits.click\/en\/cannes-dia-6-most-people-die-on-sunday-iair-said-y-su-catartica-opera-prima\/","og_locale":"en_US","og_type":"article","og_title":"Cannes D\u00eda 6: \u201cMost People Die on Sunday\u201d, Iair Said y su cat\u00e1rtica opera prima. - Spanglish Cinema","og_description":"Iair Said estuvo por primera vez en el Festival de Cannes en el a\u00f1o 2015 con un cortometraje llamado \u201cPresente Imperfecto\u201d, esta vez llega con su primer largometraje llamado \u201cMost People Die on Sunday\u201d.","og_url":"https:\/\/clientesbrandbits.click\/en\/cannes-dia-6-most-people-die-on-sunday-iair-said-y-su-catartica-opera-prima\/","og_site_name":"Spanglish Cinema","article_published_time":"2024-05-19T05:41:17+00:00","article_modified_time":"2024-05-20T05:41:56+00:00","og_image":[{"width":1280,"height":720,"url":"https:\/\/clientesbrandbits.click\/wp-content\/uploads\/2024\/05\/Most-people.jpg","type":"image\/jpeg"}],"author":"Francisca Romero","twitter_card":"summary_large_image","twitter_misc":{"Written by":"Francisca Romero","Est. reading time":"3 minutes"},"schema":{"@context":"https:\/\/schema.org","@graph":[{"@type":"Article","@id":"https:\/\/clientesbrandbits.click\/cannes-dia-6-most-people-die-on-sunday-iair-said-y-su-catartica-opera-prima\/#article","isPartOf":{"@id":"https:\/\/clientesbrandbits.click\/cannes-dia-6-most-people-die-on-sunday-iair-said-y-su-catartica-opera-prima\/"},"author":{"name":"Francisca Romero","@id":"https:\/\/clientesbrandbits.click\/#\/schema\/person\/fedc39f5790928deafca5719b3588db2"},"headline":"Cannes D\u00eda 6: \u201cMost People Die on Sunday\u201d, Iair Said y su cat\u00e1rtica opera prima.","datePublished":"2024-05-19T05:41:17+00:00","dateModified":"2024-05-20T05:41:56+00:00","mainEntityOfPage":{"@id":"https:\/\/clientesbrandbits.click\/cannes-dia-6-most-people-die-on-sunday-iair-said-y-su-catartica-opera-prima\/"},"wordCount":606,"publisher":{"@id":"https:\/\/clientesbrandbits.click\/#organization"},"image":{"@id":"https:\/\/clientesbrandbits.click\/cannes-dia-6-most-people-die-on-sunday-iair-said-y-su-catartica-opera-prima\/#primaryimage"},"thumbnailUrl":"https:\/\/clientesbrandbits.click\/wp-content\/uploads\/2024\/05\/Most-people.jpg","keywords":["festival de cannes"],"articleSection":["Festivales de Cine","Films"],"inLanguage":"en-US"},{"@type":"WebPage","@id":"https:\/\/clientesbrandbits.click\/cannes-dia-6-most-people-die-on-sunday-iair-said-y-su-catartica-opera-prima\/","url":"https:\/\/clientesbrandbits.click\/cannes-dia-6-most-people-die-on-sunday-iair-said-y-su-catartica-opera-prima\/","name":"Cannes D\u00eda 6: \u201cMost People Die on Sunday\u201d, Iair Said y su cat\u00e1rtica opera prima. - Spanglish Cinema","isPartOf":{"@id":"https:\/\/clientesbrandbits.click\/#website"},"primaryImageOfPage":{"@id":"https:\/\/clientesbrandbits.click\/cannes-dia-6-most-people-die-on-sunday-iair-said-y-su-catartica-opera-prima\/#primaryimage"},"image":{"@id":"https:\/\/clientesbrandbits.click\/cannes-dia-6-most-people-die-on-sunday-iair-said-y-su-catartica-opera-prima\/#primaryimage"},"thumbnailUrl":"https:\/\/clientesbrandbits.click\/wp-content\/uploads\/2024\/05\/Most-people.jpg","datePublished":"2024-05-19T05:41:17+00:00","dateModified":"2024-05-20T05:41:56+00:00","description":"Iair Said estuvo por primera vez en el Festival de Cannes en el a\u00f1o 2015 con un cortometraje llamado \u201cPresente Imperfecto\u201d, esta vez llega con su primer largometraje llamado \u201cMost People Die on Sunday\u201d.","breadcrumb":{"@id":"https:\/\/clientesbrandbits.click\/cannes-dia-6-most-people-die-on-sunday-iair-said-y-su-catartica-opera-prima\/#breadcrumb"},"inLanguage":"en-US","potentialAction":[{"@type":"ReadAction","target":["https:\/\/clientesbrandbits.click\/cannes-dia-6-most-people-die-on-sunday-iair-said-y-su-catartica-opera-prima\/"]}]},{"@type":"ImageObject","inLanguage":"en-US","@id":"https:\/\/clientesbrandbits.click\/cannes-dia-6-most-people-die-on-sunday-iair-said-y-su-catartica-opera-prima\/#primaryimage","url":"https:\/\/clientesbrandbits.click\/wp-content\/uploads\/2024\/05\/Most-people.jpg","contentUrl":"https:\/\/clientesbrandbits.click\/wp-content\/uploads\/2024\/05\/Most-people.jpg","width":1280,"height":720},{"@type":"BreadcrumbList","@id":"https:\/\/clientesbrandbits.click\/cannes-dia-6-most-people-die-on-sunday-iair-said-y-su-catartica-opera-prima\/#breadcrumb","itemListElement":[{"@type":"ListItem","position":1,"name":"Portada","item":"https:\/\/clientesbrandbits.click\/"},{"@type":"ListItem","position":2,"name":"Cannes D\u00eda 6: \u201cMost People Die on Sunday\u201d, Iair Said y su cat\u00e1rtica opera prima."}]},{"@type":"WebSite","@id":"https:\/\/clientesbrandbits.click\/#website","url":"https:\/\/clientesbrandbits.click\/","name":"Spanglish Cinema","description":"","publisher":{"@id":"https:\/\/clientesbrandbits.click\/#organization"},"potentialAction":[{"@type":"SearchAction","target":{"@type":"EntryPoint","urlTemplate":"https:\/\/clientesbrandbits.click\/?s={search_term_string}"},"query-input":"required name=search_term_string"}],"inLanguage":"en-US"},{"@type":"Organization","@id":"https:\/\/clientesbrandbits.click\/#organization","name":"Spanglish Cinema","url":"https:\/\/clientesbrandbits.click\/","logo":{"@type":"ImageObject","inLanguage":"en-US","@id":"https:\/\/clientesbrandbits.click\/#\/schema\/logo\/image\/","url":"https:\/\/clientesbrandbits.click\/wp-content\/uploads\/2024\/03\/spanglish_cinema.png","contentUrl":"https:\/\/clientesbrandbits.click\/wp-content\/uploads\/2024\/03\/spanglish_cinema.png","width":612,"height":225,"caption":"Spanglish Cinema"},"image":{"@id":"https:\/\/clientesbrandbits.click\/#\/schema\/logo\/image\/"}},{"@type":"Person","@id":"https:\/\/clientesbrandbits.click\/#\/schema\/person\/fedc39f5790928deafca5719b3588db2","name":"Francisca Romero","image":{"@type":"ImageObject","inLanguage":"en-US","@id":"https:\/\/clientesbrandbits.click\/#\/schema\/person\/image\/","url":"https:\/\/secure.gravatar.com\/avatar\/59bbcac6a15502dc7740d8ba94724e62?s=96&d=mm&r=g","contentUrl":"https:\/\/secure.gravatar.com\/avatar\/59bbcac6a15502dc7740d8ba94724e62?s=96&d=mm&r=g","caption":"Francisca Romero"},"url":"https:\/\/clientesbrandbits.click\/en\/author\/francisca-romero\/"}]}},"_links":{"self":[{"href":"https:\/\/clientesbrandbits.click\/en\/wp-json\/wp\/v2\/posts\/1423"}],"collection":[{"href":"https:\/\/clientesbrandbits.click\/en\/wp-json\/wp\/v2\/posts"}],"about":[{"href":"https:\/\/clientesbrandbits.click\/en\/wp-json\/wp\/v2\/types\/post"}],"author":[{"embeddable":true,"href":"https:\/\/clientesbrandbits.click\/en\/wp-json\/wp\/v2\/users\/2"}],"replies":[{"embeddable":true,"href":"https:\/\/clientesbrandbits.click\/en\/wp-json\/wp\/v2\/comments?post=1423"}],"version-history":[{"count":1,"href":"https:\/\/clientesbrandbits.click\/en\/wp-json\/wp\/v2\/posts\/1423\/revisions"}],"predecessor-version":[{"id":1426,"href":"https:\/\/clientesbrandbits.click\/en\/wp-json\/wp\/v2\/posts\/1423\/revisions\/1426"}],"wp:featuredmedia":[{"embeddable":true,"href":"https:\/\/clientesbrandbits.click\/en\/wp-json\/wp\/v2\/media\/1424"}],"wp:attachment":[{"href":"https:\/\/clientesbrandbits.click\/en\/wp-json\/wp\/v2\/media?parent=1423"}],"wp:term":[{"taxonomy":"category","embeddable":true,"href":"https:\/\/clientesbrandbits.click\/en\/wp-json\/wp\/v2\/categories?post=1423"},{"taxonomy":"post_tag","embeddable":true,"href":"https:\/\/clientesbrandbits.click\/en\/wp-json\/wp\/v2\/tags?post=1423"}],"curies":[{"name":"wp","href":"https:\/\/api.w.org\/{rel}","templated":true}]}}