{"id":1360,"date":"2024-05-14T13:26:09","date_gmt":"2024-05-14T17:26:09","guid":{"rendered":"https:\/\/clientesbrandbits.click\/?p=1360"},"modified":"2024-05-14T19:27:00","modified_gmt":"2024-05-14T23:27:00","slug":"cannes-dia-1-greta-gerwig-el-metoo-y-las-protestas-en-el-festival","status":"publish","type":"post","link":"https:\/\/clientesbrandbits.click\/en\/cannes-dia-1-greta-gerwig-el-metoo-y-las-protestas-en-el-festival\/","title":{"rendered":"Cannes D\u00eda 1: Greta Gerwig, el #Metoo y las protestas en el Festival"},"content":{"rendered":"<p><strong>El movimiento #Metoo y las protestas en Cannes se tomaron la conferencia de prensa del jurado de Cannes 2024.<\/strong><\/p>\n<p>Mientras, la alfombra roja se desempolva y miles de profesionales del cine llegan a ser poblaci\u00f3n flotante de este pueblo de la Riviera Francesa que se llena de cine y glamour. El d\u00eda est\u00e1 lluvioso, lo que los franceses llaman \u201cuna tradici\u00f3n del festival\u201d, el ritmo es un poco m\u00e1s pausado que lo que suele verse en otras jornadas m\u00e1s avanzadas del festival y se respira primer d\u00eda, pero no por eso deja de ser noticia y se tocan candentes temas en la conferencia de prensa.<\/p>\n<p>Si bien hab\u00eda una proyecci\u00f3n de Cannes Classics de Napole\u00f3n Vu Par Abel Gance en la ma\u00f1ana, la mayor\u00eda se qued\u00f3 esperando hacer filas para poder participar en la conferencia de apertura del festival que es donde se hace una rueda de prensa con el jurado.<\/p>\n<p>Liderado por Greta Gerwig y conformado por Omar Sy, Eva Green, Lily Gladstone, Pierfrancesco Favino, Hirokazu Kore-eda, J.A. Bayona, Nadine Labaki y Ebru Ceylan, a las 2:40 de la tarde entraban los protagonistas a la peque\u00f1a sala de prensa del palacio del festival. Credenciales Blancas, rosas y azules entraron a la conferencia, nuevamente la fila de las credenciales amarillas daba vuelta en el pasillo de entrada y solo hubo tres personas que alcanzaron a acceder.<\/p>\n<p>Cuando la presidenta del jurado fue interrogada sobre qu\u00e9 le parec\u00eda que existiese la posibilidad de movilizaciones tanto por la paga de los trabajadores del festival como el potencial movimiento #Metoo que quiere cambiar la programaci\u00f3n de este, la directora contest\u00f3 que estaba de acuerdo con las movilizaciones, qu\u00e9 tambi\u00e9n lo est\u00e1n viviendo en su gremio y que espera que puedan llegar a grandes compromisos. En cuanto, al movimiento #Metoo, la realizadora afirm\u00f3 que:<\/p>\n<p>\u201cEl cine a trav\u00e9s de sus narrativas est\u00e1 tratando de cambiar las cosas para mejor y eso est\u00e1 bien, es bueno ampliar la discusi\u00f3n y eso est\u00e1 llevando a todo a la direcci\u00f3n correcta para dejar esas l\u00edneas de comunicaci\u00f3n abierta\u201d<\/p>\n<p>Definitivamente un a\u00f1o desafiante para la organizaci\u00f3n del festival que se enfrenta a movimientos sociales que buscan que la sustentabilidad a la que apela y pide un fee el festival, no solo se convierta en lo medioambiental, sino tambi\u00e9n incluya en su tripleta, lo econ\u00f3mico y lo social, como parte integral de lo sostenible.<\/p>\n<p>Para cerrar este d\u00eda, se lanza \u201cThe Second Act\u201d de Quentin Dupieux, con Lea Seydoux y Louis Garrel, que es parte de la ceremonia de apertura del festival y la primera Gala del evento.<\/p>\n<p>Ma\u00f1ana les contamos sobre la pel\u00edcula y todo lo que se viene en la cobertura de Spanglish Cinema en Cannes.<\/p>","protected":false},"excerpt":{"rendered":"<p>El movimiento #Metoo y las protestas en Cannes se tomaron la conferencia de prensa del jurado de Cannes 2024. Mientras, la alfombra roja se desempolva y miles de profesionales del cine llegan a ser poblaci\u00f3n flotante de este pueblo de &#8230; <a title=\"Cannes D\u00eda 1: Greta Gerwig, el #Metoo y las protestas en el Festival\" class=\"read-more\" href=\"https:\/\/clientesbrandbits.click\/en\/cannes-dia-1-greta-gerwig-el-metoo-y-las-protestas-en-el-festival\/\" aria-label=\"Read more about Cannes D\u00eda 1: Greta Gerwig, el #Metoo y las protestas en el Festival\">Read More<\/a><\/p>","protected":false},"author":2,"featured_media":1361,"comment_status":"closed","ping_status":"closed","sticky":false,"template":"","format":"standard","meta":{"_joinchat":[],"footnotes":""},"categories":[112,11,10],"tags":[33],"class_list":["post-1360","post","type-post","status-publish","format-standard","has-post-thumbnail","hentry","category-destacados","category-festivales-de-cine","category-films","tag-festival-de-cannes","infinite-scroll-item"],"yoast_head":"<!-- This site is optimized with the Yoast SEO plugin v22.8 - https:\/\/yoast.com\/wordpress\/plugins\/seo\/ -->\n<title>Cannes D\u00eda 1: Greta Gerwig, el #Metoo y las protestas en el Festival - Spanglish Cinema<\/title>\n<meta name=\"description\" content=\"El movimiento #Meetoo y las protestas en Cannes se tomaron la conferencia de prensa del jurado de Cannes 2024.\" \/>\n<meta name=\"robots\" content=\"index, follow, max-snippet:-1, max-image-preview:large, max-video-preview:-1\" \/>\n<link rel=\"canonical\" href=\"https:\/\/clientesbrandbits.click\/en\/cannes-dia-1-greta-gerwig-el-metoo-y-las-protestas-en-el-festival\/\" \/>\n<meta property=\"og:locale\" content=\"en_US\" \/>\n<meta property=\"og:type\" content=\"article\" \/>\n<meta property=\"og:title\" content=\"Cannes D\u00eda 1: Greta Gerwig, el #Metoo y las protestas en el Festival - Spanglish Cinema\" \/>\n<meta property=\"og:description\" content=\"El movimiento #Meetoo y las protestas en Cannes se tomaron la conferencia de prensa del jurado de Cannes 2024.\" \/>\n<meta property=\"og:url\" content=\"https:\/\/clientesbrandbits.click\/en\/cannes-dia-1-greta-gerwig-el-metoo-y-las-protestas-en-el-festival\/\" \/>\n<meta property=\"og:site_name\" content=\"Spanglish Cinema\" \/>\n<meta property=\"article:published_time\" content=\"2024-05-14T17:26:09+00:00\" \/>\n<meta property=\"article:modified_time\" content=\"2024-05-14T23:27:00+00:00\" \/>\n<meta property=\"og:image\" content=\"https:\/\/clientesbrandbits.click\/wp-content\/uploads\/2024\/05\/jurado.jpg\" \/>\n\t<meta property=\"og:image:width\" content=\"1200\" \/>\n\t<meta property=\"og:image:height\" content=\"800\" \/>\n\t<meta property=\"og:image:type\" content=\"image\/jpeg\" \/>\n<meta name=\"author\" content=\"Francisca Romero\" \/>\n<meta name=\"twitter:card\" content=\"summary_large_image\" \/>\n<meta name=\"twitter:label1\" content=\"Written by\" \/>\n\t<meta name=\"twitter:data1\" content=\"Francisca Romero\" \/>\n\t<meta name=\"twitter:label2\" content=\"Est. reading time\" \/>\n\t<meta name=\"twitter:data2\" content=\"3 minutes\" \/>\n<script type=\"application\/ld+json\" class=\"yoast-schema-graph\">{\"@context\":\"https:\/\/schema.org\",\"@graph\":[{\"@type\":\"Article\",\"@id\":\"https:\/\/clientesbrandbits.click\/cannes-dia-1-greta-gerwig-el-metoo-y-las-protestas-en-el-festival\/#article\",\"isPartOf\":{\"@id\":\"https:\/\/clientesbrandbits.click\/cannes-dia-1-greta-gerwig-el-metoo-y-las-protestas-en-el-festival\/\"},\"author\":{\"name\":\"Francisca Romero\",\"@id\":\"https:\/\/clientesbrandbits.click\/#\/schema\/person\/fedc39f5790928deafca5719b3588db2\"},\"headline\":\"Cannes D\u00eda 1: Greta Gerwig, el #Metoo y las protestas en el Festival\",\"datePublished\":\"2024-05-14T17:26:09+00:00\",\"dateModified\":\"2024-05-14T23:27:00+00:00\",\"mainEntityOfPage\":{\"@id\":\"https:\/\/clientesbrandbits.click\/cannes-dia-1-greta-gerwig-el-metoo-y-las-protestas-en-el-festival\/\"},\"wordCount\":489,\"publisher\":{\"@id\":\"https:\/\/clientesbrandbits.click\/#organization\"},\"image\":{\"@id\":\"https:\/\/clientesbrandbits.click\/cannes-dia-1-greta-gerwig-el-metoo-y-las-protestas-en-el-festival\/#primaryimage\"},\"thumbnailUrl\":\"https:\/\/clientesbrandbits.click\/wp-content\/uploads\/2024\/05\/jurado.jpg\",\"keywords\":[\"festival de cannes\"],\"articleSection\":[\"Destacados\",\"Festivales de Cine\",\"Films\"],\"inLanguage\":\"en-US\"},{\"@type\":\"WebPage\",\"@id\":\"https:\/\/clientesbrandbits.click\/cannes-dia-1-greta-gerwig-el-metoo-y-las-protestas-en-el-festival\/\",\"url\":\"https:\/\/clientesbrandbits.click\/cannes-dia-1-greta-gerwig-el-metoo-y-las-protestas-en-el-festival\/\",\"name\":\"Cannes D\u00eda 1: Greta Gerwig, el #Metoo y las protestas en el Festival - Spanglish Cinema\",\"isPartOf\":{\"@id\":\"https:\/\/clientesbrandbits.click\/#website\"},\"primaryImageOfPage\":{\"@id\":\"https:\/\/clientesbrandbits.click\/cannes-dia-1-greta-gerwig-el-metoo-y-las-protestas-en-el-festival\/#primaryimage\"},\"image\":{\"@id\":\"https:\/\/clientesbrandbits.click\/cannes-dia-1-greta-gerwig-el-metoo-y-las-protestas-en-el-festival\/#primaryimage\"},\"thumbnailUrl\":\"https:\/\/clientesbrandbits.click\/wp-content\/uploads\/2024\/05\/jurado.jpg\",\"datePublished\":\"2024-05-14T17:26:09+00:00\",\"dateModified\":\"2024-05-14T23:27:00+00:00\",\"description\":\"El movimiento #Meetoo y las protestas en Cannes se tomaron la conferencia de prensa del jurado de Cannes 2024.\",\"breadcrumb\":{\"@id\":\"https:\/\/clientesbrandbits.click\/cannes-dia-1-greta-gerwig-el-metoo-y-las-protestas-en-el-festival\/#breadcrumb\"},\"inLanguage\":\"en-US\",\"potentialAction\":[{\"@type\":\"ReadAction\",\"target\":[\"https:\/\/clientesbrandbits.click\/cannes-dia-1-greta-gerwig-el-metoo-y-las-protestas-en-el-festival\/\"]}]},{\"@type\":\"ImageObject\",\"inLanguage\":\"en-US\",\"@id\":\"https:\/\/clientesbrandbits.click\/cannes-dia-1-greta-gerwig-el-metoo-y-las-protestas-en-el-festival\/#primaryimage\",\"url\":\"https:\/\/clientesbrandbits.click\/wp-content\/uploads\/2024\/05\/jurado.jpg\",\"contentUrl\":\"https:\/\/clientesbrandbits.click\/wp-content\/uploads\/2024\/05\/jurado.jpg\",\"width\":1200,\"height\":800},{\"@type\":\"BreadcrumbList\",\"@id\":\"https:\/\/clientesbrandbits.click\/cannes-dia-1-greta-gerwig-el-metoo-y-las-protestas-en-el-festival\/#breadcrumb\",\"itemListElement\":[{\"@type\":\"ListItem\",\"position\":1,\"name\":\"Portada\",\"item\":\"https:\/\/clientesbrandbits.click\/\"},{\"@type\":\"ListItem\",\"position\":2,\"name\":\"Cannes D\u00eda 1: Greta Gerwig, el #Metoo y las protestas en el Festival\"}]},{\"@type\":\"WebSite\",\"@id\":\"https:\/\/clientesbrandbits.click\/#website\",\"url\":\"https:\/\/clientesbrandbits.click\/\",\"name\":\"Spanglish Cinema\",\"description\":\"\",\"publisher\":{\"@id\":\"https:\/\/clientesbrandbits.click\/#organization\"},\"potentialAction\":[{\"@type\":\"SearchAction\",\"target\":{\"@type\":\"EntryPoint\",\"urlTemplate\":\"https:\/\/clientesbrandbits.click\/?s={search_term_string}\"},\"query-input\":\"required name=search_term_string\"}],\"inLanguage\":\"en-US\"},{\"@type\":\"Organization\",\"@id\":\"https:\/\/clientesbrandbits.click\/#organization\",\"name\":\"Spanglish Cinema\",\"url\":\"https:\/\/clientesbrandbits.click\/\",\"logo\":{\"@type\":\"ImageObject\",\"inLanguage\":\"en-US\",\"@id\":\"https:\/\/clientesbrandbits.click\/#\/schema\/logo\/image\/\",\"url\":\"https:\/\/clientesbrandbits.click\/wp-content\/uploads\/2024\/03\/spanglish_cinema.png\",\"contentUrl\":\"https:\/\/clientesbrandbits.click\/wp-content\/uploads\/2024\/03\/spanglish_cinema.png\",\"width\":612,\"height\":225,\"caption\":\"Spanglish Cinema\"},\"image\":{\"@id\":\"https:\/\/clientesbrandbits.click\/#\/schema\/logo\/image\/\"}},{\"@type\":\"Person\",\"@id\":\"https:\/\/clientesbrandbits.click\/#\/schema\/person\/fedc39f5790928deafca5719b3588db2\",\"name\":\"Francisca Romero\",\"image\":{\"@type\":\"ImageObject\",\"inLanguage\":\"en-US\",\"@id\":\"https:\/\/clientesbrandbits.click\/#\/schema\/person\/image\/\",\"url\":\"https:\/\/secure.gravatar.com\/avatar\/59bbcac6a15502dc7740d8ba94724e62?s=96&d=mm&r=g\",\"contentUrl\":\"https:\/\/secure.gravatar.com\/avatar\/59bbcac6a15502dc7740d8ba94724e62?s=96&d=mm&r=g\",\"caption\":\"Francisca Romero\"},\"url\":\"https:\/\/clientesbrandbits.click\/en\/author\/francisca-romero\/\"}]}<\/script>\n<!-- \/ Yoast SEO plugin. -->","yoast_head_json":{"title":"Cannes D\u00eda 1: Greta Gerwig, el #Metoo y las protestas en el Festival - Spanglish Cinema","description":"El movimiento #Meetoo y las protestas en Cannes se tomaron la conferencia de prensa del jurado de Cannes 2024.","robots":{"index":"index","follow":"follow","max-snippet":"max-snippet:-1","max-image-preview":"max-image-preview:large","max-video-preview":"max-video-preview:-1"},"canonical":"https:\/\/clientesbrandbits.click\/en\/cannes-dia-1-greta-gerwig-el-metoo-y-las-protestas-en-el-festival\/","og_locale":"en_US","og_type":"article","og_title":"Cannes D\u00eda 1: Greta Gerwig, el #Metoo y las protestas en el Festival - Spanglish Cinema","og_description":"El movimiento #Meetoo y las protestas en Cannes se tomaron la conferencia de prensa del jurado de Cannes 2024.","og_url":"https:\/\/clientesbrandbits.click\/en\/cannes-dia-1-greta-gerwig-el-metoo-y-las-protestas-en-el-festival\/","og_site_name":"Spanglish Cinema","article_published_time":"2024-05-14T17:26:09+00:00","article_modified_time":"2024-05-14T23:27:00+00:00","og_image":[{"width":1200,"height":800,"url":"https:\/\/clientesbrandbits.click\/wp-content\/uploads\/2024\/05\/jurado.jpg","type":"image\/jpeg"}],"author":"Francisca Romero","twitter_card":"summary_large_image","twitter_misc":{"Written by":"Francisca Romero","Est. reading time":"3 minutes"},"schema":{"@context":"https:\/\/schema.org","@graph":[{"@type":"Article","@id":"https:\/\/clientesbrandbits.click\/cannes-dia-1-greta-gerwig-el-metoo-y-las-protestas-en-el-festival\/#article","isPartOf":{"@id":"https:\/\/clientesbrandbits.click\/cannes-dia-1-greta-gerwig-el-metoo-y-las-protestas-en-el-festival\/"},"author":{"name":"Francisca Romero","@id":"https:\/\/clientesbrandbits.click\/#\/schema\/person\/fedc39f5790928deafca5719b3588db2"},"headline":"Cannes D\u00eda 1: Greta Gerwig, el #Metoo y las protestas en el Festival","datePublished":"2024-05-14T17:26:09+00:00","dateModified":"2024-05-14T23:27:00+00:00","mainEntityOfPage":{"@id":"https:\/\/clientesbrandbits.click\/cannes-dia-1-greta-gerwig-el-metoo-y-las-protestas-en-el-festival\/"},"wordCount":489,"publisher":{"@id":"https:\/\/clientesbrandbits.click\/#organization"},"image":{"@id":"https:\/\/clientesbrandbits.click\/cannes-dia-1-greta-gerwig-el-metoo-y-las-protestas-en-el-festival\/#primaryimage"},"thumbnailUrl":"https:\/\/clientesbrandbits.click\/wp-content\/uploads\/2024\/05\/jurado.jpg","keywords":["festival de cannes"],"articleSection":["Destacados","Festivales de Cine","Films"],"inLanguage":"en-US"},{"@type":"WebPage","@id":"https:\/\/clientesbrandbits.click\/cannes-dia-1-greta-gerwig-el-metoo-y-las-protestas-en-el-festival\/","url":"https:\/\/clientesbrandbits.click\/cannes-dia-1-greta-gerwig-el-metoo-y-las-protestas-en-el-festival\/","name":"Cannes D\u00eda 1: Greta Gerwig, el #Metoo y las protestas en el Festival - Spanglish Cinema","isPartOf":{"@id":"https:\/\/clientesbrandbits.click\/#website"},"primaryImageOfPage":{"@id":"https:\/\/clientesbrandbits.click\/cannes-dia-1-greta-gerwig-el-metoo-y-las-protestas-en-el-festival\/#primaryimage"},"image":{"@id":"https:\/\/clientesbrandbits.click\/cannes-dia-1-greta-gerwig-el-metoo-y-las-protestas-en-el-festival\/#primaryimage"},"thumbnailUrl":"https:\/\/clientesbrandbits.click\/wp-content\/uploads\/2024\/05\/jurado.jpg","datePublished":"2024-05-14T17:26:09+00:00","dateModified":"2024-05-14T23:27:00+00:00","description":"El movimiento #Meetoo y las protestas en Cannes se tomaron la conferencia de prensa del jurado de Cannes 2024.","breadcrumb":{"@id":"https:\/\/clientesbrandbits.click\/cannes-dia-1-greta-gerwig-el-metoo-y-las-protestas-en-el-festival\/#breadcrumb"},"inLanguage":"en-US","potentialAction":[{"@type":"ReadAction","target":["https:\/\/clientesbrandbits.click\/cannes-dia-1-greta-gerwig-el-metoo-y-las-protestas-en-el-festival\/"]}]},{"@type":"ImageObject","inLanguage":"en-US","@id":"https:\/\/clientesbrandbits.click\/cannes-dia-1-greta-gerwig-el-metoo-y-las-protestas-en-el-festival\/#primaryimage","url":"https:\/\/clientesbrandbits.click\/wp-content\/uploads\/2024\/05\/jurado.jpg","contentUrl":"https:\/\/clientesbrandbits.click\/wp-content\/uploads\/2024\/05\/jurado.jpg","width":1200,"height":800},{"@type":"BreadcrumbList","@id":"https:\/\/clientesbrandbits.click\/cannes-dia-1-greta-gerwig-el-metoo-y-las-protestas-en-el-festival\/#breadcrumb","itemListElement":[{"@type":"ListItem","position":1,"name":"Portada","item":"https:\/\/clientesbrandbits.click\/"},{"@type":"ListItem","position":2,"name":"Cannes D\u00eda 1: Greta Gerwig, el #Metoo y las protestas en el Festival"}]},{"@type":"WebSite","@id":"https:\/\/clientesbrandbits.click\/#website","url":"https:\/\/clientesbrandbits.click\/","name":"Spanglish Cinema","description":"","publisher":{"@id":"https:\/\/clientesbrandbits.click\/#organization"},"potentialAction":[{"@type":"SearchAction","target":{"@type":"EntryPoint","urlTemplate":"https:\/\/clientesbrandbits.click\/?s={search_term_string}"},"query-input":"required name=search_term_string"}],"inLanguage":"en-US"},{"@type":"Organization","@id":"https:\/\/clientesbrandbits.click\/#organization","name":"Spanglish Cinema","url":"https:\/\/clientesbrandbits.click\/","logo":{"@type":"ImageObject","inLanguage":"en-US","@id":"https:\/\/clientesbrandbits.click\/#\/schema\/logo\/image\/","url":"https:\/\/clientesbrandbits.click\/wp-content\/uploads\/2024\/03\/spanglish_cinema.png","contentUrl":"https:\/\/clientesbrandbits.click\/wp-content\/uploads\/2024\/03\/spanglish_cinema.png","width":612,"height":225,"caption":"Spanglish Cinema"},"image":{"@id":"https:\/\/clientesbrandbits.click\/#\/schema\/logo\/image\/"}},{"@type":"Person","@id":"https:\/\/clientesbrandbits.click\/#\/schema\/person\/fedc39f5790928deafca5719b3588db2","name":"Francisca Romero","image":{"@type":"ImageObject","inLanguage":"en-US","@id":"https:\/\/clientesbrandbits.click\/#\/schema\/person\/image\/","url":"https:\/\/secure.gravatar.com\/avatar\/59bbcac6a15502dc7740d8ba94724e62?s=96&d=mm&r=g","contentUrl":"https:\/\/secure.gravatar.com\/avatar\/59bbcac6a15502dc7740d8ba94724e62?s=96&d=mm&r=g","caption":"Francisca Romero"},"url":"https:\/\/clientesbrandbits.click\/en\/author\/francisca-romero\/"}]}},"_links":{"self":[{"href":"https:\/\/clientesbrandbits.click\/en\/wp-json\/wp\/v2\/posts\/1360"}],"collection":[{"href":"https:\/\/clientesbrandbits.click\/en\/wp-json\/wp\/v2\/posts"}],"about":[{"href":"https:\/\/clientesbrandbits.click\/en\/wp-json\/wp\/v2\/types\/post"}],"author":[{"embeddable":true,"href":"https:\/\/clientesbrandbits.click\/en\/wp-json\/wp\/v2\/users\/2"}],"replies":[{"embeddable":true,"href":"https:\/\/clientesbrandbits.click\/en\/wp-json\/wp\/v2\/comments?post=1360"}],"version-history":[{"count":4,"href":"https:\/\/clientesbrandbits.click\/en\/wp-json\/wp\/v2\/posts\/1360\/revisions"}],"predecessor-version":[{"id":1374,"href":"https:\/\/clientesbrandbits.click\/en\/wp-json\/wp\/v2\/posts\/1360\/revisions\/1374"}],"wp:featuredmedia":[{"embeddable":true,"href":"https:\/\/clientesbrandbits.click\/en\/wp-json\/wp\/v2\/media\/1361"}],"wp:attachment":[{"href":"https:\/\/clientesbrandbits.click\/en\/wp-json\/wp\/v2\/media?parent=1360"}],"wp:term":[{"taxonomy":"category","embeddable":true,"href":"https:\/\/clientesbrandbits.click\/en\/wp-json\/wp\/v2\/categories?post=1360"},{"taxonomy":"post_tag","embeddable":true,"href":"https:\/\/clientesbrandbits.click\/en\/wp-json\/wp\/v2\/tags?post=1360"}],"curies":[{"name":"wp","href":"https:\/\/api.w.org\/{rel}","templated":true}]}}