{"id":1244,"date":"2024-05-04T16:59:19","date_gmt":"2024-05-04T20:59:19","guid":{"rendered":"https:\/\/clientesbrandbits.click\/?p=1244"},"modified":"2024-05-04T17:01:18","modified_gmt":"2024-05-04T21:01:18","slug":"ya-salio-el-teaser-de-megalopolis-con-adam-driver","status":"publish","type":"post","link":"https:\/\/clientesbrandbits.click\/en\/ya-salio-el-teaser-de-megalopolis-con-adam-driver\/","title":{"rendered":"\u00a1Ya sali\u00f3 el teaser de Megal\u00f3polis! con Adam Driver"},"content":{"rendered":"<p>Con su pronto estreno en el Festival de Cannes, Francis Ford Coppola, lanza el teaser de lo que ser\u00e1 Megal\u00f3polis, y en \u00e9l podemos ver a un concentrado Adam Driver en el borde de un precipicio.<\/p>\n<p>El personaje de adam Driver est\u00e1 escapando por una ventana en un alt\u00edsimo edificio cuando pierde su equilibrio y grita \u00a1Time Stop! (que pare el tiempo) y vuelve a su lugar de origen demostrando que podr\u00eda tener el don de detenerlo.<\/p>\n<p>La sinopsis habla de un arquitecto (Adam Driver como Cesar Catilina) que quiere reconstruir la ciudad de Nueva York como una utop\u00eda despu\u00e9s de un desastre devastador y se encuentra con una dura oposici\u00f3n en su proyecto. El elenco tambi\u00e9n incluye a Nathalie Emmanuel como la hija del alcalde, Giancarlo Esposito como el alcalde, antagonista del personaje de Driver, entre otros como Shia LaBoeuf y Aubrey Plaza.<\/p>\n<p>El director Francis Ford Coppola escribi\u00f3 el gui\u00f3n a principios de la d\u00e9cada de 1980, pero la pel\u00edcula siempre pas\u00f3 a un segundo plano frente a sus otros proyectos. Cuando estuvo listo para dirigirla en 2001, ocurrieron los ataques del 11 de septiembre y la producci\u00f3n se cancel\u00f3, ha sido su proyecto personal desde entonces y ha invertido parte de su fortuna en \u00e9l. A su vez, ha estado hace pocos meses en los medios de comunicaci\u00f3n por la dificultad que se preve\u00eda para encontrar distribuci\u00f3n, todo esto, antes de que se conociera que ser\u00eda parte de la competencia oficial del Festival de Cine de Cannes n\u00famero 77 lo que sin duda le posibilitar\u00e1 este panaroma.<\/p>\n<p>El hecho que hoy se est\u00e9 lanzando este adelanto no es casualidad, recordemos que hace muy poco falleci\u00f3 la se\u00f1ora del director, Eleonor Coppola, a quien est\u00e1 dedicada esta pel\u00edcula y que hoy, 4 de mayo, celebrar\u00eda un a\u00f1o m\u00e1s.<\/p>\n<p>Les dejamos el teaser con las primeras im\u00e1genes de la pel\u00edcula a continuaci\u00f3n:<\/p>\n<p><iframe title=\"Megalopolis | First Look Clip\" width=\"1200\" height=\"675\" src=\"https:\/\/www.youtube.com\/embed\/ZZL3U1j3K1c?feature=oembed\" frameborder=\"0\" allow=\"accelerometer; autoplay; clipboard-write; encrypted-media; gyroscope; picture-in-picture; web-share\" referrerpolicy=\"strict-origin-when-cross-origin\" allowfullscreen><\/iframe><\/p>","protected":false},"excerpt":{"rendered":"<p>Con su pronto estreno en el Festival de Cannes, Francis Ford Coppola, lanza el teaser de lo que ser\u00e1 Megal\u00f3polis, y en \u00e9l podemos ver a un concentrado Adam Driver en el borde de un precipicio. El personaje de adam &#8230; <a title=\"\u00a1Ya sali\u00f3 el teaser de Megal\u00f3polis! con Adam Driver\" class=\"read-more\" href=\"https:\/\/clientesbrandbits.click\/en\/ya-salio-el-teaser-de-megalopolis-con-adam-driver\/\" aria-label=\"Read more about \u00a1Ya sali\u00f3 el teaser de Megal\u00f3polis! con Adam Driver\">Read More<\/a><\/p>","protected":false},"author":2,"featured_media":900,"comment_status":"closed","ping_status":"closed","sticky":false,"template":"","format":"standard","meta":{"_joinchat":[],"footnotes":""},"categories":[112,11,10],"tags":[33],"class_list":["post-1244","post","type-post","status-publish","format-standard","has-post-thumbnail","hentry","category-destacados","category-festivales-de-cine","category-films","tag-festival-de-cannes","infinite-scroll-item"],"yoast_head":"<!-- This site is optimized with the Yoast SEO plugin v22.8 - https:\/\/yoast.com\/wordpress\/plugins\/seo\/ -->\n<title>\u00a1Ya sali\u00f3 el teaser de Megal\u00f3polis! con Adam Driver - Spanglish Cinema<\/title>\n<meta name=\"description\" content=\"Con su pronto estreno en el Festival de Cannes, Francis Ford Coppola, lanza el teaser de lo que ser\u00e1 Megal\u00f3polis, y en \u00e9l podemos ver a un concentrado Adam Driver en el borde de un precipicio.\" \/>\n<meta name=\"robots\" content=\"index, follow, max-snippet:-1, max-image-preview:large, max-video-preview:-1\" \/>\n<link rel=\"canonical\" href=\"https:\/\/clientesbrandbits.click\/en\/ya-salio-el-teaser-de-megalopolis-con-adam-driver\/\" \/>\n<meta property=\"og:locale\" content=\"en_US\" \/>\n<meta property=\"og:type\" content=\"article\" \/>\n<meta property=\"og:title\" content=\"\u00a1Ya sali\u00f3 el teaser de Megal\u00f3polis! con Adam Driver - Spanglish Cinema\" \/>\n<meta property=\"og:description\" content=\"Con su pronto estreno en el Festival de Cannes, Francis Ford Coppola, lanza el teaser de lo que ser\u00e1 Megal\u00f3polis, y en \u00e9l podemos ver a un concentrado Adam Driver en el borde de un precipicio.\" \/>\n<meta property=\"og:url\" content=\"https:\/\/clientesbrandbits.click\/en\/ya-salio-el-teaser-de-megalopolis-con-adam-driver\/\" \/>\n<meta property=\"og:site_name\" content=\"Spanglish Cinema\" \/>\n<meta property=\"article:published_time\" content=\"2024-05-04T20:59:19+00:00\" \/>\n<meta property=\"article:modified_time\" content=\"2024-05-04T21:01:18+00:00\" \/>\n<meta property=\"og:image\" content=\"https:\/\/clientesbrandbits.click\/wp-content\/uploads\/2024\/04\/francis-ford-coppola-megalopolis-2.jpg\" \/>\n\t<meta property=\"og:image:width\" content=\"1000\" \/>\n\t<meta property=\"og:image:height\" content=\"500\" \/>\n\t<meta property=\"og:image:type\" content=\"image\/jpeg\" \/>\n<meta name=\"author\" content=\"Francisca Romero\" \/>\n<meta name=\"twitter:card\" content=\"summary_large_image\" \/>\n<meta name=\"twitter:label1\" content=\"Written by\" \/>\n\t<meta name=\"twitter:data1\" content=\"Francisca Romero\" \/>\n\t<meta name=\"twitter:label2\" content=\"Est. reading time\" \/>\n\t<meta name=\"twitter:data2\" content=\"2 minutes\" \/>\n<script type=\"application\/ld+json\" class=\"yoast-schema-graph\">{\"@context\":\"https:\/\/schema.org\",\"@graph\":[{\"@type\":\"Article\",\"@id\":\"https:\/\/clientesbrandbits.click\/ya-salio-el-teaser-de-megalopolis-con-adam-driver\/#article\",\"isPartOf\":{\"@id\":\"https:\/\/clientesbrandbits.click\/ya-salio-el-teaser-de-megalopolis-con-adam-driver\/\"},\"author\":{\"name\":\"Francisca Romero\",\"@id\":\"https:\/\/clientesbrandbits.click\/#\/schema\/person\/fedc39f5790928deafca5719b3588db2\"},\"headline\":\"\u00a1Ya sali\u00f3 el teaser de Megal\u00f3polis! con Adam Driver\",\"datePublished\":\"2024-05-04T20:59:19+00:00\",\"dateModified\":\"2024-05-04T21:01:18+00:00\",\"mainEntityOfPage\":{\"@id\":\"https:\/\/clientesbrandbits.click\/ya-salio-el-teaser-de-megalopolis-con-adam-driver\/\"},\"wordCount\":355,\"publisher\":{\"@id\":\"https:\/\/clientesbrandbits.click\/#organization\"},\"image\":{\"@id\":\"https:\/\/clientesbrandbits.click\/ya-salio-el-teaser-de-megalopolis-con-adam-driver\/#primaryimage\"},\"thumbnailUrl\":\"https:\/\/clientesbrandbits.click\/wp-content\/uploads\/2024\/04\/francis-ford-coppola-megalopolis-2.jpg\",\"keywords\":[\"festival de cannes\"],\"articleSection\":[\"Destacados\",\"Festivales de Cine\",\"Films\"],\"inLanguage\":\"en-US\"},{\"@type\":\"WebPage\",\"@id\":\"https:\/\/clientesbrandbits.click\/ya-salio-el-teaser-de-megalopolis-con-adam-driver\/\",\"url\":\"https:\/\/clientesbrandbits.click\/ya-salio-el-teaser-de-megalopolis-con-adam-driver\/\",\"name\":\"\u00a1Ya sali\u00f3 el teaser de Megal\u00f3polis! con Adam Driver - Spanglish Cinema\",\"isPartOf\":{\"@id\":\"https:\/\/clientesbrandbits.click\/#website\"},\"primaryImageOfPage\":{\"@id\":\"https:\/\/clientesbrandbits.click\/ya-salio-el-teaser-de-megalopolis-con-adam-driver\/#primaryimage\"},\"image\":{\"@id\":\"https:\/\/clientesbrandbits.click\/ya-salio-el-teaser-de-megalopolis-con-adam-driver\/#primaryimage\"},\"thumbnailUrl\":\"https:\/\/clientesbrandbits.click\/wp-content\/uploads\/2024\/04\/francis-ford-coppola-megalopolis-2.jpg\",\"datePublished\":\"2024-05-04T20:59:19+00:00\",\"dateModified\":\"2024-05-04T21:01:18+00:00\",\"description\":\"Con su pronto estreno en el Festival de Cannes, Francis Ford Coppola, lanza el teaser de lo que ser\u00e1 Megal\u00f3polis, y en \u00e9l podemos ver a un concentrado Adam Driver en el borde de un precipicio.\",\"breadcrumb\":{\"@id\":\"https:\/\/clientesbrandbits.click\/ya-salio-el-teaser-de-megalopolis-con-adam-driver\/#breadcrumb\"},\"inLanguage\":\"en-US\",\"potentialAction\":[{\"@type\":\"ReadAction\",\"target\":[\"https:\/\/clientesbrandbits.click\/ya-salio-el-teaser-de-megalopolis-con-adam-driver\/\"]}]},{\"@type\":\"ImageObject\",\"inLanguage\":\"en-US\",\"@id\":\"https:\/\/clientesbrandbits.click\/ya-salio-el-teaser-de-megalopolis-con-adam-driver\/#primaryimage\",\"url\":\"https:\/\/clientesbrandbits.click\/wp-content\/uploads\/2024\/04\/francis-ford-coppola-megalopolis-2.jpg\",\"contentUrl\":\"https:\/\/clientesbrandbits.click\/wp-content\/uploads\/2024\/04\/francis-ford-coppola-megalopolis-2.jpg\",\"width\":1000,\"height\":500},{\"@type\":\"BreadcrumbList\",\"@id\":\"https:\/\/clientesbrandbits.click\/ya-salio-el-teaser-de-megalopolis-con-adam-driver\/#breadcrumb\",\"itemListElement\":[{\"@type\":\"ListItem\",\"position\":1,\"name\":\"Portada\",\"item\":\"https:\/\/clientesbrandbits.click\/\"},{\"@type\":\"ListItem\",\"position\":2,\"name\":\"\u00a1Ya sali\u00f3 el teaser de Megal\u00f3polis! con Adam Driver\"}]},{\"@type\":\"WebSite\",\"@id\":\"https:\/\/clientesbrandbits.click\/#website\",\"url\":\"https:\/\/clientesbrandbits.click\/\",\"name\":\"Spanglish Cinema\",\"description\":\"\",\"publisher\":{\"@id\":\"https:\/\/clientesbrandbits.click\/#organization\"},\"potentialAction\":[{\"@type\":\"SearchAction\",\"target\":{\"@type\":\"EntryPoint\",\"urlTemplate\":\"https:\/\/clientesbrandbits.click\/?s={search_term_string}\"},\"query-input\":\"required name=search_term_string\"}],\"inLanguage\":\"en-US\"},{\"@type\":\"Organization\",\"@id\":\"https:\/\/clientesbrandbits.click\/#organization\",\"name\":\"Spanglish Cinema\",\"url\":\"https:\/\/clientesbrandbits.click\/\",\"logo\":{\"@type\":\"ImageObject\",\"inLanguage\":\"en-US\",\"@id\":\"https:\/\/clientesbrandbits.click\/#\/schema\/logo\/image\/\",\"url\":\"https:\/\/clientesbrandbits.click\/wp-content\/uploads\/2024\/03\/spanglish_cinema.png\",\"contentUrl\":\"https:\/\/clientesbrandbits.click\/wp-content\/uploads\/2024\/03\/spanglish_cinema.png\",\"width\":612,\"height\":225,\"caption\":\"Spanglish Cinema\"},\"image\":{\"@id\":\"https:\/\/clientesbrandbits.click\/#\/schema\/logo\/image\/\"}},{\"@type\":\"Person\",\"@id\":\"https:\/\/clientesbrandbits.click\/#\/schema\/person\/fedc39f5790928deafca5719b3588db2\",\"name\":\"Francisca Romero\",\"image\":{\"@type\":\"ImageObject\",\"inLanguage\":\"en-US\",\"@id\":\"https:\/\/clientesbrandbits.click\/#\/schema\/person\/image\/\",\"url\":\"https:\/\/secure.gravatar.com\/avatar\/59bbcac6a15502dc7740d8ba94724e62?s=96&d=mm&r=g\",\"contentUrl\":\"https:\/\/secure.gravatar.com\/avatar\/59bbcac6a15502dc7740d8ba94724e62?s=96&d=mm&r=g\",\"caption\":\"Francisca Romero\"},\"url\":\"https:\/\/clientesbrandbits.click\/en\/author\/francisca-romero\/\"}]}<\/script>\n<!-- \/ Yoast SEO plugin. -->","yoast_head_json":{"title":"\u00a1Ya sali\u00f3 el teaser de Megal\u00f3polis! con Adam Driver - Spanglish Cinema","description":"Con su pronto estreno en el Festival de Cannes, Francis Ford Coppola, lanza el teaser de lo que ser\u00e1 Megal\u00f3polis, y en \u00e9l podemos ver a un concentrado Adam Driver en el borde de un precipicio.","robots":{"index":"index","follow":"follow","max-snippet":"max-snippet:-1","max-image-preview":"max-image-preview:large","max-video-preview":"max-video-preview:-1"},"canonical":"https:\/\/clientesbrandbits.click\/en\/ya-salio-el-teaser-de-megalopolis-con-adam-driver\/","og_locale":"en_US","og_type":"article","og_title":"\u00a1Ya sali\u00f3 el teaser de Megal\u00f3polis! con Adam Driver - Spanglish Cinema","og_description":"Con su pronto estreno en el Festival de Cannes, Francis Ford Coppola, lanza el teaser de lo que ser\u00e1 Megal\u00f3polis, y en \u00e9l podemos ver a un concentrado Adam Driver en el borde de un precipicio.","og_url":"https:\/\/clientesbrandbits.click\/en\/ya-salio-el-teaser-de-megalopolis-con-adam-driver\/","og_site_name":"Spanglish Cinema","article_published_time":"2024-05-04T20:59:19+00:00","article_modified_time":"2024-05-04T21:01:18+00:00","og_image":[{"width":1000,"height":500,"url":"https:\/\/clientesbrandbits.click\/wp-content\/uploads\/2024\/04\/francis-ford-coppola-megalopolis-2.jpg","type":"image\/jpeg"}],"author":"Francisca Romero","twitter_card":"summary_large_image","twitter_misc":{"Written by":"Francisca Romero","Est. reading time":"2 minutes"},"schema":{"@context":"https:\/\/schema.org","@graph":[{"@type":"Article","@id":"https:\/\/clientesbrandbits.click\/ya-salio-el-teaser-de-megalopolis-con-adam-driver\/#article","isPartOf":{"@id":"https:\/\/clientesbrandbits.click\/ya-salio-el-teaser-de-megalopolis-con-adam-driver\/"},"author":{"name":"Francisca Romero","@id":"https:\/\/clientesbrandbits.click\/#\/schema\/person\/fedc39f5790928deafca5719b3588db2"},"headline":"\u00a1Ya sali\u00f3 el teaser de Megal\u00f3polis! con Adam Driver","datePublished":"2024-05-04T20:59:19+00:00","dateModified":"2024-05-04T21:01:18+00:00","mainEntityOfPage":{"@id":"https:\/\/clientesbrandbits.click\/ya-salio-el-teaser-de-megalopolis-con-adam-driver\/"},"wordCount":355,"publisher":{"@id":"https:\/\/clientesbrandbits.click\/#organization"},"image":{"@id":"https:\/\/clientesbrandbits.click\/ya-salio-el-teaser-de-megalopolis-con-adam-driver\/#primaryimage"},"thumbnailUrl":"https:\/\/clientesbrandbits.click\/wp-content\/uploads\/2024\/04\/francis-ford-coppola-megalopolis-2.jpg","keywords":["festival de cannes"],"articleSection":["Destacados","Festivales de Cine","Films"],"inLanguage":"en-US"},{"@type":"WebPage","@id":"https:\/\/clientesbrandbits.click\/ya-salio-el-teaser-de-megalopolis-con-adam-driver\/","url":"https:\/\/clientesbrandbits.click\/ya-salio-el-teaser-de-megalopolis-con-adam-driver\/","name":"\u00a1Ya sali\u00f3 el teaser de Megal\u00f3polis! con Adam Driver - Spanglish Cinema","isPartOf":{"@id":"https:\/\/clientesbrandbits.click\/#website"},"primaryImageOfPage":{"@id":"https:\/\/clientesbrandbits.click\/ya-salio-el-teaser-de-megalopolis-con-adam-driver\/#primaryimage"},"image":{"@id":"https:\/\/clientesbrandbits.click\/ya-salio-el-teaser-de-megalopolis-con-adam-driver\/#primaryimage"},"thumbnailUrl":"https:\/\/clientesbrandbits.click\/wp-content\/uploads\/2024\/04\/francis-ford-coppola-megalopolis-2.jpg","datePublished":"2024-05-04T20:59:19+00:00","dateModified":"2024-05-04T21:01:18+00:00","description":"Con su pronto estreno en el Festival de Cannes, Francis Ford Coppola, lanza el teaser de lo que ser\u00e1 Megal\u00f3polis, y en \u00e9l podemos ver a un concentrado Adam Driver en el borde de un precipicio.","breadcrumb":{"@id":"https:\/\/clientesbrandbits.click\/ya-salio-el-teaser-de-megalopolis-con-adam-driver\/#breadcrumb"},"inLanguage":"en-US","potentialAction":[{"@type":"ReadAction","target":["https:\/\/clientesbrandbits.click\/ya-salio-el-teaser-de-megalopolis-con-adam-driver\/"]}]},{"@type":"ImageObject","inLanguage":"en-US","@id":"https:\/\/clientesbrandbits.click\/ya-salio-el-teaser-de-megalopolis-con-adam-driver\/#primaryimage","url":"https:\/\/clientesbrandbits.click\/wp-content\/uploads\/2024\/04\/francis-ford-coppola-megalopolis-2.jpg","contentUrl":"https:\/\/clientesbrandbits.click\/wp-content\/uploads\/2024\/04\/francis-ford-coppola-megalopolis-2.jpg","width":1000,"height":500},{"@type":"BreadcrumbList","@id":"https:\/\/clientesbrandbits.click\/ya-salio-el-teaser-de-megalopolis-con-adam-driver\/#breadcrumb","itemListElement":[{"@type":"ListItem","position":1,"name":"Portada","item":"https:\/\/clientesbrandbits.click\/"},{"@type":"ListItem","position":2,"name":"\u00a1Ya sali\u00f3 el teaser de Megal\u00f3polis! con Adam Driver"}]},{"@type":"WebSite","@id":"https:\/\/clientesbrandbits.click\/#website","url":"https:\/\/clientesbrandbits.click\/","name":"Spanglish Cinema","description":"","publisher":{"@id":"https:\/\/clientesbrandbits.click\/#organization"},"potentialAction":[{"@type":"SearchAction","target":{"@type":"EntryPoint","urlTemplate":"https:\/\/clientesbrandbits.click\/?s={search_term_string}"},"query-input":"required name=search_term_string"}],"inLanguage":"en-US"},{"@type":"Organization","@id":"https:\/\/clientesbrandbits.click\/#organization","name":"Spanglish Cinema","url":"https:\/\/clientesbrandbits.click\/","logo":{"@type":"ImageObject","inLanguage":"en-US","@id":"https:\/\/clientesbrandbits.click\/#\/schema\/logo\/image\/","url":"https:\/\/clientesbrandbits.click\/wp-content\/uploads\/2024\/03\/spanglish_cinema.png","contentUrl":"https:\/\/clientesbrandbits.click\/wp-content\/uploads\/2024\/03\/spanglish_cinema.png","width":612,"height":225,"caption":"Spanglish Cinema"},"image":{"@id":"https:\/\/clientesbrandbits.click\/#\/schema\/logo\/image\/"}},{"@type":"Person","@id":"https:\/\/clientesbrandbits.click\/#\/schema\/person\/fedc39f5790928deafca5719b3588db2","name":"Francisca Romero","image":{"@type":"ImageObject","inLanguage":"en-US","@id":"https:\/\/clientesbrandbits.click\/#\/schema\/person\/image\/","url":"https:\/\/secure.gravatar.com\/avatar\/59bbcac6a15502dc7740d8ba94724e62?s=96&d=mm&r=g","contentUrl":"https:\/\/secure.gravatar.com\/avatar\/59bbcac6a15502dc7740d8ba94724e62?s=96&d=mm&r=g","caption":"Francisca Romero"},"url":"https:\/\/clientesbrandbits.click\/en\/author\/francisca-romero\/"}]}},"_links":{"self":[{"href":"https:\/\/clientesbrandbits.click\/en\/wp-json\/wp\/v2\/posts\/1244"}],"collection":[{"href":"https:\/\/clientesbrandbits.click\/en\/wp-json\/wp\/v2\/posts"}],"about":[{"href":"https:\/\/clientesbrandbits.click\/en\/wp-json\/wp\/v2\/types\/post"}],"author":[{"embeddable":true,"href":"https:\/\/clientesbrandbits.click\/en\/wp-json\/wp\/v2\/users\/2"}],"replies":[{"embeddable":true,"href":"https:\/\/clientesbrandbits.click\/en\/wp-json\/wp\/v2\/comments?post=1244"}],"version-history":[{"count":2,"href":"https:\/\/clientesbrandbits.click\/en\/wp-json\/wp\/v2\/posts\/1244\/revisions"}],"predecessor-version":[{"id":1246,"href":"https:\/\/clientesbrandbits.click\/en\/wp-json\/wp\/v2\/posts\/1244\/revisions\/1246"}],"wp:featuredmedia":[{"embeddable":true,"href":"https:\/\/clientesbrandbits.click\/en\/wp-json\/wp\/v2\/media\/900"}],"wp:attachment":[{"href":"https:\/\/clientesbrandbits.click\/en\/wp-json\/wp\/v2\/media?parent=1244"}],"wp:term":[{"taxonomy":"category","embeddable":true,"href":"https:\/\/clientesbrandbits.click\/en\/wp-json\/wp\/v2\/categories?post=1244"},{"taxonomy":"post_tag","embeddable":true,"href":"https:\/\/clientesbrandbits.click\/en\/wp-json\/wp\/v2\/tags?post=1244"}],"curies":[{"name":"wp","href":"https:\/\/api.w.org\/{rel}","templated":true}]}}